{"id":3953,"date":"2024-02-08T07:44:32","date_gmt":"2024-02-08T07:44:32","guid":{"rendered":"https:\/\/news.ubbcluj.ro\/ge\/?p=3953"},"modified":"2024-02-12T07:44:48","modified_gmt":"2024-02-12T07:44:48","slug":"univ-prof-dr-daniel-david-wiedergewahlt-als-rektor-der-ubb","status":"publish","type":"post","link":"https:\/\/news.ubbcluj.ro\/ge\/univ-prof-dr-daniel-david-wiedergewahlt-als-rektor-der-ubb\/","title":{"rendered":"Univ.-Prof. Dr. Daniel David, wiedergew\u00e4hlt als Rektor der UBB"},"content":{"rendered":"<div>\n<p style=\"text-align: justify;\"><span lang=\"DE-AT\">Professor Daniel David erhielt ein neues Mandat als Rektor der Babe\u0219-Bolyai-Universit\u00e4t Klausenburg (UBB) f\u00fcr den Zeitraum 2024-2029 und wurde mit 90,88 % der abgegebenen Stimmen gew\u00e4hlt. An der am Donnerstag, den 8. Februar 2024, organisierten Abstimmung nahmen fast 80 % (79,48 %) der Wahlberechtigten in der UBB teil, wobei die Zahl derjenigen, die sich f\u00fcr das von Univ.-Prof. Dr. Daniel David vorgeschlagene Managementprogramm aussprachen, 1197 erreichte, was im Vergleich zu den im Jahr 2020 organisierten Wahlen gestiegen ist.\u00a0<\/span><\/p>\n<\/div>\n<div style=\"text-align: justify;\">\n<p><span lang=\"DE-AT\">Daniel David ist Professor f\u00fcr Klinische Kognitionswissenschaften (Klinische Psychologie\/Psychotherapie), Mitglied der Rum\u00e4nischen Akademie (korrespondierendes Mitglied seit 2022) und der Academia Europaea (seit 2022 \u2013 https:\/\/www.ae-info.org\/ae\/Member\/David_Daniel-Ovidiu). Er ist au\u00dferdem au\u00dferordentlicher Professor an der Icahn School of Medicine at Mount Sinai, New York, USA, und gleichzeitig Pr\u00e4sident des Rum\u00e4nischen Psychologenvereins, Vizepr\u00e4sident der Danube Rector&#8217;s Conference (https:\/\/www.drc-danube.org\/) und Mitglied des GUILD Board (https:\/\/www.the-guild.eu\/).\u00a0<\/span><\/p>\n<\/div>\n<div style=\"text-align: justify;\">\n<p><span lang=\"DE-AT\">Der Rektor der UBB stieg in den letzten Jahren zu den meistzitierten 2% der Wissenschaftlerinnen und Wissenschaftler der Welt im Fachgebiet und bereichs\u00fcbergreifend, in j\u00e4hrlichen Leistungsanalysen oder w\u00e4hrend seiner gesamten Karriere auf (vgl. Scopus von Stanford-Elsevier 2022).\u00a0<\/span><\/p>\n<\/div>\n<div style=\"text-align: justify;\">\n<p><span lang=\"DE-AT\">Die Botschaft des gew\u00e4hlten Rektors der Universit\u00e4t an die UBB-Gemeinschaft:\u00a0<\/span><\/p>\n<\/div>\n<div style=\"text-align: justify;\">\n<p><span lang=\"DE-AT\">Liebe Kolleginnen und Kollegen,\u00a0<\/span><\/p>\n<\/div>\n<div style=\"text-align: justify;\">\n<p><span lang=\"DE-AT\">Vielen Dank f\u00fcr Ihr Vertrauen und Ihre Unterst\u00fctzung!\u00a0<\/span><\/p>\n<\/div>\n<div style=\"text-align: justify;\">\n<p><span lang=\"DE-AT\">Die Tatsache, dass ich der einzige Kandidat f\u00fcr das Amt des Rektors unserer Universit\u00e4t war \u2013 was f\u00fcr die UBB ungew\u00f6hnlich ist und seit vielen Jahren nicht mehr vorgekommen ist, da die UBB eine komplexe und komplizierte Universit\u00e4t ist, die immer noch viele Menschen mit akademischem Wert hat \u2013 und ich ein so gutes Ergebnis und vor allem eine h\u00f6here Stimmenzahl als bei den vorherigen Wahlen erhalten habe, zeigt mir, dass das erste Mandat erfolgreich und von unserer akademischen Gemeinschaft gesch\u00e4tzt war.\u00a0<\/span><\/p>\n<\/div>\n<div style=\"text-align: justify;\">\n<p><span lang=\"DE-AT\">\u00a0\u00a0\u00a0\u00a0\u00a0\u00a0\u00a0\u00a0\u00a0\u00a0\u00a0 Wir sind Teil der \u00e4ltesten, gr\u00f6\u00dften\/komplexesten und eine der besten und repr\u00e4sentativsten Universit\u00e4ten des Landes (in den letzten Jahren die am besten positionierte in internationalen Rankings). Aus multikultureller Sicht sind wir heute die repr\u00e4sentativste Universit\u00e4t auf europ\u00e4ischer Ebene, und die GUILD (https:\/\/www.the-guild.eu\/) \u2013 die Organisation einiger der repr\u00e4sentativsten europ\u00e4ischen &#8220;Weltklasse&#8221;-Universit\u00e4ten \u2013 hat uns als repr\u00e4sentatives Mitglied f\u00fcr S\u00fcdosteuropa ausgew\u00e4hlt. Mit diesen Errungenschaften ehren wir unsere akademischen Werte &#8220;Tradition&#8221; und &#8220;Exzellenz&#8221; sowie unser akademisches Motto &#8220;Traditio nostra unacum europae virtutibus splendet&#8221;. Aber diese Dinge machen uns in der Gegenwart verantwortlich (um sie zu stabilisieren) und verpflichten uns f\u00fcr die Zukunft (um sie weiter zu entwickeln)!\u00a0<\/span><\/p>\n<\/div>\n<div style=\"text-align: justify;\">\n<p><span lang=\"DE-AT\">Gemeinsam haben wir in den Jahren 2020-2024 durch das &#8220;ProUBB+ Programm (2020-2024)&#8221; eine &#8220;Weltklasse&#8221;-Architektur unserer Universit\u00e4t aufgebaut: UBB \u2013 Weltklasse-Universit\u00e4t durch Vertrauen und Offenheit. Jetzt ist es an der Zeit, ihr einen m\u00f6glichst einheitlichen Inhalt zu geben, um eine europ\u00e4ische &#8220;Weltklasse&#8221;-Universit\u00e4t von internationaler Bedeutung zu werden, die durch ihre akademische Berufung (1) nationale und europ\u00e4ische Werte und Wissen international einbringt und (2) europ\u00e4ische und internationale Best Practices auf nationaler Ebene einbringt und nutzt. Und wir\u00a0werden dies durch das &#8220;UBB Q-Optimum Program&#8221; (2024-2029): UBB \u2013 World-Class European University&#8221; im Rahmen von GUILD (https:\/\/www.the-guild.eu\/) und EUTOPIA (https:\/\/eutopia-university.eu\/) tun.\u00a0<\/span><\/p>\n<\/div>\n<div style=\"text-align: justify;\">\n<p><span lang=\"DE-AT\">\u00a0\u00a0\u00a0\u00a0\u00a0\u00a0\u00a0\u00a0\u00a0\u00a0\u00a0 Es wird nicht einfach sein, dieser Prozess h\u00e4ngt von (1) dem Budget (wo wir uns bem\u00fchen werden, es zu vermehren), (2) der Gesetzgebung (wo wir uns bem\u00fchen werden, es zu verbessern) und (3) den Humanressourcen (wo wir alle unseren Beitrag leisten m\u00fcssen, indem wir unseren Karriereweg w\u00e4hlen, der unsere F\u00e4higkeiten hervorhebt und uns Menschen bringt, die noch besser sind als wir). Dar\u00fcber hinaus muss die Verwaltung diesen Ansatz unterst\u00fctzen, so dass wir dieses Segment stark modernisieren m\u00fcssen.\u00a0<\/span><\/p>\n<\/div>\n<div>\n<p style=\"text-align: justify;\"><span lang=\"DE-AT\">Aber, wie ich im Bewerbungsprogramm sagte, werden wir mit Intelligenz\/Weisheit und Kreativit\u00e4t, vertrauensvoller Zusammenarbeit, die besten L\u00f6sungen (daher &#8220;Optimum&#8221;) f\u00fcr die gro\u00dfen Herausforderungen und Fragen finden, mit denen die Welt und die Wissenschaft heute konfrontiert sind, die nicht mehr innerhalb eines bekannten Paradigmas liegen, sondern auf einen grundlegenden Paradigmenwechsel abzielen (daher &#8220;Q&#8221; \u2013 &#8220;Fragen&#8221;). Wir werden diese wissensbasierte Vision f\u00fcr eine moderne Wissenschaftspolitik mit Optimismus und Mut umsetzen, daher das Motto dieses Mandats: &#8220;Sapere Aude&#8221;!<\/span><\/p>\n<\/div>\n","protected":false},"excerpt":{"rendered":"<p>Professor Daniel David erhielt ein neues Mandat als Rektor der Babe\u0219-Bolyai-Universit\u00e4t Klausenburg (UBB) f\u00fcr den Zeitraum 2024-2029 und wurde mit 90,88 % der abgegebenen Stimmen gew\u00e4hlt. An der am Donnerstag, den 8. Februar 2024, organisierten Abstimmung nahmen fast 80 % &hellip;<\/p>\n<p class=\"read-more\"> <a class=\"more-link\" href=\"https:\/\/news.ubbcluj.ro\/ge\/univ-prof-dr-daniel-david-wiedergewahlt-als-rektor-der-ubb\/\"> <span class=\"screen-reader-text\">Univ.-Prof. Dr. Daniel David, wiedergew\u00e4hlt als Rektor der UBB<\/span> Read More &raquo;<\/a><\/p>\n","protected":false},"author":12,"featured_media":3954,"comment_status":"closed","ping_status":"closed","sticky":false,"template":"","format":"standard","meta":{"footnotes":""},"categories":[149,144,7,6],"tags":[],"yoast_head":"<!-- This site is optimized with the Yoast SEO plugin v21.9.1 - https:\/\/yoast.com\/wordpress\/plugins\/seo\/ -->\n<title>Univ.-Prof. Dr. Daniel David, wiedergew\u00e4hlt als Rektor der UBB - BBUNEWS<\/title>\n<meta name=\"robots\" content=\"index, follow, max-snippet:-1, max-image-preview:large, max-video-preview:-1\" \/>\n<link rel=\"canonical\" href=\"https:\/\/news.ubbcluj.ro\/ge\/univ-prof-dr-daniel-david-wiedergewahlt-als-rektor-der-ubb\/\" \/>\n<meta property=\"og:locale\" content=\"en_US\" \/>\n<meta property=\"og:type\" content=\"article\" \/>\n<meta property=\"og:title\" content=\"Univ.-Prof. Dr. Daniel David, wiedergew\u00e4hlt als Rektor der UBB - BBUNEWS\" \/>\n<meta property=\"og:description\" content=\"Professor Daniel David erhielt ein neues Mandat als Rektor der Babe\u0219-Bolyai-Universit\u00e4t Klausenburg (UBB) f\u00fcr den Zeitraum 2024-2029 und wurde mit 90,88 % der abgegebenen Stimmen gew\u00e4hlt. An der am Donnerstag, den 8. Februar 2024, organisierten Abstimmung nahmen fast 80 % &hellip; Univ.-Prof. Dr. Daniel David, wiedergew\u00e4hlt als Rektor der UBB Read More &raquo;\" \/>\n<meta property=\"og:url\" content=\"https:\/\/news.ubbcluj.ro\/ge\/univ-prof-dr-daniel-david-wiedergewahlt-als-rektor-der-ubb\/\" \/>\n<meta property=\"og:site_name\" content=\"BBUNEWS\" \/>\n<meta property=\"article:published_time\" content=\"2024-02-08T07:44:32+00:00\" \/>\n<meta property=\"article:modified_time\" content=\"2024-02-12T07:44:48+00:00\" \/>\n<meta property=\"og:image\" content=\"https:\/\/news.ubbcluj.ro\/ge\/wp-content\/uploads\/2024\/02\/Rector-01.png\" \/>\n\t<meta property=\"og:image:width\" content=\"1023\" \/>\n\t<meta property=\"og:image:height\" content=\"1023\" \/>\n\t<meta property=\"og:image:type\" content=\"image\/png\" \/>\n<meta name=\"author\" content=\"Marius Mauer\" \/>\n<meta name=\"twitter:card\" content=\"summary_large_image\" \/>\n<meta name=\"twitter:label1\" content=\"Written by\" \/>\n\t<meta name=\"twitter:data1\" content=\"Marius Mauer\" \/>\n\t<meta name=\"twitter:label2\" content=\"Est. reading time\" \/>\n\t<meta name=\"twitter:data2\" content=\"3 minutes\" \/>\n<script type=\"application\/ld+json\" class=\"yoast-schema-graph\">{\"@context\":\"https:\/\/schema.org\",\"@graph\":[{\"@type\":\"Article\",\"@id\":\"https:\/\/news.ubbcluj.ro\/ge\/univ-prof-dr-daniel-david-wiedergewahlt-als-rektor-der-ubb\/#article\",\"isPartOf\":{\"@id\":\"https:\/\/news.ubbcluj.ro\/ge\/univ-prof-dr-daniel-david-wiedergewahlt-als-rektor-der-ubb\/\"},\"author\":{\"name\":\"Marius Mauer\",\"@id\":\"https:\/\/news.ubbcluj.ro\/ge\/#\/schema\/person\/519fe78d3dfa7759501e30427ebedc99\"},\"headline\":\"Univ.-Prof. Dr. Daniel David, wiedergew\u00e4hlt als Rektor der UBB\",\"datePublished\":\"2024-02-08T07:44:32+00:00\",\"dateModified\":\"2024-02-12T07:44:48+00:00\",\"mainEntityOfPage\":{\"@id\":\"https:\/\/news.ubbcluj.ro\/ge\/univ-prof-dr-daniel-david-wiedergewahlt-als-rektor-der-ubb\/\"},\"wordCount\":705,\"publisher\":{\"@id\":\"https:\/\/news.ubbcluj.ro\/ge\/#organization\"},\"articleSection\":[\"Anunturi UBB\",\"anunturi_ubb_ge\",\"Comunicate de presa\",\"Nout\u0103\u021bi\"],\"inLanguage\":\"en-US\"},{\"@type\":\"WebPage\",\"@id\":\"https:\/\/news.ubbcluj.ro\/ge\/univ-prof-dr-daniel-david-wiedergewahlt-als-rektor-der-ubb\/\",\"url\":\"https:\/\/news.ubbcluj.ro\/ge\/univ-prof-dr-daniel-david-wiedergewahlt-als-rektor-der-ubb\/\",\"name\":\"Univ.-Prof. Dr. Daniel David, wiedergew\u00e4hlt als Rektor der UBB - BBUNEWS\",\"isPartOf\":{\"@id\":\"https:\/\/news.ubbcluj.ro\/ge\/#website\"},\"datePublished\":\"2024-02-08T07:44:32+00:00\",\"dateModified\":\"2024-02-12T07:44:48+00:00\",\"breadcrumb\":{\"@id\":\"https:\/\/news.ubbcluj.ro\/ge\/univ-prof-dr-daniel-david-wiedergewahlt-als-rektor-der-ubb\/#breadcrumb\"},\"inLanguage\":\"en-US\",\"potentialAction\":[{\"@type\":\"ReadAction\",\"target\":[\"https:\/\/news.ubbcluj.ro\/ge\/univ-prof-dr-daniel-david-wiedergewahlt-als-rektor-der-ubb\/\"]}]},{\"@type\":\"BreadcrumbList\",\"@id\":\"https:\/\/news.ubbcluj.ro\/ge\/univ-prof-dr-daniel-david-wiedergewahlt-als-rektor-der-ubb\/#breadcrumb\",\"itemListElement\":[{\"@type\":\"ListItem\",\"position\":1,\"name\":\"Home\",\"item\":\"https:\/\/news.ubbcluj.ro\/ge\/\"},{\"@type\":\"ListItem\",\"position\":2,\"name\":\"Univ.-Prof. Dr. Daniel David, wiedergew\u00e4hlt als Rektor der UBB\"}]},{\"@type\":\"WebSite\",\"@id\":\"https:\/\/news.ubbcluj.ro\/ge\/#website\",\"url\":\"https:\/\/news.ubbcluj.ro\/ge\/\",\"name\":\"BBUNEWS\",\"description\":\"Neuigkeiten &amp; Veranstaltungen der BBU\",\"publisher\":{\"@id\":\"https:\/\/news.ubbcluj.ro\/ge\/#organization\"},\"potentialAction\":[{\"@type\":\"SearchAction\",\"target\":{\"@type\":\"EntryPoint\",\"urlTemplate\":\"https:\/\/news.ubbcluj.ro\/ge\/?s={search_term_string}\"},\"query-input\":\"required name=search_term_string\"}],\"inLanguage\":\"en-US\"},{\"@type\":\"Organization\",\"@id\":\"https:\/\/news.ubbcluj.ro\/ge\/#organization\",\"name\":\"BBUNEWS\",\"url\":\"https:\/\/news.ubbcluj.ro\/ge\/\",\"logo\":{\"@type\":\"ImageObject\",\"inLanguage\":\"en-US\",\"@id\":\"https:\/\/news.ubbcluj.ro\/ge\/#\/schema\/logo\/image\/\",\"url\":\"https:\/\/news.ubbcluj.ro\/ge\/wp-content\/uploads\/2018\/06\/b6ba9f_63e01851b6664086b343aeeff55d7542-mv2.png\",\"contentUrl\":\"https:\/\/news.ubbcluj.ro\/ge\/wp-content\/uploads\/2018\/06\/b6ba9f_63e01851b6664086b343aeeff55d7542-mv2.png\",\"width\":133,\"height\":93,\"caption\":\"BBUNEWS\"},\"image\":{\"@id\":\"https:\/\/news.ubbcluj.ro\/ge\/#\/schema\/logo\/image\/\"}},{\"@type\":\"Person\",\"@id\":\"https:\/\/news.ubbcluj.ro\/ge\/#\/schema\/person\/519fe78d3dfa7759501e30427ebedc99\",\"name\":\"Marius Mauer\",\"url\":\"https:\/\/news.ubbcluj.ro\/ge\/author\/marius-mauer\/\"}]}<\/script>\n<!-- \/ Yoast SEO plugin. -->","yoast_head_json":{"title":"Univ.-Prof. Dr. Daniel David, wiedergew\u00e4hlt als Rektor der UBB - BBUNEWS","robots":{"index":"index","follow":"follow","max-snippet":"max-snippet:-1","max-image-preview":"max-image-preview:large","max-video-preview":"max-video-preview:-1"},"canonical":"https:\/\/news.ubbcluj.ro\/ge\/univ-prof-dr-daniel-david-wiedergewahlt-als-rektor-der-ubb\/","og_locale":"en_US","og_type":"article","og_title":"Univ.-Prof. Dr. Daniel David, wiedergew\u00e4hlt als Rektor der UBB - BBUNEWS","og_description":"Professor Daniel David erhielt ein neues Mandat als Rektor der Babe\u0219-Bolyai-Universit\u00e4t Klausenburg (UBB) f\u00fcr den Zeitraum 2024-2029 und wurde mit 90,88 % der abgegebenen Stimmen gew\u00e4hlt. An der am Donnerstag, den 8. Februar 2024, organisierten Abstimmung nahmen fast 80 % &hellip; Univ.-Prof. Dr. Daniel David, wiedergew\u00e4hlt als Rektor der UBB Read More &raquo;","og_url":"https:\/\/news.ubbcluj.ro\/ge\/univ-prof-dr-daniel-david-wiedergewahlt-als-rektor-der-ubb\/","og_site_name":"BBUNEWS","article_published_time":"2024-02-08T07:44:32+00:00","article_modified_time":"2024-02-12T07:44:48+00:00","og_image":[{"width":1023,"height":1023,"url":"https:\/\/news.ubbcluj.ro\/ge\/wp-content\/uploads\/2024\/02\/Rector-01.png","type":"image\/png"}],"author":"Marius Mauer","twitter_card":"summary_large_image","twitter_misc":{"Written by":"Marius Mauer","Est. reading time":"3 minutes"},"schema":{"@context":"https:\/\/schema.org","@graph":[{"@type":"Article","@id":"https:\/\/news.ubbcluj.ro\/ge\/univ-prof-dr-daniel-david-wiedergewahlt-als-rektor-der-ubb\/#article","isPartOf":{"@id":"https:\/\/news.ubbcluj.ro\/ge\/univ-prof-dr-daniel-david-wiedergewahlt-als-rektor-der-ubb\/"},"author":{"name":"Marius Mauer","@id":"https:\/\/news.ubbcluj.ro\/ge\/#\/schema\/person\/519fe78d3dfa7759501e30427ebedc99"},"headline":"Univ.-Prof. Dr. Daniel David, wiedergew\u00e4hlt als Rektor der UBB","datePublished":"2024-02-08T07:44:32+00:00","dateModified":"2024-02-12T07:44:48+00:00","mainEntityOfPage":{"@id":"https:\/\/news.ubbcluj.ro\/ge\/univ-prof-dr-daniel-david-wiedergewahlt-als-rektor-der-ubb\/"},"wordCount":705,"publisher":{"@id":"https:\/\/news.ubbcluj.ro\/ge\/#organization"},"articleSection":["Anunturi UBB","anunturi_ubb_ge","Comunicate de presa","Nout\u0103\u021bi"],"inLanguage":"en-US"},{"@type":"WebPage","@id":"https:\/\/news.ubbcluj.ro\/ge\/univ-prof-dr-daniel-david-wiedergewahlt-als-rektor-der-ubb\/","url":"https:\/\/news.ubbcluj.ro\/ge\/univ-prof-dr-daniel-david-wiedergewahlt-als-rektor-der-ubb\/","name":"Univ.-Prof. Dr. Daniel David, wiedergew\u00e4hlt als Rektor der UBB - BBUNEWS","isPartOf":{"@id":"https:\/\/news.ubbcluj.ro\/ge\/#website"},"datePublished":"2024-02-08T07:44:32+00:00","dateModified":"2024-02-12T07:44:48+00:00","breadcrumb":{"@id":"https:\/\/news.ubbcluj.ro\/ge\/univ-prof-dr-daniel-david-wiedergewahlt-als-rektor-der-ubb\/#breadcrumb"},"inLanguage":"en-US","potentialAction":[{"@type":"ReadAction","target":["https:\/\/news.ubbcluj.ro\/ge\/univ-prof-dr-daniel-david-wiedergewahlt-als-rektor-der-ubb\/"]}]},{"@type":"BreadcrumbList","@id":"https:\/\/news.ubbcluj.ro\/ge\/univ-prof-dr-daniel-david-wiedergewahlt-als-rektor-der-ubb\/#breadcrumb","itemListElement":[{"@type":"ListItem","position":1,"name":"Home","item":"https:\/\/news.ubbcluj.ro\/ge\/"},{"@type":"ListItem","position":2,"name":"Univ.-Prof. Dr. Daniel David, wiedergew\u00e4hlt als Rektor der UBB"}]},{"@type":"WebSite","@id":"https:\/\/news.ubbcluj.ro\/ge\/#website","url":"https:\/\/news.ubbcluj.ro\/ge\/","name":"BBUNEWS","description":"Neuigkeiten &amp; Veranstaltungen der BBU","publisher":{"@id":"https:\/\/news.ubbcluj.ro\/ge\/#organization"},"potentialAction":[{"@type":"SearchAction","target":{"@type":"EntryPoint","urlTemplate":"https:\/\/news.ubbcluj.ro\/ge\/?s={search_term_string}"},"query-input":"required name=search_term_string"}],"inLanguage":"en-US"},{"@type":"Organization","@id":"https:\/\/news.ubbcluj.ro\/ge\/#organization","name":"BBUNEWS","url":"https:\/\/news.ubbcluj.ro\/ge\/","logo":{"@type":"ImageObject","inLanguage":"en-US","@id":"https:\/\/news.ubbcluj.ro\/ge\/#\/schema\/logo\/image\/","url":"https:\/\/news.ubbcluj.ro\/ge\/wp-content\/uploads\/2018\/06\/b6ba9f_63e01851b6664086b343aeeff55d7542-mv2.png","contentUrl":"https:\/\/news.ubbcluj.ro\/ge\/wp-content\/uploads\/2018\/06\/b6ba9f_63e01851b6664086b343aeeff55d7542-mv2.png","width":133,"height":93,"caption":"BBUNEWS"},"image":{"@id":"https:\/\/news.ubbcluj.ro\/ge\/#\/schema\/logo\/image\/"}},{"@type":"Person","@id":"https:\/\/news.ubbcluj.ro\/ge\/#\/schema\/person\/519fe78d3dfa7759501e30427ebedc99","name":"Marius Mauer","url":"https:\/\/news.ubbcluj.ro\/ge\/author\/marius-mauer\/"}]}},"_links":{"self":[{"href":"https:\/\/news.ubbcluj.ro\/ge\/wp-json\/wp\/v2\/posts\/3953"}],"collection":[{"href":"https:\/\/news.ubbcluj.ro\/ge\/wp-json\/wp\/v2\/posts"}],"about":[{"href":"https:\/\/news.ubbcluj.ro\/ge\/wp-json\/wp\/v2\/types\/post"}],"author":[{"embeddable":true,"href":"https:\/\/news.ubbcluj.ro\/ge\/wp-json\/wp\/v2\/users\/12"}],"replies":[{"embeddable":true,"href":"https:\/\/news.ubbcluj.ro\/ge\/wp-json\/wp\/v2\/comments?post=3953"}],"version-history":[{"count":1,"href":"https:\/\/news.ubbcluj.ro\/ge\/wp-json\/wp\/v2\/posts\/3953\/revisions"}],"predecessor-version":[{"id":3955,"href":"https:\/\/news.ubbcluj.ro\/ge\/wp-json\/wp\/v2\/posts\/3953\/revisions\/3955"}],"wp:featuredmedia":[{"embeddable":true,"href":"https:\/\/news.ubbcluj.ro\/ge\/wp-json\/wp\/v2\/media\/3954"}],"wp:attachment":[{"href":"https:\/\/news.ubbcluj.ro\/ge\/wp-json\/wp\/v2\/media?parent=3953"}],"wp:term":[{"taxonomy":"category","embeddable":true,"href":"https:\/\/news.ubbcluj.ro\/ge\/wp-json\/wp\/v2\/categories?post=3953"},{"taxonomy":"post_tag","embeddable":true,"href":"https:\/\/news.ubbcluj.ro\/ge\/wp-json\/wp\/v2\/tags?post=3953"}],"curies":[{"name":"wp","href":"https:\/\/api.w.org\/{rel}","templated":true}]}}