{"id":3976,"date":"2024-05-28T06:04:27","date_gmt":"2024-05-28T06:04:27","guid":{"rendered":"https:\/\/news.ubbcluj.ro\/ge\/?p=3976"},"modified":"2024-05-29T06:06:30","modified_gmt":"2024-05-29T06:06:30","slug":"ubb-bringt-die-wirtschaftsinformatik-nach-arad","status":"publish","type":"post","link":"https:\/\/news.ubbcluj.ro\/ge\/ubb-bringt-die-wirtschaftsinformatik-nach-arad\/","title":{"rendered":"UBB bringt die Wirtschaftsinformatik nach Arad"},"content":{"rendered":"<p style=\"font-weight: 400;\">Die Babe\u0219-Bolyai-Universit\u00e4t Klausenburg (UBB) wird ab dem akademischen Jahr 2024-2025 einen Bachelor-Studiengang (Fernstudium) in Wirtschaftsinformatik in Arad starten (durch die gr\u00f6\u00dfte Fachfakult\u00e4t des Landes und die in vielen internationalen Rankings am besten positionierte in diesem Bereich, n\u00e4mlich die Fakult\u00e4t f\u00fcr Wirtschaftswissenschaften und Unternehmensf\u00fchrung).<\/p>\n<p style=\"font-weight: 400;\">Die Pr\u00e4senz der UBB in Arad ist das Ergebnis der Einladung der lokalen Beh\u00f6rden, zusammen mit den beiden bereits bestehenden \u00f6ffentlichen Universit\u00e4ten in der Stadt zur Beibehaltung junger Menschen in der Stadt beizutragen und Arbeitskr\u00e4fte aus der Region anzuziehen. Das neue UBB-Programm hat dieses Potenzial und bringt zwei f\u00fchrende Bereiche der heutigen Welt zusammen, n\u00e4mlich Wirtschaftswissenschaften bzw. Business und Informatik.<\/p>\n<p style=\"font-weight: 400;\">Die physische Infrastruktur (z. B. Vortragss\u00e4le usw.) wird von der Vasile-Goldi\u0219-Universit\u00e4t Arad auf der Grundlage der mit der UBB geschlossenen Partnerschaft im Rahmen der Unterst\u00fctzung durch die Gemeinschaftsstiftung bereitgestellt, die die Universit\u00e4t der Stadt unterst\u00fctzt und die wichtigsten Bildungs- und Kulturbeh\u00f6rden und -institutionen in Arad zusammenbringt.<\/p>\n<p style=\"font-weight: 400;\">Das Programm wird auch w\u00e4hrend einer Pressekonferenz am 13. Juni 2024 an der Arader Vasile Goldi\u0219-Universit\u00e4t vorgestellt.<\/p>\n","protected":false},"excerpt":{"rendered":"<p>Die Babe\u0219-Bolyai-Universit\u00e4t Klausenburg (UBB) wird ab dem akademischen Jahr 2024-2025 einen Bachelor-Studiengang (Fernstudium) in Wirtschaftsinformatik in Arad starten (durch die gr\u00f6\u00dfte Fachfakult\u00e4t des Landes und die in vielen internationalen Rankings am besten positionierte in diesem Bereich, n\u00e4mlich die Fakult\u00e4t f\u00fcr &hellip;<\/p>\n<p class=\"read-more\"> <a class=\"more-link\" href=\"https:\/\/news.ubbcluj.ro\/ge\/ubb-bringt-die-wirtschaftsinformatik-nach-arad\/\"> <span class=\"screen-reader-text\">UBB bringt die Wirtschaftsinformatik nach Arad<\/span> Read More &raquo;<\/a><\/p>\n","protected":false},"author":12,"featured_media":3588,"comment_status":"closed","ping_status":"closed","sticky":false,"template":"","format":"standard","meta":{"footnotes":""},"categories":[149,144,7],"tags":[],"yoast_head":"<!-- This site is optimized with the Yoast SEO plugin v21.9.1 - https:\/\/yoast.com\/wordpress\/plugins\/seo\/ -->\n<title>UBB bringt die Wirtschaftsinformatik nach Arad - BBUNEWS<\/title>\n<meta name=\"robots\" content=\"index, follow, max-snippet:-1, max-image-preview:large, max-video-preview:-1\" \/>\n<link rel=\"canonical\" href=\"https:\/\/news.ubbcluj.ro\/ge\/ubb-bringt-die-wirtschaftsinformatik-nach-arad\/\" \/>\n<meta property=\"og:locale\" content=\"en_US\" \/>\n<meta property=\"og:type\" content=\"article\" \/>\n<meta property=\"og:title\" content=\"UBB bringt die Wirtschaftsinformatik nach Arad - BBUNEWS\" \/>\n<meta property=\"og:description\" content=\"Die Babe\u0219-Bolyai-Universit\u00e4t Klausenburg (UBB) wird ab dem akademischen Jahr 2024-2025 einen Bachelor-Studiengang (Fernstudium) in Wirtschaftsinformatik in Arad starten (durch die gr\u00f6\u00dfte Fachfakult\u00e4t des Landes und die in vielen internationalen Rankings am besten positionierte in diesem Bereich, n\u00e4mlich die Fakult\u00e4t f\u00fcr &hellip; UBB bringt die Wirtschaftsinformatik nach Arad Read More &raquo;\" \/>\n<meta property=\"og:url\" content=\"https:\/\/news.ubbcluj.ro\/ge\/ubb-bringt-die-wirtschaftsinformatik-nach-arad\/\" \/>\n<meta property=\"og:site_name\" content=\"BBUNEWS\" \/>\n<meta property=\"article:published_time\" content=\"2024-05-28T06:04:27+00:00\" \/>\n<meta property=\"article:modified_time\" content=\"2024-05-29T06:06:30+00:00\" \/>\n<meta property=\"og:image\" content=\"https:\/\/news.ubbcluj.ro\/ge\/wp-content\/uploads\/2022\/01\/Fatada-UBB-2.jpg\" \/>\n\t<meta property=\"og:image:width\" content=\"1604\" \/>\n\t<meta property=\"og:image:height\" content=\"904\" \/>\n\t<meta property=\"og:image:type\" content=\"image\/jpeg\" \/>\n<meta name=\"author\" content=\"Marius Mauer\" \/>\n<meta name=\"twitter:card\" content=\"summary_large_image\" \/>\n<meta name=\"twitter:label1\" content=\"Written by\" \/>\n\t<meta name=\"twitter:data1\" content=\"Marius Mauer\" \/>\n\t<meta name=\"twitter:label2\" content=\"Est. reading time\" \/>\n\t<meta name=\"twitter:data2\" content=\"1 minute\" \/>\n<script type=\"application\/ld+json\" class=\"yoast-schema-graph\">{\"@context\":\"https:\/\/schema.org\",\"@graph\":[{\"@type\":\"Article\",\"@id\":\"https:\/\/news.ubbcluj.ro\/ge\/ubb-bringt-die-wirtschaftsinformatik-nach-arad\/#article\",\"isPartOf\":{\"@id\":\"https:\/\/news.ubbcluj.ro\/ge\/ubb-bringt-die-wirtschaftsinformatik-nach-arad\/\"},\"author\":{\"name\":\"Marius Mauer\",\"@id\":\"https:\/\/news.ubbcluj.ro\/ge\/#\/schema\/person\/519fe78d3dfa7759501e30427ebedc99\"},\"headline\":\"UBB bringt die Wirtschaftsinformatik nach Arad\",\"datePublished\":\"2024-05-28T06:04:27+00:00\",\"dateModified\":\"2024-05-29T06:06:30+00:00\",\"mainEntityOfPage\":{\"@id\":\"https:\/\/news.ubbcluj.ro\/ge\/ubb-bringt-die-wirtschaftsinformatik-nach-arad\/\"},\"wordCount\":194,\"publisher\":{\"@id\":\"https:\/\/news.ubbcluj.ro\/ge\/#organization\"},\"articleSection\":[\"Anunturi UBB\",\"anunturi_ubb_ge\",\"Comunicate de presa\"],\"inLanguage\":\"en-US\"},{\"@type\":\"WebPage\",\"@id\":\"https:\/\/news.ubbcluj.ro\/ge\/ubb-bringt-die-wirtschaftsinformatik-nach-arad\/\",\"url\":\"https:\/\/news.ubbcluj.ro\/ge\/ubb-bringt-die-wirtschaftsinformatik-nach-arad\/\",\"name\":\"UBB bringt die Wirtschaftsinformatik nach Arad - BBUNEWS\",\"isPartOf\":{\"@id\":\"https:\/\/news.ubbcluj.ro\/ge\/#website\"},\"datePublished\":\"2024-05-28T06:04:27+00:00\",\"dateModified\":\"2024-05-29T06:06:30+00:00\",\"breadcrumb\":{\"@id\":\"https:\/\/news.ubbcluj.ro\/ge\/ubb-bringt-die-wirtschaftsinformatik-nach-arad\/#breadcrumb\"},\"inLanguage\":\"en-US\",\"potentialAction\":[{\"@type\":\"ReadAction\",\"target\":[\"https:\/\/news.ubbcluj.ro\/ge\/ubb-bringt-die-wirtschaftsinformatik-nach-arad\/\"]}]},{\"@type\":\"BreadcrumbList\",\"@id\":\"https:\/\/news.ubbcluj.ro\/ge\/ubb-bringt-die-wirtschaftsinformatik-nach-arad\/#breadcrumb\",\"itemListElement\":[{\"@type\":\"ListItem\",\"position\":1,\"name\":\"Home\",\"item\":\"https:\/\/news.ubbcluj.ro\/ge\/\"},{\"@type\":\"ListItem\",\"position\":2,\"name\":\"UBB bringt die Wirtschaftsinformatik nach Arad\"}]},{\"@type\":\"WebSite\",\"@id\":\"https:\/\/news.ubbcluj.ro\/ge\/#website\",\"url\":\"https:\/\/news.ubbcluj.ro\/ge\/\",\"name\":\"BBUNEWS\",\"description\":\"Neuigkeiten &amp; Veranstaltungen der BBU\",\"publisher\":{\"@id\":\"https:\/\/news.ubbcluj.ro\/ge\/#organization\"},\"potentialAction\":[{\"@type\":\"SearchAction\",\"target\":{\"@type\":\"EntryPoint\",\"urlTemplate\":\"https:\/\/news.ubbcluj.ro\/ge\/?s={search_term_string}\"},\"query-input\":\"required name=search_term_string\"}],\"inLanguage\":\"en-US\"},{\"@type\":\"Organization\",\"@id\":\"https:\/\/news.ubbcluj.ro\/ge\/#organization\",\"name\":\"BBUNEWS\",\"url\":\"https:\/\/news.ubbcluj.ro\/ge\/\",\"logo\":{\"@type\":\"ImageObject\",\"inLanguage\":\"en-US\",\"@id\":\"https:\/\/news.ubbcluj.ro\/ge\/#\/schema\/logo\/image\/\",\"url\":\"https:\/\/news.ubbcluj.ro\/ge\/wp-content\/uploads\/2018\/06\/b6ba9f_63e01851b6664086b343aeeff55d7542-mv2.png\",\"contentUrl\":\"https:\/\/news.ubbcluj.ro\/ge\/wp-content\/uploads\/2018\/06\/b6ba9f_63e01851b6664086b343aeeff55d7542-mv2.png\",\"width\":133,\"height\":93,\"caption\":\"BBUNEWS\"},\"image\":{\"@id\":\"https:\/\/news.ubbcluj.ro\/ge\/#\/schema\/logo\/image\/\"}},{\"@type\":\"Person\",\"@id\":\"https:\/\/news.ubbcluj.ro\/ge\/#\/schema\/person\/519fe78d3dfa7759501e30427ebedc99\",\"name\":\"Marius Mauer\",\"url\":\"https:\/\/news.ubbcluj.ro\/ge\/author\/marius-mauer\/\"}]}<\/script>\n<!-- \/ Yoast SEO plugin. -->","yoast_head_json":{"title":"UBB bringt die Wirtschaftsinformatik nach Arad - BBUNEWS","robots":{"index":"index","follow":"follow","max-snippet":"max-snippet:-1","max-image-preview":"max-image-preview:large","max-video-preview":"max-video-preview:-1"},"canonical":"https:\/\/news.ubbcluj.ro\/ge\/ubb-bringt-die-wirtschaftsinformatik-nach-arad\/","og_locale":"en_US","og_type":"article","og_title":"UBB bringt die Wirtschaftsinformatik nach Arad - BBUNEWS","og_description":"Die Babe\u0219-Bolyai-Universit\u00e4t Klausenburg (UBB) wird ab dem akademischen Jahr 2024-2025 einen Bachelor-Studiengang (Fernstudium) in Wirtschaftsinformatik in Arad starten (durch die gr\u00f6\u00dfte Fachfakult\u00e4t des Landes und die in vielen internationalen Rankings am besten positionierte in diesem Bereich, n\u00e4mlich die Fakult\u00e4t f\u00fcr &hellip; UBB bringt die Wirtschaftsinformatik nach Arad Read More &raquo;","og_url":"https:\/\/news.ubbcluj.ro\/ge\/ubb-bringt-die-wirtschaftsinformatik-nach-arad\/","og_site_name":"BBUNEWS","article_published_time":"2024-05-28T06:04:27+00:00","article_modified_time":"2024-05-29T06:06:30+00:00","og_image":[{"width":1604,"height":904,"url":"https:\/\/news.ubbcluj.ro\/ge\/wp-content\/uploads\/2022\/01\/Fatada-UBB-2.jpg","type":"image\/jpeg"}],"author":"Marius Mauer","twitter_card":"summary_large_image","twitter_misc":{"Written by":"Marius Mauer","Est. reading time":"1 minute"},"schema":{"@context":"https:\/\/schema.org","@graph":[{"@type":"Article","@id":"https:\/\/news.ubbcluj.ro\/ge\/ubb-bringt-die-wirtschaftsinformatik-nach-arad\/#article","isPartOf":{"@id":"https:\/\/news.ubbcluj.ro\/ge\/ubb-bringt-die-wirtschaftsinformatik-nach-arad\/"},"author":{"name":"Marius Mauer","@id":"https:\/\/news.ubbcluj.ro\/ge\/#\/schema\/person\/519fe78d3dfa7759501e30427ebedc99"},"headline":"UBB bringt die Wirtschaftsinformatik nach Arad","datePublished":"2024-05-28T06:04:27+00:00","dateModified":"2024-05-29T06:06:30+00:00","mainEntityOfPage":{"@id":"https:\/\/news.ubbcluj.ro\/ge\/ubb-bringt-die-wirtschaftsinformatik-nach-arad\/"},"wordCount":194,"publisher":{"@id":"https:\/\/news.ubbcluj.ro\/ge\/#organization"},"articleSection":["Anunturi UBB","anunturi_ubb_ge","Comunicate de presa"],"inLanguage":"en-US"},{"@type":"WebPage","@id":"https:\/\/news.ubbcluj.ro\/ge\/ubb-bringt-die-wirtschaftsinformatik-nach-arad\/","url":"https:\/\/news.ubbcluj.ro\/ge\/ubb-bringt-die-wirtschaftsinformatik-nach-arad\/","name":"UBB bringt die Wirtschaftsinformatik nach Arad - BBUNEWS","isPartOf":{"@id":"https:\/\/news.ubbcluj.ro\/ge\/#website"},"datePublished":"2024-05-28T06:04:27+00:00","dateModified":"2024-05-29T06:06:30+00:00","breadcrumb":{"@id":"https:\/\/news.ubbcluj.ro\/ge\/ubb-bringt-die-wirtschaftsinformatik-nach-arad\/#breadcrumb"},"inLanguage":"en-US","potentialAction":[{"@type":"ReadAction","target":["https:\/\/news.ubbcluj.ro\/ge\/ubb-bringt-die-wirtschaftsinformatik-nach-arad\/"]}]},{"@type":"BreadcrumbList","@id":"https:\/\/news.ubbcluj.ro\/ge\/ubb-bringt-die-wirtschaftsinformatik-nach-arad\/#breadcrumb","itemListElement":[{"@type":"ListItem","position":1,"name":"Home","item":"https:\/\/news.ubbcluj.ro\/ge\/"},{"@type":"ListItem","position":2,"name":"UBB bringt die Wirtschaftsinformatik nach Arad"}]},{"@type":"WebSite","@id":"https:\/\/news.ubbcluj.ro\/ge\/#website","url":"https:\/\/news.ubbcluj.ro\/ge\/","name":"BBUNEWS","description":"Neuigkeiten &amp; Veranstaltungen der BBU","publisher":{"@id":"https:\/\/news.ubbcluj.ro\/ge\/#organization"},"potentialAction":[{"@type":"SearchAction","target":{"@type":"EntryPoint","urlTemplate":"https:\/\/news.ubbcluj.ro\/ge\/?s={search_term_string}"},"query-input":"required name=search_term_string"}],"inLanguage":"en-US"},{"@type":"Organization","@id":"https:\/\/news.ubbcluj.ro\/ge\/#organization","name":"BBUNEWS","url":"https:\/\/news.ubbcluj.ro\/ge\/","logo":{"@type":"ImageObject","inLanguage":"en-US","@id":"https:\/\/news.ubbcluj.ro\/ge\/#\/schema\/logo\/image\/","url":"https:\/\/news.ubbcluj.ro\/ge\/wp-content\/uploads\/2018\/06\/b6ba9f_63e01851b6664086b343aeeff55d7542-mv2.png","contentUrl":"https:\/\/news.ubbcluj.ro\/ge\/wp-content\/uploads\/2018\/06\/b6ba9f_63e01851b6664086b343aeeff55d7542-mv2.png","width":133,"height":93,"caption":"BBUNEWS"},"image":{"@id":"https:\/\/news.ubbcluj.ro\/ge\/#\/schema\/logo\/image\/"}},{"@type":"Person","@id":"https:\/\/news.ubbcluj.ro\/ge\/#\/schema\/person\/519fe78d3dfa7759501e30427ebedc99","name":"Marius Mauer","url":"https:\/\/news.ubbcluj.ro\/ge\/author\/marius-mauer\/"}]}},"_links":{"self":[{"href":"https:\/\/news.ubbcluj.ro\/ge\/wp-json\/wp\/v2\/posts\/3976"}],"collection":[{"href":"https:\/\/news.ubbcluj.ro\/ge\/wp-json\/wp\/v2\/posts"}],"about":[{"href":"https:\/\/news.ubbcluj.ro\/ge\/wp-json\/wp\/v2\/types\/post"}],"author":[{"embeddable":true,"href":"https:\/\/news.ubbcluj.ro\/ge\/wp-json\/wp\/v2\/users\/12"}],"replies":[{"embeddable":true,"href":"https:\/\/news.ubbcluj.ro\/ge\/wp-json\/wp\/v2\/comments?post=3976"}],"version-history":[{"count":1,"href":"https:\/\/news.ubbcluj.ro\/ge\/wp-json\/wp\/v2\/posts\/3976\/revisions"}],"predecessor-version":[{"id":3977,"href":"https:\/\/news.ubbcluj.ro\/ge\/wp-json\/wp\/v2\/posts\/3976\/revisions\/3977"}],"wp:featuredmedia":[{"embeddable":true,"href":"https:\/\/news.ubbcluj.ro\/ge\/wp-json\/wp\/v2\/media\/3588"}],"wp:attachment":[{"href":"https:\/\/news.ubbcluj.ro\/ge\/wp-json\/wp\/v2\/media?parent=3976"}],"wp:term":[{"taxonomy":"category","embeddable":true,"href":"https:\/\/news.ubbcluj.ro\/ge\/wp-json\/wp\/v2\/categories?post=3976"},{"taxonomy":"post_tag","embeddable":true,"href":"https:\/\/news.ubbcluj.ro\/ge\/wp-json\/wp\/v2\/tags?post=3976"}],"curies":[{"name":"wp","href":"https:\/\/api.w.org\/{rel}","templated":true}]}}