{"id":454,"date":"2016-05-19T09:39:07","date_gmt":"2016-05-19T09:39:07","guid":{"rendered":"https:\/\/news.ubbcluj.ro\/ge\/?p=454"},"modified":"2016-10-04T06:50:26","modified_gmt":"2016-10-04T06:50:26","slug":"fizicianul-stefan-w-hell-laureat-al-premiului-nobel-pentru-chimie-dhc-al-ubb","status":"publish","type":"post","link":"https:\/\/news.ubbcluj.ro\/ge\/fizicianul-stefan-w-hell-laureat-al-premiului-nobel-pentru-chimie-dhc-al-ubb\/","title":{"rendered":"Fizicianul Stefan W.Hell, laureat al Premiului Nobel pentru Chimie, DHC al UBB"},"content":{"rendered":"<p style=\"text-align: center;\"><span style=\"text-decoration: underline;\"><strong>Invita\u021bie<\/strong><\/span><\/p>\n<p style=\"text-align: justify;\">Universitatea Babe\u0219-Bolyai v\u0103 invit\u0103 s\u0103 participa\u021bi\u00a0<strong>mar\u021bi<\/strong>,<strong> 24 mai\u00a02016<\/strong>, cu \u00eencepere de la ora\u00a0<strong>12.00<\/strong>, \u00een Aula Magna, din cl\u0103direa central\u0103 (str. M.Kog\u0103lniceanu nr.1, et.2), la ceremonia de decernare a titlului Doctor Honoris Causa, fizicianului <strong>Stefan W. Hell<\/strong>, <em>laureat al Premiului Nobel pentru Chimie 2011<\/em> \u0219i director al Institutului Max Planck de Chimie Biofizic\u0103 din Gottingen.\u00a0Laudatio va fi prezentat\u0103 de prof. univ. dr. Simion Simon.<\/p>\n<p style=\"text-align: justify;\"><img loading=\"lazy\" decoding=\"async\" class=\"size-full wp-image-455 aligncenter\" src=\"https:\/\/news.ubbcluj.ro\/ge\/wp-content\/uploads\/2016\/07\/Afis-Stefan-W.-HELL-01-e1467365935278.jpg\" alt=\"Afis-Stefan-W.-HELL-01\" width=\"354\" height=\"500\" data-id=\"455\" \/><\/p>\n","protected":false},"excerpt":{"rendered":"<p>Invita\u021bie Universitatea Babe\u0219-Bolyai v\u0103 invit\u0103 s\u0103 participa\u021bi\u00a0mar\u021bi, 24 mai\u00a02016, cu \u00eencepere de la ora\u00a012.00, \u00een Aula Magna, din cl\u0103direa central\u0103 (str. M.Kog\u0103lniceanu nr.1, et.2), la ceremonia de decernare a titlului Doctor Honoris Causa, fizicianului Stefan W. Hell, laureat al Premiului &hellip;<\/p>\n<p class=\"read-more\"> <a class=\"more-link\" href=\"https:\/\/news.ubbcluj.ro\/ge\/fizicianul-stefan-w-hell-laureat-al-premiului-nobel-pentru-chimie-dhc-al-ubb\/\"> <span class=\"screen-reader-text\">Fizicianul Stefan W.Hell, laureat al Premiului Nobel pentru Chimie, DHC al UBB<\/span> Read More &raquo;<\/a><\/p>\n","protected":false},"author":13,"featured_media":455,"comment_status":"closed","ping_status":"closed","sticky":false,"template":"","format":"standard","meta":{"footnotes":""},"categories":[35],"tags":[169,168],"yoast_head":"<!-- This site is optimized with the Yoast SEO plugin v21.9.1 - https:\/\/yoast.com\/wordpress\/plugins\/seo\/ -->\n<title>Fizicianul Stefan W.Hell, laureat al Premiului Nobel pentru Chimie, DHC al UBB - BBUNEWS<\/title>\n<meta name=\"robots\" content=\"index, follow, max-snippet:-1, max-image-preview:large, max-video-preview:-1\" \/>\n<link rel=\"canonical\" href=\"https:\/\/news.ubbcluj.ro\/ge\/fizicianul-stefan-w-hell-laureat-al-premiului-nobel-pentru-chimie-dhc-al-ubb\/\" \/>\n<meta property=\"og:locale\" content=\"en_US\" \/>\n<meta property=\"og:type\" content=\"article\" \/>\n<meta property=\"og:title\" content=\"Fizicianul Stefan W.Hell, laureat al Premiului Nobel pentru Chimie, DHC al UBB - BBUNEWS\" \/>\n<meta property=\"og:description\" content=\"Invita\u021bie Universitatea Babe\u0219-Bolyai v\u0103 invit\u0103 s\u0103 participa\u021bi\u00a0mar\u021bi, 24 mai\u00a02016, cu \u00eencepere de la ora\u00a012.00, \u00een Aula Magna, din cl\u0103direa central\u0103 (str. M.Kog\u0103lniceanu nr.1, et.2), la ceremonia de decernare a titlului Doctor Honoris Causa, fizicianului Stefan W. Hell, laureat al Premiului &hellip; Fizicianul Stefan W.Hell, laureat al Premiului Nobel pentru Chimie, DHC al UBB Read More &raquo;\" \/>\n<meta property=\"og:url\" content=\"https:\/\/news.ubbcluj.ro\/ge\/fizicianul-stefan-w-hell-laureat-al-premiului-nobel-pentru-chimie-dhc-al-ubb\/\" \/>\n<meta property=\"og:site_name\" content=\"BBUNEWS\" \/>\n<meta property=\"article:published_time\" content=\"2016-05-19T09:39:07+00:00\" \/>\n<meta property=\"article:modified_time\" content=\"2016-10-04T06:50:26+00:00\" \/>\n<meta property=\"og:image\" content=\"https:\/\/news.ubbcluj.ro\/ge\/wp-content\/uploads\/2016\/07\/Afis-Stefan-W.-HELL-01-e1467365935278.jpg\" \/>\n\t<meta property=\"og:image:width\" content=\"354\" \/>\n\t<meta property=\"og:image:height\" content=\"500\" \/>\n\t<meta property=\"og:image:type\" content=\"image\/jpeg\" \/>\n<meta name=\"author\" content=\"adminge\" \/>\n<meta name=\"twitter:card\" content=\"summary_large_image\" \/>\n<meta name=\"twitter:label1\" content=\"Written by\" \/>\n\t<meta name=\"twitter:data1\" content=\"adminge\" \/>\n<script type=\"application\/ld+json\" class=\"yoast-schema-graph\">{\"@context\":\"https:\/\/schema.org\",\"@graph\":[{\"@type\":\"Article\",\"@id\":\"https:\/\/news.ubbcluj.ro\/ge\/fizicianul-stefan-w-hell-laureat-al-premiului-nobel-pentru-chimie-dhc-al-ubb\/#article\",\"isPartOf\":{\"@id\":\"https:\/\/news.ubbcluj.ro\/ge\/fizicianul-stefan-w-hell-laureat-al-premiului-nobel-pentru-chimie-dhc-al-ubb\/\"},\"author\":{\"name\":\"adminge\",\"@id\":\"https:\/\/news.ubbcluj.ro\/ge\/#\/schema\/person\/2f82bc474de64a548b16d91a02e64b70\"},\"headline\":\"Fizicianul Stefan W.Hell, laureat al Premiului Nobel pentru Chimie, DHC al UBB\",\"datePublished\":\"2016-05-19T09:39:07+00:00\",\"dateModified\":\"2016-10-04T06:50:26+00:00\",\"mainEntityOfPage\":{\"@id\":\"https:\/\/news.ubbcluj.ro\/ge\/fizicianul-stefan-w-hell-laureat-al-premiului-nobel-pentru-chimie-dhc-al-ubb\/\"},\"wordCount\":84,\"publisher\":{\"@id\":\"https:\/\/news.ubbcluj.ro\/ge\/#organization\"},\"keywords\":[\"Institutul Max Planck de Chimie Biofizic\u0103 din Gottingen\",\"Stefan W. Hell\"],\"articleSection\":[\"DHC - PHC\"],\"inLanguage\":\"en-US\"},{\"@type\":\"WebPage\",\"@id\":\"https:\/\/news.ubbcluj.ro\/ge\/fizicianul-stefan-w-hell-laureat-al-premiului-nobel-pentru-chimie-dhc-al-ubb\/\",\"url\":\"https:\/\/news.ubbcluj.ro\/ge\/fizicianul-stefan-w-hell-laureat-al-premiului-nobel-pentru-chimie-dhc-al-ubb\/\",\"name\":\"Fizicianul Stefan W.Hell, laureat al Premiului Nobel pentru Chimie, DHC al UBB - BBUNEWS\",\"isPartOf\":{\"@id\":\"https:\/\/news.ubbcluj.ro\/ge\/#website\"},\"datePublished\":\"2016-05-19T09:39:07+00:00\",\"dateModified\":\"2016-10-04T06:50:26+00:00\",\"breadcrumb\":{\"@id\":\"https:\/\/news.ubbcluj.ro\/ge\/fizicianul-stefan-w-hell-laureat-al-premiului-nobel-pentru-chimie-dhc-al-ubb\/#breadcrumb\"},\"inLanguage\":\"en-US\",\"potentialAction\":[{\"@type\":\"ReadAction\",\"target\":[\"https:\/\/news.ubbcluj.ro\/ge\/fizicianul-stefan-w-hell-laureat-al-premiului-nobel-pentru-chimie-dhc-al-ubb\/\"]}]},{\"@type\":\"BreadcrumbList\",\"@id\":\"https:\/\/news.ubbcluj.ro\/ge\/fizicianul-stefan-w-hell-laureat-al-premiului-nobel-pentru-chimie-dhc-al-ubb\/#breadcrumb\",\"itemListElement\":[{\"@type\":\"ListItem\",\"position\":1,\"name\":\"Home\",\"item\":\"https:\/\/news.ubbcluj.ro\/ge\/\"},{\"@type\":\"ListItem\",\"position\":2,\"name\":\"Fizicianul Stefan W.Hell, laureat al Premiului Nobel pentru Chimie, DHC al UBB\"}]},{\"@type\":\"WebSite\",\"@id\":\"https:\/\/news.ubbcluj.ro\/ge\/#website\",\"url\":\"https:\/\/news.ubbcluj.ro\/ge\/\",\"name\":\"BBUNEWS\",\"description\":\"Neuigkeiten &amp; Veranstaltungen der BBU\",\"publisher\":{\"@id\":\"https:\/\/news.ubbcluj.ro\/ge\/#organization\"},\"potentialAction\":[{\"@type\":\"SearchAction\",\"target\":{\"@type\":\"EntryPoint\",\"urlTemplate\":\"https:\/\/news.ubbcluj.ro\/ge\/?s={search_term_string}\"},\"query-input\":\"required name=search_term_string\"}],\"inLanguage\":\"en-US\"},{\"@type\":\"Organization\",\"@id\":\"https:\/\/news.ubbcluj.ro\/ge\/#organization\",\"name\":\"BBUNEWS\",\"url\":\"https:\/\/news.ubbcluj.ro\/ge\/\",\"logo\":{\"@type\":\"ImageObject\",\"inLanguage\":\"en-US\",\"@id\":\"https:\/\/news.ubbcluj.ro\/ge\/#\/schema\/logo\/image\/\",\"url\":\"https:\/\/news.ubbcluj.ro\/ge\/wp-content\/uploads\/2018\/06\/b6ba9f_63e01851b6664086b343aeeff55d7542-mv2.png\",\"contentUrl\":\"https:\/\/news.ubbcluj.ro\/ge\/wp-content\/uploads\/2018\/06\/b6ba9f_63e01851b6664086b343aeeff55d7542-mv2.png\",\"width\":133,\"height\":93,\"caption\":\"BBUNEWS\"},\"image\":{\"@id\":\"https:\/\/news.ubbcluj.ro\/ge\/#\/schema\/logo\/image\/\"}},{\"@type\":\"Person\",\"@id\":\"https:\/\/news.ubbcluj.ro\/ge\/#\/schema\/person\/2f82bc474de64a548b16d91a02e64b70\",\"name\":\"adminge\",\"url\":\"https:\/\/news.ubbcluj.ro\/ge\/author\/adminge\/\"}]}<\/script>\n<!-- \/ Yoast SEO plugin. -->","yoast_head_json":{"title":"Fizicianul Stefan W.Hell, laureat al Premiului Nobel pentru Chimie, DHC al UBB - BBUNEWS","robots":{"index":"index","follow":"follow","max-snippet":"max-snippet:-1","max-image-preview":"max-image-preview:large","max-video-preview":"max-video-preview:-1"},"canonical":"https:\/\/news.ubbcluj.ro\/ge\/fizicianul-stefan-w-hell-laureat-al-premiului-nobel-pentru-chimie-dhc-al-ubb\/","og_locale":"en_US","og_type":"article","og_title":"Fizicianul Stefan W.Hell, laureat al Premiului Nobel pentru Chimie, DHC al UBB - BBUNEWS","og_description":"Invita\u021bie Universitatea Babe\u0219-Bolyai v\u0103 invit\u0103 s\u0103 participa\u021bi\u00a0mar\u021bi, 24 mai\u00a02016, cu \u00eencepere de la ora\u00a012.00, \u00een Aula Magna, din cl\u0103direa central\u0103 (str. M.Kog\u0103lniceanu nr.1, et.2), la ceremonia de decernare a titlului Doctor Honoris Causa, fizicianului Stefan W. Hell, laureat al Premiului &hellip; Fizicianul Stefan W.Hell, laureat al Premiului Nobel pentru Chimie, DHC al UBB Read More &raquo;","og_url":"https:\/\/news.ubbcluj.ro\/ge\/fizicianul-stefan-w-hell-laureat-al-premiului-nobel-pentru-chimie-dhc-al-ubb\/","og_site_name":"BBUNEWS","article_published_time":"2016-05-19T09:39:07+00:00","article_modified_time":"2016-10-04T06:50:26+00:00","og_image":[{"width":354,"height":500,"url":"https:\/\/news.ubbcluj.ro\/ge\/wp-content\/uploads\/2016\/07\/Afis-Stefan-W.-HELL-01-e1467365935278.jpg","type":"image\/jpeg"}],"author":"adminge","twitter_card":"summary_large_image","twitter_misc":{"Written by":"adminge"},"schema":{"@context":"https:\/\/schema.org","@graph":[{"@type":"Article","@id":"https:\/\/news.ubbcluj.ro\/ge\/fizicianul-stefan-w-hell-laureat-al-premiului-nobel-pentru-chimie-dhc-al-ubb\/#article","isPartOf":{"@id":"https:\/\/news.ubbcluj.ro\/ge\/fizicianul-stefan-w-hell-laureat-al-premiului-nobel-pentru-chimie-dhc-al-ubb\/"},"author":{"name":"adminge","@id":"https:\/\/news.ubbcluj.ro\/ge\/#\/schema\/person\/2f82bc474de64a548b16d91a02e64b70"},"headline":"Fizicianul Stefan W.Hell, laureat al Premiului Nobel pentru Chimie, DHC al UBB","datePublished":"2016-05-19T09:39:07+00:00","dateModified":"2016-10-04T06:50:26+00:00","mainEntityOfPage":{"@id":"https:\/\/news.ubbcluj.ro\/ge\/fizicianul-stefan-w-hell-laureat-al-premiului-nobel-pentru-chimie-dhc-al-ubb\/"},"wordCount":84,"publisher":{"@id":"https:\/\/news.ubbcluj.ro\/ge\/#organization"},"keywords":["Institutul Max Planck de Chimie Biofizic\u0103 din Gottingen","Stefan W. Hell"],"articleSection":["DHC - PHC"],"inLanguage":"en-US"},{"@type":"WebPage","@id":"https:\/\/news.ubbcluj.ro\/ge\/fizicianul-stefan-w-hell-laureat-al-premiului-nobel-pentru-chimie-dhc-al-ubb\/","url":"https:\/\/news.ubbcluj.ro\/ge\/fizicianul-stefan-w-hell-laureat-al-premiului-nobel-pentru-chimie-dhc-al-ubb\/","name":"Fizicianul Stefan W.Hell, laureat al Premiului Nobel pentru Chimie, DHC al UBB - BBUNEWS","isPartOf":{"@id":"https:\/\/news.ubbcluj.ro\/ge\/#website"},"datePublished":"2016-05-19T09:39:07+00:00","dateModified":"2016-10-04T06:50:26+00:00","breadcrumb":{"@id":"https:\/\/news.ubbcluj.ro\/ge\/fizicianul-stefan-w-hell-laureat-al-premiului-nobel-pentru-chimie-dhc-al-ubb\/#breadcrumb"},"inLanguage":"en-US","potentialAction":[{"@type":"ReadAction","target":["https:\/\/news.ubbcluj.ro\/ge\/fizicianul-stefan-w-hell-laureat-al-premiului-nobel-pentru-chimie-dhc-al-ubb\/"]}]},{"@type":"BreadcrumbList","@id":"https:\/\/news.ubbcluj.ro\/ge\/fizicianul-stefan-w-hell-laureat-al-premiului-nobel-pentru-chimie-dhc-al-ubb\/#breadcrumb","itemListElement":[{"@type":"ListItem","position":1,"name":"Home","item":"https:\/\/news.ubbcluj.ro\/ge\/"},{"@type":"ListItem","position":2,"name":"Fizicianul Stefan W.Hell, laureat al Premiului Nobel pentru Chimie, DHC al UBB"}]},{"@type":"WebSite","@id":"https:\/\/news.ubbcluj.ro\/ge\/#website","url":"https:\/\/news.ubbcluj.ro\/ge\/","name":"BBUNEWS","description":"Neuigkeiten &amp; Veranstaltungen der BBU","publisher":{"@id":"https:\/\/news.ubbcluj.ro\/ge\/#organization"},"potentialAction":[{"@type":"SearchAction","target":{"@type":"EntryPoint","urlTemplate":"https:\/\/news.ubbcluj.ro\/ge\/?s={search_term_string}"},"query-input":"required name=search_term_string"}],"inLanguage":"en-US"},{"@type":"Organization","@id":"https:\/\/news.ubbcluj.ro\/ge\/#organization","name":"BBUNEWS","url":"https:\/\/news.ubbcluj.ro\/ge\/","logo":{"@type":"ImageObject","inLanguage":"en-US","@id":"https:\/\/news.ubbcluj.ro\/ge\/#\/schema\/logo\/image\/","url":"https:\/\/news.ubbcluj.ro\/ge\/wp-content\/uploads\/2018\/06\/b6ba9f_63e01851b6664086b343aeeff55d7542-mv2.png","contentUrl":"https:\/\/news.ubbcluj.ro\/ge\/wp-content\/uploads\/2018\/06\/b6ba9f_63e01851b6664086b343aeeff55d7542-mv2.png","width":133,"height":93,"caption":"BBUNEWS"},"image":{"@id":"https:\/\/news.ubbcluj.ro\/ge\/#\/schema\/logo\/image\/"}},{"@type":"Person","@id":"https:\/\/news.ubbcluj.ro\/ge\/#\/schema\/person\/2f82bc474de64a548b16d91a02e64b70","name":"adminge","url":"https:\/\/news.ubbcluj.ro\/ge\/author\/adminge\/"}]}},"_links":{"self":[{"href":"https:\/\/news.ubbcluj.ro\/ge\/wp-json\/wp\/v2\/posts\/454"}],"collection":[{"href":"https:\/\/news.ubbcluj.ro\/ge\/wp-json\/wp\/v2\/posts"}],"about":[{"href":"https:\/\/news.ubbcluj.ro\/ge\/wp-json\/wp\/v2\/types\/post"}],"author":[{"embeddable":true,"href":"https:\/\/news.ubbcluj.ro\/ge\/wp-json\/wp\/v2\/users\/13"}],"replies":[{"embeddable":true,"href":"https:\/\/news.ubbcluj.ro\/ge\/wp-json\/wp\/v2\/comments?post=454"}],"version-history":[{"count":8,"href":"https:\/\/news.ubbcluj.ro\/ge\/wp-json\/wp\/v2\/posts\/454\/revisions"}],"predecessor-version":[{"id":987,"href":"https:\/\/news.ubbcluj.ro\/ge\/wp-json\/wp\/v2\/posts\/454\/revisions\/987"}],"wp:featuredmedia":[{"embeddable":true,"href":"https:\/\/news.ubbcluj.ro\/ge\/wp-json\/wp\/v2\/media\/455"}],"wp:attachment":[{"href":"https:\/\/news.ubbcluj.ro\/ge\/wp-json\/wp\/v2\/media?parent=454"}],"wp:term":[{"taxonomy":"category","embeddable":true,"href":"https:\/\/news.ubbcluj.ro\/ge\/wp-json\/wp\/v2\/categories?post=454"},{"taxonomy":"post_tag","embeddable":true,"href":"https:\/\/news.ubbcluj.ro\/ge\/wp-json\/wp\/v2\/tags?post=454"}],"curies":[{"name":"wp","href":"https:\/\/api.w.org\/{rel}","templated":true}]}}