{"id":6582,"global_id":"news.ubbcluj.ro\/hu?id=6582","global_id_lineage":["news.ubbcluj.ro\/hu?id=6582"],"author":"9","status":"publish","date":"2024-04-22 12:17:53","date_utc":"2024-04-22 09:17:53","modified":"2024-04-24 12:21:43","modified_utc":"2024-04-24 09:21:43","url":"https:\/\/news.ubbcluj.ro\/hu\/event\/14-szociologus-napok\/","rest_url":"https:\/\/news.ubbcluj.ro\/hu\/wp-json\/tribe\/events\/v1\/events\/6582","title":"14. Szociol\u00f3gus Napok","description":"<div dir=\"auto\">A <a class=\"x1i10hfl xjbqb8w x1ejq31n xd10rxx x1sy0etr x17r0tee x972fbf xcfux6l x1qhh985 xm0m39n x9f619 x1ypdohk xt0psk2 xe8uvvx xdj266r x11i5rnm xat24cr x1mh8g0r xexx8yu x4uap5 x18d9i69 xkhd6sd x16tdsg8 x1hl2dhg xggy1nq x1a2a7pz xt0b8zv x1fey0fg xo1l8bm\" tabindex=\"0\" role=\"link\" href=\"https:\/\/www.facebook.com\/bbteszociologia?__cft__[0]=AZXPyRpV-7KBEPnyCqqBd-nuedt-GUCzZjRrgJeb736Irn8npPXSyGpS6vV1VklVupZMvFw_RQpYQZSiWcluY_vcDsJl6AYiqOsh05wTN7fY4wEymZKhW7K0XidA2sHWiA99cUHupMsSewNpJqmGCJqarFCLCNwAoka4ooCXErEbyQ&amp;__tn__=-]K-R\" target=\"_blank\" rel=\"noopener\"><span class=\"xt0psk2\">BBTE Magyar Szociol\u00f3gia \u00e9s Szoci\u00e1lis Munka Int\u00e9zet<\/span><\/a>e, a <a class=\"x1i10hfl xjbqb8w x1ejq31n xd10rxx x1sy0etr x17r0tee x972fbf xcfux6l x1qhh985 xm0m39n x9f619 x1ypdohk xt0psk2 xe8uvvx xdj266r x11i5rnm xat24cr x1mh8g0r xexx8yu x4uap5 x18d9i69 xkhd6sd x16tdsg8 x1hl2dhg xggy1nq x1a2a7pz xt0b8zv x1fey0fg xo1l8bm\" tabindex=\"0\" role=\"link\" href=\"https:\/\/www.facebook.com\/maxweber.szakkollegium?__cft__[0]=AZXPyRpV-7KBEPnyCqqBd-nuedt-GUCzZjRrgJeb736Irn8npPXSyGpS6vV1VklVupZMvFw_RQpYQZSiWcluY_vcDsJl6AYiqOsh05wTN7fY4wEymZKhW7K0XidA2sHWiA99cUHupMsSewNpJqmGCJqarFCLCNwAoka4ooCXErEbyQ&amp;__tn__=-]K-R\" target=\"_blank\" rel=\"noopener\"><span class=\"xt0psk2\">Max Weber Szakkoll\u00e9gium<\/span><\/a> \u00e9s a <a class=\"x1i10hfl xjbqb8w x1ejq31n xd10rxx x1sy0etr x17r0tee x972fbf xcfux6l x1qhh985 xm0m39n x9f619 x1ypdohk xt0psk2 xe8uvvx xdj266r x11i5rnm xat24cr x1mh8g0r xexx8yu x4uap5 x18d9i69 xkhd6sd x16tdsg8 x1hl2dhg xggy1nq x1a2a7pz xt0b8zv x1fey0fg xo1l8bm\" tabindex=\"0\" role=\"link\" href=\"https:\/\/www.facebook.com\/profile.php?id=100064819926000&amp;__cft__[0]=AZXPyRpV-7KBEPnyCqqBd-nuedt-GUCzZjRrgJeb736Irn8npPXSyGpS6vV1VklVupZMvFw_RQpYQZSiWcluY_vcDsJl6AYiqOsh05wTN7fY4wEymZKhW7K0XidA2sHWiA99cUHupMsSewNpJqmGCJqarFCLCNwAoka4ooCXErEbyQ&amp;__tn__=-]K-R\" target=\"_blank\" rel=\"noopener\"><span class=\"xt0psk2\">MTA Kolozsv\u00e1ri Akad\u00e9miai Bizotts\u00e1g<\/span><\/a> Szociol\u00f3gia \u00e9s Demogr\u00e1fiai Szakbizotts\u00e1ga szervez\u00e9s\u00e9ben, a <a class=\"x1i10hfl xjbqb8w x1ejq31n xd10rxx x1sy0etr x17r0tee x972fbf xcfux6l x1qhh985 xm0m39n x9f619 x1ypdohk xt0psk2 xe8uvvx xdj266r x11i5rnm xat24cr x1mh8g0r xexx8yu x4uap5 x18d9i69 xkhd6sd x16tdsg8 x1hl2dhg xggy1nq x1a2a7pz xt0b8zv x1fey0fg xo1l8bm\" tabindex=\"0\" role=\"link\" href=\"https:\/\/www.facebook.com\/rodosz.ro?__cft__[0]=AZXPyRpV-7KBEPnyCqqBd-nuedt-GUCzZjRrgJeb736Irn8npPXSyGpS6vV1VklVupZMvFw_RQpYQZSiWcluY_vcDsJl6AYiqOsh05wTN7fY4wEymZKhW7K0XidA2sHWiA99cUHupMsSewNpJqmGCJqarFCLCNwAoka4ooCXErEbyQ&amp;__tn__=-]K-R\" target=\"_blank\" rel=\"noopener\"><span class=\"xt0psk2\">Rodosz<\/span><\/a> partneri egy\u00fcttm\u0171k\u00f6d\u00e9s\u00e9vel, 2024. \u00e1prilis 22-24.-e k\u00f6z\u00f6tt zajlanak a 14. Szociol\u00f3gus Napok.<\/div>\n<div dir=\"auto\">Az idei rendezv\u00e9ny f\u0151c\u00edme: &#8222;Dinamik\u00e1k, torzul\u00e1sok, aszimmetri\u00e1k a v\u00e1rosi t\u00e9rben. V\u00e1rosrendez\u00e9s \u00e9s t\u00e1rsadalmi folyamatok viszonya az \u00e1tmenet \u00e9veiben \u00e9s azt k\u00f6vet\u0151en&#8221;. Az els\u0151 nap \u00e9s a m\u00e1sodik nap els\u0151 r\u00e9sz\u00e9nek t\u00e9m\u00e1ja a v\u00e1rosfejleszt\u00e9s, v\u00e1rosrendez\u00e9s dinamik\u00e1ir\u00f3l \u00e9s torzul\u00e1sair\u00f3l lesz sz\u00f3, Kolozsv\u00e1rra f\u00f3kusz\u00e1lva, a m\u00e1sodik nap folytat\u00e1sak\u00e9nt a coaching \u00e9s a reziliens \u00e9s innovat\u00edv szervezeti kult\u00fara, valamint a hossz\u00fa t\u00e1v\u00fa demogr\u00e1fiai trendek k\u00f6vetkezm\u00e9nyei ker\u00fclnek ter\u00edt\u00e9kre. A harmadik napon pedig a munk\u00e1ba j\u00e1r\u00e1si szok\u00e1sokat \u00e9s a kolozsv\u00e1ri be\u00e1gyazott v\u00e1llalkoz\u00e1sok kialakul\u00e1s\u00e1t, fejl\u0151d\u00e9s\u00e9t j\u00e1rjuk k\u00f6r\u00fcl. A 14. Szociol\u00f3gus Napokon e t\u00e9m\u00e1kban sz\u00e1mos el\u0151ad\u00e1sra \u00e9s t\u00f6bb kerekasztalra ker\u00fcl sor.<\/div>\n<div dir=\"auto\">A r\u00e9szletes program itt olvashat\u00f3: <a class=\"x1i10hfl xjbqb8w x1ejq31n xd10rxx x1sy0etr x17r0tee x972fbf xcfux6l x1qhh985 xm0m39n x9f619 x1ypdohk xt0psk2 xe8uvvx xdj266r x11i5rnm xat24cr x1mh8g0r xexx8yu x4uap5 x18d9i69 xkhd6sd x16tdsg8 x1hl2dhg xggy1nq x1a2a7pz xt0b8zv x1fey0fg\" tabindex=\"0\" role=\"link\" href=\"https:\/\/szociologusnapok.ro\/program.html?fbclid=IwZXh0bgNhZW0CMTAAAR0Kw1_OV0NKUpztWjAVT2EMJrYct8IivSPwatex-FZM0oViwCqIOI8qP_c_aem_AWpWXeTuuzjggZ47P1AwXaoEkfiYSbqYpnXUp6IDfOIrCADwtP-M64lSlGQFw6K1nw7TeeG_YSQ0fFbQtFmp7Lcn\" target=\"_blank\" rel=\"nofollow noopener noreferrer\">https:\/\/szociologusnapok.ro\/program.html<\/a>. Szeretettel v\u00e1runk!<\/div>","excerpt":"","slug":"14-szociologus-napok","image":{"url":"https:\/\/news.ubbcluj.ro\/hu\/wp-content\/uploads\/2024\/04\/438701181_947717737357194_7754749688199660188_n.jpg","id":6583,"extension":"jpg","width":1448,"height":2048,"filesize":659016,"sizes":{"medium":{"width":212,"height":300,"mime-type":"image\/jpeg","filesize":17198,"url":"https:\/\/news.ubbcluj.ro\/hu\/wp-content\/uploads\/2024\/04\/438701181_947717737357194_7754749688199660188_n-212x300.jpg"},"large":{"width":724,"height":1024,"mime-type":"image\/jpeg","filesize":127848,"url":"https:\/\/news.ubbcluj.ro\/hu\/wp-content\/uploads\/2024\/04\/438701181_947717737357194_7754749688199660188_n-724x1024.jpg"},"thumbnail":{"width":200,"height":200,"mime-type":"image\/jpeg","filesize":11317,"url":"https:\/\/news.ubbcluj.ro\/hu\/wp-content\/uploads\/2024\/04\/438701181_947717737357194_7754749688199660188_n-200x200.jpg"},"medium_large":{"width":768,"height":1086,"mime-type":"image\/jpeg","filesize":142350,"url":"https:\/\/news.ubbcluj.ro\/hu\/wp-content\/uploads\/2024\/04\/438701181_947717737357194_7754749688199660188_n-768x1086.jpg"},"1536x1536":{"width":1086,"height":1536,"mime-type":"image\/jpeg","filesize":250888,"url":"https:\/\/news.ubbcluj.ro\/hu\/wp-content\/uploads\/2024\/04\/438701181_947717737357194_7754749688199660188_n-1086x1536.jpg"},"custom-size-ubb":{"width":300,"height":300,"mime-type":"image\/jpeg","filesize":22357,"url":"https:\/\/news.ubbcluj.ro\/hu\/wp-content\/uploads\/2024\/04\/438701181_947717737357194_7754749688199660188_n-300x300.jpg"},"alm-thumbnail":{"width":150,"height":150,"mime-type":"image\/jpeg","filesize":7133,"url":"https:\/\/news.ubbcluj.ro\/hu\/wp-content\/uploads\/2024\/04\/438701181_947717737357194_7754749688199660188_n-150x150.jpg"},"responsive-100":{"width":100,"height":141,"mime-type":"image\/jpeg","filesize":5336,"url":"https:\/\/news.ubbcluj.ro\/hu\/wp-content\/uploads\/2024\/04\/438701181_947717737357194_7754749688199660188_n-100x141.jpg"},"responsive-150":{"width":150,"height":212,"mime-type":"image\/jpeg","filesize":9578,"url":"https:\/\/news.ubbcluj.ro\/hu\/wp-content\/uploads\/2024\/04\/438701181_947717737357194_7754749688199660188_n-150x212.jpg"},"responsive-200":{"width":200,"height":283,"mime-type":"image\/jpeg","filesize":15636,"url":"https:\/\/news.ubbcluj.ro\/hu\/wp-content\/uploads\/2024\/04\/438701181_947717737357194_7754749688199660188_n-200x283.jpg"},"responsive-300":{"width":300,"height":424,"mime-type":"image\/jpeg","filesize":30439,"url":"https:\/\/news.ubbcluj.ro\/hu\/wp-content\/uploads\/2024\/04\/438701181_947717737357194_7754749688199660188_n-300x424.jpg"},"responsive-450":{"width":450,"height":636,"mime-type":"image\/jpeg","filesize":58852,"url":"https:\/\/news.ubbcluj.ro\/hu\/wp-content\/uploads\/2024\/04\/438701181_947717737357194_7754749688199660188_n-450x636.jpg"},"responsive-600":{"width":600,"height":849,"mime-type":"image\/jpeg","filesize":95315,"url":"https:\/\/news.ubbcluj.ro\/hu\/wp-content\/uploads\/2024\/04\/438701181_947717737357194_7754749688199660188_n-600x849.jpg"},"responsive-900":{"width":900,"height":1273,"mime-type":"image\/jpeg","filesize":186920,"url":"https:\/\/news.ubbcluj.ro\/hu\/wp-content\/uploads\/2024\/04\/438701181_947717737357194_7754749688199660188_n-900x1273.jpg"}}},"all_day":true,"start_date":"2024-04-22 00:00:00","start_date_details":{"year":"2024","month":"04","day":"22","hour":"00","minutes":"00","seconds":"00"},"end_date":"2024-04-24 23:59:59","end_date_details":{"year":"2024","month":"04","day":"24","hour":"23","minutes":"59","seconds":"59"},"utc_start_date":"2024-04-21 21:00:00","utc_start_date_details":{"year":"2024","month":"04","day":"21","hour":"21","minutes":"00","seconds":"00"},"utc_end_date":"2024-04-24 20:59:59","utc_end_date_details":{"year":"2024","month":"04","day":"24","hour":"20","minutes":"59","seconds":"59"},"timezone":"Europe\/Bucharest","timezone_abbr":"EEST","cost":"","cost_details":{"currency_symbol":"","currency_code":"","currency_position":"suffix","values":[]},"website":"https:\/\/szociologusnapok.ro\/program.html","show_map":true,"show_map_link":true,"hide_from_listings":false,"sticky":false,"featured":false,"categories":[{"name":"Esem\u00e9nyek","slug":"esemenyek","term_group":0,"term_taxonomy_id":14,"taxonomy":"tribe_events_cat","description":"","parent":0,"count":262,"filter":"raw","id":14,"urls":{"self":"https:\/\/news.ubbcluj.ro\/hu\/wp-json\/tribe\/events\/v1\/categories\/14","collection":"https:\/\/news.ubbcluj.ro\/hu\/wp-json\/tribe\/events\/v1\/categories"}}],"tags":[],"venue":[],"organizer":[],"json_ld":{"@context":"http:\/\/schema.org","@type":"Event","name":"14. Szociol\u00f3gus Napok","description":"&lt;p&gt;A BBTE Magyar Szociol\u00f3gia \u00e9s Szoci\u00e1lis Munka Int\u00e9zete, a Max Weber Szakkoll\u00e9gium \u00e9s a MTA Kolozsv\u00e1ri Akad\u00e9miai Bizotts\u00e1g Szociol\u00f3gia \u00e9s Demogr\u00e1fiai Szakbizotts\u00e1ga szervez\u00e9s\u00e9ben, a Rodosz partneri egy\u00fcttm\u0171k\u00f6d\u00e9s\u00e9vel, 2024. \u00e1prilis 22-24.-e k\u00f6z\u00f6tt zajlanak a 14. Szociol\u00f3gus Napok. Az idei rendezv\u00e9ny f\u0151c\u00edme: &hellip;&lt;\/p&gt;\\n&lt;p class=&quot;read-more&quot;&gt; &lt;a class=&quot;more-link&quot; href=&quot;https:\/\/news.ubbcluj.ro\/hu\/event\/14-szociologus-napok\/&quot;&gt; &lt;span class=&quot;screen-reader-text&quot;&gt;14. Szociol\u00f3gus Napok&lt;\/span&gt; Tov\u00e1bb &raquo;&lt;\/a&gt;&lt;\/p&gt;\\n","image":"https:\/\/news.ubbcluj.ro\/hu\/wp-content\/uploads\/2024\/04\/438701181_947717737357194_7754749688199660188_n.jpg","url":"https:\/\/news.ubbcluj.ro\/hu\/event\/14-szociologus-napok\/","eventAttendanceMode":"https:\/\/schema.org\/OfflineEventAttendanceMode","eventStatus":"https:\/\/schema.org\/EventScheduled","startDate":"2024-04-22T00:00:00+03:00","endDate":"2024-04-24T23:59:59+03:00","performer":"Organization"}}