{"id":6687,"global_id":"news.ubbcluj.ro\/hu?id=6687","global_id_lineage":["news.ubbcluj.ro\/hu?id=6687"],"author":"9","status":"publish","date":"2024-06-17 11:29:52","date_utc":"2024-06-17 08:29:52","modified":"2024-06-17 11:29:52","modified_utc":"2024-06-17 08:29:52","url":"https:\/\/news.ubbcluj.ro\/hu\/event\/eutopia-week-a-bbte-n\/","rest_url":"https:\/\/news.ubbcluj.ro\/hu\/wp-json\/tribe\/events\/v1\/events\/6687","title":"EUTOPIA Week a BBTE-n","description":"<p>A kolozsv\u00e1ri Babe\u015f\u2013Bolyai Tudom\u00e1nyegyetemen (BBTE) tal\u00e1lkozik az EUTOPIA Eur\u00f3pai Egyetemi Szervezet 10 partneregyetem\u00e9nek rektora. Az EUTOPIA-h\u00e9t 2024. j\u00fanius 17-\u00e9n kezd\u0151dik, \u00e9s 21-\u00e9n z\u00e1rul.<\/p>\n<p>Eur\u00f3pai legjelent\u0151sebb egyetemei k\u00f6z\u00e9 tartoznak azok az int\u00e9zm\u00e9nyek, amelyeknek rektorai \u00e9s k\u00e9pvisel\u0151i a BBTE-n tal\u00e1lkoznak, hogy az eur\u00f3pai fels\u0151oktat\u00e1s k\u00e9rd\u00e9seir\u0151l, egy\u00fcttm\u0171k\u00f6d\u00e9si lehet\u0151s\u00e9gekr\u0151l \u00e9s a megl\u00e9v\u0151 kapcsolatok tov\u00e1bbfejleszt\u00e9s\u00e9r\u0151l tan\u00e1cskozzanak.<\/p>\n<p>A rendezv\u00e9ny k\u00f6zponti t\u00e9m\u00e1ja: <em>Paths to cohesion<\/em>, hiszen a szervezet egyik k\u00f6zponti \u00e9rt\u00e9ke a koh\u00e9zi\u00f3.<\/p>\n<p>Az EUTOPIA sz\u00f6vets\u00e9g tagjai tekint\u00e9lyes eur\u00f3pai egyetemek, amelyek azzal a nagyszab\u00e1s\u00fa c\u00e9llal fogtak \u00f6ssze, hogy \u00fajradefini\u00e1lj\u00e1k az eur\u00f3pai fels\u0151oktat\u00e1s j\u00f6v\u0151beli ir\u00e1nyait, hogy a tagok egy\u00fcttm\u0171k\u00f6d\u00e9s\u00e9vel egy \u00faj, innovat\u00edv eur\u00f3pai akad\u00e9miai modellt hozzanak l\u00e9tre, amely igazodik az egys\u00e9ges \u00e9s nyitott Eur\u00f3pa alapelveihez, \u00e9s tiszteletben tartja az \u00e1llampolg\u00e1rokat \u00e9s a k\u00f6rnyezetet. A sz\u00f6vets\u00e9g oktat\u00e1si lehet\u0151s\u00e9geket, k\u00f6z\u00f6s kutat\u00e1si \u00e9s fejleszt\u00e9si programokat k\u00edn\u00e1l oktat\u00f3knak, kutat\u00f3knak \u00e9s egyetemi hallgat\u00f3knak, \u00e9s c\u00e9lja kiv\u00e1l\u00f3an teljes\u00edt\u0151 v\u00e9gz\u0151s\u00f6ket k\u00e9pezni; n\u00e9pszer\u0171s\u00edti a nemzetk\u00f6ziesed\u00e9st, a soksz\u00edn\u0171s\u00e9get \u00e9s a befogad\u00e1st, szem el\u0151tt tartva a glob\u00e1lis \u00e9s helyi kih\u00edv\u00e1sok. Az EUTOPIA az egyik leger\u0151sebb eur\u00f3pai egyetemi sz\u00f6vets\u00e9g, amelynek k\u00f6z\u00f6ss\u00e9ge t\u00f6bb mint 240 000 hallgat\u00f3t, t\u00f6bb mint 18 000 oktat\u00f3t \u00e9s kutat\u00f3t, valamint t\u00f6bb mint 900 kutat\u00f3csoportot sz\u00e1ml\u00e1l.<\/p>\n<p>Az EUTOPIA (https:\/\/eutopia-university.eu\/) tev\u00e9kenys\u00e9ge 2019-ben vette kezdet\u00e9t, egyike az Eur\u00f3pai Bizotts\u00e1g European Universities Initiative p\u00e1ly\u00e1zata 17 nyertes projekj\u00e9tnek, amelyeket a bizotts\u00e1g egy innovat\u00edv eur\u00f3pai fels\u0151oktat\u00e1si t\u00e9r kialak\u00edt\u00e1s\u00e1ra \u00edrt ki.<\/p>","excerpt":"","slug":"eutopia-week-a-bbte-n","image":{"url":"https:\/\/news.ubbcluj.ro\/hu\/wp-content\/uploads\/2024\/06\/Square_site-1.jpg","id":6688,"extension":"jpg","width":1080,"height":1080,"filesize":939683,"sizes":{"medium":{"width":300,"height":300,"mime-type":"image\/jpeg","filesize":25962,"url":"https:\/\/news.ubbcluj.ro\/hu\/wp-content\/uploads\/2024\/06\/Square_site-1-300x300.jpg"},"large":{"width":1024,"height":1024,"mime-type":"image\/jpeg","filesize":191594,"url":"https:\/\/news.ubbcluj.ro\/hu\/wp-content\/uploads\/2024\/06\/Square_site-1-1024x1024.jpg"},"thumbnail":{"width":200,"height":200,"mime-type":"image\/jpeg","filesize":13512,"url":"https:\/\/news.ubbcluj.ro\/hu\/wp-content\/uploads\/2024\/06\/Square_site-1-200x200.jpg"},"medium_large":{"width":768,"height":768,"mime-type":"image\/jpeg","filesize":119126,"url":"https:\/\/news.ubbcluj.ro\/hu\/wp-content\/uploads\/2024\/06\/Square_site-1-768x768.jpg"},"custom-size-ubb":{"width":300,"height":300,"mime-type":"image\/jpeg","filesize":25962,"url":"https:\/\/news.ubbcluj.ro\/hu\/wp-content\/uploads\/2024\/06\/Square_site-1-300x300.jpg"},"alm-thumbnail":{"width":150,"height":150,"mime-type":"image\/jpeg","filesize":8320,"url":"https:\/\/news.ubbcluj.ro\/hu\/wp-content\/uploads\/2024\/06\/Square_site-1-150x150.jpg"},"responsive-100":{"width":100,"height":100,"mime-type":"image\/jpeg","filesize":4283,"url":"https:\/\/news.ubbcluj.ro\/hu\/wp-content\/uploads\/2024\/06\/Square_site-1-100x100.jpg"},"responsive-150":{"width":150,"height":150,"mime-type":"image\/jpeg","filesize":8320,"url":"https:\/\/news.ubbcluj.ro\/hu\/wp-content\/uploads\/2024\/06\/Square_site-1-150x150.jpg"},"responsive-200":{"width":200,"height":200,"mime-type":"image\/jpeg","filesize":13512,"url":"https:\/\/news.ubbcluj.ro\/hu\/wp-content\/uploads\/2024\/06\/Square_site-1-200x200.jpg"},"responsive-300":{"width":300,"height":300,"mime-type":"image\/jpeg","filesize":25962,"url":"https:\/\/news.ubbcluj.ro\/hu\/wp-content\/uploads\/2024\/06\/Square_site-1-300x300.jpg"},"responsive-450":{"width":450,"height":450,"mime-type":"image\/jpeg","filesize":50765,"url":"https:\/\/news.ubbcluj.ro\/hu\/wp-content\/uploads\/2024\/06\/Square_site-1-450x450.jpg"},"responsive-600":{"width":600,"height":600,"mime-type":"image\/jpeg","filesize":79384,"url":"https:\/\/news.ubbcluj.ro\/hu\/wp-content\/uploads\/2024\/06\/Square_site-1-600x600.jpg"},"responsive-900":{"width":900,"height":900,"mime-type":"image\/jpeg","filesize":154059,"url":"https:\/\/news.ubbcluj.ro\/hu\/wp-content\/uploads\/2024\/06\/Square_site-1-900x900.jpg"}}},"all_day":false,"start_date":"2024-06-17 08:00:00","start_date_details":{"year":"2024","month":"06","day":"17","hour":"08","minutes":"00","seconds":"00"},"end_date":"2024-06-21 17:00:00","end_date_details":{"year":"2024","month":"06","day":"21","hour":"17","minutes":"00","seconds":"00"},"utc_start_date":"2024-06-17 05:00:00","utc_start_date_details":{"year":"2024","month":"06","day":"17","hour":"05","minutes":"00","seconds":"00"},"utc_end_date":"2024-06-21 14:00:00","utc_end_date_details":{"year":"2024","month":"06","day":"21","hour":"14","minutes":"00","seconds":"00"},"timezone":"Europe\/Bucharest","timezone_abbr":"EEST","cost":"","cost_details":{"currency_symbol":"","currency_code":"","currency_position":"suffix","values":[]},"website":"","show_map":true,"show_map_link":true,"hide_from_listings":false,"sticky":false,"featured":false,"categories":[{"name":"Esem\u00e9nyek","slug":"esemenyek","term_group":0,"term_taxonomy_id":14,"taxonomy":"tribe_events_cat","description":"","parent":0,"count":262,"filter":"raw","id":14,"urls":{"self":"https:\/\/news.ubbcluj.ro\/hu\/wp-json\/tribe\/events\/v1\/categories\/14","collection":"https:\/\/news.ubbcluj.ro\/hu\/wp-json\/tribe\/events\/v1\/categories"}},{"name":"evenimente_ubb","slug":"evenimente_ubb","term_group":0,"term_taxonomy_id":18,"taxonomy":"tribe_events_cat","description":"","parent":0,"count":202,"filter":"raw","id":18,"urls":{"self":"https:\/\/news.ubbcluj.ro\/hu\/wp-json\/tribe\/events\/v1\/categories\/18","collection":"https:\/\/news.ubbcluj.ro\/hu\/wp-json\/tribe\/events\/v1\/categories"}}],"tags":[],"venue":[],"organizer":[],"json_ld":{"@context":"http:\/\/schema.org","@type":"Event","name":"EUTOPIA Week a BBTE-n","description":"&lt;p&gt;A kolozsv\u00e1ri Babe\u015f\u2013Bolyai Tudom\u00e1nyegyetemen (BBTE) tal\u00e1lkozik az EUTOPIA Eur\u00f3pai Egyetemi Szervezet 10 partneregyetem\u00e9nek rektora. Az EUTOPIA-h\u00e9t 2024. j\u00fanius 17-\u00e9n kezd\u0151dik, \u00e9s 21-\u00e9n z\u00e1rul. Eur\u00f3pai legjelent\u0151sebb egyetemei k\u00f6z\u00e9 tartoznak azok az int\u00e9zm\u00e9nyek, amelyeknek rektorai \u00e9s k\u00e9pvisel\u0151i a BBTE-n tal\u00e1lkoznak, hogy az &hellip;&lt;\/p&gt;\\n&lt;p class=&quot;read-more&quot;&gt; &lt;a class=&quot;more-link&quot; href=&quot;https:\/\/news.ubbcluj.ro\/hu\/event\/eutopia-week-a-bbte-n\/&quot;&gt; &lt;span class=&quot;screen-reader-text&quot;&gt;EUTOPIA Week a BBTE-n&lt;\/span&gt; Tov\u00e1bb &raquo;&lt;\/a&gt;&lt;\/p&gt;\\n","image":"https:\/\/news.ubbcluj.ro\/hu\/wp-content\/uploads\/2024\/06\/Square_site-1.jpg","url":"https:\/\/news.ubbcluj.ro\/hu\/event\/eutopia-week-a-bbte-n\/","eventAttendanceMode":"https:\/\/schema.org\/OfflineEventAttendanceMode","eventStatus":"https:\/\/schema.org\/EventScheduled","startDate":"2024-06-17T08:00:00+03:00","endDate":"2024-06-21T17:00:00+03:00","performer":"Organization"}}