{"id":1046,"date":"2017-02-24T14:24:20","date_gmt":"2017-02-24T12:24:20","guid":{"rendered":"https:\/\/news.ubbcluj.ro\/hu\/?p=1046"},"modified":"2017-02-24T14:24:20","modified_gmt":"2017-02-24T12:24:20","slug":"kolozsvarra-latogattak-a-karpat-medencei-tehetsegkutato-alapitvany-mentoraltjai","status":"publish","type":"post","link":"https:\/\/news.ubbcluj.ro\/hu\/kolozsvarra-latogattak-a-karpat-medencei-tehetsegkutato-alapitvany-mentoraltjai\/","title":{"rendered":"Kolozsv\u00e1rra l\u00e1togattak a K\u00e1rp\u00e1t-medencei Tehets\u00e9gkutat\u00f3 Alap\u00edtv\u00e1ny mentor\u00e1ltjai"},"content":{"rendered":"<p style=\"text-align: justify;\">A K\u00e1rp\u00e1t-medencei Tehets\u00e9gkutat\u00f3 Alap\u00edtv\u00e1ny (KMTA) k\u00e9pvisel\u0151i febru\u00e1r 24-\u00e9n a Babe\u0219\u2013Bolyai Tudom\u00e1nyegyetemre l\u00e1togattak el, ahol j\u00f6v\u0151beli egy\u00fcttm\u0171k\u00f6d\u00e9si lehet\u0151s\u00e9gekr\u0151l t\u00e1rgyaltak az egyetem magyar tagozat\u00e1nak vezet\u0151s\u00e9g\u00e9vel, valamint k\u00f6zgazd\u00e1sz, t\u00f6rt\u00e9n\u00e9sz, pedag\u00f3gia \u00e9s geol\u00f3gia szakos oktat\u00f3kkal, int\u00e9zetvezet\u0151kkel. A tal\u00e1lkoz\u00f3ra az Akad\u00e9miai Klub teremben ker\u00fclt sor 9 \u00f3rai kezdettel, majd 11 \u00f3r\u00e1t\u00f3l a KMTA tehets\u00e9ggondoz\u00f3 programj\u00e1ban r\u00e9sztvev\u0151 di\u00e1kok az egyetemen zajl\u00f3 magyar nyelv\u0171 k\u00e9pz\u00e9sr\u0151l kapnak t\u00e1j\u00e9koztat\u00f3t, valamint az egyetem m\u00faltj\u00e1r\u00f3l \u00e9s jelen\u00e9r\u0151l. Ezt k\u00f6vet\u0151en N\u00e9da Zolt\u00e1n fizikus, egyetemi tan\u00e1r tartott el\u0151ad\u00e1st a di\u00e1koknak <em>A f\u00e9nyreszabott vonalz\u00f3 esete az atom\u00f3r\u00e1val<\/em>\u00a0c\u00edmmel. A KMTA tehets\u00e9gt\u00e1mogat\u00f3 programj\u00e1nak di\u00e1kjai egy k\u00e9pz\u00e9s keret\u00e9ben tart\u00f3zkodtak Kolozsv\u00e1ron.<\/p>\n<p style=\"text-align: justify;\">A K\u00e1rp\u00e1t-medencei tehets\u00e9gkutat\u00f3 Alap\u00edtv\u00e1ny c\u00e9lkit\u0171z\u00e9se a K\u00e1rp\u00e1t-medenc\u00e9ben \u00e9l\u0151 16-30 \u00e9ves tehets\u00e9ges fiatalok felkutat\u00e1sa, t\u00e1mogat\u00e1sa, fejl\u0151d\u00e9si lehet\u0151s\u00e9g\u00fck biztos\u00edt\u00e1sa. Az Alap\u00edtv\u00e1nyr\u00f3l \u00e9s tehets\u00e9ggondoz\u00f3 programjair\u00f3l tov\u00e1bbi inform\u00e1ci\u00f3k el\u00e9rhet\u0151k a <a href=\"http:\/\/www.kmta.hu\">www.kmta.hu<\/a> honlapon.<\/p>\n<p style=\"text-align: justify;\"><a href=\"https:\/\/news.ubbcluj.ro\/hu\/wp-content\/uploads\/2017\/02\/IMG_2228.jpg\" data-rel=\"lightbox-gallery-xrgC3qtu\" data-rl_title=\"\" data-rl_caption=\"\" title=\"\"><img loading=\"lazy\" decoding=\"async\" class=\"wp-image-1047 aligncenter\" src=\"https:\/\/news.ubbcluj.ro\/hu\/wp-content\/uploads\/2017\/02\/IMG_2228.jpg\" alt=\"\" width=\"382\" height=\"283\" data-id=\"1047\" \/><\/a><\/p>\n<p>&nbsp;<\/p>\n","protected":false},"excerpt":{"rendered":"<p>A K\u00e1rp\u00e1t-medencei Tehets\u00e9gkutat\u00f3 Alap\u00edtv\u00e1ny (KMTA) k\u00e9pvisel\u0151i febru\u00e1r 24-\u00e9n a Babe\u0219\u2013Bolyai Tudom\u00e1nyegyetemre l\u00e1togattak el, ahol j\u00f6v\u0151beli egy\u00fcttm\u0171k\u00f6d\u00e9si lehet\u0151s\u00e9gekr\u0151l t\u00e1rgyaltak az egyetem magyar tagozat\u00e1nak vezet\u0151s\u00e9g\u00e9vel, valamint k\u00f6zgazd\u00e1sz, t\u00f6rt\u00e9n\u00e9sz, pedag\u00f3gia \u00e9s geol\u00f3gia szakos oktat\u00f3kkal, int\u00e9zetvezet\u0151kkel. A tal\u00e1lkoz\u00f3ra az Akad\u00e9miai Klub teremben ker\u00fclt sor &hellip;<\/p>\n<p class=\"read-more\"> <a class=\"more-link\" href=\"https:\/\/news.ubbcluj.ro\/hu\/kolozsvarra-latogattak-a-karpat-medencei-tehetsegkutato-alapitvany-mentoraltjai\/\"> <span class=\"screen-reader-text\">Kolozsv\u00e1rra l\u00e1togattak a K\u00e1rp\u00e1t-medencei Tehets\u00e9gkutat\u00f3 Alap\u00edtv\u00e1ny mentor\u00e1ltjai<\/span> Tov\u00e1bb &raquo;<\/a><\/p>\n","protected":false},"author":9,"featured_media":0,"comment_status":"closed","ping_status":"closed","sticky":false,"template":"","format":"standard","meta":{"footnotes":""},"categories":[17,6],"tags":[],"yoast_head":"<!-- This site is optimized with the Yoast SEO plugin v21.9.1 - https:\/\/yoast.com\/wordpress\/plugins\/seo\/ -->\n<title>Kolozsv\u00e1rra l\u00e1togattak a K\u00e1rp\u00e1t-medencei Tehets\u00e9gkutat\u00f3 Alap\u00edtv\u00e1ny mentor\u00e1ltjai - Kommunik\u00e1ci\u00f3 \u00e9s PR iroda<\/title>\n<meta name=\"robots\" content=\"index, follow, max-snippet:-1, max-image-preview:large, max-video-preview:-1\" \/>\n<link rel=\"canonical\" href=\"https:\/\/news.ubbcluj.ro\/hu\/kolozsvarra-latogattak-a-karpat-medencei-tehetsegkutato-alapitvany-mentoraltjai\/\" \/>\n<meta property=\"og:locale\" content=\"hu_HU\" \/>\n<meta property=\"og:type\" content=\"article\" \/>\n<meta property=\"og:title\" content=\"Kolozsv\u00e1rra l\u00e1togattak a K\u00e1rp\u00e1t-medencei Tehets\u00e9gkutat\u00f3 Alap\u00edtv\u00e1ny mentor\u00e1ltjai - Kommunik\u00e1ci\u00f3 \u00e9s PR iroda\" \/>\n<meta property=\"og:description\" content=\"A K\u00e1rp\u00e1t-medencei Tehets\u00e9gkutat\u00f3 Alap\u00edtv\u00e1ny (KMTA) k\u00e9pvisel\u0151i febru\u00e1r 24-\u00e9n a Babe\u0219\u2013Bolyai Tudom\u00e1nyegyetemre l\u00e1togattak el, ahol j\u00f6v\u0151beli egy\u00fcttm\u0171k\u00f6d\u00e9si lehet\u0151s\u00e9gekr\u0151l t\u00e1rgyaltak az egyetem magyar tagozat\u00e1nak vezet\u0151s\u00e9g\u00e9vel, valamint k\u00f6zgazd\u00e1sz, t\u00f6rt\u00e9n\u00e9sz, pedag\u00f3gia \u00e9s geol\u00f3gia szakos oktat\u00f3kkal, int\u00e9zetvezet\u0151kkel. A tal\u00e1lkoz\u00f3ra az Akad\u00e9miai Klub teremben ker\u00fclt sor &hellip; Kolozsv\u00e1rra l\u00e1togattak a K\u00e1rp\u00e1t-medencei Tehets\u00e9gkutat\u00f3 Alap\u00edtv\u00e1ny mentor\u00e1ltjai Tov\u00e1bb &raquo;\" \/>\n<meta property=\"og:url\" content=\"https:\/\/news.ubbcluj.ro\/hu\/kolozsvarra-latogattak-a-karpat-medencei-tehetsegkutato-alapitvany-mentoraltjai\/\" \/>\n<meta property=\"og:site_name\" content=\"Kommunik\u00e1ci\u00f3 \u00e9s PR iroda\" \/>\n<meta property=\"article:published_time\" content=\"2017-02-24T12:24:20+00:00\" \/>\n<meta property=\"og:image\" content=\"https:\/\/news.ubbcluj.ro\/hu\/wp-content\/uploads\/2017\/02\/IMG_2228.jpg\" \/>\n<meta name=\"author\" content=\"Bilibok Ren\u00e1ta\" \/>\n<meta name=\"twitter:card\" content=\"summary_large_image\" \/>\n<meta name=\"twitter:label1\" content=\"Szerz\u0151:\" \/>\n\t<meta name=\"twitter:data1\" content=\"Bilibok Ren\u00e1ta\" \/>\n\t<meta name=\"twitter:label2\" content=\"Becs\u00fclt olvas\u00e1si id\u0151\" \/>\n\t<meta name=\"twitter:data2\" content=\"1 perc\" \/>\n<script type=\"application\/ld+json\" class=\"yoast-schema-graph\">{\"@context\":\"https:\/\/schema.org\",\"@graph\":[{\"@type\":\"WebPage\",\"@id\":\"https:\/\/news.ubbcluj.ro\/hu\/kolozsvarra-latogattak-a-karpat-medencei-tehetsegkutato-alapitvany-mentoraltjai\/\",\"url\":\"https:\/\/news.ubbcluj.ro\/hu\/kolozsvarra-latogattak-a-karpat-medencei-tehetsegkutato-alapitvany-mentoraltjai\/\",\"name\":\"Kolozsv\u00e1rra l\u00e1togattak a K\u00e1rp\u00e1t-medencei Tehets\u00e9gkutat\u00f3 Alap\u00edtv\u00e1ny mentor\u00e1ltjai - Kommunik\u00e1ci\u00f3 \u00e9s PR iroda\",\"isPartOf\":{\"@id\":\"https:\/\/news.ubbcluj.ro\/hu\/#website\"},\"datePublished\":\"2017-02-24T12:24:20+00:00\",\"dateModified\":\"2017-02-24T12:24:20+00:00\",\"author\":{\"@id\":\"https:\/\/news.ubbcluj.ro\/hu\/#\/schema\/person\/0768248bd5e1ed05f87b7be96b4c3d9c\"},\"breadcrumb\":{\"@id\":\"https:\/\/news.ubbcluj.ro\/hu\/kolozsvarra-latogattak-a-karpat-medencei-tehetsegkutato-alapitvany-mentoraltjai\/#breadcrumb\"},\"inLanguage\":\"hu\",\"potentialAction\":[{\"@type\":\"ReadAction\",\"target\":[\"https:\/\/news.ubbcluj.ro\/hu\/kolozsvarra-latogattak-a-karpat-medencei-tehetsegkutato-alapitvany-mentoraltjai\/\"]}]},{\"@type\":\"BreadcrumbList\",\"@id\":\"https:\/\/news.ubbcluj.ro\/hu\/kolozsvarra-latogattak-a-karpat-medencei-tehetsegkutato-alapitvany-mentoraltjai\/#breadcrumb\",\"itemListElement\":[{\"@type\":\"ListItem\",\"position\":1,\"name\":\"Home\",\"item\":\"https:\/\/news.ubbcluj.ro\/hu\/\"},{\"@type\":\"ListItem\",\"position\":2,\"name\":\"Kolozsv\u00e1rra l\u00e1togattak a K\u00e1rp\u00e1t-medencei Tehets\u00e9gkutat\u00f3 Alap\u00edtv\u00e1ny mentor\u00e1ltjai\"}]},{\"@type\":\"WebSite\",\"@id\":\"https:\/\/news.ubbcluj.ro\/hu\/#website\",\"url\":\"https:\/\/news.ubbcluj.ro\/hu\/\",\"name\":\"Kommunik\u00e1ci\u00f3 \u00e9s PR iroda\",\"description\":\"Babe\u0219-Bolyai Tudom\u00e1negyetem\",\"potentialAction\":[{\"@type\":\"SearchAction\",\"target\":{\"@type\":\"EntryPoint\",\"urlTemplate\":\"https:\/\/news.ubbcluj.ro\/hu\/?s={search_term_string}\"},\"query-input\":\"required name=search_term_string\"}],\"inLanguage\":\"hu\"},{\"@type\":\"Person\",\"@id\":\"https:\/\/news.ubbcluj.ro\/hu\/#\/schema\/person\/0768248bd5e1ed05f87b7be96b4c3d9c\",\"name\":\"Bilibok Ren\u00e1ta\",\"url\":\"https:\/\/news.ubbcluj.ro\/hu\/author\/renata-bilibok\/\"}]}<\/script>\n<!-- \/ Yoast SEO plugin. -->","yoast_head_json":{"title":"Kolozsv\u00e1rra l\u00e1togattak a K\u00e1rp\u00e1t-medencei Tehets\u00e9gkutat\u00f3 Alap\u00edtv\u00e1ny mentor\u00e1ltjai - Kommunik\u00e1ci\u00f3 \u00e9s PR iroda","robots":{"index":"index","follow":"follow","max-snippet":"max-snippet:-1","max-image-preview":"max-image-preview:large","max-video-preview":"max-video-preview:-1"},"canonical":"https:\/\/news.ubbcluj.ro\/hu\/kolozsvarra-latogattak-a-karpat-medencei-tehetsegkutato-alapitvany-mentoraltjai\/","og_locale":"hu_HU","og_type":"article","og_title":"Kolozsv\u00e1rra l\u00e1togattak a K\u00e1rp\u00e1t-medencei Tehets\u00e9gkutat\u00f3 Alap\u00edtv\u00e1ny mentor\u00e1ltjai - Kommunik\u00e1ci\u00f3 \u00e9s PR iroda","og_description":"A K\u00e1rp\u00e1t-medencei Tehets\u00e9gkutat\u00f3 Alap\u00edtv\u00e1ny (KMTA) k\u00e9pvisel\u0151i febru\u00e1r 24-\u00e9n a Babe\u0219\u2013Bolyai Tudom\u00e1nyegyetemre l\u00e1togattak el, ahol j\u00f6v\u0151beli egy\u00fcttm\u0171k\u00f6d\u00e9si lehet\u0151s\u00e9gekr\u0151l t\u00e1rgyaltak az egyetem magyar tagozat\u00e1nak vezet\u0151s\u00e9g\u00e9vel, valamint k\u00f6zgazd\u00e1sz, t\u00f6rt\u00e9n\u00e9sz, pedag\u00f3gia \u00e9s geol\u00f3gia szakos oktat\u00f3kkal, int\u00e9zetvezet\u0151kkel. A tal\u00e1lkoz\u00f3ra az Akad\u00e9miai Klub teremben ker\u00fclt sor &hellip; Kolozsv\u00e1rra l\u00e1togattak a K\u00e1rp\u00e1t-medencei Tehets\u00e9gkutat\u00f3 Alap\u00edtv\u00e1ny mentor\u00e1ltjai Tov\u00e1bb &raquo;","og_url":"https:\/\/news.ubbcluj.ro\/hu\/kolozsvarra-latogattak-a-karpat-medencei-tehetsegkutato-alapitvany-mentoraltjai\/","og_site_name":"Kommunik\u00e1ci\u00f3 \u00e9s PR iroda","article_published_time":"2017-02-24T12:24:20+00:00","og_image":[{"url":"https:\/\/news.ubbcluj.ro\/hu\/wp-content\/uploads\/2017\/02\/IMG_2228.jpg"}],"author":"Bilibok Ren\u00e1ta","twitter_card":"summary_large_image","twitter_misc":{"Szerz\u0151:":"Bilibok Ren\u00e1ta","Becs\u00fclt olvas\u00e1si id\u0151":"1 perc"},"schema":{"@context":"https:\/\/schema.org","@graph":[{"@type":"WebPage","@id":"https:\/\/news.ubbcluj.ro\/hu\/kolozsvarra-latogattak-a-karpat-medencei-tehetsegkutato-alapitvany-mentoraltjai\/","url":"https:\/\/news.ubbcluj.ro\/hu\/kolozsvarra-latogattak-a-karpat-medencei-tehetsegkutato-alapitvany-mentoraltjai\/","name":"Kolozsv\u00e1rra l\u00e1togattak a K\u00e1rp\u00e1t-medencei Tehets\u00e9gkutat\u00f3 Alap\u00edtv\u00e1ny mentor\u00e1ltjai - Kommunik\u00e1ci\u00f3 \u00e9s PR iroda","isPartOf":{"@id":"https:\/\/news.ubbcluj.ro\/hu\/#website"},"datePublished":"2017-02-24T12:24:20+00:00","dateModified":"2017-02-24T12:24:20+00:00","author":{"@id":"https:\/\/news.ubbcluj.ro\/hu\/#\/schema\/person\/0768248bd5e1ed05f87b7be96b4c3d9c"},"breadcrumb":{"@id":"https:\/\/news.ubbcluj.ro\/hu\/kolozsvarra-latogattak-a-karpat-medencei-tehetsegkutato-alapitvany-mentoraltjai\/#breadcrumb"},"inLanguage":"hu","potentialAction":[{"@type":"ReadAction","target":["https:\/\/news.ubbcluj.ro\/hu\/kolozsvarra-latogattak-a-karpat-medencei-tehetsegkutato-alapitvany-mentoraltjai\/"]}]},{"@type":"BreadcrumbList","@id":"https:\/\/news.ubbcluj.ro\/hu\/kolozsvarra-latogattak-a-karpat-medencei-tehetsegkutato-alapitvany-mentoraltjai\/#breadcrumb","itemListElement":[{"@type":"ListItem","position":1,"name":"Home","item":"https:\/\/news.ubbcluj.ro\/hu\/"},{"@type":"ListItem","position":2,"name":"Kolozsv\u00e1rra l\u00e1togattak a K\u00e1rp\u00e1t-medencei Tehets\u00e9gkutat\u00f3 Alap\u00edtv\u00e1ny mentor\u00e1ltjai"}]},{"@type":"WebSite","@id":"https:\/\/news.ubbcluj.ro\/hu\/#website","url":"https:\/\/news.ubbcluj.ro\/hu\/","name":"Kommunik\u00e1ci\u00f3 \u00e9s PR iroda","description":"Babe\u0219-Bolyai Tudom\u00e1negyetem","potentialAction":[{"@type":"SearchAction","target":{"@type":"EntryPoint","urlTemplate":"https:\/\/news.ubbcluj.ro\/hu\/?s={search_term_string}"},"query-input":"required name=search_term_string"}],"inLanguage":"hu"},{"@type":"Person","@id":"https:\/\/news.ubbcluj.ro\/hu\/#\/schema\/person\/0768248bd5e1ed05f87b7be96b4c3d9c","name":"Bilibok Ren\u00e1ta","url":"https:\/\/news.ubbcluj.ro\/hu\/author\/renata-bilibok\/"}]}},"_links":{"self":[{"href":"https:\/\/news.ubbcluj.ro\/hu\/wp-json\/wp\/v2\/posts\/1046"}],"collection":[{"href":"https:\/\/news.ubbcluj.ro\/hu\/wp-json\/wp\/v2\/posts"}],"about":[{"href":"https:\/\/news.ubbcluj.ro\/hu\/wp-json\/wp\/v2\/types\/post"}],"author":[{"embeddable":true,"href":"https:\/\/news.ubbcluj.ro\/hu\/wp-json\/wp\/v2\/users\/9"}],"replies":[{"embeddable":true,"href":"https:\/\/news.ubbcluj.ro\/hu\/wp-json\/wp\/v2\/comments?post=1046"}],"version-history":[{"count":1,"href":"https:\/\/news.ubbcluj.ro\/hu\/wp-json\/wp\/v2\/posts\/1046\/revisions"}],"predecessor-version":[{"id":1048,"href":"https:\/\/news.ubbcluj.ro\/hu\/wp-json\/wp\/v2\/posts\/1046\/revisions\/1048"}],"wp:attachment":[{"href":"https:\/\/news.ubbcluj.ro\/hu\/wp-json\/wp\/v2\/media?parent=1046"}],"wp:term":[{"taxonomy":"category","embeddable":true,"href":"https:\/\/news.ubbcluj.ro\/hu\/wp-json\/wp\/v2\/categories?post=1046"},{"taxonomy":"post_tag","embeddable":true,"href":"https:\/\/news.ubbcluj.ro\/hu\/wp-json\/wp\/v2\/tags?post=1046"}],"curies":[{"name":"wp","href":"https:\/\/api.w.org\/{rel}","templated":true}]}}