{"id":1121,"date":"2017-03-17T09:46:01","date_gmt":"2017-03-17T07:46:01","guid":{"rendered":"https:\/\/news.ubbcluj.ro\/hu\/?p=1121"},"modified":"2017-03-17T09:54:16","modified_gmt":"2017-03-17T07:54:16","slug":"ferula-mikraskythiana-a-tudomanyra-nezve-uj-ernyosviragzatu-novenyfajt-fedeztek-fel-dobrudzsaban-a-bbte-munkatarsai","status":"publish","type":"post","link":"https:\/\/news.ubbcluj.ro\/hu\/ferula-mikraskythiana-a-tudomanyra-nezve-uj-ernyosviragzatu-novenyfajt-fedeztek-fel-dobrudzsaban-a-bbte-munkatarsai\/","title":{"rendered":"Ferula mikraskythiana: A tudom\u00e1nyra n\u00e9zve \u00faj erny\u0151svir\u00e1gzat\u00fa n\u00f6v\u00e9nyfajt fedeztek fel Dobrudzs\u00e1ban a BBTE munkat\u00e1rsai"},"content":{"rendered":"<p style=\"text-align: justify;\">A Babe\u0219\u2013Bolyai Tudom\u00e1nyegyetem Magyar Biol\u00f3giai \u00e9s \u00d6kol\u00f3giai Int\u00e9zet\u00e9nek munkat\u00e1rsai \u00faj n\u00f6v\u00e9nyfajt fedeztek fel \u00e9s \u00edrtak le, amelyet\u00a0<em>Ferula mikraskythiana<\/em>-nak neveztek el.<\/p>\n<p style=\"text-align: justify;\">Latin fajneve Dobrudzsa \u00e9s k\u00f6rny\u00e9k\u00e9nek egykori \u00f3g\u00f6r\u00f6g nev\u00e9re utal: Mikr\u00e1 Skythia (\u039c\u03b9\u03ba\u03c1\u1f70 \u03a3\u03ba\u03c5\u03b8\u03af\u03b1), avagy Kis-Szk\u00edtia, melynek ma Rom\u00e1ni\u00e1hoz tartoz\u00f3 r\u00e9sz\u00e9n \u00e9l a megtal\u00e1lt, tudom\u00e1nyra n\u00e9zve \u00faj n\u00f6v\u00e9nyfaj. Magyar neve a dobrudzsai hus\u00e1ng lett, rom\u00e1n megfelel\u0151nek pedig az \u201eaerel dobrogean\u201d-t javasolj\u00e1k le\u00edr\u00f3i. Legk\u00f6zelebbi rokona az <em>Eriosynaphe longifolia<\/em> Ukrajna sztyepp\u00e9ir\u0151l, a Fekete- \u00e9s Kaszpi- tenger vid\u00e9k\u00e9r\u0151l, D\u00e9l-Oroszorsz\u00e1gb\u00f3l \u00e9s Nyugat-Kazahszt\u00e1nb\u00f3l ismert.<\/p>\n<p style=\"text-align: justify;\">Az elv\u00e9gzett molekul\u00e1ris genetikai vizsg\u00e1latok szerint mindk\u00e9t faj a hus\u00e1ngok (<em>Ferula<\/em>) t\u00e1gabb nemzetts\u00e9g\u00e9hez tartozik. Az \u00fajonnan felfedezett faj az eddigi kutat\u00e1sok alapj\u00e1n rom\u00e1niai bennsz\u00fcl\u00f6tt fajnak bizonyult, megtal\u00e1lt apr\u00f3 popul\u00e1ci\u00f3ja (172 egyedet siker\u00fclt sz\u00e1mba venni 2015-ben) a Dumbr\u0103veni-i Erd\u0151rezerv\u00e1tum n\u00e9h\u00e1ny szomsz\u00e9dos sztyeppfoltj\u00e1ra korl\u00e1toz\u00f3dik. Ez\u00e9rt a Term\u00e9szetv\u00e9delmi Vil\u00e1gsz\u00f6vets\u00e9g (IUCN) V\u00f6r\u00f6s list\u00e1j\u00e1n a vesz\u00e9lyeztetett n\u00f6v\u00e9nyek csoportj\u00e1ban van a helye.<\/p>\n<p style=\"text-align: justify;\">A dobrudzsai hus\u00e1ng felfedez\u00e9se al\u00e1t\u00e1masztja a v\u00e9dett ter\u00fcletek jelent\u0151s\u00e9g\u00e9t, hiszen a dobrudzsai hus\u00e1ng a Dumbr\u0103veni-i Erd\u0151rezerv\u00e1tum emberi tev\u00e9kenys\u00e9gt\u0151l elszigetelt r\u00e9szein maradt fenn, ahol \u2013 legal\u00e1bbis a vizsg\u00e1lat idej\u00e9ig \u2013 juhlegeltet\u00e9s vagy egy\u00e9b zavar\u00f3 k\u00f6r\u00fclm\u00e9ny nem t\u00f6rt\u00e9nt. Dobrudzsa legnagyobb r\u00e9sz\u00e9n a hasonl\u00f3 erd\u0151sztyepp jelleg\u0171 \u00e9l\u0151helyek m\u00e1r t\u00f6nkrementek az er\u0151s legeltet\u00e9s miatt. Az eredm\u00e9nyeket tartalmaz\u00f3 <a href=\"http:\/\/www.mapress.com\/j\/pt\/article\/view\/phytotaxa.298.3.3\">szakpublik\u00e1ci\u00f3<\/a> a Phytotaxa foly\u00f3iratban jelent meg.<\/p>\n<figure id=\"attachment_1123\" aria-describedby=\"caption-attachment-1123\" style=\"width: 408px\" class=\"wp-caption aligncenter\"><a href=\"https:\/\/news.ubbcluj.ro\/hu\/wp-content\/uploads\/2017\/03\/Ferula_m_2.jpg\" data-rel=\"lightbox-gallery-humsb88l\" data-rl_title=\"\" data-rl_caption=\"\" title=\"\"><img loading=\"lazy\" decoding=\"async\" class=\" wp-image-1123\" src=\"https:\/\/news.ubbcluj.ro\/hu\/wp-content\/uploads\/2017\/03\/Ferula_m_2.jpg\" alt=\"\" width=\"408\" height=\"380\" data-id=\"1123\" srcset=\"https:\/\/news.ubbcluj.ro\/hu\/wp-content\/uploads\/2017\/03\/Ferula_m_2-100x92.jpg 100w, https:\/\/news.ubbcluj.ro\/hu\/wp-content\/uploads\/2017\/03\/Ferula_m_2-150x139.jpg 150w, https:\/\/news.ubbcluj.ro\/hu\/wp-content\/uploads\/2017\/03\/Ferula_m_2-200x185.jpg 200w\" sizes=\"(max-width: 408px) 100vw, 408px\" \/><\/a><figcaption id=\"caption-attachment-1123\" class=\"wp-caption-text\">A dobrudzsai hus\u00e1ng (Ferula mikraskythiana) holot\u00edpusa (balra), \u00f6sszehasonl\u00edtva legk\u00f6zelebbi rokona az Eriosynaphe longifolia egy pr\u00e9selt p\u00e9ld\u00e1ny\u00e1val, amely Oroszorsz\u00e1g volgogr\u00e1di ter\u00fclet\u00e9r\u0151l sz\u00e1rmazik<\/figcaption><\/figure>\n<figure id=\"attachment_1125\" aria-describedby=\"caption-attachment-1125\" style=\"width: 403px\" class=\"wp-caption aligncenter\"><a href=\"https:\/\/news.ubbcluj.ro\/hu\/wp-content\/uploads\/2017\/03\/Ferula_m_3.jpg\" data-rel=\"lightbox-gallery-humsb88l\" data-rl_title=\"\" data-rl_caption=\"\" title=\"\"><img loading=\"lazy\" decoding=\"async\" class=\" wp-image-1125\" src=\"https:\/\/news.ubbcluj.ro\/hu\/wp-content\/uploads\/2017\/03\/Ferula_m_3-1024x683.jpg\" alt=\"\" width=\"403\" height=\"258\" data-id=\"1125\" \/><\/a><figcaption id=\"caption-attachment-1125\" class=\"wp-caption-text\">A dobrudzsai hus\u00e1ng (Ferula mikraskythiana) \u00f6sszetett erny\u0151vir\u00e1gzat\u00e1nak egy jellemz\u0151 r\u00e9szlete (fot\u00f3: Szab\u00f3 Anna)<\/figcaption><\/figure>\n<figure id=\"attachment_1126\" aria-describedby=\"caption-attachment-1126\" style=\"width: 404px\" class=\"wp-caption aligncenter\"><a href=\"https:\/\/news.ubbcluj.ro\/hu\/wp-content\/uploads\/2017\/03\/Ferula_m_4.jpg\" data-rel=\"lightbox-gallery-humsb88l\" data-rl_title=\"\" data-rl_caption=\"\" title=\"\"><img loading=\"lazy\" decoding=\"async\" class=\" wp-image-1126\" src=\"https:\/\/news.ubbcluj.ro\/hu\/wp-content\/uploads\/2017\/03\/Ferula_m_4-1024x721.jpg\" alt=\"\" width=\"404\" height=\"282\" data-id=\"1126\" srcset=\"https:\/\/news.ubbcluj.ro\/hu\/wp-content\/uploads\/2017\/03\/Ferula_m_4-100x70.jpg 100w, https:\/\/news.ubbcluj.ro\/hu\/wp-content\/uploads\/2017\/03\/Ferula_m_4-150x106.jpg 150w, https:\/\/news.ubbcluj.ro\/hu\/wp-content\/uploads\/2017\/03\/Ferula_m_4-200x141.jpg 200w\" sizes=\"(max-width: 404px) 100vw, 404px\" \/><\/a><figcaption id=\"caption-attachment-1126\" class=\"wp-caption-text\">A dobrudzsai hus\u00e1ng (Ferula mikraskythiana) h\u00e1romszor sz\u00e1rnyasan szeldelt, csupasz levele (fot\u00f3: M\u00e1tis Attila)<\/figcaption><\/figure>\n<figure id=\"attachment_1127\" aria-describedby=\"caption-attachment-1127\" style=\"width: 398px\" class=\"wp-caption aligncenter\"><a href=\"https:\/\/news.ubbcluj.ro\/hu\/wp-content\/uploads\/2017\/03\/Ferula_m_5.jpg\" data-rel=\"lightbox-gallery-humsb88l\" data-rl_title=\"\" data-rl_caption=\"\" title=\"\"><img loading=\"lazy\" decoding=\"async\" class=\" wp-image-1127\" src=\"https:\/\/news.ubbcluj.ro\/hu\/wp-content\/uploads\/2017\/03\/Ferula_m_5-1024x698.jpg\" alt=\"\" width=\"398\" height=\"273\" data-id=\"1127\" srcset=\"https:\/\/news.ubbcluj.ro\/hu\/wp-content\/uploads\/2017\/03\/Ferula_m_5-300x205.jpg 300w, https:\/\/news.ubbcluj.ro\/hu\/wp-content\/uploads\/2017\/03\/Ferula_m_5-768x524.jpg 768w, https:\/\/news.ubbcluj.ro\/hu\/wp-content\/uploads\/2017\/03\/Ferula_m_5-100x68.jpg 100w, https:\/\/news.ubbcluj.ro\/hu\/wp-content\/uploads\/2017\/03\/Ferula_m_5-150x102.jpg 150w, https:\/\/news.ubbcluj.ro\/hu\/wp-content\/uploads\/2017\/03\/Ferula_m_5-200x136.jpg 200w, https:\/\/news.ubbcluj.ro\/hu\/wp-content\/uploads\/2017\/03\/Ferula_m_5-450x307.jpg 450w, https:\/\/news.ubbcluj.ro\/hu\/wp-content\/uploads\/2017\/03\/Ferula_m_5-900x614.jpg 900w\" sizes=\"(max-width: 398px) 100vw, 398px\" \/><\/a><figcaption id=\"caption-attachment-1127\" class=\"wp-caption-text\">A dobrudzsai hus\u00e1ng (Ferula mikraskythiana) apr\u00f3 vir\u00e1gai, rajtuk egy zeng\u0151l\u00e9ggyel (Syrphidae) (fot\u00f3: Szab\u00f3 Anna)<\/figcaption><\/figure>\n","protected":false},"excerpt":{"rendered":"<p>A Babe\u0219\u2013Bolyai Tudom\u00e1nyegyetem Magyar Biol\u00f3giai \u00e9s \u00d6kol\u00f3giai Int\u00e9zet\u00e9nek munkat\u00e1rsai \u00faj n\u00f6v\u00e9nyfajt fedeztek fel \u00e9s \u00edrtak le, amelyet\u00a0Ferula mikraskythiana-nak neveztek el. Latin fajneve Dobrudzsa \u00e9s k\u00f6rny\u00e9k\u00e9nek egykori \u00f3g\u00f6r\u00f6g nev\u00e9re utal: Mikr\u00e1 Skythia (\u039c\u03b9\u03ba\u03c1\u1f70 \u03a3\u03ba\u03c5\u03b8\u03af\u03b1), avagy Kis-Szk\u00edtia, melynek ma Rom\u00e1ni\u00e1hoz tartoz\u00f3 r\u00e9sz\u00e9n &hellip;<\/p>\n<p class=\"read-more\"> <a class=\"more-link\" href=\"https:\/\/news.ubbcluj.ro\/hu\/ferula-mikraskythiana-a-tudomanyra-nezve-uj-ernyosviragzatu-novenyfajt-fedeztek-fel-dobrudzsaban-a-bbte-munkatarsai\/\"> <span class=\"screen-reader-text\">Ferula mikraskythiana: A tudom\u00e1nyra n\u00e9zve \u00faj erny\u0151svir\u00e1gzat\u00fa n\u00f6v\u00e9nyfajt fedeztek fel Dobrudzs\u00e1ban a BBTE munkat\u00e1rsai<\/span> Tov\u00e1bb &raquo;<\/a><\/p>\n","protected":false},"author":9,"featured_media":0,"comment_status":"closed","ping_status":"closed","sticky":false,"template":"","format":"standard","meta":{"footnotes":""},"categories":[17,6,7],"tags":[],"yoast_head":"<!-- This site is optimized with the Yoast SEO plugin v21.9.1 - https:\/\/yoast.com\/wordpress\/plugins\/seo\/ -->\n<title>Ferula mikraskythiana: A tudom\u00e1nyra n\u00e9zve \u00faj erny\u0151svir\u00e1gzat\u00fa n\u00f6v\u00e9nyfajt fedeztek fel Dobrudzs\u00e1ban a BBTE munkat\u00e1rsai - Kommunik\u00e1ci\u00f3 \u00e9s PR iroda<\/title>\n<meta name=\"robots\" content=\"index, follow, max-snippet:-1, max-image-preview:large, max-video-preview:-1\" \/>\n<link rel=\"canonical\" href=\"https:\/\/news.ubbcluj.ro\/hu\/ferula-mikraskythiana-a-tudomanyra-nezve-uj-ernyosviragzatu-novenyfajt-fedeztek-fel-dobrudzsaban-a-bbte-munkatarsai\/\" \/>\n<meta property=\"og:locale\" content=\"hu_HU\" \/>\n<meta property=\"og:type\" content=\"article\" \/>\n<meta property=\"og:title\" content=\"Ferula mikraskythiana: A tudom\u00e1nyra n\u00e9zve \u00faj erny\u0151svir\u00e1gzat\u00fa n\u00f6v\u00e9nyfajt fedeztek fel Dobrudzs\u00e1ban a BBTE munkat\u00e1rsai - Kommunik\u00e1ci\u00f3 \u00e9s PR iroda\" \/>\n<meta property=\"og:description\" content=\"A Babe\u0219\u2013Bolyai Tudom\u00e1nyegyetem Magyar Biol\u00f3giai \u00e9s \u00d6kol\u00f3giai Int\u00e9zet\u00e9nek munkat\u00e1rsai \u00faj n\u00f6v\u00e9nyfajt fedeztek fel \u00e9s \u00edrtak le, amelyet\u00a0Ferula mikraskythiana-nak neveztek el. Latin fajneve Dobrudzsa \u00e9s k\u00f6rny\u00e9k\u00e9nek egykori \u00f3g\u00f6r\u00f6g nev\u00e9re utal: Mikr\u00e1 Skythia (\u039c\u03b9\u03ba\u03c1\u1f70 \u03a3\u03ba\u03c5\u03b8\u03af\u03b1), avagy Kis-Szk\u00edtia, melynek ma Rom\u00e1ni\u00e1hoz tartoz\u00f3 r\u00e9sz\u00e9n &hellip; Ferula mikraskythiana: A tudom\u00e1nyra n\u00e9zve \u00faj erny\u0151svir\u00e1gzat\u00fa n\u00f6v\u00e9nyfajt fedeztek fel Dobrudzs\u00e1ban a BBTE munkat\u00e1rsai Tov\u00e1bb &raquo;\" \/>\n<meta property=\"og:url\" content=\"https:\/\/news.ubbcluj.ro\/hu\/ferula-mikraskythiana-a-tudomanyra-nezve-uj-ernyosviragzatu-novenyfajt-fedeztek-fel-dobrudzsaban-a-bbte-munkatarsai\/\" \/>\n<meta property=\"og:site_name\" content=\"Kommunik\u00e1ci\u00f3 \u00e9s PR iroda\" \/>\n<meta property=\"article:published_time\" content=\"2017-03-17T07:46:01+00:00\" \/>\n<meta property=\"article:modified_time\" content=\"2017-03-17T07:54:16+00:00\" \/>\n<meta property=\"og:image\" content=\"https:\/\/news.ubbcluj.ro\/hu\/wp-content\/uploads\/2017\/03\/Ferula_m_2.jpg\" \/>\n<meta name=\"author\" content=\"Bilibok Ren\u00e1ta\" \/>\n<meta name=\"twitter:card\" content=\"summary_large_image\" \/>\n<meta name=\"twitter:label1\" content=\"Szerz\u0151:\" \/>\n\t<meta name=\"twitter:data1\" content=\"Bilibok Ren\u00e1ta\" \/>\n\t<meta name=\"twitter:label2\" content=\"Becs\u00fclt olvas\u00e1si id\u0151\" \/>\n\t<meta name=\"twitter:data2\" content=\"2 perc\" \/>\n<script type=\"application\/ld+json\" class=\"yoast-schema-graph\">{\"@context\":\"https:\/\/schema.org\",\"@graph\":[{\"@type\":\"WebPage\",\"@id\":\"https:\/\/news.ubbcluj.ro\/hu\/ferula-mikraskythiana-a-tudomanyra-nezve-uj-ernyosviragzatu-novenyfajt-fedeztek-fel-dobrudzsaban-a-bbte-munkatarsai\/\",\"url\":\"https:\/\/news.ubbcluj.ro\/hu\/ferula-mikraskythiana-a-tudomanyra-nezve-uj-ernyosviragzatu-novenyfajt-fedeztek-fel-dobrudzsaban-a-bbte-munkatarsai\/\",\"name\":\"Ferula mikraskythiana: A tudom\u00e1nyra n\u00e9zve \u00faj erny\u0151svir\u00e1gzat\u00fa n\u00f6v\u00e9nyfajt fedeztek fel Dobrudzs\u00e1ban a BBTE munkat\u00e1rsai - Kommunik\u00e1ci\u00f3 \u00e9s PR iroda\",\"isPartOf\":{\"@id\":\"https:\/\/news.ubbcluj.ro\/hu\/#website\"},\"datePublished\":\"2017-03-17T07:46:01+00:00\",\"dateModified\":\"2017-03-17T07:54:16+00:00\",\"author\":{\"@id\":\"https:\/\/news.ubbcluj.ro\/hu\/#\/schema\/person\/0768248bd5e1ed05f87b7be96b4c3d9c\"},\"breadcrumb\":{\"@id\":\"https:\/\/news.ubbcluj.ro\/hu\/ferula-mikraskythiana-a-tudomanyra-nezve-uj-ernyosviragzatu-novenyfajt-fedeztek-fel-dobrudzsaban-a-bbte-munkatarsai\/#breadcrumb\"},\"inLanguage\":\"hu\",\"potentialAction\":[{\"@type\":\"ReadAction\",\"target\":[\"https:\/\/news.ubbcluj.ro\/hu\/ferula-mikraskythiana-a-tudomanyra-nezve-uj-ernyosviragzatu-novenyfajt-fedeztek-fel-dobrudzsaban-a-bbte-munkatarsai\/\"]}]},{\"@type\":\"BreadcrumbList\",\"@id\":\"https:\/\/news.ubbcluj.ro\/hu\/ferula-mikraskythiana-a-tudomanyra-nezve-uj-ernyosviragzatu-novenyfajt-fedeztek-fel-dobrudzsaban-a-bbte-munkatarsai\/#breadcrumb\",\"itemListElement\":[{\"@type\":\"ListItem\",\"position\":1,\"name\":\"Home\",\"item\":\"https:\/\/news.ubbcluj.ro\/hu\/\"},{\"@type\":\"ListItem\",\"position\":2,\"name\":\"Ferula mikraskythiana: A tudom\u00e1nyra n\u00e9zve \u00faj erny\u0151svir\u00e1gzat\u00fa n\u00f6v\u00e9nyfajt fedeztek fel Dobrudzs\u00e1ban a BBTE munkat\u00e1rsai\"}]},{\"@type\":\"WebSite\",\"@id\":\"https:\/\/news.ubbcluj.ro\/hu\/#website\",\"url\":\"https:\/\/news.ubbcluj.ro\/hu\/\",\"name\":\"Kommunik\u00e1ci\u00f3 \u00e9s PR iroda\",\"description\":\"Babe\u0219-Bolyai Tudom\u00e1negyetem\",\"potentialAction\":[{\"@type\":\"SearchAction\",\"target\":{\"@type\":\"EntryPoint\",\"urlTemplate\":\"https:\/\/news.ubbcluj.ro\/hu\/?s={search_term_string}\"},\"query-input\":\"required name=search_term_string\"}],\"inLanguage\":\"hu\"},{\"@type\":\"Person\",\"@id\":\"https:\/\/news.ubbcluj.ro\/hu\/#\/schema\/person\/0768248bd5e1ed05f87b7be96b4c3d9c\",\"name\":\"Bilibok Ren\u00e1ta\",\"url\":\"https:\/\/news.ubbcluj.ro\/hu\/author\/renata-bilibok\/\"}]}<\/script>\n<!-- \/ Yoast SEO plugin. -->","yoast_head_json":{"title":"Ferula mikraskythiana: A tudom\u00e1nyra n\u00e9zve \u00faj erny\u0151svir\u00e1gzat\u00fa n\u00f6v\u00e9nyfajt fedeztek fel Dobrudzs\u00e1ban a BBTE munkat\u00e1rsai - Kommunik\u00e1ci\u00f3 \u00e9s PR iroda","robots":{"index":"index","follow":"follow","max-snippet":"max-snippet:-1","max-image-preview":"max-image-preview:large","max-video-preview":"max-video-preview:-1"},"canonical":"https:\/\/news.ubbcluj.ro\/hu\/ferula-mikraskythiana-a-tudomanyra-nezve-uj-ernyosviragzatu-novenyfajt-fedeztek-fel-dobrudzsaban-a-bbte-munkatarsai\/","og_locale":"hu_HU","og_type":"article","og_title":"Ferula mikraskythiana: A tudom\u00e1nyra n\u00e9zve \u00faj erny\u0151svir\u00e1gzat\u00fa n\u00f6v\u00e9nyfajt fedeztek fel Dobrudzs\u00e1ban a BBTE munkat\u00e1rsai - Kommunik\u00e1ci\u00f3 \u00e9s PR iroda","og_description":"A Babe\u0219\u2013Bolyai Tudom\u00e1nyegyetem Magyar Biol\u00f3giai \u00e9s \u00d6kol\u00f3giai Int\u00e9zet\u00e9nek munkat\u00e1rsai \u00faj n\u00f6v\u00e9nyfajt fedeztek fel \u00e9s \u00edrtak le, amelyet\u00a0Ferula mikraskythiana-nak neveztek el. Latin fajneve Dobrudzsa \u00e9s k\u00f6rny\u00e9k\u00e9nek egykori \u00f3g\u00f6r\u00f6g nev\u00e9re utal: Mikr\u00e1 Skythia (\u039c\u03b9\u03ba\u03c1\u1f70 \u03a3\u03ba\u03c5\u03b8\u03af\u03b1), avagy Kis-Szk\u00edtia, melynek ma Rom\u00e1ni\u00e1hoz tartoz\u00f3 r\u00e9sz\u00e9n &hellip; Ferula mikraskythiana: A tudom\u00e1nyra n\u00e9zve \u00faj erny\u0151svir\u00e1gzat\u00fa n\u00f6v\u00e9nyfajt fedeztek fel Dobrudzs\u00e1ban a BBTE munkat\u00e1rsai Tov\u00e1bb &raquo;","og_url":"https:\/\/news.ubbcluj.ro\/hu\/ferula-mikraskythiana-a-tudomanyra-nezve-uj-ernyosviragzatu-novenyfajt-fedeztek-fel-dobrudzsaban-a-bbte-munkatarsai\/","og_site_name":"Kommunik\u00e1ci\u00f3 \u00e9s PR iroda","article_published_time":"2017-03-17T07:46:01+00:00","article_modified_time":"2017-03-17T07:54:16+00:00","og_image":[{"url":"https:\/\/news.ubbcluj.ro\/hu\/wp-content\/uploads\/2017\/03\/Ferula_m_2.jpg"}],"author":"Bilibok Ren\u00e1ta","twitter_card":"summary_large_image","twitter_misc":{"Szerz\u0151:":"Bilibok Ren\u00e1ta","Becs\u00fclt olvas\u00e1si id\u0151":"2 perc"},"schema":{"@context":"https:\/\/schema.org","@graph":[{"@type":"WebPage","@id":"https:\/\/news.ubbcluj.ro\/hu\/ferula-mikraskythiana-a-tudomanyra-nezve-uj-ernyosviragzatu-novenyfajt-fedeztek-fel-dobrudzsaban-a-bbte-munkatarsai\/","url":"https:\/\/news.ubbcluj.ro\/hu\/ferula-mikraskythiana-a-tudomanyra-nezve-uj-ernyosviragzatu-novenyfajt-fedeztek-fel-dobrudzsaban-a-bbte-munkatarsai\/","name":"Ferula mikraskythiana: A tudom\u00e1nyra n\u00e9zve \u00faj erny\u0151svir\u00e1gzat\u00fa n\u00f6v\u00e9nyfajt fedeztek fel Dobrudzs\u00e1ban a BBTE munkat\u00e1rsai - Kommunik\u00e1ci\u00f3 \u00e9s PR iroda","isPartOf":{"@id":"https:\/\/news.ubbcluj.ro\/hu\/#website"},"datePublished":"2017-03-17T07:46:01+00:00","dateModified":"2017-03-17T07:54:16+00:00","author":{"@id":"https:\/\/news.ubbcluj.ro\/hu\/#\/schema\/person\/0768248bd5e1ed05f87b7be96b4c3d9c"},"breadcrumb":{"@id":"https:\/\/news.ubbcluj.ro\/hu\/ferula-mikraskythiana-a-tudomanyra-nezve-uj-ernyosviragzatu-novenyfajt-fedeztek-fel-dobrudzsaban-a-bbte-munkatarsai\/#breadcrumb"},"inLanguage":"hu","potentialAction":[{"@type":"ReadAction","target":["https:\/\/news.ubbcluj.ro\/hu\/ferula-mikraskythiana-a-tudomanyra-nezve-uj-ernyosviragzatu-novenyfajt-fedeztek-fel-dobrudzsaban-a-bbte-munkatarsai\/"]}]},{"@type":"BreadcrumbList","@id":"https:\/\/news.ubbcluj.ro\/hu\/ferula-mikraskythiana-a-tudomanyra-nezve-uj-ernyosviragzatu-novenyfajt-fedeztek-fel-dobrudzsaban-a-bbte-munkatarsai\/#breadcrumb","itemListElement":[{"@type":"ListItem","position":1,"name":"Home","item":"https:\/\/news.ubbcluj.ro\/hu\/"},{"@type":"ListItem","position":2,"name":"Ferula mikraskythiana: A tudom\u00e1nyra n\u00e9zve \u00faj erny\u0151svir\u00e1gzat\u00fa n\u00f6v\u00e9nyfajt fedeztek fel Dobrudzs\u00e1ban a BBTE munkat\u00e1rsai"}]},{"@type":"WebSite","@id":"https:\/\/news.ubbcluj.ro\/hu\/#website","url":"https:\/\/news.ubbcluj.ro\/hu\/","name":"Kommunik\u00e1ci\u00f3 \u00e9s PR iroda","description":"Babe\u0219-Bolyai Tudom\u00e1negyetem","potentialAction":[{"@type":"SearchAction","target":{"@type":"EntryPoint","urlTemplate":"https:\/\/news.ubbcluj.ro\/hu\/?s={search_term_string}"},"query-input":"required name=search_term_string"}],"inLanguage":"hu"},{"@type":"Person","@id":"https:\/\/news.ubbcluj.ro\/hu\/#\/schema\/person\/0768248bd5e1ed05f87b7be96b4c3d9c","name":"Bilibok Ren\u00e1ta","url":"https:\/\/news.ubbcluj.ro\/hu\/author\/renata-bilibok\/"}]}},"_links":{"self":[{"href":"https:\/\/news.ubbcluj.ro\/hu\/wp-json\/wp\/v2\/posts\/1121"}],"collection":[{"href":"https:\/\/news.ubbcluj.ro\/hu\/wp-json\/wp\/v2\/posts"}],"about":[{"href":"https:\/\/news.ubbcluj.ro\/hu\/wp-json\/wp\/v2\/types\/post"}],"author":[{"embeddable":true,"href":"https:\/\/news.ubbcluj.ro\/hu\/wp-json\/wp\/v2\/users\/9"}],"replies":[{"embeddable":true,"href":"https:\/\/news.ubbcluj.ro\/hu\/wp-json\/wp\/v2\/comments?post=1121"}],"version-history":[{"count":5,"href":"https:\/\/news.ubbcluj.ro\/hu\/wp-json\/wp\/v2\/posts\/1121\/revisions"}],"predecessor-version":[{"id":1130,"href":"https:\/\/news.ubbcluj.ro\/hu\/wp-json\/wp\/v2\/posts\/1121\/revisions\/1130"}],"wp:attachment":[{"href":"https:\/\/news.ubbcluj.ro\/hu\/wp-json\/wp\/v2\/media?parent=1121"}],"wp:term":[{"taxonomy":"category","embeddable":true,"href":"https:\/\/news.ubbcluj.ro\/hu\/wp-json\/wp\/v2\/categories?post=1121"},{"taxonomy":"post_tag","embeddable":true,"href":"https:\/\/news.ubbcluj.ro\/hu\/wp-json\/wp\/v2\/tags?post=1121"}],"curies":[{"name":"wp","href":"https:\/\/api.w.org\/{rel}","templated":true}]}}