{"id":2228,"date":"2018-04-17T11:10:07","date_gmt":"2018-04-17T08:10:07","guid":{"rendered":"https:\/\/news.ubbcluj.ro\/hu\/?p=2228"},"modified":"2018-04-18T12:18:59","modified_gmt":"2018-04-18T09:18:59","slug":"mindset-pszichologia-kolozsvar-pszichologia-hatarok-nelkul-kolozsvari-fiokszervezetet-alapitott-a-budapesti-mindset-pszichologia-online-szaklap","status":"publish","type":"post","link":"https:\/\/news.ubbcluj.ro\/hu\/mindset-pszichologia-kolozsvar-pszichologia-hatarok-nelkul-kolozsvari-fiokszervezetet-alapitott-a-budapesti-mindset-pszichologia-online-szaklap\/","title":{"rendered":"Mindset Pszichol\u00f3gia Kolozsv\u00e1r. Pszichol\u00f3gia, hat\u00e1rok n\u00e9lk\u00fcl &#8211; Kolozsv\u00e1ri fi\u00f3kszervezetet alap\u00edtott a budapesti Mindset Pszichol\u00f3gia online szaklap"},"content":{"rendered":"<p style=\"text-align: justify;\">Fi\u00f3kszervezetet alap\u00edtott Kolozsv\u00e1ron a budapesti sz\u00e9khely\u0171 <strong><em>Mindset Pszichol\u00f3gia<\/em><\/strong> online pszichol\u00f3giai szaklap, amelynek kolozsv\u00e1ri csapat\u00e1t a <strong>Babe\u0219\u2013Bolyai Tudom\u00e1nyegyetem Alkalmazott Pszichol\u00f3gia Int\u00e9zet\u00e9nek magyar tagozatos di\u00e1kjai<\/strong> alkotj\u00e1k, az egyetem pszichol\u00f3gia szakos okatat\u00f3inak t\u00e1mogat\u00e1s\u00e1sval \u00e9s k\u00f6zrem\u0171k\u00f6d\u00e9s\u00e9vel. A tev\u00e9kenys\u00e9g szakmai partnere a Kolozsv\u00e1ri Magyar Pszichol\u00f3gia Hallgat\u00f3k Egyes\u00fclete KMPSZIHE.<\/p>\n<p style=\"text-align: justify;\">A Mindset Pszichol\u00f3gia online port\u00e1l a pszichol\u00f3gia tudom\u00e1ny\u00e1nak egy olyan innovat\u00edv fel\u00fclete, amelynek c\u00e9lkit\u0171z\u00e9se a legfrisebb tudom\u00e1nyos eredm\u00e9nyek k\u00f6z\u00e9rthet\u0151 bemutat\u00e1sa. A pszichol\u00f3gia tudom\u00e1nya r\u00e9v\u00e9n \u00e9rthet\u0151 \u00e9s hasznos\u00edthat\u00f3 tud\u00e1s el\u00e9rhet\u0151v\u00e9 t\u00e9tele a nagyk\u00f6z\u00f6ns\u00e9g sz\u00e1m\u00e1ra.<\/p>\n<p style=\"text-align: justify;\">A tudom\u00e1nykommunik\u00e1ci\u00f3s tev\u00e9kenys\u00e9get a Mindset k\u00f6z\u00f6ss\u00e9ge \u00edrott online tartalmak \u00e9s rendezv\u00e9nyek form\u00e1j\u00e1ban val\u00f3s\u00edtja meg. A rendszeresen k\u00f6z\u00f6lt sz\u00ednvonalas szakmai sz\u00f6vegek mellett ismeretterjeszt\u0151 el\u0151ad\u00e1sokat szerveznek a pszichol\u00f3gia ir\u00e1nt \u00e9rdekl\u0151d\u0151k sz\u00e1m\u00e1ra.<\/p>\n<p style=\"text-align: justify;\">A budapesti tev\u00e9kenys\u00e9g mellett Magyarorsz\u00e1g k\u00fcl\u00f6nb\u00f6z\u0151 v\u00e1rosaiban m\u0171k\u00f6dik a Mindet Pszichol\u00f3gia, mint Szeged, Debrecen \u00e9s P\u00e9cs. \u00c1prilist\u00f3l, a kolozsv\u00e1ri szervezet megalap\u00edt\u00e1s\u00e1val a Mindset orsz\u00e1ghat\u00e1rokon \u00e1t\u00edvel\u0151 szakmai k\u00f6z\u00f6ss\u00e9gg\u00e9 v\u00e1lt.<\/p>\n<p style=\"text-align: justify;\">A <strong><em>Pszicho-K\u00e1v\u00e9h\u00e1z<\/em><\/strong> elnevez\u00e9ssel k\u00e9thavi reendszeress\u00e9ggel fog jelentkezni a Mindset Pszichol\u00f3gia szakmai kerekasztal-besz\u00e9lget\u00e9se, amelynek minden alkalommal m\u00e1s vend\u00e9gel\u0151ad\u00f3ja \u00e9s n\u00e9gy \u00e1lland\u00f3 megh\u00edvottja lesz.<\/p>\n<p style=\"text-align: justify;\">Az els\u0151 kerekasztal-besz\u00e9lget\u00e9s magyarorsz\u00e1gi megh\u00edvottja <strong>Kozma-V\u00edzkeleti D\u00e1niel<\/strong> \u2013 k\u00e9pz\u0151, csal\u00e1d-pszichoterapeuta \u00e9s klinikai szakpszichol\u00f3gus<br \/>\n<em><a href=\"http:\/\/kozmavizkeleti.hu\/\">http:\/\/kozmavizkeleti.hu\/<\/a>. <\/em>A Pszicho-K\u00e1v\u00e9h\u00e1z \u00e1lland\u00f3 tagjai lesznek:<\/p>\n<p style=\"text-align: justify;\"><strong>Dr. D\u00e9gi L. Csaba<\/strong>\u00a0 &#8211; pszichol\u00f3gus, habilit\u00e1lt egyetemi docens a Babe\u015f\u2013Bolyai Tudom\u00e1nyegyetem, Szociol\u00f3gia \u00e9s Szoci\u00e1lis Munka Kar\u00e1n, illetve mag\u00e1npraxissal rendelkez\u0151 vezet\u0151 szoci\u00e1lis munk\u00e1s. T\u00f6bbek k\u00f6z\u00f6tt a Nemzetk\u00f6zi Pszicho-Onkol\u00f3giai T\u00e1rsas\u00e1g (IPOS) igazgat\u00f3ja, Amerikai Onkol\u00f3giai Szoci\u00e1lis Munka Sz\u00f6vets\u00e9gben (AOSW) Rom\u00e1niai k\u00e9pvisel\u0151je<\/p>\n<p style=\"text-align: justify;\"><strong>Dr. J\u00e1nos R\u00e9ka<\/strong> \u2013 szoci\u00e1l &#8211; \u00e9s szervezetpszichol\u00f3gus,<strong>\u00a0<\/strong>a BBTE, Pszichol\u00f3gia \u00e9s Nevel\u00e9studom\u00e1nyok Kar, Alkalmazott Pszichol\u00f3gia Int\u00e9zet\u00e9nek egyetemi adjunktusa. Kutat\u00e1si ter\u00fclete: az emberi gondolkod\u00e1s racionalit\u00e1sa \u00e9s irracionalit\u00e1sa \u00e9s a gondolkod\u00e1s hat\u00e9konyabb\u00e1 t\u00e9tele. A Kolozsv\u00e1ri Feuerstein Int\u00e9zet igazgat\u00f3ja, amely a gyermekek kognit\u00edv k\u00e9pess\u00e9geinek optimiz\u00e1l\u00e1s\u00e1val, valamint a logikai k\u00e9szs\u00e9gek fejleszt\u00e9s\u00e9vel \u00e9s az \u00e9rzelmek szab\u00e1lyoz\u00e1s\u00e1val foglalkozik.<\/p>\n<p style=\"text-align: justify;\"><strong>Dr. K\u00e1lcza-J\u00e1nosi Kinga <\/strong>\u2013 klinikai &#8211; \u00e9s eg\u00e9szs\u00e9gpszichol\u00f3gus, a BBTE, Pszichol\u00f3gia \u00e9s Nevel\u00e9studom\u00e1nyok Kar, Alkalmazott Pszichol\u00f3gia Int\u00e9zet\u00e9nek egyetemi adjunktusa, illetve mag\u00e1npraxisban auton\u00f3m klinikai pszichol\u00f3gus. Kutat\u00e1si ter\u00fclete t\u00f6bbnyire az eg\u00e9szs\u00e9gpszichol\u00f3gia ter\u00fclet\u00e9t \u00f6leli fel, azon bel\u00fcl a stressz \u00e9s a stresszzavarok, a t\u00e1pl\u00e1lkoz\u00e1s pszichol\u00f3giai vet\u00fclete, az id\u0151skori demencia valamint a kr\u00f3nikus betegs\u00e9gek pszichol\u00f3gia aspektusai \u00e9rdekelnek, t\u00f6bb \u00e9ve akt\u00edvan egy\u00fctt dolgozik a Magyar Diabetes T\u00e1rsas\u00e1ggal.<\/p>\n<p style=\"text-align: justify;\"><strong>R\u00e1cz Norbert <\/strong>&#8211; a Kolozsv\u00e1r-Belv\u00e1rosi Unit\u00e1rius Egyh\u00e1zk\u00f6zs\u00e9g lelk\u00e9sze. \u00c9rdekl\u0151d\u00e9si k\u00f6r\u00e9t a rendszeres teol\u00f3gia jelenti, valamint az a feladat, amelyet jelen pillanatban is hivat\u00e1sszer\u0171en gyakorol, a gy\u00fclekezeti lelk\u00e9szs\u00e9g. 2009 \u00f3ta Erd\u00e9ly egyik legr\u00e9gebbi \u00e9s legpatin\u00e1sabb egyh\u00e1zk\u00f6zs\u00e9g\u00e9nek, az 1560-as \u00e9vek derek\u00e1n l\u00e9trej\u00f6tt kolozsv\u00e1ri unit\u00e1rius gy\u00fclekezetnek a lelk\u00e9sze. A kiemelked\u0151en \u00e9rt\u00e9kes t\u00f6rt\u00e9nelmi m\u00falt\u00fa gy\u00fclekezet viszont nemcsak p\u00e1ratlan m\u00falttal, hanem \u00e9lettel teli jelennel is rendelkezik. A ma \u00e9l\u0151 gy\u00fclekezeti tagok probl\u00e9m\u00e1ival val\u00f3 szembes\u00fcl\u00e9s, valamint az a t\u00e9ny, hogy a t\u00e1rsadalom egyre t\u00e1gul\u00f3 k\u00f6re ig\u00e9nyel szakszer\u0171 lelki seg\u00edts\u00e9get a papokt\u00f3l, arra \u00f6szt\u00f6nzi, hogy munk\u00e1j\u00e1t min\u00e9l felk\u00e9sz\u00fcltebben \u00e9s k\u00f6r\u00fcltekint\u0151bben v\u00e9gezze.<\/p>\n<p style=\"text-align: justify;\"><strong><em>\u201e<\/em><\/strong><strong><em>Egy szoknya, egy nadr\u00e1g \u2013 v\u00e1ltoz\u00f3 nemi szerepeink nyom\u00e1ban\u201d<\/em><\/strong> c\u00edmet visel\u0151 Pszicho-K\u00e1v\u00e9h\u00e1z els\u0151 tal\u00e1lkoz\u00f3j\u00e1ra <strong>2018. \u00e1prilis 24-\u00e9n<\/strong> ker\u00fcl sor 19 \u00f3r\u00e1t\u00f3l a Szentegyh\u00e1z utcai Agape \u00c9tterem konferenciaterm\u00e9ben.<\/p>\n<p style=\"text-align: justify;\">A besz\u00e9lget\u00e9s r\u00e9szv\u00e9teli d\u00edjai: Early bird (a k\u00e9szlet erej\u00e9ig): 15 lei, Di\u00e1kjegy: 10 lei, Feln\u0151ttjegy: 20 lei. A jegyeket kiz\u00e1r\u00f3lag el\u0151v\u00e9telben online lehet megv\u00e1s\u00e1rolni a k\u00f6vetkez\u0151 el\u00e9rhet\u0151s\u00e9gen: <em><a href=\"https:\/\/tixa.hu\/Egy-szoknya-egy-nadrag-valtozo-nemi-szerepeink-nyomaban\">https:\/\/tixa.hu\/Egy-szoknya-egy-nadrag-valtozo-nemi-szerepeink-nyomaban<\/a><\/em><\/p>\n<p style=\"text-align: justify;\">A Mindset Kolozsv\u00e1r csapat\u00e1nak tagjai: Barta Andrea, Csatl\u00f3s M\u00f3nika, Csengeri Orsolya, Farkas Szabolcs, Jakab Erika, Kiss \u00c1d\u00e1m, M\u00e9sz\u00e1ros Anna. \u00c9rdekl\u0151d\u00e9si ter\u00fclet\u00fck: klinikai \u00e9s fejl\u0151d\u00e9s pszichol\u00f3gia, kognit\u00edv pszichol\u00f3gia, szoci\u00e1l-, \u00e9s szervezetpszichol\u00f3gia, eg\u00e9szs\u00e9gpszichol\u00f3gia.<\/p>\n<p style=\"text-align: justify;\"><strong>\u00a0<\/strong>A kolozsv\u00e1ri szervezet kapcsolattart\u00f3i: <a href=\"mailto:kolozsvar.mindset@gmail.com\">kolozsvar.mindset@gmail.com<\/a><\/p>\n<p style=\"text-align: justify;\"><a href=\"https:\/\/www.facebook.com\/mindsetpszichologiakolozsvar\/\"><strong>Mindset Pszichol\u00f3gia Kolozsv\u00e1r Facebook-oldala<\/strong><\/a><\/p>\n<p style=\"text-align: justify;\"><a href=\"https:\/\/www.facebook.com\/events\/216033495812583\/\"><strong>\u201dEgy szoknya, egy nadr\u00e1g \u2013 v\u00e1ltoz\u00f3 nemi szerepeink nyom\u00e1ban\u201d Facebook-esem\u00e9nye<\/strong><\/a><\/p>\n<p>&nbsp;<\/p>\n","protected":false},"excerpt":{"rendered":"<p>Fi\u00f3kszervezetet alap\u00edtott Kolozsv\u00e1ron a budapesti sz\u00e9khely\u0171 Mindset Pszichol\u00f3gia online pszichol\u00f3giai szaklap, amelynek kolozsv\u00e1ri csapat\u00e1t a Babe\u0219\u2013Bolyai Tudom\u00e1nyegyetem Alkalmazott Pszichol\u00f3gia Int\u00e9zet\u00e9nek magyar tagozatos di\u00e1kjai alkotj\u00e1k, az egyetem pszichol\u00f3gia szakos okatat\u00f3inak t\u00e1mogat\u00e1s\u00e1sval \u00e9s k\u00f6zrem\u0171k\u00f6d\u00e9s\u00e9vel. A tev\u00e9kenys\u00e9g szakmai partnere a Kolozsv\u00e1ri Magyar Pszichol\u00f3gia &hellip;<\/p>\n<p class=\"read-more\"> <a class=\"more-link\" href=\"https:\/\/news.ubbcluj.ro\/hu\/mindset-pszichologia-kolozsvar-pszichologia-hatarok-nelkul-kolozsvari-fiokszervezetet-alapitott-a-budapesti-mindset-pszichologia-online-szaklap\/\"> <span class=\"screen-reader-text\">Mindset Pszichol\u00f3gia Kolozsv\u00e1r. Pszichol\u00f3gia, hat\u00e1rok n\u00e9lk\u00fcl &#8211; Kolozsv\u00e1ri fi\u00f3kszervezetet alap\u00edtott a budapesti Mindset Pszichol\u00f3gia online szaklap<\/span> Tov\u00e1bb &raquo;<\/a><\/p>\n","protected":false},"author":9,"featured_media":0,"comment_status":"closed","ping_status":"closed","sticky":false,"template":"","format":"standard","meta":{"footnotes":""},"categories":[17,6,7],"tags":[],"yoast_head":"<!-- This site is optimized with the Yoast SEO plugin v21.9.1 - https:\/\/yoast.com\/wordpress\/plugins\/seo\/ -->\n<title>Mindset Pszichol\u00f3gia Kolozsv\u00e1r. Pszichol\u00f3gia, hat\u00e1rok n\u00e9lk\u00fcl - Kolozsv\u00e1ri fi\u00f3kszervezetet alap\u00edtott a budapesti Mindset Pszichol\u00f3gia online szaklap - Kommunik\u00e1ci\u00f3 \u00e9s PR iroda<\/title>\n<meta name=\"robots\" content=\"index, follow, max-snippet:-1, max-image-preview:large, max-video-preview:-1\" \/>\n<link rel=\"canonical\" href=\"https:\/\/news.ubbcluj.ro\/hu\/mindset-pszichologia-kolozsvar-pszichologia-hatarok-nelkul-kolozsvari-fiokszervezetet-alapitott-a-budapesti-mindset-pszichologia-online-szaklap\/\" \/>\n<meta property=\"og:locale\" content=\"hu_HU\" \/>\n<meta property=\"og:type\" content=\"article\" \/>\n<meta property=\"og:title\" content=\"Mindset Pszichol\u00f3gia Kolozsv\u00e1r. Pszichol\u00f3gia, hat\u00e1rok n\u00e9lk\u00fcl - Kolozsv\u00e1ri fi\u00f3kszervezetet alap\u00edtott a budapesti Mindset Pszichol\u00f3gia online szaklap - Kommunik\u00e1ci\u00f3 \u00e9s PR iroda\" \/>\n<meta property=\"og:description\" content=\"Fi\u00f3kszervezetet alap\u00edtott Kolozsv\u00e1ron a budapesti sz\u00e9khely\u0171 Mindset Pszichol\u00f3gia online pszichol\u00f3giai szaklap, amelynek kolozsv\u00e1ri csapat\u00e1t a Babe\u0219\u2013Bolyai Tudom\u00e1nyegyetem Alkalmazott Pszichol\u00f3gia Int\u00e9zet\u00e9nek magyar tagozatos di\u00e1kjai alkotj\u00e1k, az egyetem pszichol\u00f3gia szakos okatat\u00f3inak t\u00e1mogat\u00e1s\u00e1sval \u00e9s k\u00f6zrem\u0171k\u00f6d\u00e9s\u00e9vel. A tev\u00e9kenys\u00e9g szakmai partnere a Kolozsv\u00e1ri Magyar Pszichol\u00f3gia &hellip; Mindset Pszichol\u00f3gia Kolozsv\u00e1r. Pszichol\u00f3gia, hat\u00e1rok n\u00e9lk\u00fcl &#8211; Kolozsv\u00e1ri fi\u00f3kszervezetet alap\u00edtott a budapesti Mindset Pszichol\u00f3gia online szaklap Tov\u00e1bb &raquo;\" \/>\n<meta property=\"og:url\" content=\"https:\/\/news.ubbcluj.ro\/hu\/mindset-pszichologia-kolozsvar-pszichologia-hatarok-nelkul-kolozsvari-fiokszervezetet-alapitott-a-budapesti-mindset-pszichologia-online-szaklap\/\" \/>\n<meta property=\"og:site_name\" content=\"Kommunik\u00e1ci\u00f3 \u00e9s PR iroda\" \/>\n<meta property=\"article:published_time\" content=\"2018-04-17T08:10:07+00:00\" \/>\n<meta property=\"article:modified_time\" content=\"2018-04-18T09:18:59+00:00\" \/>\n<meta name=\"author\" content=\"Bilibok Ren\u00e1ta\" \/>\n<meta name=\"twitter:card\" content=\"summary_large_image\" \/>\n<meta name=\"twitter:label1\" content=\"Szerz\u0151:\" \/>\n\t<meta name=\"twitter:data1\" content=\"Bilibok Ren\u00e1ta\" \/>\n\t<meta name=\"twitter:label2\" content=\"Becs\u00fclt olvas\u00e1si id\u0151\" \/>\n\t<meta name=\"twitter:data2\" content=\"4 perc\" \/>\n<script type=\"application\/ld+json\" class=\"yoast-schema-graph\">{\"@context\":\"https:\/\/schema.org\",\"@graph\":[{\"@type\":\"WebPage\",\"@id\":\"https:\/\/news.ubbcluj.ro\/hu\/mindset-pszichologia-kolozsvar-pszichologia-hatarok-nelkul-kolozsvari-fiokszervezetet-alapitott-a-budapesti-mindset-pszichologia-online-szaklap\/\",\"url\":\"https:\/\/news.ubbcluj.ro\/hu\/mindset-pszichologia-kolozsvar-pszichologia-hatarok-nelkul-kolozsvari-fiokszervezetet-alapitott-a-budapesti-mindset-pszichologia-online-szaklap\/\",\"name\":\"Mindset Pszichol\u00f3gia Kolozsv\u00e1r. Pszichol\u00f3gia, hat\u00e1rok n\u00e9lk\u00fcl - Kolozsv\u00e1ri fi\u00f3kszervezetet alap\u00edtott a budapesti Mindset Pszichol\u00f3gia online szaklap - Kommunik\u00e1ci\u00f3 \u00e9s PR iroda\",\"isPartOf\":{\"@id\":\"https:\/\/news.ubbcluj.ro\/hu\/#website\"},\"datePublished\":\"2018-04-17T08:10:07+00:00\",\"dateModified\":\"2018-04-18T09:18:59+00:00\",\"author\":{\"@id\":\"https:\/\/news.ubbcluj.ro\/hu\/#\/schema\/person\/0768248bd5e1ed05f87b7be96b4c3d9c\"},\"breadcrumb\":{\"@id\":\"https:\/\/news.ubbcluj.ro\/hu\/mindset-pszichologia-kolozsvar-pszichologia-hatarok-nelkul-kolozsvari-fiokszervezetet-alapitott-a-budapesti-mindset-pszichologia-online-szaklap\/#breadcrumb\"},\"inLanguage\":\"hu\",\"potentialAction\":[{\"@type\":\"ReadAction\",\"target\":[\"https:\/\/news.ubbcluj.ro\/hu\/mindset-pszichologia-kolozsvar-pszichologia-hatarok-nelkul-kolozsvari-fiokszervezetet-alapitott-a-budapesti-mindset-pszichologia-online-szaklap\/\"]}]},{\"@type\":\"BreadcrumbList\",\"@id\":\"https:\/\/news.ubbcluj.ro\/hu\/mindset-pszichologia-kolozsvar-pszichologia-hatarok-nelkul-kolozsvari-fiokszervezetet-alapitott-a-budapesti-mindset-pszichologia-online-szaklap\/#breadcrumb\",\"itemListElement\":[{\"@type\":\"ListItem\",\"position\":1,\"name\":\"Home\",\"item\":\"https:\/\/news.ubbcluj.ro\/hu\/\"},{\"@type\":\"ListItem\",\"position\":2,\"name\":\"Mindset Pszichol\u00f3gia Kolozsv\u00e1r. Pszichol\u00f3gia, hat\u00e1rok n\u00e9lk\u00fcl &#8211; Kolozsv\u00e1ri fi\u00f3kszervezetet alap\u00edtott a budapesti Mindset Pszichol\u00f3gia online szaklap\"}]},{\"@type\":\"WebSite\",\"@id\":\"https:\/\/news.ubbcluj.ro\/hu\/#website\",\"url\":\"https:\/\/news.ubbcluj.ro\/hu\/\",\"name\":\"Kommunik\u00e1ci\u00f3 \u00e9s PR iroda\",\"description\":\"Babe\u0219-Bolyai Tudom\u00e1negyetem\",\"potentialAction\":[{\"@type\":\"SearchAction\",\"target\":{\"@type\":\"EntryPoint\",\"urlTemplate\":\"https:\/\/news.ubbcluj.ro\/hu\/?s={search_term_string}\"},\"query-input\":\"required name=search_term_string\"}],\"inLanguage\":\"hu\"},{\"@type\":\"Person\",\"@id\":\"https:\/\/news.ubbcluj.ro\/hu\/#\/schema\/person\/0768248bd5e1ed05f87b7be96b4c3d9c\",\"name\":\"Bilibok Ren\u00e1ta\",\"url\":\"https:\/\/news.ubbcluj.ro\/hu\/author\/renata-bilibok\/\"}]}<\/script>\n<!-- \/ Yoast SEO plugin. -->","yoast_head_json":{"title":"Mindset Pszichol\u00f3gia Kolozsv\u00e1r. Pszichol\u00f3gia, hat\u00e1rok n\u00e9lk\u00fcl - Kolozsv\u00e1ri fi\u00f3kszervezetet alap\u00edtott a budapesti Mindset Pszichol\u00f3gia online szaklap - Kommunik\u00e1ci\u00f3 \u00e9s PR iroda","robots":{"index":"index","follow":"follow","max-snippet":"max-snippet:-1","max-image-preview":"max-image-preview:large","max-video-preview":"max-video-preview:-1"},"canonical":"https:\/\/news.ubbcluj.ro\/hu\/mindset-pszichologia-kolozsvar-pszichologia-hatarok-nelkul-kolozsvari-fiokszervezetet-alapitott-a-budapesti-mindset-pszichologia-online-szaklap\/","og_locale":"hu_HU","og_type":"article","og_title":"Mindset Pszichol\u00f3gia Kolozsv\u00e1r. Pszichol\u00f3gia, hat\u00e1rok n\u00e9lk\u00fcl - Kolozsv\u00e1ri fi\u00f3kszervezetet alap\u00edtott a budapesti Mindset Pszichol\u00f3gia online szaklap - Kommunik\u00e1ci\u00f3 \u00e9s PR iroda","og_description":"Fi\u00f3kszervezetet alap\u00edtott Kolozsv\u00e1ron a budapesti sz\u00e9khely\u0171 Mindset Pszichol\u00f3gia online pszichol\u00f3giai szaklap, amelynek kolozsv\u00e1ri csapat\u00e1t a Babe\u0219\u2013Bolyai Tudom\u00e1nyegyetem Alkalmazott Pszichol\u00f3gia Int\u00e9zet\u00e9nek magyar tagozatos di\u00e1kjai alkotj\u00e1k, az egyetem pszichol\u00f3gia szakos okatat\u00f3inak t\u00e1mogat\u00e1s\u00e1sval \u00e9s k\u00f6zrem\u0171k\u00f6d\u00e9s\u00e9vel. A tev\u00e9kenys\u00e9g szakmai partnere a Kolozsv\u00e1ri Magyar Pszichol\u00f3gia &hellip; Mindset Pszichol\u00f3gia Kolozsv\u00e1r. Pszichol\u00f3gia, hat\u00e1rok n\u00e9lk\u00fcl &#8211; Kolozsv\u00e1ri fi\u00f3kszervezetet alap\u00edtott a budapesti Mindset Pszichol\u00f3gia online szaklap Tov\u00e1bb &raquo;","og_url":"https:\/\/news.ubbcluj.ro\/hu\/mindset-pszichologia-kolozsvar-pszichologia-hatarok-nelkul-kolozsvari-fiokszervezetet-alapitott-a-budapesti-mindset-pszichologia-online-szaklap\/","og_site_name":"Kommunik\u00e1ci\u00f3 \u00e9s PR iroda","article_published_time":"2018-04-17T08:10:07+00:00","article_modified_time":"2018-04-18T09:18:59+00:00","author":"Bilibok Ren\u00e1ta","twitter_card":"summary_large_image","twitter_misc":{"Szerz\u0151:":"Bilibok Ren\u00e1ta","Becs\u00fclt olvas\u00e1si id\u0151":"4 perc"},"schema":{"@context":"https:\/\/schema.org","@graph":[{"@type":"WebPage","@id":"https:\/\/news.ubbcluj.ro\/hu\/mindset-pszichologia-kolozsvar-pszichologia-hatarok-nelkul-kolozsvari-fiokszervezetet-alapitott-a-budapesti-mindset-pszichologia-online-szaklap\/","url":"https:\/\/news.ubbcluj.ro\/hu\/mindset-pszichologia-kolozsvar-pszichologia-hatarok-nelkul-kolozsvari-fiokszervezetet-alapitott-a-budapesti-mindset-pszichologia-online-szaklap\/","name":"Mindset Pszichol\u00f3gia Kolozsv\u00e1r. Pszichol\u00f3gia, hat\u00e1rok n\u00e9lk\u00fcl - Kolozsv\u00e1ri fi\u00f3kszervezetet alap\u00edtott a budapesti Mindset Pszichol\u00f3gia online szaklap - Kommunik\u00e1ci\u00f3 \u00e9s PR iroda","isPartOf":{"@id":"https:\/\/news.ubbcluj.ro\/hu\/#website"},"datePublished":"2018-04-17T08:10:07+00:00","dateModified":"2018-04-18T09:18:59+00:00","author":{"@id":"https:\/\/news.ubbcluj.ro\/hu\/#\/schema\/person\/0768248bd5e1ed05f87b7be96b4c3d9c"},"breadcrumb":{"@id":"https:\/\/news.ubbcluj.ro\/hu\/mindset-pszichologia-kolozsvar-pszichologia-hatarok-nelkul-kolozsvari-fiokszervezetet-alapitott-a-budapesti-mindset-pszichologia-online-szaklap\/#breadcrumb"},"inLanguage":"hu","potentialAction":[{"@type":"ReadAction","target":["https:\/\/news.ubbcluj.ro\/hu\/mindset-pszichologia-kolozsvar-pszichologia-hatarok-nelkul-kolozsvari-fiokszervezetet-alapitott-a-budapesti-mindset-pszichologia-online-szaklap\/"]}]},{"@type":"BreadcrumbList","@id":"https:\/\/news.ubbcluj.ro\/hu\/mindset-pszichologia-kolozsvar-pszichologia-hatarok-nelkul-kolozsvari-fiokszervezetet-alapitott-a-budapesti-mindset-pszichologia-online-szaklap\/#breadcrumb","itemListElement":[{"@type":"ListItem","position":1,"name":"Home","item":"https:\/\/news.ubbcluj.ro\/hu\/"},{"@type":"ListItem","position":2,"name":"Mindset Pszichol\u00f3gia Kolozsv\u00e1r. Pszichol\u00f3gia, hat\u00e1rok n\u00e9lk\u00fcl &#8211; Kolozsv\u00e1ri fi\u00f3kszervezetet alap\u00edtott a budapesti Mindset Pszichol\u00f3gia online szaklap"}]},{"@type":"WebSite","@id":"https:\/\/news.ubbcluj.ro\/hu\/#website","url":"https:\/\/news.ubbcluj.ro\/hu\/","name":"Kommunik\u00e1ci\u00f3 \u00e9s PR iroda","description":"Babe\u0219-Bolyai Tudom\u00e1negyetem","potentialAction":[{"@type":"SearchAction","target":{"@type":"EntryPoint","urlTemplate":"https:\/\/news.ubbcluj.ro\/hu\/?s={search_term_string}"},"query-input":"required name=search_term_string"}],"inLanguage":"hu"},{"@type":"Person","@id":"https:\/\/news.ubbcluj.ro\/hu\/#\/schema\/person\/0768248bd5e1ed05f87b7be96b4c3d9c","name":"Bilibok Ren\u00e1ta","url":"https:\/\/news.ubbcluj.ro\/hu\/author\/renata-bilibok\/"}]}},"_links":{"self":[{"href":"https:\/\/news.ubbcluj.ro\/hu\/wp-json\/wp\/v2\/posts\/2228"}],"collection":[{"href":"https:\/\/news.ubbcluj.ro\/hu\/wp-json\/wp\/v2\/posts"}],"about":[{"href":"https:\/\/news.ubbcluj.ro\/hu\/wp-json\/wp\/v2\/types\/post"}],"author":[{"embeddable":true,"href":"https:\/\/news.ubbcluj.ro\/hu\/wp-json\/wp\/v2\/users\/9"}],"replies":[{"embeddable":true,"href":"https:\/\/news.ubbcluj.ro\/hu\/wp-json\/wp\/v2\/comments?post=2228"}],"version-history":[{"count":2,"href":"https:\/\/news.ubbcluj.ro\/hu\/wp-json\/wp\/v2\/posts\/2228\/revisions"}],"predecessor-version":[{"id":2230,"href":"https:\/\/news.ubbcluj.ro\/hu\/wp-json\/wp\/v2\/posts\/2228\/revisions\/2230"}],"wp:attachment":[{"href":"https:\/\/news.ubbcluj.ro\/hu\/wp-json\/wp\/v2\/media?parent=2228"}],"wp:term":[{"taxonomy":"category","embeddable":true,"href":"https:\/\/news.ubbcluj.ro\/hu\/wp-json\/wp\/v2\/categories?post=2228"},{"taxonomy":"post_tag","embeddable":true,"href":"https:\/\/news.ubbcluj.ro\/hu\/wp-json\/wp\/v2\/tags?post=2228"}],"curies":[{"name":"wp","href":"https:\/\/api.w.org\/{rel}","templated":true}]}}