{"id":2918,"date":"2018-12-19T13:17:11","date_gmt":"2018-12-19T11:17:11","guid":{"rendered":"https:\/\/news.ubbcluj.ro\/hu\/?p=2918"},"modified":"2018-12-20T13:57:38","modified_gmt":"2018-12-20T11:57:38","slug":"oktatasi-es-kutatasi-kivalosagi-dijakat-adomanyozott-a-babes-bolyai-tudomanyegyetem","status":"publish","type":"post","link":"https:\/\/news.ubbcluj.ro\/hu\/oktatasi-es-kutatasi-kivalosagi-dijakat-adomanyozott-a-babes-bolyai-tudomanyegyetem\/","title":{"rendered":"Oktat\u00e1si \u00e9s kutat\u00e1si kiv\u00e1l\u00f3s\u00e1gi d\u00edjakat adom\u00e1nyozott a Babe\u0219\u2013Bolyai Tudom\u00e1nyegyetem"},"content":{"rendered":"<p style=\"text-align: justify;\">A Babe\u015f\u2013Bolyai Tudom\u00e1nyegyetem d\u00edjazta az oktat\u00e1s \u00e9s a tudom\u00e1nyos kutat\u00e1s ter\u00fclet\u00e9n 2017\/2018-as egyetemi tan\u00e9vben el\u00e9rt eredm\u00e9nyeket. A d\u00edjakat \u00fcnneps\u00e9g keret\u00e9ben adt\u00e1k \u00e1t\u00a02018. december 17-\u00e9n az egyetem Aula Magna term\u00e9ben.<\/p>\n<p>A BBTE Magyar Tagozat\u00e1n <strong>kutat\u00e1si kiv\u00e1l\u00f3s\u00e1gi d\u00edj<\/strong>ban r\u00e9szes\u00fclt:<\/p>\n<ul>\n<li>dr. Darvay Zsolt egyetemi adjunktus \u2013 Matematika \u00e9s Informatika Kar<\/li>\n<li>dr. Benedek J\u00f3zsef egyetemi tan\u00e1r \u2013 F\u00f6ldrajz Kar<\/li>\n<li>dr. R\u00fcsz-Fogarasi Enik\u0151 egyetemi tan\u00e1r \u2013 T\u00f6rt\u00e9nelem \u00e9s Filoz\u00f3fia Kar<\/li>\n<li>dr. Sz\u00e1sz Levente egyetemi docens \u2013 K\u00f6zgazdas\u00e1g \u00e9s Gazd\u00e1lkod\u00e1studom\u00e1nyi Kar<\/li>\n<li>dr. P\u00fcs\u00f6k Sarolta egyetemi adjunktus \u2013 Reform\u00e1tus Tan\u00e1rk\u00e9pz\u0151 Kar<\/li>\n<li>dr. Di\u00f3si D\u00e1vid egyetemi tan\u00e1r \u2013 R\u00f3mai Katolikus Teol\u00f3gia Kar<\/li>\n<\/ul>\n<p><strong>Oktat\u00e1si kiv\u00e1l\u00f3s\u00e1gi d\u00edj<\/strong>ban r\u00e9szes\u00fclt:<\/p>\n<ul>\n<li>dr. J\u00e1rai-Szab\u00f3 Ferenc egyetemi docens \u2013 Fizika Kar<\/li>\n<li>dr. Dombay Istv\u00e1n egyetemi docens \u2013 F\u00f6ldrajz Kar<\/li>\n<li>dr. Kiss D\u00e9nes egyetemi adjunktus \u2013 Szociol\u00f3gia \u00e9s Szoci\u00e1lismunk\u00e1s-k\u00e9pz\u0151 Kar<\/li>\n<li>dr. Gy\u00f6rfi Lehel Zolt\u00e1n egyetemi docens &#8211; K\u00f6zgazdas\u00e1g \u00e9s Gazd\u00e1lkod\u00e1studom\u00e1nyi Kar<\/li>\n<li>dr. Luk\u00e1cs Olga egyetemi docens \u2013 Reform\u00e1tus Tan\u00e1rk\u00e9pz\u0151 Kar<\/li>\n<li>dr. Vik J\u00e1nos egyetemi docens &#8211; R\u00f3mai Katolikus Teol\u00f3gia Kar<\/li>\n<\/ul>\n<p>A BBTE d\u00edjazta a <strong>kutat\u00f3i tev\u00e9kenys\u00e9get<\/strong> folytat\u00f3 munkat\u00e1rsakat az elm\u00falt \u00e9v tudom\u00e1nyos teljes\u00edtm\u00e9nyei alapj\u00e1n. A Magyar Tagozat r\u00e9sz\u00e9r\u0151l elismer\u00e9sben r\u00e9szes\u00fclt a <em>Term\u00e9szet-, egzakt- \u00e9s m\u00e9rn\u00f6ki tudom\u00e1nyok ter\u00fclet\u00e9n\u00a0<\/em>dr. Ercsey Ravasz M\u00e1ria a \u201eIoan Ursu\u201d Fizikai Kutat\u00f3k\u00f6zpont kutat\u00f3ja.<\/p>\n<p>Az oktat\u00e1si kiv\u00e1l\u00f3s\u00e1gi d\u00edjat annak az oktat\u00f3nak \u00edt\u00e9li oda a BBTE vezet\u0151s\u00e9ge, aki a hallgat\u00f3k \u00e9s a koll\u00e9g\u00e1k \u00e9rt\u00e9kel\u00e9sei alapj\u00e1n, a didaktikai jelleg\u0171 publik\u00e1ci\u00f3k tekintet\u00e9ben, valamint az egyetem melletti tehets\u00e9ggondoz\u00f3 tev\u00e9kenys\u00e9gek szervez\u00e9se ter\u00e9n kiemelked\u0151 teljes\u00edtm\u00e9nyt ny\u00fajtott az el\u0151z\u0151 tan\u00e9vben.<\/p>\n<p>A kutat\u00e1si kiv\u00e1l\u00f3s\u00e1gi d\u00edjjal a kiemelked\u0151 tudom\u00e1nyos publik\u00e1ci\u00f3s tev\u00e9kenys\u00e9get, kiv\u00e1l\u00f3 szakmai teljes\u00edtm\u00e9nyt ny\u00fajt\u00f3 egyetemi oktat\u00f3kat \u00e9s kutat\u00f3kat jutalmazz\u00e1k.<\/p>\n<p>Mindk\u00e9t d\u00edjra a javaslatokat a karok, kutat\u00e1si int\u00e9zetek terjesztik fel.<\/p>\n<p>Gratul\u00e1lunk a d\u00edjazottaknak!<\/p>\n<p>&nbsp;<\/p>\n","protected":false},"excerpt":{"rendered":"<p>A Babe\u015f\u2013Bolyai Tudom\u00e1nyegyetem d\u00edjazta az oktat\u00e1s \u00e9s a tudom\u00e1nyos kutat\u00e1s ter\u00fclet\u00e9n 2017\/2018-as egyetemi tan\u00e9vben el\u00e9rt eredm\u00e9nyeket. A d\u00edjakat \u00fcnneps\u00e9g keret\u00e9ben adt\u00e1k \u00e1t\u00a02018. december 17-\u00e9n az egyetem Aula Magna term\u00e9ben. A BBTE Magyar Tagozat\u00e1n kutat\u00e1si kiv\u00e1l\u00f3s\u00e1gi d\u00edjban r\u00e9szes\u00fclt: dr. Darvay Zsolt &hellip;<\/p>\n<p class=\"read-more\"> <a class=\"more-link\" href=\"https:\/\/news.ubbcluj.ro\/hu\/oktatasi-es-kutatasi-kivalosagi-dijakat-adomanyozott-a-babes-bolyai-tudomanyegyetem\/\"> <span class=\"screen-reader-text\">Oktat\u00e1si \u00e9s kutat\u00e1si kiv\u00e1l\u00f3s\u00e1gi d\u00edjakat adom\u00e1nyozott a Babe\u0219\u2013Bolyai Tudom\u00e1nyegyetem<\/span> Tov\u00e1bb &raquo;<\/a><\/p>\n","protected":false},"author":9,"featured_media":2919,"comment_status":"closed","ping_status":"closed","sticky":false,"template":"","format":"standard","meta":{"footnotes":""},"categories":[17,6],"tags":[],"yoast_head":"<!-- This site is optimized with the Yoast SEO plugin v21.9.1 - https:\/\/yoast.com\/wordpress\/plugins\/seo\/ -->\n<title>Oktat\u00e1si \u00e9s kutat\u00e1si kiv\u00e1l\u00f3s\u00e1gi d\u00edjakat adom\u00e1nyozott a Babe\u0219\u2013Bolyai Tudom\u00e1nyegyetem - Kommunik\u00e1ci\u00f3 \u00e9s PR iroda<\/title>\n<meta name=\"robots\" content=\"index, follow, max-snippet:-1, max-image-preview:large, max-video-preview:-1\" \/>\n<link rel=\"canonical\" href=\"https:\/\/news.ubbcluj.ro\/hu\/oktatasi-es-kutatasi-kivalosagi-dijakat-adomanyozott-a-babes-bolyai-tudomanyegyetem\/\" \/>\n<meta property=\"og:locale\" content=\"hu_HU\" \/>\n<meta property=\"og:type\" content=\"article\" \/>\n<meta property=\"og:title\" content=\"Oktat\u00e1si \u00e9s kutat\u00e1si kiv\u00e1l\u00f3s\u00e1gi d\u00edjakat adom\u00e1nyozott a Babe\u0219\u2013Bolyai Tudom\u00e1nyegyetem - Kommunik\u00e1ci\u00f3 \u00e9s PR iroda\" \/>\n<meta property=\"og:description\" content=\"A Babe\u015f\u2013Bolyai Tudom\u00e1nyegyetem d\u00edjazta az oktat\u00e1s \u00e9s a tudom\u00e1nyos kutat\u00e1s ter\u00fclet\u00e9n 2017\/2018-as egyetemi tan\u00e9vben el\u00e9rt eredm\u00e9nyeket. A d\u00edjakat \u00fcnneps\u00e9g keret\u00e9ben adt\u00e1k \u00e1t\u00a02018. december 17-\u00e9n az egyetem Aula Magna term\u00e9ben. A BBTE Magyar Tagozat\u00e1n kutat\u00e1si kiv\u00e1l\u00f3s\u00e1gi d\u00edjban r\u00e9szes\u00fclt: dr. Darvay Zsolt &hellip; Oktat\u00e1si \u00e9s kutat\u00e1si kiv\u00e1l\u00f3s\u00e1gi d\u00edjakat adom\u00e1nyozott a Babe\u0219\u2013Bolyai Tudom\u00e1nyegyetem Tov\u00e1bb &raquo;\" \/>\n<meta property=\"og:url\" content=\"https:\/\/news.ubbcluj.ro\/hu\/oktatasi-es-kutatasi-kivalosagi-dijakat-adomanyozott-a-babes-bolyai-tudomanyegyetem\/\" \/>\n<meta property=\"og:site_name\" content=\"Kommunik\u00e1ci\u00f3 \u00e9s PR iroda\" \/>\n<meta property=\"article:published_time\" content=\"2018-12-19T11:17:11+00:00\" \/>\n<meta property=\"article:modified_time\" content=\"2018-12-20T11:57:38+00:00\" \/>\n<meta property=\"og:image\" content=\"https:\/\/news.ubbcluj.ro\/hu\/wp-content\/uploads\/2018\/12\/CS1_0037.jpg\" \/>\n\t<meta property=\"og:image:width\" content=\"1000\" \/>\n\t<meta property=\"og:image:height\" content=\"668\" \/>\n\t<meta property=\"og:image:type\" content=\"image\/jpeg\" \/>\n<meta name=\"author\" content=\"Bilibok Ren\u00e1ta\" \/>\n<meta name=\"twitter:card\" content=\"summary_large_image\" \/>\n<meta name=\"twitter:label1\" content=\"Szerz\u0151:\" \/>\n\t<meta name=\"twitter:data1\" content=\"Bilibok Ren\u00e1ta\" \/>\n\t<meta name=\"twitter:label2\" content=\"Becs\u00fclt olvas\u00e1si id\u0151\" \/>\n\t<meta name=\"twitter:data2\" content=\"2 perc\" \/>\n<script type=\"application\/ld+json\" class=\"yoast-schema-graph\">{\"@context\":\"https:\/\/schema.org\",\"@graph\":[{\"@type\":\"WebPage\",\"@id\":\"https:\/\/news.ubbcluj.ro\/hu\/oktatasi-es-kutatasi-kivalosagi-dijakat-adomanyozott-a-babes-bolyai-tudomanyegyetem\/\",\"url\":\"https:\/\/news.ubbcluj.ro\/hu\/oktatasi-es-kutatasi-kivalosagi-dijakat-adomanyozott-a-babes-bolyai-tudomanyegyetem\/\",\"name\":\"Oktat\u00e1si \u00e9s kutat\u00e1si kiv\u00e1l\u00f3s\u00e1gi d\u00edjakat adom\u00e1nyozott a Babe\u0219\u2013Bolyai Tudom\u00e1nyegyetem - Kommunik\u00e1ci\u00f3 \u00e9s PR iroda\",\"isPartOf\":{\"@id\":\"https:\/\/news.ubbcluj.ro\/hu\/#website\"},\"datePublished\":\"2018-12-19T11:17:11+00:00\",\"dateModified\":\"2018-12-20T11:57:38+00:00\",\"author\":{\"@id\":\"https:\/\/news.ubbcluj.ro\/hu\/#\/schema\/person\/0768248bd5e1ed05f87b7be96b4c3d9c\"},\"breadcrumb\":{\"@id\":\"https:\/\/news.ubbcluj.ro\/hu\/oktatasi-es-kutatasi-kivalosagi-dijakat-adomanyozott-a-babes-bolyai-tudomanyegyetem\/#breadcrumb\"},\"inLanguage\":\"hu\",\"potentialAction\":[{\"@type\":\"ReadAction\",\"target\":[\"https:\/\/news.ubbcluj.ro\/hu\/oktatasi-es-kutatasi-kivalosagi-dijakat-adomanyozott-a-babes-bolyai-tudomanyegyetem\/\"]}]},{\"@type\":\"BreadcrumbList\",\"@id\":\"https:\/\/news.ubbcluj.ro\/hu\/oktatasi-es-kutatasi-kivalosagi-dijakat-adomanyozott-a-babes-bolyai-tudomanyegyetem\/#breadcrumb\",\"itemListElement\":[{\"@type\":\"ListItem\",\"position\":1,\"name\":\"Home\",\"item\":\"https:\/\/news.ubbcluj.ro\/hu\/\"},{\"@type\":\"ListItem\",\"position\":2,\"name\":\"Oktat\u00e1si \u00e9s kutat\u00e1si kiv\u00e1l\u00f3s\u00e1gi d\u00edjakat adom\u00e1nyozott a Babe\u0219\u2013Bolyai Tudom\u00e1nyegyetem\"}]},{\"@type\":\"WebSite\",\"@id\":\"https:\/\/news.ubbcluj.ro\/hu\/#website\",\"url\":\"https:\/\/news.ubbcluj.ro\/hu\/\",\"name\":\"Kommunik\u00e1ci\u00f3 \u00e9s PR iroda\",\"description\":\"Babe\u0219-Bolyai Tudom\u00e1negyetem\",\"potentialAction\":[{\"@type\":\"SearchAction\",\"target\":{\"@type\":\"EntryPoint\",\"urlTemplate\":\"https:\/\/news.ubbcluj.ro\/hu\/?s={search_term_string}\"},\"query-input\":\"required name=search_term_string\"}],\"inLanguage\":\"hu\"},{\"@type\":\"Person\",\"@id\":\"https:\/\/news.ubbcluj.ro\/hu\/#\/schema\/person\/0768248bd5e1ed05f87b7be96b4c3d9c\",\"name\":\"Bilibok Ren\u00e1ta\",\"url\":\"https:\/\/news.ubbcluj.ro\/hu\/author\/renata-bilibok\/\"}]}<\/script>\n<!-- \/ Yoast SEO plugin. -->","yoast_head_json":{"title":"Oktat\u00e1si \u00e9s kutat\u00e1si kiv\u00e1l\u00f3s\u00e1gi d\u00edjakat adom\u00e1nyozott a Babe\u0219\u2013Bolyai Tudom\u00e1nyegyetem - Kommunik\u00e1ci\u00f3 \u00e9s PR iroda","robots":{"index":"index","follow":"follow","max-snippet":"max-snippet:-1","max-image-preview":"max-image-preview:large","max-video-preview":"max-video-preview:-1"},"canonical":"https:\/\/news.ubbcluj.ro\/hu\/oktatasi-es-kutatasi-kivalosagi-dijakat-adomanyozott-a-babes-bolyai-tudomanyegyetem\/","og_locale":"hu_HU","og_type":"article","og_title":"Oktat\u00e1si \u00e9s kutat\u00e1si kiv\u00e1l\u00f3s\u00e1gi d\u00edjakat adom\u00e1nyozott a Babe\u0219\u2013Bolyai Tudom\u00e1nyegyetem - Kommunik\u00e1ci\u00f3 \u00e9s PR iroda","og_description":"A Babe\u015f\u2013Bolyai Tudom\u00e1nyegyetem d\u00edjazta az oktat\u00e1s \u00e9s a tudom\u00e1nyos kutat\u00e1s ter\u00fclet\u00e9n 2017\/2018-as egyetemi tan\u00e9vben el\u00e9rt eredm\u00e9nyeket. A d\u00edjakat \u00fcnneps\u00e9g keret\u00e9ben adt\u00e1k \u00e1t\u00a02018. december 17-\u00e9n az egyetem Aula Magna term\u00e9ben. A BBTE Magyar Tagozat\u00e1n kutat\u00e1si kiv\u00e1l\u00f3s\u00e1gi d\u00edjban r\u00e9szes\u00fclt: dr. Darvay Zsolt &hellip; Oktat\u00e1si \u00e9s kutat\u00e1si kiv\u00e1l\u00f3s\u00e1gi d\u00edjakat adom\u00e1nyozott a Babe\u0219\u2013Bolyai Tudom\u00e1nyegyetem Tov\u00e1bb &raquo;","og_url":"https:\/\/news.ubbcluj.ro\/hu\/oktatasi-es-kutatasi-kivalosagi-dijakat-adomanyozott-a-babes-bolyai-tudomanyegyetem\/","og_site_name":"Kommunik\u00e1ci\u00f3 \u00e9s PR iroda","article_published_time":"2018-12-19T11:17:11+00:00","article_modified_time":"2018-12-20T11:57:38+00:00","og_image":[{"width":1000,"height":668,"url":"https:\/\/news.ubbcluj.ro\/hu\/wp-content\/uploads\/2018\/12\/CS1_0037.jpg","type":"image\/jpeg"}],"author":"Bilibok Ren\u00e1ta","twitter_card":"summary_large_image","twitter_misc":{"Szerz\u0151:":"Bilibok Ren\u00e1ta","Becs\u00fclt olvas\u00e1si id\u0151":"2 perc"},"schema":{"@context":"https:\/\/schema.org","@graph":[{"@type":"WebPage","@id":"https:\/\/news.ubbcluj.ro\/hu\/oktatasi-es-kutatasi-kivalosagi-dijakat-adomanyozott-a-babes-bolyai-tudomanyegyetem\/","url":"https:\/\/news.ubbcluj.ro\/hu\/oktatasi-es-kutatasi-kivalosagi-dijakat-adomanyozott-a-babes-bolyai-tudomanyegyetem\/","name":"Oktat\u00e1si \u00e9s kutat\u00e1si kiv\u00e1l\u00f3s\u00e1gi d\u00edjakat adom\u00e1nyozott a Babe\u0219\u2013Bolyai Tudom\u00e1nyegyetem - Kommunik\u00e1ci\u00f3 \u00e9s PR iroda","isPartOf":{"@id":"https:\/\/news.ubbcluj.ro\/hu\/#website"},"datePublished":"2018-12-19T11:17:11+00:00","dateModified":"2018-12-20T11:57:38+00:00","author":{"@id":"https:\/\/news.ubbcluj.ro\/hu\/#\/schema\/person\/0768248bd5e1ed05f87b7be96b4c3d9c"},"breadcrumb":{"@id":"https:\/\/news.ubbcluj.ro\/hu\/oktatasi-es-kutatasi-kivalosagi-dijakat-adomanyozott-a-babes-bolyai-tudomanyegyetem\/#breadcrumb"},"inLanguage":"hu","potentialAction":[{"@type":"ReadAction","target":["https:\/\/news.ubbcluj.ro\/hu\/oktatasi-es-kutatasi-kivalosagi-dijakat-adomanyozott-a-babes-bolyai-tudomanyegyetem\/"]}]},{"@type":"BreadcrumbList","@id":"https:\/\/news.ubbcluj.ro\/hu\/oktatasi-es-kutatasi-kivalosagi-dijakat-adomanyozott-a-babes-bolyai-tudomanyegyetem\/#breadcrumb","itemListElement":[{"@type":"ListItem","position":1,"name":"Home","item":"https:\/\/news.ubbcluj.ro\/hu\/"},{"@type":"ListItem","position":2,"name":"Oktat\u00e1si \u00e9s kutat\u00e1si kiv\u00e1l\u00f3s\u00e1gi d\u00edjakat adom\u00e1nyozott a Babe\u0219\u2013Bolyai Tudom\u00e1nyegyetem"}]},{"@type":"WebSite","@id":"https:\/\/news.ubbcluj.ro\/hu\/#website","url":"https:\/\/news.ubbcluj.ro\/hu\/","name":"Kommunik\u00e1ci\u00f3 \u00e9s PR iroda","description":"Babe\u0219-Bolyai Tudom\u00e1negyetem","potentialAction":[{"@type":"SearchAction","target":{"@type":"EntryPoint","urlTemplate":"https:\/\/news.ubbcluj.ro\/hu\/?s={search_term_string}"},"query-input":"required name=search_term_string"}],"inLanguage":"hu"},{"@type":"Person","@id":"https:\/\/news.ubbcluj.ro\/hu\/#\/schema\/person\/0768248bd5e1ed05f87b7be96b4c3d9c","name":"Bilibok Ren\u00e1ta","url":"https:\/\/news.ubbcluj.ro\/hu\/author\/renata-bilibok\/"}]}},"_links":{"self":[{"href":"https:\/\/news.ubbcluj.ro\/hu\/wp-json\/wp\/v2\/posts\/2918"}],"collection":[{"href":"https:\/\/news.ubbcluj.ro\/hu\/wp-json\/wp\/v2\/posts"}],"about":[{"href":"https:\/\/news.ubbcluj.ro\/hu\/wp-json\/wp\/v2\/types\/post"}],"author":[{"embeddable":true,"href":"https:\/\/news.ubbcluj.ro\/hu\/wp-json\/wp\/v2\/users\/9"}],"replies":[{"embeddable":true,"href":"https:\/\/news.ubbcluj.ro\/hu\/wp-json\/wp\/v2\/comments?post=2918"}],"version-history":[{"count":6,"href":"https:\/\/news.ubbcluj.ro\/hu\/wp-json\/wp\/v2\/posts\/2918\/revisions"}],"predecessor-version":[{"id":2931,"href":"https:\/\/news.ubbcluj.ro\/hu\/wp-json\/wp\/v2\/posts\/2918\/revisions\/2931"}],"wp:featuredmedia":[{"embeddable":true,"href":"https:\/\/news.ubbcluj.ro\/hu\/wp-json\/wp\/v2\/media\/2919"}],"wp:attachment":[{"href":"https:\/\/news.ubbcluj.ro\/hu\/wp-json\/wp\/v2\/media?parent=2918"}],"wp:term":[{"taxonomy":"category","embeddable":true,"href":"https:\/\/news.ubbcluj.ro\/hu\/wp-json\/wp\/v2\/categories?post=2918"},{"taxonomy":"post_tag","embeddable":true,"href":"https:\/\/news.ubbcluj.ro\/hu\/wp-json\/wp\/v2\/tags?post=2918"}],"curies":[{"name":"wp","href":"https:\/\/api.w.org\/{rel}","templated":true}]}}