{"id":2955,"date":"2019-01-21T13:39:16","date_gmt":"2019-01-21T11:39:16","guid":{"rendered":"https:\/\/news.ubbcluj.ro\/hu\/?p=2955"},"modified":"2019-01-21T13:44:45","modified_gmt":"2019-01-21T11:44:45","slug":"felveteli-vizsgat-helyettesito-versenyeket-es-ingyenes-felkeszitoket-szervez-a-bbte-kozepiskolasok-szamara-2","status":"publish","type":"post","link":"https:\/\/news.ubbcluj.ro\/hu\/felveteli-vizsgat-helyettesito-versenyeket-es-ingyenes-felkeszitoket-szervez-a-bbte-kozepiskolasok-szamara-2\/","title":{"rendered":"Felv\u00e9teli vizsg\u00e1t helyettes\u00edt\u0151 versenyeket \u00e9s ingyenes felk\u00e9sz\u00edt\u0151ket szervez a BBTE k\u00f6z\u00e9piskol\u00e1sok sz\u00e1m\u00e1ra"},"content":{"rendered":"<p style=\"text-align: justify;\">Az id\u00e9n is megszervezik a Babe\u015f\u2013Bolyai Tudom\u00e1nyegyetem egyes karai azokat a tant\u00e1rgyversenyeket, amelyek helyettes\u00edthetik a 2019\u20132020-as egyetemi tan\u00e9vre meghirdetett felv\u00e9teli vizsg\u00e1t. A tant\u00e1rgyversenyen j\u00f3 eredm\u00e9nyt el\u00e9rt di\u00e1kok felv\u00e9telt nyerhetnek a BBTE-re, amennyiben megszerzik az \u00e9retts\u00e9gi oklevelet. A legjobb eredm\u00e9nyeket el\u00e9r\u0151k az els\u0151 \u00e9v els\u0151 f\u00e9l\u00e9v\u00e9ben tanulm\u00e1nyi \u00f6szt\u00f6nd\u00edjat \u00e9s ig\u00e9ny eset\u00e9n, bentlak\u00e1si sz\u00e1ll\u00e1shelyet is kaphatnak.<\/p>\n<p>A BBTE a k\u00f6vetkez\u0151 tematikus tant\u00e1rgyversenyeket szervezi a tan\u00e9v folyam\u00e1n:<\/p>\n<ul style=\"list-style-type: circle;\">\n<li><strong>Matematika <\/strong>\u00e9s<strong> informatika szakok: <\/strong><em>Matematika-Informatika verseny<\/em> Kolozsv\u00e1ron 2019. \u00e1prilis 6-\u00e1n, r\u00e9szletek: <a href=\"http:\/\/www.cs.ubbcluj.ro\/bbte-matek-info-verseny\/\">http:\/\/www.cs.ubbcluj.ro\/bbte-matek-info-verseny\/<\/a>;<\/li>\n<li><strong>Fizika szak:<\/strong> <em>Augustin Maior fizikaverseny<\/em> h\u00e1rom helysz\u00ednen (Kolozsv\u00e1r, Sz\u00e9kelyudvarhely \u00e9s Sepsiszentgy\u00f6rgy) 2019. \u00e1prilis 13-\u00e1n, r\u00e9szletek: <a href=\"http:\/\/atom.ubbcluj.ro\/mafi\/page.php?menuId=30&amp;parentId=14\">http:\/\/atom.ubbcluj.ro\/mafi\/page.php?menuId=30&amp;parentId=14<\/a>;<\/li>\n<li><strong>K\u00e9mia <\/strong>\u00e9s<strong> vegy\u00e9szm\u00e9rn\u00f6ki szakok: <\/strong><em>Candin Liteanu k\u00e9miaverseny<\/em> Kolozsv\u00e1ron 2019. m\u00e1rcius 30-\u00e1n, <a href=\"http:\/\/www.chem.ubbcluj.ro\/candin_liteanu\/\">http:\/\/www.chem.ubbcluj.ro\/candin_liteanu\/<\/a>;<\/li>\n<li><strong>Biol\u00f3gia<\/strong>, <strong>\u00f6kol\u00f3gia \u00e9s term\u00e9szetv\u00e9delem szakok: <\/strong><em>Ap\u00e1thy Istv\u00e1n tant\u00e1rgyverseny <\/em>Kolozsv\u00e1ron 2019. m\u00e1rcius 23-\u00e1n, <a href=\"http:\/\/biogehu.com\/felveteli\/tantargyverseny\/\">http:\/\/biogehu.com\/felveteli\/tantargyverseny\/<\/a>;<\/li>\n<li><strong>K\u00f6rnyezettudom\u00e1ny szak: <\/strong><em>Marcian Bleahu k\u00f6rnyezettudom\u00e1nyi projekt\u00edr\u00f3 verseny<\/em>, a projektek bek\u00fcld\u00e9se 2019. j\u00fanius 24-ig lehets\u00e9ges. R\u00e9szletek: <a href=\"http:\/\/enviro.ubbcluj.ro\/concurs-marcian-bleahu-2\/\">http:\/\/enviro.ubbcluj.ro\/concurs-marcian-bleahu-2\/<\/a>;<\/li>\n<li><strong>Filoz\u00f3fia szak: <\/strong><em>Filoz\u00f3fia essz\u00e9verseny<\/em>, az essz\u00e9k bead\u00e1s\u00e1nak hat\u00e1rideje 2019. m\u00e1rcius 30. R\u00e9szletek: <a href=\"http:\/\/filozofia.hiphi.ubbcluj.ro\/esszepalyazat\">http:\/\/filozofia.hiphi.ubbcluj.ro\/esszepalyazat<\/a>;<\/li>\n<li><strong>Szociol\u00f3gia <\/strong>\u00e9s<strong> antropol\u00f3gia szakok: <\/strong><em>Venczel J\u00f3zsef szociol\u00f3gia \u00e9s antropol\u00f3gia essz\u00e9verseny<\/em>, az essz\u00e9k bek\u00fcld\u00e9si hat\u00e1rideje 2019. \u00e1prilis folyam\u00e1n, tov\u00e1bbi r\u00e9szletek: <a href=\"http:\/\/socasis.ubbcluj.ro\/hu\/venczel-jozsef-esszeverseny\/\">http:\/\/socasis.ubbcluj.ro\/hu\/venczel-jozsef-esszeverseny\/<\/a>;<\/li>\n<li><strong>Szoci\u00e1lis munka szak: <\/strong><em>\u00d6nk\u00e9ntesek versenye<\/em>, jelentkez\u00e9si hat\u00e1rid\u0151: 2019. \u00e1prilis folyam\u00e1n, tov\u00e1bbi r\u00e9szletek: <a href=\"http:\/\/socasis.ubbcluj.ro\/category\/pentru-liceeni\/olimpiada-voluntarilor\/\">http:\/\/socasis.ubbcluj.ro\/category\/pentru-liceeni\/olimpiada-voluntarilor\/<\/a>;<\/li>\n<li><strong>K\u00f6zgazdas\u00e1g- <\/strong>\u00e9s<strong> gazd\u00e1lkod\u00e1studom\u00e1nyok:<\/strong> <em>XI. K\u00f6z\u00e9piskol\u00e1sok \u00dczleti Tan\u00e1csad\u00f3 Versenye<\/em> (2019. m\u00e1rcius 22\u201324.) \u00e9s az <em>Oeconomicus Napocensis k\u00f6zgazdas\u00e1gtudom\u00e1nyi verseny <\/em>(2019. m\u00e1rcius 9. \u00e9s 2019. \u00e1prilis 13.). R\u00e9szletek: <a href=\"http:\/\/hu.econ.ubbcluj.ro\/\">http:\/\/hu.econ.ubbcluj.ro\/<\/a> \u00e9s <a href=\"http:\/\/193.231.19.17\/oeconomicus\/\">http:\/\/193.231.19.17\/oeconomicus\/<\/a>;<\/li>\n<li><strong>\u00dajs\u00e1g\u00edr\u00e1s szak:<\/strong> Sajt\u00f3anyag l\u00e9trehoz\u00e1sa t\u00e9m\u00e1j\u00fa p\u00e1ly\u00e1zat, bek\u00fcld\u00e9si hat\u00e1rid\u0151 2019. m\u00e1rcius 26. R\u00e9szletek: <a href=\"https:\/\/bit.ly\/2RIR9q7\">https:\/\/bit.ly\/2RIR9q7<\/a>;<\/li>\n<li><strong>Vall\u00e1spedag\u00f3gia szak:<\/strong> <em>Vall\u00e1solimpia V. \u00e9s XII. oszt\u00e1lyos tanul\u00f3knak<\/em> Zilahon \u00a0(2019. \u00e1prilis 22\u201324.). R\u00e9szletek: <a href=\"https:\/\/rt.ubbcluj.ro\/felveteli-2019\/\">https:\/\/rt.ubbcluj.ro\/felveteli-2019\/<\/a>;<\/li>\n<li><strong>Zenepedag\u00f3gia szak:<\/strong> <em>MuziCaravana-Zenekarav\u00e1n \u2013 Zenei tehets\u00e9gkutat\u00f3 verseny <\/em>(2019. \u00e1prilis). R\u00e9szletek: <a href=\"https:\/\/rt.ubbcluj.ro\/felveteli-2019\/\">https:\/\/rt.ubbcluj.ro\/felveteli-2019\/<\/a>.<\/li>\n<li><strong>R\u00f3mai Katolikus Teol\u00f3gia Kar: <\/strong><em>Magyar Nyelv\u0171 R\u00f3mai Katolikus Hittanolimpia <\/em>Sepsiszentgy\u00f6rgy\u00f6n (2019. \u00e1prilis 22\u201324.). R\u00e9szletek: <a href=\"https:\/\/hittanolimpia.romkat.ro\/\">https:\/\/hittanolimpia.romkat.ro\/<\/a>.<\/li>\n<\/ul>\n<p style=\"text-align: justify;\">A BBTE <strong>Matematika \u00e9s Informatika<\/strong> Kar\u00e1nak oktat\u00f3i a 2018\u20132019-es egyetemi tan\u00e9vben ugyanakkor <strong>ingyenes felv\u00e9teli felk\u00e9sz\u00edt\u0151<\/strong><strong>ket<\/strong> is tartanak matematik\u00e1b\u00f3l \u00e9s informatik\u00e1b\u00f3l k\u00f6z\u00e9piskol\u00e1sok sz\u00e1m\u00e1ra. A jelentkez\u0151k felk\u00e9sz\u00fclhetnek a BBTE Matek-Inf\u00f3 verseny\u00e9re, illetve a 2019-as egyetemi felv\u00e9teli vizsg\u00e1ra. A felk\u00e9sz\u00edt\u0151k napt\u00e1ra el\u00e9rhet\u0151 a Matematika \u00e9s Informatika Kar honlapj\u00e1n: <a href=\"https:\/\/bit.ly\/2MmVo4R\">https:\/\/bit.ly\/2MmVo4R<\/a>.<\/p>\n<p style=\"text-align: justify;\">A <strong>Magyar Sz\u00ednh\u00e1zi Int\u00e9zet<\/strong> is szervez felv\u00e9teli felk\u00e9sz\u00edt\u0151ket, amelyekre a 2018\u20132019-es tanulm\u00e1nyi \u00e9v m\u00e1sodik f\u00e9l\u00e9v\u00e9ben ker\u00fcl sor. R\u00e9szletek: <a href=\"https:\/\/bit.ly\/2AUedrw\">https:\/\/bit.ly\/2AUedrw<\/a>.<\/p>\n<p style=\"text-align: justify;\">A BBTE Magyar Tagozata \u00e1ltal szervezett, felv\u00e9telit helyettes\u00edt\u0151 tant\u00e1rgyversenyekr\u0151l a <a href=\"https:\/\/admitere.ubbcluj.ro\/hu\/licenta\/concursuri_admitere\">felv\u00e9teli\u00a0honlapon<\/a> lehet t\u00e1j\u00e9koz\u00f3dni r\u00e9szletesebben.<\/p>\n<p><a href=\"https:\/\/news.ubbcluj.ro\/hu\/wp-content\/uploads\/2019\/01\/BBTE_felv\u00e9teli_versenyek-01.png\" data-rel=\"lightbox-gallery-6qJWbHuh\" data-rl_title=\"\" data-rl_caption=\"\" title=\"\"><img loading=\"lazy\" decoding=\"async\" class=\"wp-image-2956 aligncenter\" src=\"https:\/\/news.ubbcluj.ro\/hu\/wp-content\/uploads\/2019\/01\/BBTE_felv\u00e9teli_versenyek-01.png\" alt=\"\" width=\"589\" height=\"636\" data-id=\"2956\" \/><\/a><\/p>\n","protected":false},"excerpt":{"rendered":"<p>Az id\u00e9n is megszervezik a Babe\u015f\u2013Bolyai Tudom\u00e1nyegyetem egyes karai azokat a tant\u00e1rgyversenyeket, amelyek helyettes\u00edthetik a 2019\u20132020-as egyetemi tan\u00e9vre meghirdetett felv\u00e9teli vizsg\u00e1t. A tant\u00e1rgyversenyen j\u00f3 eredm\u00e9nyt el\u00e9rt di\u00e1kok felv\u00e9telt nyerhetnek a BBTE-re, amennyiben megszerzik az \u00e9retts\u00e9gi oklevelet. A legjobb eredm\u00e9nyeket el\u00e9r\u0151k &hellip;<\/p>\n<p class=\"read-more\"> <a class=\"more-link\" href=\"https:\/\/news.ubbcluj.ro\/hu\/felveteli-vizsgat-helyettesito-versenyeket-es-ingyenes-felkeszitoket-szervez-a-bbte-kozepiskolasok-szamara-2\/\"> <span class=\"screen-reader-text\">Felv\u00e9teli vizsg\u00e1t helyettes\u00edt\u0151 versenyeket \u00e9s ingyenes felk\u00e9sz\u00edt\u0151ket szervez a BBTE k\u00f6z\u00e9piskol\u00e1sok sz\u00e1m\u00e1ra<\/span> Tov\u00e1bb &raquo;<\/a><\/p>\n","protected":false},"author":9,"featured_media":2956,"comment_status":"closed","ping_status":"closed","sticky":false,"template":"","format":"standard","meta":{"footnotes":""},"categories":[17,6,7],"tags":[],"yoast_head":"<!-- This site is optimized with the Yoast SEO plugin v21.9.1 - https:\/\/yoast.com\/wordpress\/plugins\/seo\/ -->\n<title>Felv\u00e9teli vizsg\u00e1t helyettes\u00edt\u0151 versenyeket \u00e9s ingyenes felk\u00e9sz\u00edt\u0151ket szervez a BBTE k\u00f6z\u00e9piskol\u00e1sok sz\u00e1m\u00e1ra - Kommunik\u00e1ci\u00f3 \u00e9s PR iroda<\/title>\n<meta name=\"robots\" content=\"index, follow, max-snippet:-1, max-image-preview:large, max-video-preview:-1\" \/>\n<link rel=\"canonical\" href=\"https:\/\/news.ubbcluj.ro\/hu\/felveteli-vizsgat-helyettesito-versenyeket-es-ingyenes-felkeszitoket-szervez-a-bbte-kozepiskolasok-szamara-2\/\" \/>\n<meta property=\"og:locale\" content=\"hu_HU\" \/>\n<meta property=\"og:type\" content=\"article\" \/>\n<meta property=\"og:title\" content=\"Felv\u00e9teli vizsg\u00e1t helyettes\u00edt\u0151 versenyeket \u00e9s ingyenes felk\u00e9sz\u00edt\u0151ket szervez a BBTE k\u00f6z\u00e9piskol\u00e1sok sz\u00e1m\u00e1ra - Kommunik\u00e1ci\u00f3 \u00e9s PR iroda\" \/>\n<meta property=\"og:description\" content=\"Az id\u00e9n is megszervezik a Babe\u015f\u2013Bolyai Tudom\u00e1nyegyetem egyes karai azokat a tant\u00e1rgyversenyeket, amelyek helyettes\u00edthetik a 2019\u20132020-as egyetemi tan\u00e9vre meghirdetett felv\u00e9teli vizsg\u00e1t. A tant\u00e1rgyversenyen j\u00f3 eredm\u00e9nyt el\u00e9rt di\u00e1kok felv\u00e9telt nyerhetnek a BBTE-re, amennyiben megszerzik az \u00e9retts\u00e9gi oklevelet. A legjobb eredm\u00e9nyeket el\u00e9r\u0151k &hellip; Felv\u00e9teli vizsg\u00e1t helyettes\u00edt\u0151 versenyeket \u00e9s ingyenes felk\u00e9sz\u00edt\u0151ket szervez a BBTE k\u00f6z\u00e9piskol\u00e1sok sz\u00e1m\u00e1ra Tov\u00e1bb &raquo;\" \/>\n<meta property=\"og:url\" content=\"https:\/\/news.ubbcluj.ro\/hu\/felveteli-vizsgat-helyettesito-versenyeket-es-ingyenes-felkeszitoket-szervez-a-bbte-kozepiskolasok-szamara-2\/\" \/>\n<meta property=\"og:site_name\" content=\"Kommunik\u00e1ci\u00f3 \u00e9s PR iroda\" \/>\n<meta property=\"article:published_time\" content=\"2019-01-21T11:39:16+00:00\" \/>\n<meta property=\"article:modified_time\" content=\"2019-01-21T11:44:45+00:00\" \/>\n<meta property=\"og:image\" content=\"https:\/\/news.ubbcluj.ro\/hu\/wp-content\/uploads\/2019\/01\/BBTE_felv\u00e9teli_versenyek-01-1024x576.png\" \/>\n\t<meta property=\"og:image:width\" content=\"1024\" \/>\n\t<meta property=\"og:image:height\" content=\"576\" \/>\n\t<meta property=\"og:image:type\" content=\"image\/png\" \/>\n<meta name=\"author\" content=\"Bilibok Ren\u00e1ta\" \/>\n<meta name=\"twitter:card\" content=\"summary_large_image\" \/>\n<meta name=\"twitter:label1\" content=\"Szerz\u0151:\" \/>\n\t<meta name=\"twitter:data1\" content=\"Bilibok Ren\u00e1ta\" \/>\n\t<meta name=\"twitter:label2\" content=\"Becs\u00fclt olvas\u00e1si id\u0151\" \/>\n\t<meta name=\"twitter:data2\" content=\"3 perc\" \/>\n<script type=\"application\/ld+json\" class=\"yoast-schema-graph\">{\"@context\":\"https:\/\/schema.org\",\"@graph\":[{\"@type\":\"WebPage\",\"@id\":\"https:\/\/news.ubbcluj.ro\/hu\/felveteli-vizsgat-helyettesito-versenyeket-es-ingyenes-felkeszitoket-szervez-a-bbte-kozepiskolasok-szamara-2\/\",\"url\":\"https:\/\/news.ubbcluj.ro\/hu\/felveteli-vizsgat-helyettesito-versenyeket-es-ingyenes-felkeszitoket-szervez-a-bbte-kozepiskolasok-szamara-2\/\",\"name\":\"Felv\u00e9teli vizsg\u00e1t helyettes\u00edt\u0151 versenyeket \u00e9s ingyenes felk\u00e9sz\u00edt\u0151ket szervez a BBTE k\u00f6z\u00e9piskol\u00e1sok sz\u00e1m\u00e1ra - Kommunik\u00e1ci\u00f3 \u00e9s PR iroda\",\"isPartOf\":{\"@id\":\"https:\/\/news.ubbcluj.ro\/hu\/#website\"},\"datePublished\":\"2019-01-21T11:39:16+00:00\",\"dateModified\":\"2019-01-21T11:44:45+00:00\",\"author\":{\"@id\":\"https:\/\/news.ubbcluj.ro\/hu\/#\/schema\/person\/0768248bd5e1ed05f87b7be96b4c3d9c\"},\"breadcrumb\":{\"@id\":\"https:\/\/news.ubbcluj.ro\/hu\/felveteli-vizsgat-helyettesito-versenyeket-es-ingyenes-felkeszitoket-szervez-a-bbte-kozepiskolasok-szamara-2\/#breadcrumb\"},\"inLanguage\":\"hu\",\"potentialAction\":[{\"@type\":\"ReadAction\",\"target\":[\"https:\/\/news.ubbcluj.ro\/hu\/felveteli-vizsgat-helyettesito-versenyeket-es-ingyenes-felkeszitoket-szervez-a-bbte-kozepiskolasok-szamara-2\/\"]}]},{\"@type\":\"BreadcrumbList\",\"@id\":\"https:\/\/news.ubbcluj.ro\/hu\/felveteli-vizsgat-helyettesito-versenyeket-es-ingyenes-felkeszitoket-szervez-a-bbte-kozepiskolasok-szamara-2\/#breadcrumb\",\"itemListElement\":[{\"@type\":\"ListItem\",\"position\":1,\"name\":\"Home\",\"item\":\"https:\/\/news.ubbcluj.ro\/hu\/\"},{\"@type\":\"ListItem\",\"position\":2,\"name\":\"Felv\u00e9teli vizsg\u00e1t helyettes\u00edt\u0151 versenyeket \u00e9s ingyenes felk\u00e9sz\u00edt\u0151ket szervez a BBTE k\u00f6z\u00e9piskol\u00e1sok sz\u00e1m\u00e1ra\"}]},{\"@type\":\"WebSite\",\"@id\":\"https:\/\/news.ubbcluj.ro\/hu\/#website\",\"url\":\"https:\/\/news.ubbcluj.ro\/hu\/\",\"name\":\"Kommunik\u00e1ci\u00f3 \u00e9s PR iroda\",\"description\":\"Babe\u0219-Bolyai Tudom\u00e1negyetem\",\"potentialAction\":[{\"@type\":\"SearchAction\",\"target\":{\"@type\":\"EntryPoint\",\"urlTemplate\":\"https:\/\/news.ubbcluj.ro\/hu\/?s={search_term_string}\"},\"query-input\":\"required name=search_term_string\"}],\"inLanguage\":\"hu\"},{\"@type\":\"Person\",\"@id\":\"https:\/\/news.ubbcluj.ro\/hu\/#\/schema\/person\/0768248bd5e1ed05f87b7be96b4c3d9c\",\"name\":\"Bilibok Ren\u00e1ta\",\"url\":\"https:\/\/news.ubbcluj.ro\/hu\/author\/renata-bilibok\/\"}]}<\/script>\n<!-- \/ Yoast SEO plugin. -->","yoast_head_json":{"title":"Felv\u00e9teli vizsg\u00e1t helyettes\u00edt\u0151 versenyeket \u00e9s ingyenes felk\u00e9sz\u00edt\u0151ket szervez a BBTE k\u00f6z\u00e9piskol\u00e1sok sz\u00e1m\u00e1ra - Kommunik\u00e1ci\u00f3 \u00e9s PR iroda","robots":{"index":"index","follow":"follow","max-snippet":"max-snippet:-1","max-image-preview":"max-image-preview:large","max-video-preview":"max-video-preview:-1"},"canonical":"https:\/\/news.ubbcluj.ro\/hu\/felveteli-vizsgat-helyettesito-versenyeket-es-ingyenes-felkeszitoket-szervez-a-bbte-kozepiskolasok-szamara-2\/","og_locale":"hu_HU","og_type":"article","og_title":"Felv\u00e9teli vizsg\u00e1t helyettes\u00edt\u0151 versenyeket \u00e9s ingyenes felk\u00e9sz\u00edt\u0151ket szervez a BBTE k\u00f6z\u00e9piskol\u00e1sok sz\u00e1m\u00e1ra - Kommunik\u00e1ci\u00f3 \u00e9s PR iroda","og_description":"Az id\u00e9n is megszervezik a Babe\u015f\u2013Bolyai Tudom\u00e1nyegyetem egyes karai azokat a tant\u00e1rgyversenyeket, amelyek helyettes\u00edthetik a 2019\u20132020-as egyetemi tan\u00e9vre meghirdetett felv\u00e9teli vizsg\u00e1t. A tant\u00e1rgyversenyen j\u00f3 eredm\u00e9nyt el\u00e9rt di\u00e1kok felv\u00e9telt nyerhetnek a BBTE-re, amennyiben megszerzik az \u00e9retts\u00e9gi oklevelet. A legjobb eredm\u00e9nyeket el\u00e9r\u0151k &hellip; Felv\u00e9teli vizsg\u00e1t helyettes\u00edt\u0151 versenyeket \u00e9s ingyenes felk\u00e9sz\u00edt\u0151ket szervez a BBTE k\u00f6z\u00e9piskol\u00e1sok sz\u00e1m\u00e1ra Tov\u00e1bb &raquo;","og_url":"https:\/\/news.ubbcluj.ro\/hu\/felveteli-vizsgat-helyettesito-versenyeket-es-ingyenes-felkeszitoket-szervez-a-bbte-kozepiskolasok-szamara-2\/","og_site_name":"Kommunik\u00e1ci\u00f3 \u00e9s PR iroda","article_published_time":"2019-01-21T11:39:16+00:00","article_modified_time":"2019-01-21T11:44:45+00:00","og_image":[{"width":1024,"height":576,"url":"https:\/\/news.ubbcluj.ro\/hu\/wp-content\/uploads\/2019\/01\/BBTE_felv\u00e9teli_versenyek-01-1024x576.png","type":"image\/png"}],"author":"Bilibok Ren\u00e1ta","twitter_card":"summary_large_image","twitter_misc":{"Szerz\u0151:":"Bilibok Ren\u00e1ta","Becs\u00fclt olvas\u00e1si id\u0151":"3 perc"},"schema":{"@context":"https:\/\/schema.org","@graph":[{"@type":"WebPage","@id":"https:\/\/news.ubbcluj.ro\/hu\/felveteli-vizsgat-helyettesito-versenyeket-es-ingyenes-felkeszitoket-szervez-a-bbte-kozepiskolasok-szamara-2\/","url":"https:\/\/news.ubbcluj.ro\/hu\/felveteli-vizsgat-helyettesito-versenyeket-es-ingyenes-felkeszitoket-szervez-a-bbte-kozepiskolasok-szamara-2\/","name":"Felv\u00e9teli vizsg\u00e1t helyettes\u00edt\u0151 versenyeket \u00e9s ingyenes felk\u00e9sz\u00edt\u0151ket szervez a BBTE k\u00f6z\u00e9piskol\u00e1sok sz\u00e1m\u00e1ra - Kommunik\u00e1ci\u00f3 \u00e9s PR iroda","isPartOf":{"@id":"https:\/\/news.ubbcluj.ro\/hu\/#website"},"datePublished":"2019-01-21T11:39:16+00:00","dateModified":"2019-01-21T11:44:45+00:00","author":{"@id":"https:\/\/news.ubbcluj.ro\/hu\/#\/schema\/person\/0768248bd5e1ed05f87b7be96b4c3d9c"},"breadcrumb":{"@id":"https:\/\/news.ubbcluj.ro\/hu\/felveteli-vizsgat-helyettesito-versenyeket-es-ingyenes-felkeszitoket-szervez-a-bbte-kozepiskolasok-szamara-2\/#breadcrumb"},"inLanguage":"hu","potentialAction":[{"@type":"ReadAction","target":["https:\/\/news.ubbcluj.ro\/hu\/felveteli-vizsgat-helyettesito-versenyeket-es-ingyenes-felkeszitoket-szervez-a-bbte-kozepiskolasok-szamara-2\/"]}]},{"@type":"BreadcrumbList","@id":"https:\/\/news.ubbcluj.ro\/hu\/felveteli-vizsgat-helyettesito-versenyeket-es-ingyenes-felkeszitoket-szervez-a-bbte-kozepiskolasok-szamara-2\/#breadcrumb","itemListElement":[{"@type":"ListItem","position":1,"name":"Home","item":"https:\/\/news.ubbcluj.ro\/hu\/"},{"@type":"ListItem","position":2,"name":"Felv\u00e9teli vizsg\u00e1t helyettes\u00edt\u0151 versenyeket \u00e9s ingyenes felk\u00e9sz\u00edt\u0151ket szervez a BBTE k\u00f6z\u00e9piskol\u00e1sok sz\u00e1m\u00e1ra"}]},{"@type":"WebSite","@id":"https:\/\/news.ubbcluj.ro\/hu\/#website","url":"https:\/\/news.ubbcluj.ro\/hu\/","name":"Kommunik\u00e1ci\u00f3 \u00e9s PR iroda","description":"Babe\u0219-Bolyai Tudom\u00e1negyetem","potentialAction":[{"@type":"SearchAction","target":{"@type":"EntryPoint","urlTemplate":"https:\/\/news.ubbcluj.ro\/hu\/?s={search_term_string}"},"query-input":"required name=search_term_string"}],"inLanguage":"hu"},{"@type":"Person","@id":"https:\/\/news.ubbcluj.ro\/hu\/#\/schema\/person\/0768248bd5e1ed05f87b7be96b4c3d9c","name":"Bilibok Ren\u00e1ta","url":"https:\/\/news.ubbcluj.ro\/hu\/author\/renata-bilibok\/"}]}},"_links":{"self":[{"href":"https:\/\/news.ubbcluj.ro\/hu\/wp-json\/wp\/v2\/posts\/2955"}],"collection":[{"href":"https:\/\/news.ubbcluj.ro\/hu\/wp-json\/wp\/v2\/posts"}],"about":[{"href":"https:\/\/news.ubbcluj.ro\/hu\/wp-json\/wp\/v2\/types\/post"}],"author":[{"embeddable":true,"href":"https:\/\/news.ubbcluj.ro\/hu\/wp-json\/wp\/v2\/users\/9"}],"replies":[{"embeddable":true,"href":"https:\/\/news.ubbcluj.ro\/hu\/wp-json\/wp\/v2\/comments?post=2955"}],"version-history":[{"count":6,"href":"https:\/\/news.ubbcluj.ro\/hu\/wp-json\/wp\/v2\/posts\/2955\/revisions"}],"predecessor-version":[{"id":2962,"href":"https:\/\/news.ubbcluj.ro\/hu\/wp-json\/wp\/v2\/posts\/2955\/revisions\/2962"}],"wp:featuredmedia":[{"embeddable":true,"href":"https:\/\/news.ubbcluj.ro\/hu\/wp-json\/wp\/v2\/media\/2956"}],"wp:attachment":[{"href":"https:\/\/news.ubbcluj.ro\/hu\/wp-json\/wp\/v2\/media?parent=2955"}],"wp:term":[{"taxonomy":"category","embeddable":true,"href":"https:\/\/news.ubbcluj.ro\/hu\/wp-json\/wp\/v2\/categories?post=2955"},{"taxonomy":"post_tag","embeddable":true,"href":"https:\/\/news.ubbcluj.ro\/hu\/wp-json\/wp\/v2\/tags?post=2955"}],"curies":[{"name":"wp","href":"https:\/\/api.w.org\/{rel}","templated":true}]}}