{"id":3705,"date":"2020-04-14T12:20:15","date_gmt":"2020-04-14T09:20:15","guid":{"rendered":"https:\/\/news.ubbcluj.ro\/hu\/?p=3705"},"modified":"2020-04-14T12:16:36","modified_gmt":"2020-04-14T09:16:36","slug":"a-bbte-a-legjobb-egyetem-romaniaban-a-2019-es-egyetemi-metarangsor-alapjan","status":"publish","type":"post","link":"https:\/\/news.ubbcluj.ro\/hu\/a-bbte-a-legjobb-egyetem-romaniaban-a-2019-es-egyetemi-metarangsor-alapjan\/","title":{"rendered":"A BBTE a legjobb egyetem Rom\u00e1ni\u00e1ban a 2019-es Egyetemi Metarangsor alapj\u00e1n"},"content":{"rendered":"<p style=\"text-align: justify;\">A kolozsv\u00e1ri Babe\u0219\u2013Bolyai Tudom\u00e1nyegyetem ebben az \u00e9vben is legels\u0151 helyen szerepel a rom\u00e1niai egyetemek glob\u00e1lis rangsor\u00e1ban, a 2019-es <em>Egyetemi Metarangsor<\/em>ban (<u><a href=\"https:\/\/ad-astra.ro\/2019\/11\/14\/a-fost-finalizat-exercitiul-national-de-metaranking-universitar-2019\/\">https:\/\/ad-astra.ro\/2019\/11\/14\/a-fost-finalizat-exercitiul-national-de-metaranking-universitar-2019\/<\/a><\/u>). A m\u00e1sodik helyre a Bukaresti Tudom\u00e1nyegyetem, a harmadik helyre pedig a Bukaresti M\u0171szaki Egyetem ker\u00fclt.<\/p>\n<p style=\"text-align: justify;\">Az Ad Astra Kutat\u00f3i Egyes\u00fclet \u00e1ltal \u00f6ssze\u00e1ll\u00edtott Egyetemi Metarangsor a rom\u00e1niai egyetemek hierarchi\u00e1j\u00e1t az egy\u00e9ni teljes\u00edtm\u00e9ny\u00fck alapj\u00e1n hat\u00e1rozza meg, a fels\u0151oktat\u00e1si int\u00e9zm\u00e9nyek nemzetk\u00f6zi rangsorol\u00e1s\u00e1nak f\u00fcggv\u00e9ny\u00e9ben.<\/p>\n<p style=\"text-align: justify;\"><strong><em>\u201eImm\u00e1r negyedik esztendeje, hogy a metarangsorban orsz\u00e1gos szinten a legels\u0151 helyre ker\u00fclt\u00fcnk, \u00edgy m\u00e9lt\u00f3s\u00e1ggal n\u00e9z\u00fcnk el\u00e9be a 100 \u00e9ves rom\u00e1n tannyelv\u0171 kolozsv\u00e1ri fels\u0151oktat\u00e1s meg\u00fcnnepl\u00e9s\u00e9nek, \u00e9s tisztelettel ad\u00f3zunk az 1581-es kolozsv\u00e1ri egyetemalap\u00edt\u00e1s \u00f3ta eltelt 437 \u00e9v el\u0151tt is.\u201d <\/em><\/strong>\u2013 jelentette ki a BBTE rektora, dr. Ioan-Aurel Pop akad\u00e9mikus, egyetemi tan\u00e1r.<\/p>\n<p style=\"text-align: justify;\">Daniel David egyetemi tan\u00e1r, a BBTE kutat\u00e1s\u00e9rt, versenyk\u00e9pess\u00e9g\u00e9rt-kiv\u00e1l\u00f3s\u00e1g\u00e9rt, valamint a tudom\u00e1nyos kiadv\u00e1nyok\u00e9rt felel\u0151s rektorhelyettese a k\u00f6vetkez\u0151ket nyilatkozta: <strong><em>\u201e\u00d6r\u00f6mmel t\u00f6lt el azt l\u00e1tnom, hogy 2016 \u00f3ta, a negyedik egym\u00e1st k\u00f6vet\u0151 \u00e9vben is a BBTE orsz\u00e1gos szinten a legels\u0151 helyet foglalja el, de f\u0151k\u00e9nt az jelent sz\u00e1momra \u00f6r\u00f6met, hogy egyetem\u00fcnk \u00e9vr\u0151l \u00e9vre n\u00f6velte a nemzetk\u00f6zi rangsorok \u00e1ltal is visszaigazolt teljes\u00edtm\u00e9ny\u00e9t. Mindez akad\u00e9miai\/p\u00e9nz\u00fcgyi er\u0151forr\u00e1sokat jelent, hazai \u00e9s nemzetk\u00f6zi hallgat\u00f3kat, neves egyetemi oktat\u00f3kat \u00e9s kutat\u00f3kat vonz, \u00e9s meger\u0151s\u00edti az int\u00e9zm\u00e9ny min\u0151s\u00e9gi audit\u00e1l\u00e1s\u00e1t, amelynek sor\u00e1n a BBTE tavaly elnyerte a 4 csillagos egyetemi besorol\u00e1st, amely a brit QS STAR nemzetk\u00f6zi audit\u00e1l\u00f3 platform krit\u00e9riumai alapj\u00e1n a kiv\u00e1l\u00f3 nemzetk\u00f6zi oktat\u00f3- \u00e9s kutat\u00f3egyetemi st\u00e1tusnak felel meg.<\/em><\/strong><strong><em>\u201d<\/em><\/strong><\/p>\n<p style=\"text-align: justify;\">Az Egyetemi Metarangsor \u00f6ssze\u00e1ll\u00edt\u00e1sa az Oktat\u00e1si \u00e9s Kutat\u00e1si Miniszt\u00e9rium r\u00e9sz\u00e9r\u0151l 2016-ban kinevezett <em>High Level Experts Group<\/em> tagjai \u00e1ltal javasolt m\u00f3dszertan alapj\u00e1n val\u00f3sult meg. A szak\u00e9rt\u0151i csoport feladata volt, hogy egys\u00e9ges keretbe foglalja az <em>IREG Observatory on Academic Ranking and Excellence\u00a0<\/em>(<u><a href=\"http:\/\/ireg-observatory.org\/en\/inventory-international-rankings\/ranking-profile\">http:\/\/ireg-observatory.org\/en\/inventory-international-rankings\/ranking-profile<\/a><\/u>)\u00a0 \u00e1ltal elismert\/azonos\u00edtott egyetemek legfontosabb nemzetk\u00f6zi oszt\u00e1lyoz\u00e1si rendszereit. 2017-t\u0151l a Metarangsor az Ad Astra Kutat\u00f3i Egyes\u00fclet v\u00e9dn\u00f6ks\u00e9ge alatt k\u00e9sz\u00fcl (<a href=\"https:\/\/ad-astra.ro\/\">https:\/\/ad-astra.ro\/<\/a>).<\/p>\n<p style=\"text-align: justify;\">Az idei \u00e9vre vonatkoz\u00f3 <u><a href=\"https:\/\/ad-astra.ro\/wp-content\/uploads\/2019\/11\/Metarankingul_Universitar_2019.pdf\">z\u00e1r\u00f3jelent\u00e9s<\/a><\/u> alapj\u00e1n a 2019-es Egyetemi Metarangsor c\u00e9lja annak azonos\u00edt\u00e1sa, hogy az oszt\u00e1lyoz\u00e1sba bevont 54 nyilv\u00e1nos egyetem \u00e9s 37 akkredit\u00e1lt mag\u00e1negyetem k\u00f6z\u00fcl melyek azok, amelyek \u201eaz egyetemek legnagyobb rangsoraiban minim\u00e1lis nemzetk\u00f6zi l\u00e1that\u00f3s\u00e1ggal rendelkeznek, \u00e9s jelen vannak a kutat\u00e1sba bevont legal\u00e1bb egy rangsorban, valamint nemzetk\u00f6zi akad\u00e9miai szinten milyen relat\u00edv hat\u00e1ssal b\u00edrnak (a metarangsorban kapott pontsz\u00e1m r\u00e9v\u00e9n)\u201d.<\/p>\n<p style=\"text-align: justify;\">Mivel az Egyetemi Metarangsorba bevont egyetemek sz\u00e1ma fokozatosan n\u00f6vekedett \u2013 2016-ban 20 egyetem volt, 2017-ben 23, 2018-ban 26, m\u00edg a nemr\u00e9g megjelent 2019-es rangsorban 30 egyetem neve szerepel \u2013, szak\u00e9rt\u0151i v\u00e9lem\u00e9nyek szerint nemzetk\u00f6zi viszonylatban emelkedett a rom\u00e1niai egyetemek hat\u00e1sa \u00e9s l\u00e1that\u00f3s\u00e1ga.<\/p>\n<p style=\"text-align: justify;\"><strong><em>\u00a0\u201eA rom\u00e1niai egyetemek \u00f6sszpontsz\u00e1ma a 2016-os metarangsorban 78 volt, a 2017-esben 90, a 2018-asban 99, m\u00edg a jelenlegi pontsz\u00e1m 139. Eszerint, 2016-t\u00f3l kezd\u0151d\u0151en a rom\u00e1niai egyetemek nemzetk\u00f6zi szint\u0171 akad\u00e9miai l\u00e1that\u00f3s\u00e1g\u00e1nak \u00e9s hat\u00e1s\u00e1nak fokozatos, glob\u00e1lis el\u0151rehalad\u00e1s\u00e1t figyelhetj\u00fck meg. Az \u00f6sszpontsz\u00e1m n\u00f6veked\u00e9se nemcsak a nemzetk\u00f6zi rangsorokban megjelen\u0151 rom\u00e1niai egyetemek emelked\u0151 sz\u00e1mar\u00e1ny\u00e1nak k\u00f6sz\u00f6nhet\u0151, hanem a nemzetk\u00f6zi rangsorok alapj\u00e1n k\u00e9sz\u00fclt metarangsorban l\u00e9v\u0151 els\u0151 egyetemek jobb teljes\u00edtm\u00e9ny\u00e9nek is.\u201d <\/em><\/strong>\u2013 der\u00fclt ki az idei rangsorol\u00e1st k\u00eds\u00e9r\u0151 jelent\u00e9sb\u0151l.<\/p>\n<p>&nbsp;<\/p>\n<p style=\"text-align: justify;\"><a href=\"https:\/\/news.ubbcluj.ro\/hu\/wp-content\/uploads\/2018\/12\/log-300x100.png\" data-rel=\"lightbox-gallery-2wIatdci\" data-rl_title=\"\" data-rl_caption=\"\" title=\"\"><img loading=\"lazy\" decoding=\"async\" class=\" wp-image-2911 aligncenter\" src=\"https:\/\/news.ubbcluj.ro\/hu\/wp-content\/uploads\/2018\/12\/log-300x100.png\" alt=\"\" width=\"403\" height=\"148\" data-id=\"2911\" \/><\/a><\/p>\n","protected":false},"excerpt":{"rendered":"<p>A kolozsv\u00e1ri Babe\u0219\u2013Bolyai Tudom\u00e1nyegyetem ebben az \u00e9vben is legels\u0151 helyen szerepel a rom\u00e1niai egyetemek glob\u00e1lis rangsor\u00e1ban, a 2019-es Egyetemi Metarangsorban (https:\/\/ad-astra.ro\/2019\/11\/14\/a-fost-finalizat-exercitiul-national-de-metaranking-universitar-2019\/). A m\u00e1sodik helyre a Bukaresti Tudom\u00e1nyegyetem, a harmadik helyre pedig a Bukaresti M\u0171szaki Egyetem ker\u00fclt. Az Ad Astra Kutat\u00f3i &hellip;<\/p>\n<p class=\"read-more\"> <a class=\"more-link\" href=\"https:\/\/news.ubbcluj.ro\/hu\/a-bbte-a-legjobb-egyetem-romaniaban-a-2019-es-egyetemi-metarangsor-alapjan\/\"> <span class=\"screen-reader-text\">A BBTE a legjobb egyetem Rom\u00e1ni\u00e1ban a 2019-es Egyetemi Metarangsor alapj\u00e1n<\/span> Tov\u00e1bb &raquo;<\/a><\/p>\n","protected":false},"author":9,"featured_media":0,"comment_status":"closed","ping_status":"closed","sticky":false,"template":"","format":"standard","meta":{"footnotes":""},"categories":[17,6,7],"tags":[],"yoast_head":"<!-- This site is optimized with the Yoast SEO plugin v21.9.1 - https:\/\/yoast.com\/wordpress\/plugins\/seo\/ -->\n<title>A BBTE a legjobb egyetem Rom\u00e1ni\u00e1ban a 2019-es Egyetemi Metarangsor alapj\u00e1n - Kommunik\u00e1ci\u00f3 \u00e9s PR iroda<\/title>\n<meta name=\"robots\" content=\"index, follow, max-snippet:-1, max-image-preview:large, max-video-preview:-1\" \/>\n<link rel=\"canonical\" href=\"https:\/\/news.ubbcluj.ro\/hu\/a-bbte-a-legjobb-egyetem-romaniaban-a-2019-es-egyetemi-metarangsor-alapjan\/\" \/>\n<meta property=\"og:locale\" content=\"hu_HU\" \/>\n<meta property=\"og:type\" content=\"article\" \/>\n<meta property=\"og:title\" content=\"A BBTE a legjobb egyetem Rom\u00e1ni\u00e1ban a 2019-es Egyetemi Metarangsor alapj\u00e1n - Kommunik\u00e1ci\u00f3 \u00e9s PR iroda\" \/>\n<meta property=\"og:description\" content=\"A kolozsv\u00e1ri Babe\u0219\u2013Bolyai Tudom\u00e1nyegyetem ebben az \u00e9vben is legels\u0151 helyen szerepel a rom\u00e1niai egyetemek glob\u00e1lis rangsor\u00e1ban, a 2019-es Egyetemi Metarangsorban (https:\/\/ad-astra.ro\/2019\/11\/14\/a-fost-finalizat-exercitiul-national-de-metaranking-universitar-2019\/). A m\u00e1sodik helyre a Bukaresti Tudom\u00e1nyegyetem, a harmadik helyre pedig a Bukaresti M\u0171szaki Egyetem ker\u00fclt. Az Ad Astra Kutat\u00f3i &hellip; A BBTE a legjobb egyetem Rom\u00e1ni\u00e1ban a 2019-es Egyetemi Metarangsor alapj\u00e1n Tov\u00e1bb &raquo;\" \/>\n<meta property=\"og:url\" content=\"https:\/\/news.ubbcluj.ro\/hu\/a-bbte-a-legjobb-egyetem-romaniaban-a-2019-es-egyetemi-metarangsor-alapjan\/\" \/>\n<meta property=\"og:site_name\" content=\"Kommunik\u00e1ci\u00f3 \u00e9s PR iroda\" \/>\n<meta property=\"article:published_time\" content=\"2020-04-14T09:20:15+00:00\" \/>\n<meta property=\"article:modified_time\" content=\"2020-04-14T09:16:36+00:00\" \/>\n<meta property=\"og:image\" content=\"https:\/\/news.ubbcluj.ro\/hu\/wp-content\/uploads\/2018\/12\/log-300x100.png\" \/>\n<meta name=\"author\" content=\"Bilibok Ren\u00e1ta\" \/>\n<meta name=\"twitter:card\" content=\"summary_large_image\" \/>\n<meta name=\"twitter:label1\" content=\"Szerz\u0151:\" \/>\n\t<meta name=\"twitter:data1\" content=\"Bilibok Ren\u00e1ta\" \/>\n\t<meta name=\"twitter:label2\" content=\"Becs\u00fclt olvas\u00e1si id\u0151\" \/>\n\t<meta name=\"twitter:data2\" content=\"3 perc\" \/>\n<script type=\"application\/ld+json\" class=\"yoast-schema-graph\">{\"@context\":\"https:\/\/schema.org\",\"@graph\":[{\"@type\":\"WebPage\",\"@id\":\"https:\/\/news.ubbcluj.ro\/hu\/a-bbte-a-legjobb-egyetem-romaniaban-a-2019-es-egyetemi-metarangsor-alapjan\/\",\"url\":\"https:\/\/news.ubbcluj.ro\/hu\/a-bbte-a-legjobb-egyetem-romaniaban-a-2019-es-egyetemi-metarangsor-alapjan\/\",\"name\":\"A BBTE a legjobb egyetem Rom\u00e1ni\u00e1ban a 2019-es Egyetemi Metarangsor alapj\u00e1n - Kommunik\u00e1ci\u00f3 \u00e9s PR iroda\",\"isPartOf\":{\"@id\":\"https:\/\/news.ubbcluj.ro\/hu\/#website\"},\"datePublished\":\"2020-04-14T09:20:15+00:00\",\"dateModified\":\"2020-04-14T09:16:36+00:00\",\"author\":{\"@id\":\"https:\/\/news.ubbcluj.ro\/hu\/#\/schema\/person\/0768248bd5e1ed05f87b7be96b4c3d9c\"},\"breadcrumb\":{\"@id\":\"https:\/\/news.ubbcluj.ro\/hu\/a-bbte-a-legjobb-egyetem-romaniaban-a-2019-es-egyetemi-metarangsor-alapjan\/#breadcrumb\"},\"inLanguage\":\"hu\",\"potentialAction\":[{\"@type\":\"ReadAction\",\"target\":[\"https:\/\/news.ubbcluj.ro\/hu\/a-bbte-a-legjobb-egyetem-romaniaban-a-2019-es-egyetemi-metarangsor-alapjan\/\"]}]},{\"@type\":\"BreadcrumbList\",\"@id\":\"https:\/\/news.ubbcluj.ro\/hu\/a-bbte-a-legjobb-egyetem-romaniaban-a-2019-es-egyetemi-metarangsor-alapjan\/#breadcrumb\",\"itemListElement\":[{\"@type\":\"ListItem\",\"position\":1,\"name\":\"Home\",\"item\":\"https:\/\/news.ubbcluj.ro\/hu\/\"},{\"@type\":\"ListItem\",\"position\":2,\"name\":\"A BBTE a legjobb egyetem Rom\u00e1ni\u00e1ban a 2019-es Egyetemi Metarangsor alapj\u00e1n\"}]},{\"@type\":\"WebSite\",\"@id\":\"https:\/\/news.ubbcluj.ro\/hu\/#website\",\"url\":\"https:\/\/news.ubbcluj.ro\/hu\/\",\"name\":\"Kommunik\u00e1ci\u00f3 \u00e9s PR iroda\",\"description\":\"Babe\u0219-Bolyai Tudom\u00e1negyetem\",\"potentialAction\":[{\"@type\":\"SearchAction\",\"target\":{\"@type\":\"EntryPoint\",\"urlTemplate\":\"https:\/\/news.ubbcluj.ro\/hu\/?s={search_term_string}\"},\"query-input\":\"required name=search_term_string\"}],\"inLanguage\":\"hu\"},{\"@type\":\"Person\",\"@id\":\"https:\/\/news.ubbcluj.ro\/hu\/#\/schema\/person\/0768248bd5e1ed05f87b7be96b4c3d9c\",\"name\":\"Bilibok Ren\u00e1ta\",\"url\":\"https:\/\/news.ubbcluj.ro\/hu\/author\/renata-bilibok\/\"}]}<\/script>\n<!-- \/ Yoast SEO plugin. -->","yoast_head_json":{"title":"A BBTE a legjobb egyetem Rom\u00e1ni\u00e1ban a 2019-es Egyetemi Metarangsor alapj\u00e1n - Kommunik\u00e1ci\u00f3 \u00e9s PR iroda","robots":{"index":"index","follow":"follow","max-snippet":"max-snippet:-1","max-image-preview":"max-image-preview:large","max-video-preview":"max-video-preview:-1"},"canonical":"https:\/\/news.ubbcluj.ro\/hu\/a-bbte-a-legjobb-egyetem-romaniaban-a-2019-es-egyetemi-metarangsor-alapjan\/","og_locale":"hu_HU","og_type":"article","og_title":"A BBTE a legjobb egyetem Rom\u00e1ni\u00e1ban a 2019-es Egyetemi Metarangsor alapj\u00e1n - Kommunik\u00e1ci\u00f3 \u00e9s PR iroda","og_description":"A kolozsv\u00e1ri Babe\u0219\u2013Bolyai Tudom\u00e1nyegyetem ebben az \u00e9vben is legels\u0151 helyen szerepel a rom\u00e1niai egyetemek glob\u00e1lis rangsor\u00e1ban, a 2019-es Egyetemi Metarangsorban (https:\/\/ad-astra.ro\/2019\/11\/14\/a-fost-finalizat-exercitiul-national-de-metaranking-universitar-2019\/). A m\u00e1sodik helyre a Bukaresti Tudom\u00e1nyegyetem, a harmadik helyre pedig a Bukaresti M\u0171szaki Egyetem ker\u00fclt. Az Ad Astra Kutat\u00f3i &hellip; A BBTE a legjobb egyetem Rom\u00e1ni\u00e1ban a 2019-es Egyetemi Metarangsor alapj\u00e1n Tov\u00e1bb &raquo;","og_url":"https:\/\/news.ubbcluj.ro\/hu\/a-bbte-a-legjobb-egyetem-romaniaban-a-2019-es-egyetemi-metarangsor-alapjan\/","og_site_name":"Kommunik\u00e1ci\u00f3 \u00e9s PR iroda","article_published_time":"2020-04-14T09:20:15+00:00","article_modified_time":"2020-04-14T09:16:36+00:00","og_image":[{"url":"https:\/\/news.ubbcluj.ro\/hu\/wp-content\/uploads\/2018\/12\/log-300x100.png"}],"author":"Bilibok Ren\u00e1ta","twitter_card":"summary_large_image","twitter_misc":{"Szerz\u0151:":"Bilibok Ren\u00e1ta","Becs\u00fclt olvas\u00e1si id\u0151":"3 perc"},"schema":{"@context":"https:\/\/schema.org","@graph":[{"@type":"WebPage","@id":"https:\/\/news.ubbcluj.ro\/hu\/a-bbte-a-legjobb-egyetem-romaniaban-a-2019-es-egyetemi-metarangsor-alapjan\/","url":"https:\/\/news.ubbcluj.ro\/hu\/a-bbte-a-legjobb-egyetem-romaniaban-a-2019-es-egyetemi-metarangsor-alapjan\/","name":"A BBTE a legjobb egyetem Rom\u00e1ni\u00e1ban a 2019-es Egyetemi Metarangsor alapj\u00e1n - Kommunik\u00e1ci\u00f3 \u00e9s PR iroda","isPartOf":{"@id":"https:\/\/news.ubbcluj.ro\/hu\/#website"},"datePublished":"2020-04-14T09:20:15+00:00","dateModified":"2020-04-14T09:16:36+00:00","author":{"@id":"https:\/\/news.ubbcluj.ro\/hu\/#\/schema\/person\/0768248bd5e1ed05f87b7be96b4c3d9c"},"breadcrumb":{"@id":"https:\/\/news.ubbcluj.ro\/hu\/a-bbte-a-legjobb-egyetem-romaniaban-a-2019-es-egyetemi-metarangsor-alapjan\/#breadcrumb"},"inLanguage":"hu","potentialAction":[{"@type":"ReadAction","target":["https:\/\/news.ubbcluj.ro\/hu\/a-bbte-a-legjobb-egyetem-romaniaban-a-2019-es-egyetemi-metarangsor-alapjan\/"]}]},{"@type":"BreadcrumbList","@id":"https:\/\/news.ubbcluj.ro\/hu\/a-bbte-a-legjobb-egyetem-romaniaban-a-2019-es-egyetemi-metarangsor-alapjan\/#breadcrumb","itemListElement":[{"@type":"ListItem","position":1,"name":"Home","item":"https:\/\/news.ubbcluj.ro\/hu\/"},{"@type":"ListItem","position":2,"name":"A BBTE a legjobb egyetem Rom\u00e1ni\u00e1ban a 2019-es Egyetemi Metarangsor alapj\u00e1n"}]},{"@type":"WebSite","@id":"https:\/\/news.ubbcluj.ro\/hu\/#website","url":"https:\/\/news.ubbcluj.ro\/hu\/","name":"Kommunik\u00e1ci\u00f3 \u00e9s PR iroda","description":"Babe\u0219-Bolyai Tudom\u00e1negyetem","potentialAction":[{"@type":"SearchAction","target":{"@type":"EntryPoint","urlTemplate":"https:\/\/news.ubbcluj.ro\/hu\/?s={search_term_string}"},"query-input":"required name=search_term_string"}],"inLanguage":"hu"},{"@type":"Person","@id":"https:\/\/news.ubbcluj.ro\/hu\/#\/schema\/person\/0768248bd5e1ed05f87b7be96b4c3d9c","name":"Bilibok Ren\u00e1ta","url":"https:\/\/news.ubbcluj.ro\/hu\/author\/renata-bilibok\/"}]}},"_links":{"self":[{"href":"https:\/\/news.ubbcluj.ro\/hu\/wp-json\/wp\/v2\/posts\/3705"}],"collection":[{"href":"https:\/\/news.ubbcluj.ro\/hu\/wp-json\/wp\/v2\/posts"}],"about":[{"href":"https:\/\/news.ubbcluj.ro\/hu\/wp-json\/wp\/v2\/types\/post"}],"author":[{"embeddable":true,"href":"https:\/\/news.ubbcluj.ro\/hu\/wp-json\/wp\/v2\/users\/9"}],"replies":[{"embeddable":true,"href":"https:\/\/news.ubbcluj.ro\/hu\/wp-json\/wp\/v2\/comments?post=3705"}],"version-history":[{"count":1,"href":"https:\/\/news.ubbcluj.ro\/hu\/wp-json\/wp\/v2\/posts\/3705\/revisions"}],"predecessor-version":[{"id":3706,"href":"https:\/\/news.ubbcluj.ro\/hu\/wp-json\/wp\/v2\/posts\/3705\/revisions\/3706"}],"wp:attachment":[{"href":"https:\/\/news.ubbcluj.ro\/hu\/wp-json\/wp\/v2\/media?parent=3705"}],"wp:term":[{"taxonomy":"category","embeddable":true,"href":"https:\/\/news.ubbcluj.ro\/hu\/wp-json\/wp\/v2\/categories?post=3705"},{"taxonomy":"post_tag","embeddable":true,"href":"https:\/\/news.ubbcluj.ro\/hu\/wp-json\/wp\/v2\/tags?post=3705"}],"curies":[{"name":"wp","href":"https:\/\/api.w.org\/{rel}","templated":true}]}}