{"id":3785,"date":"2020-01-20T16:09:57","date_gmt":"2020-01-20T14:09:57","guid":{"rendered":"https:\/\/news.ubbcluj.ro\/hu\/?p=3785"},"modified":"2020-01-20T16:11:40","modified_gmt":"2020-01-20T14:11:40","slug":"bbte-magyar-tagozatos-valasztasok","status":"publish","type":"post","link":"https:\/\/news.ubbcluj.ro\/hu\/bbte-magyar-tagozatos-valasztasok\/","title":{"rendered":"A BBTE Magyar Tagozat\u00e1t k\u00e9pvisel\u0151 rektorhelyettesek v\u00e1laszt\u00e1sa"},"content":{"rendered":"<p style=\"text-align: justify;\">A Babe\u015f\u2013Bolyai Tudom\u00e1nyegyetem Magyar Tagozat\u00e1t k\u00e9pvisel\u0151 rektorhelyettesek \u00e9s a Magyar Tagozat vezet\u0151 rektorhelyettes<br \/>\nv\u00e1laszt\u00e1s\u00e1nak id\u0151pontja 2020. janu\u00e1r 23-a, 09.00\u201317.00, f\u0151\u00e9p\u00fclet Rad\u00f3 Ferenc terem (I. emelet, 126-os terem). A jel\u00f6ltek p\u00e1ly\u00e1zatai megtekinthet\u0151k az al\u00e1bbi <a href=\"https:\/\/www.ubbcluj.ro\/hu\/infoubb\/alegeri\/#jQueryUITabs1-2\">link<\/a>-en.<\/p>\n<p><a href=\"https:\/\/news.ubbcluj.ro\/hu\/wp-content\/uploads\/2018\/05\/DSC_7318.jpg\" data-rel=\"lightbox-gallery-BB92lnWs\" data-rl_title=\"\" data-rl_caption=\"\" title=\"\"><img loading=\"lazy\" decoding=\"async\" class=\"wp-image-2346 aligncenter\" src=\"https:\/\/news.ubbcluj.ro\/hu\/wp-content\/uploads\/2018\/05\/DSC_7318.jpg\" alt=\"\" width=\"368\" height=\"246\" data-id=\"2346\" srcset=\"https:\/\/news.ubbcluj.ro\/hu\/wp-content\/uploads\/2018\/05\/DSC_7318.jpg 3872w, https:\/\/news.ubbcluj.ro\/hu\/wp-content\/uploads\/2018\/05\/DSC_7318-300x201.jpg 300w, https:\/\/news.ubbcluj.ro\/hu\/wp-content\/uploads\/2018\/05\/DSC_7318-768x514.jpg 768w, https:\/\/news.ubbcluj.ro\/hu\/wp-content\/uploads\/2018\/05\/DSC_7318-1024x685.jpg 1024w, https:\/\/news.ubbcluj.ro\/hu\/wp-content\/uploads\/2018\/05\/DSC_7318-100x67.jpg 100w, https:\/\/news.ubbcluj.ro\/hu\/wp-content\/uploads\/2018\/05\/DSC_7318-150x100.jpg 150w, https:\/\/news.ubbcluj.ro\/hu\/wp-content\/uploads\/2018\/05\/DSC_7318-200x134.jpg 200w, https:\/\/news.ubbcluj.ro\/hu\/wp-content\/uploads\/2018\/05\/DSC_7318-450x301.jpg 450w, https:\/\/news.ubbcluj.ro\/hu\/wp-content\/uploads\/2018\/05\/DSC_7318-600x402.jpg 600w, https:\/\/news.ubbcluj.ro\/hu\/wp-content\/uploads\/2018\/05\/DSC_7318-900x602.jpg 900w\" sizes=\"(max-width: 368px) 100vw, 368px\" \/><\/a><\/p>\n","protected":false},"excerpt":{"rendered":"<p>A Babe\u015f\u2013Bolyai Tudom\u00e1nyegyetem Magyar Tagozat\u00e1t k\u00e9pvisel\u0151 rektorhelyettesek \u00e9s a Magyar Tagozat vezet\u0151 rektorhelyettes v\u00e1laszt\u00e1s\u00e1nak id\u0151pontja 2020. janu\u00e1r 23-a, 09.00\u201317.00, f\u0151\u00e9p\u00fclet Rad\u00f3 Ferenc terem (I. emelet, 126-os terem). A jel\u00f6ltek p\u00e1ly\u00e1zatai megtekinthet\u0151k az al\u00e1bbi link-en.<\/p>\n","protected":false},"author":9,"featured_media":2346,"comment_status":"closed","ping_status":"closed","sticky":false,"template":"","format":"standard","meta":{"footnotes":""},"categories":[17,6],"tags":[],"yoast_head":"<!-- This site is optimized with the Yoast SEO plugin v21.9.1 - https:\/\/yoast.com\/wordpress\/plugins\/seo\/ -->\n<title>A BBTE Magyar Tagozat\u00e1t k\u00e9pvisel\u0151 rektorhelyettesek v\u00e1laszt\u00e1sa - Kommunik\u00e1ci\u00f3 \u00e9s PR iroda<\/title>\n<meta name=\"robots\" content=\"index, follow, max-snippet:-1, max-image-preview:large, max-video-preview:-1\" \/>\n<link rel=\"canonical\" href=\"https:\/\/news.ubbcluj.ro\/hu\/bbte-magyar-tagozatos-valasztasok\/\" \/>\n<meta property=\"og:locale\" content=\"hu_HU\" \/>\n<meta property=\"og:type\" content=\"article\" \/>\n<meta property=\"og:title\" content=\"A BBTE Magyar Tagozat\u00e1t k\u00e9pvisel\u0151 rektorhelyettesek v\u00e1laszt\u00e1sa - Kommunik\u00e1ci\u00f3 \u00e9s PR iroda\" \/>\n<meta property=\"og:description\" content=\"A Babe\u015f\u2013Bolyai Tudom\u00e1nyegyetem Magyar Tagozat\u00e1t k\u00e9pvisel\u0151 rektorhelyettesek \u00e9s a Magyar Tagozat vezet\u0151 rektorhelyettes v\u00e1laszt\u00e1s\u00e1nak id\u0151pontja 2020. janu\u00e1r 23-a, 09.00\u201317.00, f\u0151\u00e9p\u00fclet Rad\u00f3 Ferenc terem (I. emelet, 126-os terem). A jel\u00f6ltek p\u00e1ly\u00e1zatai megtekinthet\u0151k az al\u00e1bbi link-en.\" \/>\n<meta property=\"og:url\" content=\"https:\/\/news.ubbcluj.ro\/hu\/bbte-magyar-tagozatos-valasztasok\/\" \/>\n<meta property=\"og:site_name\" content=\"Kommunik\u00e1ci\u00f3 \u00e9s PR iroda\" \/>\n<meta property=\"article:published_time\" content=\"2020-01-20T14:09:57+00:00\" \/>\n<meta property=\"article:modified_time\" content=\"2020-01-20T14:11:40+00:00\" \/>\n<meta property=\"og:image\" content=\"https:\/\/news.ubbcluj.ro\/hu\/wp-content\/uploads\/2018\/05\/DSC_7318-1024x685.jpg\" \/>\n\t<meta property=\"og:image:width\" content=\"1024\" \/>\n\t<meta property=\"og:image:height\" content=\"685\" \/>\n\t<meta property=\"og:image:type\" content=\"image\/jpeg\" \/>\n<meta name=\"author\" content=\"Bilibok Ren\u00e1ta\" \/>\n<meta name=\"twitter:card\" content=\"summary_large_image\" \/>\n<meta name=\"twitter:label1\" content=\"Szerz\u0151:\" \/>\n\t<meta name=\"twitter:data1\" content=\"Bilibok Ren\u00e1ta\" \/>\n<script type=\"application\/ld+json\" class=\"yoast-schema-graph\">{\"@context\":\"https:\/\/schema.org\",\"@graph\":[{\"@type\":\"WebPage\",\"@id\":\"https:\/\/news.ubbcluj.ro\/hu\/bbte-magyar-tagozatos-valasztasok\/\",\"url\":\"https:\/\/news.ubbcluj.ro\/hu\/bbte-magyar-tagozatos-valasztasok\/\",\"name\":\"A BBTE Magyar Tagozat\u00e1t k\u00e9pvisel\u0151 rektorhelyettesek v\u00e1laszt\u00e1sa - Kommunik\u00e1ci\u00f3 \u00e9s PR iroda\",\"isPartOf\":{\"@id\":\"https:\/\/news.ubbcluj.ro\/hu\/#website\"},\"datePublished\":\"2020-01-20T14:09:57+00:00\",\"dateModified\":\"2020-01-20T14:11:40+00:00\",\"author\":{\"@id\":\"https:\/\/news.ubbcluj.ro\/hu\/#\/schema\/person\/0768248bd5e1ed05f87b7be96b4c3d9c\"},\"breadcrumb\":{\"@id\":\"https:\/\/news.ubbcluj.ro\/hu\/bbte-magyar-tagozatos-valasztasok\/#breadcrumb\"},\"inLanguage\":\"hu\",\"potentialAction\":[{\"@type\":\"ReadAction\",\"target\":[\"https:\/\/news.ubbcluj.ro\/hu\/bbte-magyar-tagozatos-valasztasok\/\"]}]},{\"@type\":\"BreadcrumbList\",\"@id\":\"https:\/\/news.ubbcluj.ro\/hu\/bbte-magyar-tagozatos-valasztasok\/#breadcrumb\",\"itemListElement\":[{\"@type\":\"ListItem\",\"position\":1,\"name\":\"Home\",\"item\":\"https:\/\/news.ubbcluj.ro\/hu\/\"},{\"@type\":\"ListItem\",\"position\":2,\"name\":\"A BBTE Magyar Tagozat\u00e1t k\u00e9pvisel\u0151 rektorhelyettesek v\u00e1laszt\u00e1sa\"}]},{\"@type\":\"WebSite\",\"@id\":\"https:\/\/news.ubbcluj.ro\/hu\/#website\",\"url\":\"https:\/\/news.ubbcluj.ro\/hu\/\",\"name\":\"Kommunik\u00e1ci\u00f3 \u00e9s PR iroda\",\"description\":\"Babe\u0219-Bolyai Tudom\u00e1negyetem\",\"potentialAction\":[{\"@type\":\"SearchAction\",\"target\":{\"@type\":\"EntryPoint\",\"urlTemplate\":\"https:\/\/news.ubbcluj.ro\/hu\/?s={search_term_string}\"},\"query-input\":\"required name=search_term_string\"}],\"inLanguage\":\"hu\"},{\"@type\":\"Person\",\"@id\":\"https:\/\/news.ubbcluj.ro\/hu\/#\/schema\/person\/0768248bd5e1ed05f87b7be96b4c3d9c\",\"name\":\"Bilibok Ren\u00e1ta\",\"url\":\"https:\/\/news.ubbcluj.ro\/hu\/author\/renata-bilibok\/\"}]}<\/script>\n<!-- \/ Yoast SEO plugin. -->","yoast_head_json":{"title":"A BBTE Magyar Tagozat\u00e1t k\u00e9pvisel\u0151 rektorhelyettesek v\u00e1laszt\u00e1sa - Kommunik\u00e1ci\u00f3 \u00e9s PR iroda","robots":{"index":"index","follow":"follow","max-snippet":"max-snippet:-1","max-image-preview":"max-image-preview:large","max-video-preview":"max-video-preview:-1"},"canonical":"https:\/\/news.ubbcluj.ro\/hu\/bbte-magyar-tagozatos-valasztasok\/","og_locale":"hu_HU","og_type":"article","og_title":"A BBTE Magyar Tagozat\u00e1t k\u00e9pvisel\u0151 rektorhelyettesek v\u00e1laszt\u00e1sa - Kommunik\u00e1ci\u00f3 \u00e9s PR iroda","og_description":"A Babe\u015f\u2013Bolyai Tudom\u00e1nyegyetem Magyar Tagozat\u00e1t k\u00e9pvisel\u0151 rektorhelyettesek \u00e9s a Magyar Tagozat vezet\u0151 rektorhelyettes v\u00e1laszt\u00e1s\u00e1nak id\u0151pontja 2020. janu\u00e1r 23-a, 09.00\u201317.00, f\u0151\u00e9p\u00fclet Rad\u00f3 Ferenc terem (I. emelet, 126-os terem). A jel\u00f6ltek p\u00e1ly\u00e1zatai megtekinthet\u0151k az al\u00e1bbi link-en.","og_url":"https:\/\/news.ubbcluj.ro\/hu\/bbte-magyar-tagozatos-valasztasok\/","og_site_name":"Kommunik\u00e1ci\u00f3 \u00e9s PR iroda","article_published_time":"2020-01-20T14:09:57+00:00","article_modified_time":"2020-01-20T14:11:40+00:00","og_image":[{"width":1024,"height":685,"url":"https:\/\/news.ubbcluj.ro\/hu\/wp-content\/uploads\/2018\/05\/DSC_7318-1024x685.jpg","type":"image\/jpeg"}],"author":"Bilibok Ren\u00e1ta","twitter_card":"summary_large_image","twitter_misc":{"Szerz\u0151:":"Bilibok Ren\u00e1ta"},"schema":{"@context":"https:\/\/schema.org","@graph":[{"@type":"WebPage","@id":"https:\/\/news.ubbcluj.ro\/hu\/bbte-magyar-tagozatos-valasztasok\/","url":"https:\/\/news.ubbcluj.ro\/hu\/bbte-magyar-tagozatos-valasztasok\/","name":"A BBTE Magyar Tagozat\u00e1t k\u00e9pvisel\u0151 rektorhelyettesek v\u00e1laszt\u00e1sa - Kommunik\u00e1ci\u00f3 \u00e9s PR iroda","isPartOf":{"@id":"https:\/\/news.ubbcluj.ro\/hu\/#website"},"datePublished":"2020-01-20T14:09:57+00:00","dateModified":"2020-01-20T14:11:40+00:00","author":{"@id":"https:\/\/news.ubbcluj.ro\/hu\/#\/schema\/person\/0768248bd5e1ed05f87b7be96b4c3d9c"},"breadcrumb":{"@id":"https:\/\/news.ubbcluj.ro\/hu\/bbte-magyar-tagozatos-valasztasok\/#breadcrumb"},"inLanguage":"hu","potentialAction":[{"@type":"ReadAction","target":["https:\/\/news.ubbcluj.ro\/hu\/bbte-magyar-tagozatos-valasztasok\/"]}]},{"@type":"BreadcrumbList","@id":"https:\/\/news.ubbcluj.ro\/hu\/bbte-magyar-tagozatos-valasztasok\/#breadcrumb","itemListElement":[{"@type":"ListItem","position":1,"name":"Home","item":"https:\/\/news.ubbcluj.ro\/hu\/"},{"@type":"ListItem","position":2,"name":"A BBTE Magyar Tagozat\u00e1t k\u00e9pvisel\u0151 rektorhelyettesek v\u00e1laszt\u00e1sa"}]},{"@type":"WebSite","@id":"https:\/\/news.ubbcluj.ro\/hu\/#website","url":"https:\/\/news.ubbcluj.ro\/hu\/","name":"Kommunik\u00e1ci\u00f3 \u00e9s PR iroda","description":"Babe\u0219-Bolyai Tudom\u00e1negyetem","potentialAction":[{"@type":"SearchAction","target":{"@type":"EntryPoint","urlTemplate":"https:\/\/news.ubbcluj.ro\/hu\/?s={search_term_string}"},"query-input":"required name=search_term_string"}],"inLanguage":"hu"},{"@type":"Person","@id":"https:\/\/news.ubbcluj.ro\/hu\/#\/schema\/person\/0768248bd5e1ed05f87b7be96b4c3d9c","name":"Bilibok Ren\u00e1ta","url":"https:\/\/news.ubbcluj.ro\/hu\/author\/renata-bilibok\/"}]}},"_links":{"self":[{"href":"https:\/\/news.ubbcluj.ro\/hu\/wp-json\/wp\/v2\/posts\/3785"}],"collection":[{"href":"https:\/\/news.ubbcluj.ro\/hu\/wp-json\/wp\/v2\/posts"}],"about":[{"href":"https:\/\/news.ubbcluj.ro\/hu\/wp-json\/wp\/v2\/types\/post"}],"author":[{"embeddable":true,"href":"https:\/\/news.ubbcluj.ro\/hu\/wp-json\/wp\/v2\/users\/9"}],"replies":[{"embeddable":true,"href":"https:\/\/news.ubbcluj.ro\/hu\/wp-json\/wp\/v2\/comments?post=3785"}],"version-history":[{"count":2,"href":"https:\/\/news.ubbcluj.ro\/hu\/wp-json\/wp\/v2\/posts\/3785\/revisions"}],"predecessor-version":[{"id":3787,"href":"https:\/\/news.ubbcluj.ro\/hu\/wp-json\/wp\/v2\/posts\/3785\/revisions\/3787"}],"wp:featuredmedia":[{"embeddable":true,"href":"https:\/\/news.ubbcluj.ro\/hu\/wp-json\/wp\/v2\/media\/2346"}],"wp:attachment":[{"href":"https:\/\/news.ubbcluj.ro\/hu\/wp-json\/wp\/v2\/media?parent=3785"}],"wp:term":[{"taxonomy":"category","embeddable":true,"href":"https:\/\/news.ubbcluj.ro\/hu\/wp-json\/wp\/v2\/categories?post=3785"},{"taxonomy":"post_tag","embeddable":true,"href":"https:\/\/news.ubbcluj.ro\/hu\/wp-json\/wp\/v2\/tags?post=3785"}],"curies":[{"name":"wp","href":"https:\/\/api.w.org\/{rel}","templated":true}]}}