{"id":3794,"date":"2020-01-27T12:26:25","date_gmt":"2020-01-27T10:26:25","guid":{"rendered":"https:\/\/news.ubbcluj.ro\/hu\/?p=3794"},"modified":"2020-01-27T12:26:25","modified_gmt":"2020-01-27T10:26:25","slug":"tagozatvezetot-valasztott-a-babes-bolyai-tudomanyegyetem","status":"publish","type":"post","link":"https:\/\/news.ubbcluj.ro\/hu\/tagozatvezetot-valasztott-a-babes-bolyai-tudomanyegyetem\/","title":{"rendered":"Tagozatvezet\u0151t v\u00e1lasztott a Babe\u015f\u2013Bolyai Tudom\u00e1nyegyetem"},"content":{"rendered":"<p style=\"text-align: justify;\">A most zajl\u00f3 \u00e1ltal\u00e1nos egyetemi v\u00e1laszt\u00e1sok keret\u00e9ben a Babe\u015f\u2013Bolyai Tudom\u00e1nyegyetem Magyar Tagozat\u00e1nak oktat\u00f3i \u00e9s hallgat\u00f3i k\u00f6z\u00f6ss\u00e9ge 2020. janu\u00e1r 23-\u00e1n, cs\u00fct\u00f6rt\u00f6k\u00f6n 9 \u00f3r\u00e1t\u00f3l 17 \u00f3r\u00e1ig adhatta le voks\u00e1t a magyar tagozatos rektorhelyettes-jel\u00f6ltekre. H\u00e1rom oktat\u00f3 jel\u00f6ltette mag\u00e1t: dr. Mark\u00f3 B\u00e1lint, dr. Moln\u00e1r-Kov\u00e1cs Zsolt \u00e9s dr. So\u00f3s Anna.<\/p>\n<p style=\"text-align: justify;\">A 379 szavaz\u00e1sra jogosult szem\u00e9lyb\u0151l 284-en \u00e9ltek szavazati jogukkal. A leadott voksok alapj\u00e1n dr. So\u00f3s Anna jelenlegi tagozatvezet\u0151 rektorhelyettes 194 szavazatot kapott, \u00edgy tov\u00e1bbra is \u0151 marad a BBTE magyar tagozat\u00e1nak vezet\u0151je.<\/p>\n<p style=\"text-align: justify;\">Ugyanakkor a v\u00e1laszt\u00e1sok eredm\u00e9nyek\u00e9nt 219 szavazattal dr. So\u00f3s Anna \u00e9s dr. Mark\u00f3 B\u00e1lint rektorhelyettesek lesznek a Magyar Tagozat jel\u00f6ltjei a k\u00f6vetkez\u0151 egyetemi vezet\u0151s\u00e9gbe. A nagyar\u00e1ny\u00fa (75%) r\u00e9szv\u00e9tel azt mutatja, hogy a Magyar Tagozatot foglalkoztatja saj\u00e1t sorsa, j\u00f6v\u0151je.<\/p>\n<p><a href=\"https:\/\/news.ubbcluj.ro\/hu\/wp-content\/uploads\/2019\/07\/DSC_7116-Pano.jpg\" data-rel=\"lightbox-gallery-FhiVFvgY\" data-rl_title=\"\" data-rl_caption=\"\" title=\"\"><img loading=\"lazy\" decoding=\"async\" class=\" wp-image-3449 aligncenter\" src=\"https:\/\/news.ubbcluj.ro\/hu\/wp-content\/uploads\/2019\/07\/DSC_7116-Pano.jpg\" alt=\"\" width=\"627\" height=\"470\" data-id=\"3449\" \/><\/a><\/p>\n","protected":false},"excerpt":{"rendered":"<p>A most zajl\u00f3 \u00e1ltal\u00e1nos egyetemi v\u00e1laszt\u00e1sok keret\u00e9ben a Babe\u015f\u2013Bolyai Tudom\u00e1nyegyetem Magyar Tagozat\u00e1nak oktat\u00f3i \u00e9s hallgat\u00f3i k\u00f6z\u00f6ss\u00e9ge 2020. janu\u00e1r 23-\u00e1n, cs\u00fct\u00f6rt\u00f6k\u00f6n 9 \u00f3r\u00e1t\u00f3l 17 \u00f3r\u00e1ig adhatta le voks\u00e1t a magyar tagozatos rektorhelyettes-jel\u00f6ltekre. H\u00e1rom oktat\u00f3 jel\u00f6ltette mag\u00e1t: dr. Mark\u00f3 B\u00e1lint, dr. Moln\u00e1r-Kov\u00e1cs &hellip;<\/p>\n<p class=\"read-more\"> <a class=\"more-link\" href=\"https:\/\/news.ubbcluj.ro\/hu\/tagozatvezetot-valasztott-a-babes-bolyai-tudomanyegyetem\/\"> <span class=\"screen-reader-text\">Tagozatvezet\u0151t v\u00e1lasztott a Babe\u015f\u2013Bolyai Tudom\u00e1nyegyetem<\/span> Tov\u00e1bb &raquo;<\/a><\/p>\n","protected":false},"author":9,"featured_media":3449,"comment_status":"closed","ping_status":"closed","sticky":false,"template":"","format":"standard","meta":{"footnotes":""},"categories":[17,6,7],"tags":[],"yoast_head":"<!-- This site is optimized with the Yoast SEO plugin v21.9.1 - https:\/\/yoast.com\/wordpress\/plugins\/seo\/ -->\n<title>Tagozatvezet\u0151t v\u00e1lasztott a Babe\u015f\u2013Bolyai Tudom\u00e1nyegyetem - Kommunik\u00e1ci\u00f3 \u00e9s PR iroda<\/title>\n<meta name=\"robots\" content=\"index, follow, max-snippet:-1, max-image-preview:large, max-video-preview:-1\" \/>\n<link rel=\"canonical\" href=\"https:\/\/news.ubbcluj.ro\/hu\/tagozatvezetot-valasztott-a-babes-bolyai-tudomanyegyetem\/\" \/>\n<meta property=\"og:locale\" content=\"hu_HU\" \/>\n<meta property=\"og:type\" content=\"article\" \/>\n<meta property=\"og:title\" content=\"Tagozatvezet\u0151t v\u00e1lasztott a Babe\u015f\u2013Bolyai Tudom\u00e1nyegyetem - Kommunik\u00e1ci\u00f3 \u00e9s PR iroda\" \/>\n<meta property=\"og:description\" content=\"A most zajl\u00f3 \u00e1ltal\u00e1nos egyetemi v\u00e1laszt\u00e1sok keret\u00e9ben a Babe\u015f\u2013Bolyai Tudom\u00e1nyegyetem Magyar Tagozat\u00e1nak oktat\u00f3i \u00e9s hallgat\u00f3i k\u00f6z\u00f6ss\u00e9ge 2020. janu\u00e1r 23-\u00e1n, cs\u00fct\u00f6rt\u00f6k\u00f6n 9 \u00f3r\u00e1t\u00f3l 17 \u00f3r\u00e1ig adhatta le voks\u00e1t a magyar tagozatos rektorhelyettes-jel\u00f6ltekre. H\u00e1rom oktat\u00f3 jel\u00f6ltette mag\u00e1t: dr. Mark\u00f3 B\u00e1lint, dr. Moln\u00e1r-Kov\u00e1cs &hellip; Tagozatvezet\u0151t v\u00e1lasztott a Babe\u015f\u2013Bolyai Tudom\u00e1nyegyetem Tov\u00e1bb &raquo;\" \/>\n<meta property=\"og:url\" content=\"https:\/\/news.ubbcluj.ro\/hu\/tagozatvezetot-valasztott-a-babes-bolyai-tudomanyegyetem\/\" \/>\n<meta property=\"og:site_name\" content=\"Kommunik\u00e1ci\u00f3 \u00e9s PR iroda\" \/>\n<meta property=\"article:published_time\" content=\"2020-01-27T10:26:25+00:00\" \/>\n<meta property=\"og:image\" content=\"https:\/\/news.ubbcluj.ro\/hu\/wp-content\/uploads\/2019\/07\/DSC_7116-Pano.jpg\" \/>\n\t<meta property=\"og:image:width\" content=\"3600\" \/>\n\t<meta property=\"og:image:height\" content=\"2101\" \/>\n\t<meta property=\"og:image:type\" content=\"image\/jpeg\" \/>\n<meta name=\"author\" content=\"Bilibok Ren\u00e1ta\" \/>\n<meta name=\"twitter:card\" content=\"summary_large_image\" \/>\n<meta name=\"twitter:label1\" content=\"Szerz\u0151:\" \/>\n\t<meta name=\"twitter:data1\" content=\"Bilibok Ren\u00e1ta\" \/>\n\t<meta name=\"twitter:label2\" content=\"Becs\u00fclt olvas\u00e1si id\u0151\" \/>\n\t<meta name=\"twitter:data2\" content=\"1 perc\" \/>\n<script type=\"application\/ld+json\" class=\"yoast-schema-graph\">{\"@context\":\"https:\/\/schema.org\",\"@graph\":[{\"@type\":\"WebPage\",\"@id\":\"https:\/\/news.ubbcluj.ro\/hu\/tagozatvezetot-valasztott-a-babes-bolyai-tudomanyegyetem\/\",\"url\":\"https:\/\/news.ubbcluj.ro\/hu\/tagozatvezetot-valasztott-a-babes-bolyai-tudomanyegyetem\/\",\"name\":\"Tagozatvezet\u0151t v\u00e1lasztott a Babe\u015f\u2013Bolyai Tudom\u00e1nyegyetem - Kommunik\u00e1ci\u00f3 \u00e9s PR iroda\",\"isPartOf\":{\"@id\":\"https:\/\/news.ubbcluj.ro\/hu\/#website\"},\"datePublished\":\"2020-01-27T10:26:25+00:00\",\"dateModified\":\"2020-01-27T10:26:25+00:00\",\"author\":{\"@id\":\"https:\/\/news.ubbcluj.ro\/hu\/#\/schema\/person\/0768248bd5e1ed05f87b7be96b4c3d9c\"},\"breadcrumb\":{\"@id\":\"https:\/\/news.ubbcluj.ro\/hu\/tagozatvezetot-valasztott-a-babes-bolyai-tudomanyegyetem\/#breadcrumb\"},\"inLanguage\":\"hu\",\"potentialAction\":[{\"@type\":\"ReadAction\",\"target\":[\"https:\/\/news.ubbcluj.ro\/hu\/tagozatvezetot-valasztott-a-babes-bolyai-tudomanyegyetem\/\"]}]},{\"@type\":\"BreadcrumbList\",\"@id\":\"https:\/\/news.ubbcluj.ro\/hu\/tagozatvezetot-valasztott-a-babes-bolyai-tudomanyegyetem\/#breadcrumb\",\"itemListElement\":[{\"@type\":\"ListItem\",\"position\":1,\"name\":\"Home\",\"item\":\"https:\/\/news.ubbcluj.ro\/hu\/\"},{\"@type\":\"ListItem\",\"position\":2,\"name\":\"Tagozatvezet\u0151t v\u00e1lasztott a Babe\u015f\u2013Bolyai Tudom\u00e1nyegyetem\"}]},{\"@type\":\"WebSite\",\"@id\":\"https:\/\/news.ubbcluj.ro\/hu\/#website\",\"url\":\"https:\/\/news.ubbcluj.ro\/hu\/\",\"name\":\"Kommunik\u00e1ci\u00f3 \u00e9s PR iroda\",\"description\":\"Babe\u0219-Bolyai Tudom\u00e1negyetem\",\"potentialAction\":[{\"@type\":\"SearchAction\",\"target\":{\"@type\":\"EntryPoint\",\"urlTemplate\":\"https:\/\/news.ubbcluj.ro\/hu\/?s={search_term_string}\"},\"query-input\":\"required name=search_term_string\"}],\"inLanguage\":\"hu\"},{\"@type\":\"Person\",\"@id\":\"https:\/\/news.ubbcluj.ro\/hu\/#\/schema\/person\/0768248bd5e1ed05f87b7be96b4c3d9c\",\"name\":\"Bilibok Ren\u00e1ta\",\"url\":\"https:\/\/news.ubbcluj.ro\/hu\/author\/renata-bilibok\/\"}]}<\/script>\n<!-- \/ Yoast SEO plugin. -->","yoast_head_json":{"title":"Tagozatvezet\u0151t v\u00e1lasztott a Babe\u015f\u2013Bolyai Tudom\u00e1nyegyetem - Kommunik\u00e1ci\u00f3 \u00e9s PR iroda","robots":{"index":"index","follow":"follow","max-snippet":"max-snippet:-1","max-image-preview":"max-image-preview:large","max-video-preview":"max-video-preview:-1"},"canonical":"https:\/\/news.ubbcluj.ro\/hu\/tagozatvezetot-valasztott-a-babes-bolyai-tudomanyegyetem\/","og_locale":"hu_HU","og_type":"article","og_title":"Tagozatvezet\u0151t v\u00e1lasztott a Babe\u015f\u2013Bolyai Tudom\u00e1nyegyetem - Kommunik\u00e1ci\u00f3 \u00e9s PR iroda","og_description":"A most zajl\u00f3 \u00e1ltal\u00e1nos egyetemi v\u00e1laszt\u00e1sok keret\u00e9ben a Babe\u015f\u2013Bolyai Tudom\u00e1nyegyetem Magyar Tagozat\u00e1nak oktat\u00f3i \u00e9s hallgat\u00f3i k\u00f6z\u00f6ss\u00e9ge 2020. janu\u00e1r 23-\u00e1n, cs\u00fct\u00f6rt\u00f6k\u00f6n 9 \u00f3r\u00e1t\u00f3l 17 \u00f3r\u00e1ig adhatta le voks\u00e1t a magyar tagozatos rektorhelyettes-jel\u00f6ltekre. H\u00e1rom oktat\u00f3 jel\u00f6ltette mag\u00e1t: dr. Mark\u00f3 B\u00e1lint, dr. Moln\u00e1r-Kov\u00e1cs &hellip; Tagozatvezet\u0151t v\u00e1lasztott a Babe\u015f\u2013Bolyai Tudom\u00e1nyegyetem Tov\u00e1bb &raquo;","og_url":"https:\/\/news.ubbcluj.ro\/hu\/tagozatvezetot-valasztott-a-babes-bolyai-tudomanyegyetem\/","og_site_name":"Kommunik\u00e1ci\u00f3 \u00e9s PR iroda","article_published_time":"2020-01-27T10:26:25+00:00","og_image":[{"width":3600,"height":2101,"url":"https:\/\/news.ubbcluj.ro\/hu\/wp-content\/uploads\/2019\/07\/DSC_7116-Pano.jpg","type":"image\/jpeg"}],"author":"Bilibok Ren\u00e1ta","twitter_card":"summary_large_image","twitter_misc":{"Szerz\u0151:":"Bilibok Ren\u00e1ta","Becs\u00fclt olvas\u00e1si id\u0151":"1 perc"},"schema":{"@context":"https:\/\/schema.org","@graph":[{"@type":"WebPage","@id":"https:\/\/news.ubbcluj.ro\/hu\/tagozatvezetot-valasztott-a-babes-bolyai-tudomanyegyetem\/","url":"https:\/\/news.ubbcluj.ro\/hu\/tagozatvezetot-valasztott-a-babes-bolyai-tudomanyegyetem\/","name":"Tagozatvezet\u0151t v\u00e1lasztott a Babe\u015f\u2013Bolyai Tudom\u00e1nyegyetem - Kommunik\u00e1ci\u00f3 \u00e9s PR iroda","isPartOf":{"@id":"https:\/\/news.ubbcluj.ro\/hu\/#website"},"datePublished":"2020-01-27T10:26:25+00:00","dateModified":"2020-01-27T10:26:25+00:00","author":{"@id":"https:\/\/news.ubbcluj.ro\/hu\/#\/schema\/person\/0768248bd5e1ed05f87b7be96b4c3d9c"},"breadcrumb":{"@id":"https:\/\/news.ubbcluj.ro\/hu\/tagozatvezetot-valasztott-a-babes-bolyai-tudomanyegyetem\/#breadcrumb"},"inLanguage":"hu","potentialAction":[{"@type":"ReadAction","target":["https:\/\/news.ubbcluj.ro\/hu\/tagozatvezetot-valasztott-a-babes-bolyai-tudomanyegyetem\/"]}]},{"@type":"BreadcrumbList","@id":"https:\/\/news.ubbcluj.ro\/hu\/tagozatvezetot-valasztott-a-babes-bolyai-tudomanyegyetem\/#breadcrumb","itemListElement":[{"@type":"ListItem","position":1,"name":"Home","item":"https:\/\/news.ubbcluj.ro\/hu\/"},{"@type":"ListItem","position":2,"name":"Tagozatvezet\u0151t v\u00e1lasztott a Babe\u015f\u2013Bolyai Tudom\u00e1nyegyetem"}]},{"@type":"WebSite","@id":"https:\/\/news.ubbcluj.ro\/hu\/#website","url":"https:\/\/news.ubbcluj.ro\/hu\/","name":"Kommunik\u00e1ci\u00f3 \u00e9s PR iroda","description":"Babe\u0219-Bolyai Tudom\u00e1negyetem","potentialAction":[{"@type":"SearchAction","target":{"@type":"EntryPoint","urlTemplate":"https:\/\/news.ubbcluj.ro\/hu\/?s={search_term_string}"},"query-input":"required name=search_term_string"}],"inLanguage":"hu"},{"@type":"Person","@id":"https:\/\/news.ubbcluj.ro\/hu\/#\/schema\/person\/0768248bd5e1ed05f87b7be96b4c3d9c","name":"Bilibok Ren\u00e1ta","url":"https:\/\/news.ubbcluj.ro\/hu\/author\/renata-bilibok\/"}]}},"_links":{"self":[{"href":"https:\/\/news.ubbcluj.ro\/hu\/wp-json\/wp\/v2\/posts\/3794"}],"collection":[{"href":"https:\/\/news.ubbcluj.ro\/hu\/wp-json\/wp\/v2\/posts"}],"about":[{"href":"https:\/\/news.ubbcluj.ro\/hu\/wp-json\/wp\/v2\/types\/post"}],"author":[{"embeddable":true,"href":"https:\/\/news.ubbcluj.ro\/hu\/wp-json\/wp\/v2\/users\/9"}],"replies":[{"embeddable":true,"href":"https:\/\/news.ubbcluj.ro\/hu\/wp-json\/wp\/v2\/comments?post=3794"}],"version-history":[{"count":1,"href":"https:\/\/news.ubbcluj.ro\/hu\/wp-json\/wp\/v2\/posts\/3794\/revisions"}],"predecessor-version":[{"id":3795,"href":"https:\/\/news.ubbcluj.ro\/hu\/wp-json\/wp\/v2\/posts\/3794\/revisions\/3795"}],"wp:featuredmedia":[{"embeddable":true,"href":"https:\/\/news.ubbcluj.ro\/hu\/wp-json\/wp\/v2\/media\/3449"}],"wp:attachment":[{"href":"https:\/\/news.ubbcluj.ro\/hu\/wp-json\/wp\/v2\/media?parent=3794"}],"wp:term":[{"taxonomy":"category","embeddable":true,"href":"https:\/\/news.ubbcluj.ro\/hu\/wp-json\/wp\/v2\/categories?post=3794"},{"taxonomy":"post_tag","embeddable":true,"href":"https:\/\/news.ubbcluj.ro\/hu\/wp-json\/wp\/v2\/tags?post=3794"}],"curies":[{"name":"wp","href":"https:\/\/api.w.org\/{rel}","templated":true}]}}