{"id":3797,"date":"2020-01-29T15:26:36","date_gmt":"2020-01-29T13:26:36","guid":{"rendered":"https:\/\/news.ubbcluj.ro\/hu\/?p=3797"},"modified":"2020-01-29T15:49:19","modified_gmt":"2020-01-29T13:49:19","slug":"a-mol-romania-es-a-babes-bolyai-tudomanyegyetem-bejelentettek-egyuttmukodesi-megallapodasukat-amely-a-modern-egyetemi-gazdasagi-oktatas-fejleszteset-celozza","status":"publish","type":"post","link":"https:\/\/news.ubbcluj.ro\/hu\/a-mol-romania-es-a-babes-bolyai-tudomanyegyetem-bejelentettek-egyuttmukodesi-megallapodasukat-amely-a-modern-egyetemi-gazdasagi-oktatas-fejleszteset-celozza\/","title":{"rendered":"A MOL Rom\u00e1nia \u00e9s a Babe\u0219\u2013Bolyai Tudom\u00e1nyegyetem bejelentett\u00e9k egy\u00fcttm\u0171k\u00f6d\u00e9si meg\u00e1llapod\u00e1sukat, amely a modern egyetemi gazdas\u00e1gi oktat\u00e1s fejleszt\u00e9s\u00e9t c\u00e9lozza"},"content":{"rendered":"<p style=\"text-align: justify;\"><strong>A MOL Rom\u00e1nia 50.000 eur\u00f3val t\u00e1mogatja az egyetemi oktat\u00e1si infrastrukt\u00fara fejleszt\u00e9s\u00e9t, a di\u00e1kok gyakorlati esettanulm\u00e1ny-versenyeit, valamint \u00f6szt\u00f6nd\u00edjat biztos\u00edt a legjobb tanulm\u00e1nyi eredm\u00e9nyekkel rendelkez\u0151 egyetemist\u00e1k sz\u00e1m\u00e1ra<\/strong><strong>.<\/strong><\/p>\n<p style=\"text-align: justify;\"><strong>2020. janu\u00e1r 29., Kolozsv\u00e1r \u2013<\/strong><strong> A MOL Rom\u00e1nia \u00e9s a kolozsv\u00e1ri Babe\u0219\u2013Bolyai Tudom\u00e1nyegyetem (BBTE) bejelentett\u00e9k egy\u00fcttm\u0171k\u00f6d\u00e9si meg\u00e1llapod\u00e1sukat a K\u00f6zgazdas\u00e1g- \u00e9s Gazd\u00e1lkod\u00e1studom\u00e1nyi Karon tanul\u00f3 egyetemi hallgat\u00f3k tanulm\u00e1nyainak \u00e9s szakmai eredm\u00e9nyeinek t\u00e1mogat\u00e1sa \u00e9rdek\u00e9ben.<\/strong><\/p>\n<p style=\"text-align: justify;\">A partners\u00e9g keret\u00e9ben a MOL Rom\u00e1nia h\u00e1rom \u00e9ven kereszt\u00fcl \u00e9vente \u00f6t, egyenk\u00e9nt 1000 eur\u00f3s \u00f6szt\u00f6nd\u00edjat biztos\u00edt a legkiemelked\u0151bb tanulm\u00e1nyi eredm\u00e9nyekkel rendelkez\u0151 hallgat\u00f3k sz\u00e1m\u00e1ra, t\u00e1mogatja az elk\u00f6vetkez\u0151 \u00f6t \u00e9vben a kari esettanulm\u00e1ny-versenyek megszervez\u00e9s\u00e9t, valamint hozz\u00e1j\u00e1rul az oktat\u00e1si infrastrukt\u00fara fejleszt\u00e9s\u00e9hez, ami lehet\u0151s\u00e9get biztos\u00edt az egyetemi hallgat\u00f3knak a tantermeken k\u00edv\u00fcli \u00f6n\u00e1ll\u00f3 vagy csoportos tanul\u00e1sra, felk\u00e9sz\u00fcl\u00e9sre. A MOL Rom\u00e1nia \u00e1ltal t\u00e1mogatott projektek \u00f6ssz\u00e9rt\u00e9ke 50.000 eur\u00f3.<\/p>\n<p style=\"text-align: justify;\"><em>\u201eA fels\u0151oktat\u00e1si int\u00e9zm\u00e9nyek a t\u00e1rsadalom egyik fontos pill\u00e9r\u00e9nek sz\u00e1m\u00edtanak, hiszen \u0151k felelnek a fiatal gener\u00e1ci\u00f3k szakmai felk\u00e9sz\u00edt\u00e9s\u00e9\u00e9rt, ez\u00e9rt azt gondoljuk, hogy az ilyen egy\u00fcttm\u0171k\u00f6d\u00e9sek hat\u00e9konyan hozz\u00e1j\u00e1rulhatnak a munkaer\u0151piac aktu\u00e1lis kih\u00edv\u00e1sainak megold\u00e1s\u00e1hoz. \u00c9ppen ez\u00e9rt a MOL Rom\u00e1nia \u00e9s a Babe\u0219\u2013Bolyai Tudom\u00e1nyegyetem egy \u00fajabb kapcsol\u00f3d\u00e1si pontot k\u00edv\u00e1n l\u00e9trehozni az \u00fczleti szf\u00e9ra \u00e9s az egyetemi oktat\u00e1s k\u00f6z\u00f6tt, k\u00f6zvetlen\u00fcl di\u00e1kokat c\u00e9lz\u00f3 projektek t\u00e1mogat\u00e1sa r\u00e9v\u00e9n. Az \u00f6szt\u00f6nd\u00edjakkal, az egy\u00e9ni \u00e9s csoportos tanul\u00e1si terek berendez\u00e9s\u00e9vel, valamint az esettanulm\u00e1ny-versenyek t\u00e1mogat\u00e1s\u00e1val igyeksz\u00fcnk ide\u00e1lis k\u00f6r\u00fclm\u00e9nyeket teremteni a hallgat\u00f3knak \u00e9s lehet\u0151s\u00e9get biztos\u00edtani nekik, hogy min\u00e9l jobban felk\u00e9sz\u00fclhessenek j\u00f6v\u0151beli p\u00e1lyafut\u00e1sukra.<\/em><em>\u201d \u2013 <\/em>nyilatkozta Camelia Ene, a MOL Rom\u00e1nia \u00fcgyvezet\u0151 igazgat\u00f3ja.<\/p>\n<p style=\"text-align: justify;\"><em>\u201eH\u00e1rom-n\u00e9gy \u00e9vvel ezel\u0151tt a K\u00f6zgazdas\u00e1g- \u00e9s Gazd\u00e1lkod\u00e1studom\u00e1nyi Kar egy jelent\u0151s infrastruktur\u00e1lis fejleszt\u00e9sbe kezdett, amely egy vonz\u00f3 oktat\u00e1si \u00e9s tudom\u00e1nyos kutat\u00e1si t\u00e9r kialak\u00edt\u00e1s\u00e1t t\u0171zte ki c\u00e9lul mind az int\u00e9zm\u00e9nyben dolgoz\u00f3 oktat\u00f3k, mind pedig az egyetemi hallgat\u00f3k sz\u00e1m\u00e1ra. A MOL Rom\u00e1ni\u00e1val megk\u00f6t\u00f6tt partnerszerz\u0151d\u00e9s is ezt a c\u00e9lt szolg\u00e1lja. Az egy\u00fcttm\u0171k\u00f6d\u00e9s egyr\u00e9szt az egyetemi hallgat\u00f3k sz\u00e1m\u00e1ra k\u00edv\u00e1n k\u00e9nyelmes tanul\u00e1si lehet\u0151s\u00e9geket biztos\u00edtani a kar \u00e9p\u00fclet\u00e9n bel\u00fcl, m\u00e1sr\u00e9szt pedig olyan eszk\u00f6z\u00f6ket t\u00e1mogat, amelyek \u00f6szt\u00f6nzik az egyetemi hallgat\u00f3kat a min\u00e9l jobb akad\u00e9miai teljes\u00edtm\u00e9ny el\u00e9r\u00e9s\u00e9re. Bizonyoss\u00e1ggal \u00e1ll\u00edthatjuk, hogy a MOL Rom\u00e1ni\u00e1val al\u00e1\u00edrt egy\u00fcttm\u0171k\u00f6d\u00e9si meg\u00e1llapod\u00e1s els\u0151sorban az int\u00e9zm\u00e9ny\u00fcnkben tanul\u00f3 k\u00f6zgazd\u00e1sz hallgat\u00f3k \u00e9rdekeit tartja szem el\u0151tt \u00e9s jelent\u0151sen hozz\u00e1j\u00e1rul az oktat\u00e1s magas sz\u00ednvonal\u00e1nak biztos\u00edt\u00e1s\u00e1hoz.\u201d <\/em>\u2013 jelentette ki R\u0103zvan V. Musta\u021b\u0103, a BBTE K\u00f6zgazdas\u00e1g- \u00e9s Gazd\u00e1lkod\u00e1studom\u00e1nyi Kar\u00e1nak d\u00e9k\u00e1nja.<\/p>\n<p style=\"text-align: justify;\">A ma bejelentett egy\u00fcttm\u0171k\u00f6d\u00e9si meg\u00e1llapod\u00e1s h\u0171en t\u00fckr\u00f6zi a MOL Rom\u00e1nia \u00e9s a Babe\u0219\u2013Bolyai Tudom\u00e1nyegyetem elk\u00f6telezetts\u00e9g\u00e9t, hogy r\u00e9szt v\u00e1llaljanak a rom\u00e1niai oktat\u00e1si rendszer korszer\u0171s\u00edt\u00e9s\u00e9ben, olyan standardok \u00e9s m\u00f3dszerek alkalmaz\u00e1s\u00e1val, amelyek a vil\u00e1g legrangosabb egyetemein is legjobb gyakorlatnak sz\u00e1m\u00edtanak, a tanul\u00e1si k\u00f6r\u00fclm\u00e9nyek \u00e9s infrastrukt\u00fara jav\u00edt\u00e1s\u00e1val, valamint olyan innovat\u00edv tanul\u00e1si m\u00f3dszerek t\u00e1mogat\u00e1sa r\u00e9v\u00e9n, mint a gazdas\u00e1gi esettanulm\u00e1ny-versenyek.<\/p>\n<p style=\"text-align: justify;\">Az oktat\u00e1si infrastrukt\u00fara jav\u00edt\u00e1sa 40 \u00faj \u201etanul\u00e1si pont\u201d l\u00e9trehoz\u00e1s\u00e1t c\u00e9lozza a K\u00f6zgazdas\u00e1g- \u00e9s Gazd\u00e1lkod\u00e1studom\u00e1nyi Kar \u00e9p\u00fclet\u00e9ben, amely modern k\u00f6r\u00fclm\u00e9nyeket biztos\u00edt az egyetemi hallgat\u00f3knak a tanul\u00e1shoz (minden ilyen tanul\u00e1si pont k\u00e9t ergonomikus sz\u00e9kkel ell\u00e1tott \u00edr\u00f3asztalt, asztali l\u00e1mp\u00e1t, internet-hozz\u00e1f\u00e9r\u00e9st, valamint konnektort \u00e9s elektronikus eszk\u00f6z\u00f6k t\u00f6lt\u00e9s\u00e9re alkalmas t\u00f6lt\u0151 csatlakoz\u00f3t bocs\u00e1t a di\u00e1kok rendelkez\u00e9s\u00e9re). Szint\u00e9n a fejleszt\u00e9si projekt r\u00e9sze egy olyan z\u00f3na kialak\u00edt\u00e1sa \u00e9s fel\u00faj\u00edt\u00e1sa, ahol a di\u00e1kok a tan\u00f3r\u00e1kon k\u00edv\u00fcl tal\u00e1lkozhatnak, felt\u00f6lt\u0151dhetnek, nyugodt k\u00f6r\u00fclm\u00e9nyek k\u00f6z\u00f6tt tanulhatnak, valamint csoportos projektmunk\u00e1kra is felk\u00e9sz\u00fclhetnek.<\/p>\n<p style=\"text-align: justify;\"><strong>A MOL Rom\u00e1ni\u00e1r\u00f3l<\/strong><\/p>\n<p style=\"text-align: justify;\">A MOL Rom\u00e1nia a MOL-csoport egyik le\u00e1nyv\u00e1llalata, ugyanakkor Rom\u00e1nia egyik legjelent\u0151sebb olajipari v\u00e1llalata, 25 \u00e9ves jelenl\u00e9ttel a hazai piacon. A MOL Rom\u00e1nia gazdag term\u00e9k- \u00e9s szolg\u00e1ltat\u00e1s portf\u00f3li\u00f3val rendelkezik az \u00fczemanyag, ken\u0151anyag, petrolk\u00e9miai term\u00e9kek \u00e9s bitumen forgalmaz\u00e1sa ter\u00fclet\u00e9n. A v\u00e1llalat 227 t\u00f6lt\u0151\u00e1llom\u00e1st, 4 bukaresti MOL t\u00f6lt\u0151\u00e1llom\u00e1son pedig 4 elektromos j\u00e1rm\u0171 (e-j\u00e1rm\u0171) t\u00f6lt\u00e9s\u00e9re alkalmas t\u00f6lt\u0151t \u00fczemeltet, valamint k\u00e9t \u00fczemanyag-lerakatot Mez\u0151telegden \u00e9s Gyurgyev\u00f3ban (Giurgiu), \u00e9s egy LPG termin\u00e1lt Mez\u0151telegden. A k\u00f6r\u00fclbel\u00fcl 250 alkalmazottat foglalkoztat\u00f3 MOL Rom\u00e1nia sz\u00e9khelye Kolozsv\u00e1ron van, rendelkezik tov\u00e1bb\u00e1 irod\u00e1kkal Bukarestben \u00e9s Aradon is. A MOL Rom\u00e1nia volt az els\u0151 olyan olajipari v\u00e1llalat Rom\u00e1ni\u00e1ban, amely h\u0171s\u00e9gprogramot ind\u00edtott; a MOL MultiBonus program 2 alkalommal nyert els\u0151 helyez\u00e9st a QUDAL rom\u00e1niai h\u0171s\u00e9gprogramokat rangsorol\u00f3 piackutat\u00e1s\u00e1ban. 2017-t\u0151l kezd\u0151d\u0151en a MOL Rom\u00e1nia annak a NEXT-E projektnek r\u00e9sze, amely 40 elektromos t\u00f6lt\u0151\u00e1llom\u00e1s telep\u00edt\u00e9s\u00e9t c\u00e9lozza. A MOL Rom\u00e1nia akt\u00edv tagja a rom\u00e1niai k\u00f6z\u00f6ss\u00e9geknek egy olyan kiterjedt t\u00e1rsadalmi felel\u0151ss\u00e9gv\u00e1llal\u00e1si platform r\u00e9v\u00e9n, amely fel\u00f6leli a Mentor, Gyermekgy\u00f3gy\u00edt\u00f3, Z\u00f6ld\u00f6vezet, Tehets\u00e9gt\u00e1mogat\u00f3 \u00e9s a Jogos\u00edtv\u00e1ny a j\u00f6v\u0151h\u00f6z programokat.<\/p>\n<p style=\"text-align: justify;\"><strong>A MOL-csoportr\u00f3l <\/strong><\/p>\n<p style=\"text-align: justify;\">A MOL-csoport egy integr\u00e1lt, nemzetk\u00f6zi olaj- \u00e9s g\u00e1zipari v\u00e1llalat, budapesti k\u00f6zponttal, mely 26 000 f\u0151s nemzetk\u00f6zi \u00e9s dinamikus munkaerej\u00e9vel, t\u00f6bb mint 30 orsz\u00e1g\u00e1ban van jelen \u00e9s t\u00f6bb mint 100 \u00e9ves ipar\u00e1gi m\u00falttal rendelkezik. A MOL kutat\u00e1si \u00e9s termel\u00e9si tev\u00e9kenys\u00e9g\u00e9t t\u00f6bb mint 80 \u00e9ves sz\u00e9nhidrog\u00e9n-ipari tapasztalat t\u00e1mogatja. Jelenleg 8 orsz\u00e1gban v\u00e9gez kitermel\u00e9si tev\u00e9kenys\u00e9get \u00e9s 13 orsz\u00e1gban rendelkezik kutat\u00e1si eszk\u00f6z\u00f6kkel. A MOL-csoport n\u00e9gy finom\u00edt\u00f3t \u00e9s k\u00e9t petrolk\u00e9miai \u00fczemet m\u0171k\u00f6dtet integr\u00e1lt ell\u00e1t\u00e1si l\u00e1nc menedzsment keret\u00e9ben Magyarorsz\u00e1gon, Szlov\u00e1ki\u00e1ban \u00e9s Horv\u00e1torsz\u00e1gban. A csoport kiskereskedelmi h\u00e1l\u00f3zata t\u00f6bb mint 2.000 t\u00f6lt\u0151\u00e1llom\u00e1st sz\u00e1ml\u00e1l K\u00f6z\u00e9p- \u00e9s D\u00e9lkelet-Eur\u00f3pa 9 orsz\u00e1g\u00e1ban, amelyb\u0151l 227 Rom\u00e1ni\u00e1ban m\u0171k\u00f6dik.<\/p>\n<p style=\"text-align: justify;\"><strong>A Babe\u0219\u2013Bolyai Tudom\u00e1nyegyetemr\u0151l<\/strong><\/p>\n<p style=\"text-align: justify;\">A Babe\u0219-Bolyai Tudom\u00e1nyegyetem (BBTE) jelenleg az orsz\u00e1g legnagyobb egyeteme, ahol a 2019\u20132020-as tan\u00e9vben alap-, mester- \u00e9s doktori k\u00e9pz\u00e9sen \u00f6sszesen megk\u00f6zel\u00edt\u0151leg 45.000 egyetemi hallgat\u00f3 tanul. Az egyetem t\u00f6rt\u00e9nelmi hagyom\u00e1nyai eg\u00e9szen 1581-re ny\u00falnak vissza, amellyel egyben az orsz\u00e1g legr\u00e9gebbinek tekinthet\u0151 egyeteme is. A nemzetk\u00f6zi egyetemi rangsorok alapj\u00e1n a BBTE ugyanakkor az orsz\u00e1g legsz\u00ednvonalasabb egyetem\u00e9nek is tekinthet\u0151, a 2019-es Egyetemi Metaranking alapj\u00e1n p\u00e9ld\u00e1ul, amely t\u00f6bb nemzetk\u00f6zi rangsor egy\u00fcttes \u00e9rt\u00e9kel\u00e9s\u00e9n alapszik, m\u00e1r negyedik \u00e9ve folyamatosan az orsz\u00e1g els\u0151 hely\u00e9n tal\u00e1lhat\u00f3, kiemelt szakmai vonzer\u0151vel \u00e9s nemzetk\u00f6zi jelleggel.<\/p>\n<p style=\"text-align: justify;\"><strong>A K\u00f6zgazdas\u00e1g- \u00e9s Gazd\u00e1lkod\u00e1studom\u00e1nyi Karr\u00f3l<\/strong><\/p>\n<p style=\"text-align: justify;\">A K\u00f6zgazdas\u00e1g- \u00e9s Gazd\u00e1lkod\u00e1studom\u00e1nyi Kar (KGTK) a kolozsv\u00e1ri Babe\u0219\u2013Bolyai Tudom\u00e1nyegyetem szerves r\u00e9sz\u00e9t k\u00e9pezi, mint az egyetem \u00e9s egyben az orsz\u00e1g legnagyobb kara, ahol a 2019\u20132020-es tan\u00e9vben alap-, mester- \u00e9s doktori k\u00e9pz\u00e9sen t\u00f6bb mint 8.000 hallgat\u00f3 tanul. A kar \u00e1ltal ny\u00fajtott sz\u00e9lesk\u00f6r\u0171 \u00e9s min\u0151s\u00e9gi k\u00e9pz\u00e9sek az int\u00e9zm\u00e9nyt orsz\u00e1gos els\u0151 helyre emelik a gazdas\u00e1gtudom\u00e1nyi fels\u0151oktat\u00e1si k\u00e9pz\u00e9sek ter\u00fclet\u00e9n, amelyet a nemzetk\u00f6zi l\u00e1that\u00f3s\u00e1g \u00e9s a nemzetk\u00f6zi rangsorok is egy\u00e9rtelm\u0171en al\u00e1t\u00e1masztanak. A kar \u00e1ltal ny\u00fajtott gazdas\u00e1gi k\u00e9pz\u00e9s jelent\u0151s m\u00e9rt\u00e9kben gyakorlatorient\u00e1lt, amely tartalm\u00e1ban \u00e9s m\u00f3dszereiben dinamikusan igazodik a munkaer\u0151piac aktu\u00e1lis elv\u00e1r\u00e1saihoz, valamint a gazdas\u00e1gi ter\u00fcleten sz\u00ednvonalas k\u00e9pz\u00e9st ny\u00fajt\u00f3 k\u00fclf\u00f6ldi egyetemek legjobb gyakorlataihoz.<\/p>\n<p>&nbsp;<\/p>\n<p><a href=\"https:\/\/news.ubbcluj.ro\/hu\/wp-content\/uploads\/2020\/01\/IMG_1412.jpg\" data-rel=\"lightbox-gallery-iA1MiwmI\" data-rl_title=\"\" data-rl_caption=\"\" title=\"\"><img loading=\"lazy\" decoding=\"async\" class=\"wp-image-3801 aligncenter\" src=\"https:\/\/news.ubbcluj.ro\/hu\/wp-content\/uploads\/2020\/01\/IMG_1412.jpg\" alt=\"\" width=\"578\" height=\"396\" data-id=\"3801\" \/><\/a><a href=\"https:\/\/news.ubbcluj.ro\/hu\/wp-content\/uploads\/2020\/01\/IMG_1389.jpg\" data-rel=\"lightbox-gallery-iA1MiwmI\" data-rl_title=\"\" data-rl_caption=\"\" title=\"\"><img loading=\"lazy\" decoding=\"async\" class=\"wp-image-3802 aligncenter\" src=\"https:\/\/news.ubbcluj.ro\/hu\/wp-content\/uploads\/2020\/01\/IMG_1389.jpg\" alt=\"\" width=\"584\" height=\"389\" data-id=\"3802\" srcset=\"https:\/\/news.ubbcluj.ro\/hu\/wp-content\/uploads\/2020\/01\/IMG_1389.jpg 6240w, https:\/\/news.ubbcluj.ro\/hu\/wp-content\/uploads\/2020\/01\/IMG_1389-300x200.jpg 300w, https:\/\/news.ubbcluj.ro\/hu\/wp-content\/uploads\/2020\/01\/IMG_1389-768x512.jpg 768w, https:\/\/news.ubbcluj.ro\/hu\/wp-content\/uploads\/2020\/01\/IMG_1389-1024x683.jpg 1024w, https:\/\/news.ubbcluj.ro\/hu\/wp-content\/uploads\/2020\/01\/IMG_1389-100x67.jpg 100w, https:\/\/news.ubbcluj.ro\/hu\/wp-content\/uploads\/2020\/01\/IMG_1389-150x100.jpg 150w, https:\/\/news.ubbcluj.ro\/hu\/wp-content\/uploads\/2020\/01\/IMG_1389-200x133.jpg 200w, https:\/\/news.ubbcluj.ro\/hu\/wp-content\/uploads\/2020\/01\/IMG_1389-450x300.jpg 450w, https:\/\/news.ubbcluj.ro\/hu\/wp-content\/uploads\/2020\/01\/IMG_1389-600x400.jpg 600w, https:\/\/news.ubbcluj.ro\/hu\/wp-content\/uploads\/2020\/01\/IMG_1389-900x600.jpg 900w\" sizes=\"(max-width: 584px) 100vw, 584px\" \/><\/a><\/p>\n<p>&nbsp;<\/p>\n<p>&nbsp;<\/p>\n","protected":false},"excerpt":{"rendered":"<p>A MOL Rom\u00e1nia 50.000 eur\u00f3val t\u00e1mogatja az egyetemi oktat\u00e1si infrastrukt\u00fara fejleszt\u00e9s\u00e9t, a di\u00e1kok gyakorlati esettanulm\u00e1ny-versenyeit, valamint \u00f6szt\u00f6nd\u00edjat biztos\u00edt a legjobb tanulm\u00e1nyi eredm\u00e9nyekkel rendelkez\u0151 egyetemist\u00e1k sz\u00e1m\u00e1ra. 2020. janu\u00e1r 29., Kolozsv\u00e1r \u2013 A MOL Rom\u00e1nia \u00e9s a kolozsv\u00e1ri Babe\u0219\u2013Bolyai Tudom\u00e1nyegyetem (BBTE) bejelentett\u00e9k &hellip;<\/p>\n<p class=\"read-more\"> <a class=\"more-link\" href=\"https:\/\/news.ubbcluj.ro\/hu\/a-mol-romania-es-a-babes-bolyai-tudomanyegyetem-bejelentettek-egyuttmukodesi-megallapodasukat-amely-a-modern-egyetemi-gazdasagi-oktatas-fejleszteset-celozza\/\"> <span class=\"screen-reader-text\">A MOL Rom\u00e1nia \u00e9s a Babe\u0219\u2013Bolyai Tudom\u00e1nyegyetem bejelentett\u00e9k egy\u00fcttm\u0171k\u00f6d\u00e9si meg\u00e1llapod\u00e1sukat, amely a modern egyetemi gazdas\u00e1gi oktat\u00e1s fejleszt\u00e9s\u00e9t c\u00e9lozza<\/span> Tov\u00e1bb &raquo;<\/a><\/p>\n","protected":false},"author":9,"featured_media":3801,"comment_status":"closed","ping_status":"closed","sticky":false,"template":"","format":"standard","meta":{"footnotes":""},"categories":[17,6,7],"tags":[],"yoast_head":"<!-- This site is optimized with the Yoast SEO plugin v21.9.1 - https:\/\/yoast.com\/wordpress\/plugins\/seo\/ -->\n<title>A MOL Rom\u00e1nia \u00e9s a Babe\u0219\u2013Bolyai Tudom\u00e1nyegyetem bejelentett\u00e9k egy\u00fcttm\u0171k\u00f6d\u00e9si meg\u00e1llapod\u00e1sukat, amely a modern egyetemi gazdas\u00e1gi oktat\u00e1s fejleszt\u00e9s\u00e9t c\u00e9lozza - Kommunik\u00e1ci\u00f3 \u00e9s PR iroda<\/title>\n<meta name=\"robots\" content=\"index, follow, max-snippet:-1, max-image-preview:large, max-video-preview:-1\" \/>\n<link rel=\"canonical\" href=\"https:\/\/news.ubbcluj.ro\/hu\/a-mol-romania-es-a-babes-bolyai-tudomanyegyetem-bejelentettek-egyuttmukodesi-megallapodasukat-amely-a-modern-egyetemi-gazdasagi-oktatas-fejleszteset-celozza\/\" \/>\n<meta property=\"og:locale\" content=\"hu_HU\" \/>\n<meta property=\"og:type\" content=\"article\" \/>\n<meta property=\"og:title\" content=\"A MOL Rom\u00e1nia \u00e9s a Babe\u0219\u2013Bolyai Tudom\u00e1nyegyetem bejelentett\u00e9k egy\u00fcttm\u0171k\u00f6d\u00e9si meg\u00e1llapod\u00e1sukat, amely a modern egyetemi gazdas\u00e1gi oktat\u00e1s fejleszt\u00e9s\u00e9t c\u00e9lozza - Kommunik\u00e1ci\u00f3 \u00e9s PR iroda\" \/>\n<meta property=\"og:description\" content=\"A MOL Rom\u00e1nia 50.000 eur\u00f3val t\u00e1mogatja az egyetemi oktat\u00e1si infrastrukt\u00fara fejleszt\u00e9s\u00e9t, a di\u00e1kok gyakorlati esettanulm\u00e1ny-versenyeit, valamint \u00f6szt\u00f6nd\u00edjat biztos\u00edt a legjobb tanulm\u00e1nyi eredm\u00e9nyekkel rendelkez\u0151 egyetemist\u00e1k sz\u00e1m\u00e1ra. 2020. janu\u00e1r 29., Kolozsv\u00e1r \u2013 A MOL Rom\u00e1nia \u00e9s a kolozsv\u00e1ri Babe\u0219\u2013Bolyai Tudom\u00e1nyegyetem (BBTE) bejelentett\u00e9k &hellip; A MOL Rom\u00e1nia \u00e9s a Babe\u0219\u2013Bolyai Tudom\u00e1nyegyetem bejelentett\u00e9k egy\u00fcttm\u0171k\u00f6d\u00e9si meg\u00e1llapod\u00e1sukat, amely a modern egyetemi gazdas\u00e1gi oktat\u00e1s fejleszt\u00e9s\u00e9t c\u00e9lozza Tov\u00e1bb &raquo;\" \/>\n<meta property=\"og:url\" content=\"https:\/\/news.ubbcluj.ro\/hu\/a-mol-romania-es-a-babes-bolyai-tudomanyegyetem-bejelentettek-egyuttmukodesi-megallapodasukat-amely-a-modern-egyetemi-gazdasagi-oktatas-fejleszteset-celozza\/\" \/>\n<meta property=\"og:site_name\" content=\"Kommunik\u00e1ci\u00f3 \u00e9s PR iroda\" \/>\n<meta property=\"article:published_time\" content=\"2020-01-29T13:26:36+00:00\" \/>\n<meta property=\"article:modified_time\" content=\"2020-01-29T13:49:19+00:00\" \/>\n<meta property=\"og:image\" content=\"https:\/\/news.ubbcluj.ro\/hu\/wp-content\/uploads\/2020\/01\/IMG_1412-1024x683.jpg\" \/>\n\t<meta property=\"og:image:width\" content=\"1024\" \/>\n\t<meta property=\"og:image:height\" content=\"683\" \/>\n\t<meta property=\"og:image:type\" content=\"image\/jpeg\" \/>\n<meta name=\"author\" content=\"Bilibok Ren\u00e1ta\" \/>\n<meta name=\"twitter:card\" content=\"summary_large_image\" \/>\n<meta name=\"twitter:label1\" content=\"Szerz\u0151:\" \/>\n\t<meta name=\"twitter:data1\" content=\"Bilibok Ren\u00e1ta\" \/>\n\t<meta name=\"twitter:label2\" content=\"Becs\u00fclt olvas\u00e1si id\u0151\" \/>\n\t<meta name=\"twitter:data2\" content=\"8 perc\" \/>\n<script type=\"application\/ld+json\" class=\"yoast-schema-graph\">{\"@context\":\"https:\/\/schema.org\",\"@graph\":[{\"@type\":\"WebPage\",\"@id\":\"https:\/\/news.ubbcluj.ro\/hu\/a-mol-romania-es-a-babes-bolyai-tudomanyegyetem-bejelentettek-egyuttmukodesi-megallapodasukat-amely-a-modern-egyetemi-gazdasagi-oktatas-fejleszteset-celozza\/\",\"url\":\"https:\/\/news.ubbcluj.ro\/hu\/a-mol-romania-es-a-babes-bolyai-tudomanyegyetem-bejelentettek-egyuttmukodesi-megallapodasukat-amely-a-modern-egyetemi-gazdasagi-oktatas-fejleszteset-celozza\/\",\"name\":\"A MOL Rom\u00e1nia \u00e9s a Babe\u0219\u2013Bolyai Tudom\u00e1nyegyetem bejelentett\u00e9k egy\u00fcttm\u0171k\u00f6d\u00e9si meg\u00e1llapod\u00e1sukat, amely a modern egyetemi gazdas\u00e1gi oktat\u00e1s fejleszt\u00e9s\u00e9t c\u00e9lozza - Kommunik\u00e1ci\u00f3 \u00e9s PR iroda\",\"isPartOf\":{\"@id\":\"https:\/\/news.ubbcluj.ro\/hu\/#website\"},\"datePublished\":\"2020-01-29T13:26:36+00:00\",\"dateModified\":\"2020-01-29T13:49:19+00:00\",\"author\":{\"@id\":\"https:\/\/news.ubbcluj.ro\/hu\/#\/schema\/person\/0768248bd5e1ed05f87b7be96b4c3d9c\"},\"breadcrumb\":{\"@id\":\"https:\/\/news.ubbcluj.ro\/hu\/a-mol-romania-es-a-babes-bolyai-tudomanyegyetem-bejelentettek-egyuttmukodesi-megallapodasukat-amely-a-modern-egyetemi-gazdasagi-oktatas-fejleszteset-celozza\/#breadcrumb\"},\"inLanguage\":\"hu\",\"potentialAction\":[{\"@type\":\"ReadAction\",\"target\":[\"https:\/\/news.ubbcluj.ro\/hu\/a-mol-romania-es-a-babes-bolyai-tudomanyegyetem-bejelentettek-egyuttmukodesi-megallapodasukat-amely-a-modern-egyetemi-gazdasagi-oktatas-fejleszteset-celozza\/\"]}]},{\"@type\":\"BreadcrumbList\",\"@id\":\"https:\/\/news.ubbcluj.ro\/hu\/a-mol-romania-es-a-babes-bolyai-tudomanyegyetem-bejelentettek-egyuttmukodesi-megallapodasukat-amely-a-modern-egyetemi-gazdasagi-oktatas-fejleszteset-celozza\/#breadcrumb\",\"itemListElement\":[{\"@type\":\"ListItem\",\"position\":1,\"name\":\"Home\",\"item\":\"https:\/\/news.ubbcluj.ro\/hu\/\"},{\"@type\":\"ListItem\",\"position\":2,\"name\":\"A MOL Rom\u00e1nia \u00e9s a Babe\u0219\u2013Bolyai Tudom\u00e1nyegyetem bejelentett\u00e9k egy\u00fcttm\u0171k\u00f6d\u00e9si meg\u00e1llapod\u00e1sukat, amely a modern egyetemi gazdas\u00e1gi oktat\u00e1s fejleszt\u00e9s\u00e9t c\u00e9lozza\"}]},{\"@type\":\"WebSite\",\"@id\":\"https:\/\/news.ubbcluj.ro\/hu\/#website\",\"url\":\"https:\/\/news.ubbcluj.ro\/hu\/\",\"name\":\"Kommunik\u00e1ci\u00f3 \u00e9s PR iroda\",\"description\":\"Babe\u0219-Bolyai Tudom\u00e1negyetem\",\"potentialAction\":[{\"@type\":\"SearchAction\",\"target\":{\"@type\":\"EntryPoint\",\"urlTemplate\":\"https:\/\/news.ubbcluj.ro\/hu\/?s={search_term_string}\"},\"query-input\":\"required name=search_term_string\"}],\"inLanguage\":\"hu\"},{\"@type\":\"Person\",\"@id\":\"https:\/\/news.ubbcluj.ro\/hu\/#\/schema\/person\/0768248bd5e1ed05f87b7be96b4c3d9c\",\"name\":\"Bilibok Ren\u00e1ta\",\"url\":\"https:\/\/news.ubbcluj.ro\/hu\/author\/renata-bilibok\/\"}]}<\/script>\n<!-- \/ Yoast SEO plugin. -->","yoast_head_json":{"title":"A MOL Rom\u00e1nia \u00e9s a Babe\u0219\u2013Bolyai Tudom\u00e1nyegyetem bejelentett\u00e9k egy\u00fcttm\u0171k\u00f6d\u00e9si meg\u00e1llapod\u00e1sukat, amely a modern egyetemi gazdas\u00e1gi oktat\u00e1s fejleszt\u00e9s\u00e9t c\u00e9lozza - Kommunik\u00e1ci\u00f3 \u00e9s PR iroda","robots":{"index":"index","follow":"follow","max-snippet":"max-snippet:-1","max-image-preview":"max-image-preview:large","max-video-preview":"max-video-preview:-1"},"canonical":"https:\/\/news.ubbcluj.ro\/hu\/a-mol-romania-es-a-babes-bolyai-tudomanyegyetem-bejelentettek-egyuttmukodesi-megallapodasukat-amely-a-modern-egyetemi-gazdasagi-oktatas-fejleszteset-celozza\/","og_locale":"hu_HU","og_type":"article","og_title":"A MOL Rom\u00e1nia \u00e9s a Babe\u0219\u2013Bolyai Tudom\u00e1nyegyetem bejelentett\u00e9k egy\u00fcttm\u0171k\u00f6d\u00e9si meg\u00e1llapod\u00e1sukat, amely a modern egyetemi gazdas\u00e1gi oktat\u00e1s fejleszt\u00e9s\u00e9t c\u00e9lozza - Kommunik\u00e1ci\u00f3 \u00e9s PR iroda","og_description":"A MOL Rom\u00e1nia 50.000 eur\u00f3val t\u00e1mogatja az egyetemi oktat\u00e1si infrastrukt\u00fara fejleszt\u00e9s\u00e9t, a di\u00e1kok gyakorlati esettanulm\u00e1ny-versenyeit, valamint \u00f6szt\u00f6nd\u00edjat biztos\u00edt a legjobb tanulm\u00e1nyi eredm\u00e9nyekkel rendelkez\u0151 egyetemist\u00e1k sz\u00e1m\u00e1ra. 2020. janu\u00e1r 29., Kolozsv\u00e1r \u2013 A MOL Rom\u00e1nia \u00e9s a kolozsv\u00e1ri Babe\u0219\u2013Bolyai Tudom\u00e1nyegyetem (BBTE) bejelentett\u00e9k &hellip; A MOL Rom\u00e1nia \u00e9s a Babe\u0219\u2013Bolyai Tudom\u00e1nyegyetem bejelentett\u00e9k egy\u00fcttm\u0171k\u00f6d\u00e9si meg\u00e1llapod\u00e1sukat, amely a modern egyetemi gazdas\u00e1gi oktat\u00e1s fejleszt\u00e9s\u00e9t c\u00e9lozza Tov\u00e1bb &raquo;","og_url":"https:\/\/news.ubbcluj.ro\/hu\/a-mol-romania-es-a-babes-bolyai-tudomanyegyetem-bejelentettek-egyuttmukodesi-megallapodasukat-amely-a-modern-egyetemi-gazdasagi-oktatas-fejleszteset-celozza\/","og_site_name":"Kommunik\u00e1ci\u00f3 \u00e9s PR iroda","article_published_time":"2020-01-29T13:26:36+00:00","article_modified_time":"2020-01-29T13:49:19+00:00","og_image":[{"width":1024,"height":683,"url":"https:\/\/news.ubbcluj.ro\/hu\/wp-content\/uploads\/2020\/01\/IMG_1412-1024x683.jpg","type":"image\/jpeg"}],"author":"Bilibok Ren\u00e1ta","twitter_card":"summary_large_image","twitter_misc":{"Szerz\u0151:":"Bilibok Ren\u00e1ta","Becs\u00fclt olvas\u00e1si id\u0151":"8 perc"},"schema":{"@context":"https:\/\/schema.org","@graph":[{"@type":"WebPage","@id":"https:\/\/news.ubbcluj.ro\/hu\/a-mol-romania-es-a-babes-bolyai-tudomanyegyetem-bejelentettek-egyuttmukodesi-megallapodasukat-amely-a-modern-egyetemi-gazdasagi-oktatas-fejleszteset-celozza\/","url":"https:\/\/news.ubbcluj.ro\/hu\/a-mol-romania-es-a-babes-bolyai-tudomanyegyetem-bejelentettek-egyuttmukodesi-megallapodasukat-amely-a-modern-egyetemi-gazdasagi-oktatas-fejleszteset-celozza\/","name":"A MOL Rom\u00e1nia \u00e9s a Babe\u0219\u2013Bolyai Tudom\u00e1nyegyetem bejelentett\u00e9k egy\u00fcttm\u0171k\u00f6d\u00e9si meg\u00e1llapod\u00e1sukat, amely a modern egyetemi gazdas\u00e1gi oktat\u00e1s fejleszt\u00e9s\u00e9t c\u00e9lozza - Kommunik\u00e1ci\u00f3 \u00e9s PR iroda","isPartOf":{"@id":"https:\/\/news.ubbcluj.ro\/hu\/#website"},"datePublished":"2020-01-29T13:26:36+00:00","dateModified":"2020-01-29T13:49:19+00:00","author":{"@id":"https:\/\/news.ubbcluj.ro\/hu\/#\/schema\/person\/0768248bd5e1ed05f87b7be96b4c3d9c"},"breadcrumb":{"@id":"https:\/\/news.ubbcluj.ro\/hu\/a-mol-romania-es-a-babes-bolyai-tudomanyegyetem-bejelentettek-egyuttmukodesi-megallapodasukat-amely-a-modern-egyetemi-gazdasagi-oktatas-fejleszteset-celozza\/#breadcrumb"},"inLanguage":"hu","potentialAction":[{"@type":"ReadAction","target":["https:\/\/news.ubbcluj.ro\/hu\/a-mol-romania-es-a-babes-bolyai-tudomanyegyetem-bejelentettek-egyuttmukodesi-megallapodasukat-amely-a-modern-egyetemi-gazdasagi-oktatas-fejleszteset-celozza\/"]}]},{"@type":"BreadcrumbList","@id":"https:\/\/news.ubbcluj.ro\/hu\/a-mol-romania-es-a-babes-bolyai-tudomanyegyetem-bejelentettek-egyuttmukodesi-megallapodasukat-amely-a-modern-egyetemi-gazdasagi-oktatas-fejleszteset-celozza\/#breadcrumb","itemListElement":[{"@type":"ListItem","position":1,"name":"Home","item":"https:\/\/news.ubbcluj.ro\/hu\/"},{"@type":"ListItem","position":2,"name":"A MOL Rom\u00e1nia \u00e9s a Babe\u0219\u2013Bolyai Tudom\u00e1nyegyetem bejelentett\u00e9k egy\u00fcttm\u0171k\u00f6d\u00e9si meg\u00e1llapod\u00e1sukat, amely a modern egyetemi gazdas\u00e1gi oktat\u00e1s fejleszt\u00e9s\u00e9t c\u00e9lozza"}]},{"@type":"WebSite","@id":"https:\/\/news.ubbcluj.ro\/hu\/#website","url":"https:\/\/news.ubbcluj.ro\/hu\/","name":"Kommunik\u00e1ci\u00f3 \u00e9s PR iroda","description":"Babe\u0219-Bolyai Tudom\u00e1negyetem","potentialAction":[{"@type":"SearchAction","target":{"@type":"EntryPoint","urlTemplate":"https:\/\/news.ubbcluj.ro\/hu\/?s={search_term_string}"},"query-input":"required name=search_term_string"}],"inLanguage":"hu"},{"@type":"Person","@id":"https:\/\/news.ubbcluj.ro\/hu\/#\/schema\/person\/0768248bd5e1ed05f87b7be96b4c3d9c","name":"Bilibok Ren\u00e1ta","url":"https:\/\/news.ubbcluj.ro\/hu\/author\/renata-bilibok\/"}]}},"_links":{"self":[{"href":"https:\/\/news.ubbcluj.ro\/hu\/wp-json\/wp\/v2\/posts\/3797"}],"collection":[{"href":"https:\/\/news.ubbcluj.ro\/hu\/wp-json\/wp\/v2\/posts"}],"about":[{"href":"https:\/\/news.ubbcluj.ro\/hu\/wp-json\/wp\/v2\/types\/post"}],"author":[{"embeddable":true,"href":"https:\/\/news.ubbcluj.ro\/hu\/wp-json\/wp\/v2\/users\/9"}],"replies":[{"embeddable":true,"href":"https:\/\/news.ubbcluj.ro\/hu\/wp-json\/wp\/v2\/comments?post=3797"}],"version-history":[{"count":12,"href":"https:\/\/news.ubbcluj.ro\/hu\/wp-json\/wp\/v2\/posts\/3797\/revisions"}],"predecessor-version":[{"id":3814,"href":"https:\/\/news.ubbcluj.ro\/hu\/wp-json\/wp\/v2\/posts\/3797\/revisions\/3814"}],"wp:featuredmedia":[{"embeddable":true,"href":"https:\/\/news.ubbcluj.ro\/hu\/wp-json\/wp\/v2\/media\/3801"}],"wp:attachment":[{"href":"https:\/\/news.ubbcluj.ro\/hu\/wp-json\/wp\/v2\/media?parent=3797"}],"wp:term":[{"taxonomy":"category","embeddable":true,"href":"https:\/\/news.ubbcluj.ro\/hu\/wp-json\/wp\/v2\/categories?post=3797"},{"taxonomy":"post_tag","embeddable":true,"href":"https:\/\/news.ubbcluj.ro\/hu\/wp-json\/wp\/v2\/tags?post=3797"}],"curies":[{"name":"wp","href":"https:\/\/api.w.org\/{rel}","templated":true}]}}