{"id":3820,"date":"2020-02-06T09:29:24","date_gmt":"2020-02-06T07:29:24","guid":{"rendered":"https:\/\/news.ubbcluj.ro\/hu\/?p=3820"},"modified":"2020-02-06T09:29:24","modified_gmt":"2020-02-06T07:29:24","slug":"a-bbte-a-korai-iskolaelhagyas-megelozeset-es-az-iskolai-tevekenyseg-javitasat-celzo-projektbe-kapcsolodik-be","status":"publish","type":"post","link":"https:\/\/news.ubbcluj.ro\/hu\/a-bbte-a-korai-iskolaelhagyas-megelozeset-es-az-iskolai-tevekenyseg-javitasat-celzo-projektbe-kapcsolodik-be\/","title":{"rendered":"A BBTE a korai iskolaelhagy\u00e1s megel\u0151z\u00e9s\u00e9t  \u00e9s az iskolai tev\u00e9kenys\u00e9g jav\u00edt\u00e1s\u00e1t c\u00e9lz\u00f3 projektbe kapcsol\u00f3dik be"},"content":{"rendered":"<p style=\"text-align: justify;\">A Babe\u0219\u2013Bolyai Tudom\u00e1nyegyetem tisztelettel megh\u00edvja Szerkeszt\u0151s\u00e9g\u00fck munkat\u00e1rs\u00e1t a <strong>2020. febru\u00e1r 6-\u00e1n, cs\u00fct\u00f6rt\u00f6k\u00f6n 10:00 \u00f3r\u00e1t\u00f3l <\/strong>kezd\u0151d\u0151 sajt\u00f3t\u00e1j\u00e9koztat\u00f3ra, amelynek keret\u00e9ben bemutat\u00e1sra ker\u00fcl a korai iskolaelhagy\u00e1s megel\u0151z\u00e9s\u00e9t \u00e9s az iskolai tev\u00e9kenys\u00e9gek jav\u00edt\u00e1s\u00e1t c\u00e9lz\u00f3 projekt. Az esem\u00e9ny helysz\u00edne az Egyetemiek H\u00e1za klubterme (Emmanuel de Martonne utca, 1.).<\/p>\n<p style=\"text-align: justify;\">A sajt\u00f3t\u00e1j\u00e9koztat\u00f3t a projekt vezet\u0151je, dr. Mark\u00f3 B\u00e1lint egyetemi tan\u00e1r, a BBTE rektorhelyettese szervezi. A <em>Student Learning Hub 2 (StudHub 2)<\/em> elnevez\u00e9s\u0171 projekt bemutat\u00e1s\u00e1n az egyetem vezet\u0151s\u00e9ge r\u00e9sz\u00e9r\u0151l jelen lesz dr. Daniel David egyetemi tan\u00e1r, a BBTE kutat\u00e1s\u00e9rt, versenyk\u00e9pess\u00e9g\u00e9rt-kiv\u00e1l\u00f3s\u00e1g\u00e9rt felel\u0151s rektorhelyettese, valamint dr. Dan Laz\u0103r egyetemi tan\u00e1r, a BBTE p\u00e9nz\u00fcgyi rektorhelyettese, az informatiz\u00e1l\u00e1s \u00e9s az eur\u00f3pai programok felel\u0151se. Az esem\u00e9nyen r\u00e9szt vesznek tov\u00e1bb\u00e1 mindazon karok k\u00e9pvisel\u0151i, amelyek keret\u00e9ben a projekt jelent\u0151s r\u00e9sze megval\u00f3sul: dr. Pop Nicolae Hora\u021biu egyetemi docens, a Testnevel\u00e9s \u00e9s Sport Kar d\u00e9k\u00e1nhelyettese, dr. R\u0103zvan V. Musta\u021b\u0103 egyetemi docens, a K\u00f6zgazdas\u00e1g- \u00e9s Gazd\u00e1lkod\u00e1studom\u00e1nyi Kar d\u00e9k\u00e1nja, dr. C\u0103lin Emilian Hin\u0163ea egyetemi tan\u00e1r, a Politika-, K\u00f6zigazgat\u00e1s- \u00e9s Kommunik\u00e1ci\u00f3tudom\u00e1nyi Kar d\u00e9k\u00e1nja, valamint a hallgat\u00f3i k\u00e9pvisel\u0151k is jelen lesznek, a projekt els\u0151dleges kedvezm\u00e9nyezettjeik\u00e9nt.<\/p>\n<p style=\"text-align: justify;\">2019 december\u00e9ben \u00edrta al\u00e1 a Babe\u0219\u2013Bolyai Tudom\u00e1nyegyetem azt az \u00faj t\u00e1mogat\u00e1si szerz\u0151d\u00e9st, amelynek c\u00e9lkit\u0171z\u00e9se az els\u0151 \u00e9ves alapk\u00e9pz\u00e9ses hallgat\u00f3k diplomaszerz\u00e9si es\u00e9lyeinek n\u00f6vel\u00e9se, k\u00fcl\u00f6n\u00f6sen azok eset\u00e9ben, akikn\u00e9l a korai iskolaelhagy\u00e1s, a lemorzsol\u00f3d\u00e1s kock\u00e1zata magasabb. A h\u00e1rom \u00e9vre tervezett innovat\u00edv \u00e9s rugalmas megold\u00e1sok tanulm\u00e1nyi felz\u00e1rk\u00f3ztat\u00e1st, az egy\u00e9ni sz\u00fcks\u00e9gletekre szabott tan\u00e1csad\u00e1st, speci\u00e1lis integr\u00e1ci\u00f3s programokat \u00e9s tev\u00e9kenys\u00e9geket biztos\u00edtanak.<\/p>\n<p style=\"text-align: justify;\">A beruh\u00e1z\u00e1s finansz\u00edroz\u00e1sa a ROSE keretprogram r\u00e9v\u00e9n val\u00f3sul meg, amely c\u00e9lul t\u0171zte ki a tanulm\u00e1nyi felz\u00e1rk\u00f3ztat\u00e1st seg\u00edt\u0151 Tanul\u00e1si K\u00f6zpont m\u00e1r megl\u00e9v\u0151 tereinek kib\u0151v\u00edt\u00e9s\u00e9t \u00fajabbak l\u00e9trehoz\u00e1sa r\u00e9v\u00e9n. Az \u00faj helyis\u00e9gek berendez\u00e9se korszer\u0171 szabv\u00e1nyok szerint fog t\u00f6rt\u00e9nni, ahol a hallgat\u00f3knak lehet\u0151s\u00e9g\u00fck ny\u00edlik innovat\u00edv, inform\u00e1lis k\u00f6r\u00fclm\u00e9nyek k\u00f6z\u00f6tt bekapcsol\u00f3dni az egyetemi \u00e9letbe, valamint a felz\u00e1rk\u00f3ztat\u00e1sukat c\u00e9lz\u00f3 tev\u00e9kenys\u00e9gekbe.<\/p>\n<p style=\"text-align: justify;\">A projekt keret\u00e9ben h\u00e1rom olyan helyis\u00e9g fel\u00faj\u00edt\u00e1sa \u00e9s berendez\u00e9se fog megval\u00f3sulni, amelyek a BBTE \u00e9s a v\u00e1ros kulcspontjaiban tal\u00e1lhat\u00f3ak. Ezek a helyis\u00e9gek a K\u00f6zgazdas\u00e1g- \u00e9s Gazd\u00e1lkod\u00e1studom\u00e1nyi Kar, a Testnevel\u00e9s \u00e9s Sport Kar, valamint a Politika-, K\u00f6zigazgat\u00e1s- \u00e9s Kommunik\u00e1ci\u00f3tudom\u00e1nyi Kar \u00e9p\u00fcleteiben tal\u00e1lhat\u00f3ak. A mindh\u00e1rom helyis\u00e9g fel\u00faj\u00edt\u00e1s\u00e1ra \u00e9s berendez\u00e9s\u00e9re sz\u00e1nt t\u00e1mogat\u00e1s \u00e9rt\u00e9ke egyenk\u00e9nt k\u00f6zel 300.000 lej.<\/p>\n<p style=\"text-align: justify;\">A projekt megval\u00f3s\u00edt\u00e1s\u00e1nak h\u00e1rom \u00e9ves futamideje alatt 600 hallgat\u00f3 kapcsol\u00f3dik be a megfelel\u0151 tanulm\u00e1nyi felz\u00e1rk\u00f3ztat\u00e1si, valamint az egy\u00e9ni \u00e9s csoportos jelleg\u0171 tan\u00e1csad\u00e1si programokba. Ugyanakkor olyan tev\u00e9kenys\u00e9gekben vehetnek r\u00e9szt, amelyek a t\u00e1rsadalmi koh\u00e9zi\u00f3 meger\u0151s\u00edt\u00e9s\u00e9t szolg\u00e1lj\u00e1k. A projekthez tartoz\u00f3 valamennyi tev\u00e9kenys\u00e9g a lemorzsol\u00f3d\u00e1s megel\u0151z\u00e9s\u00e9t hivatott szolg\u00e1lni, \u00e9s implicit m\u00f3don a fels\u0151oktat\u00e1s min\u0151s\u00e9g\u00e9nek jav\u00edt\u00e1s\u00e1t is c\u00e9lozza.<\/p>\n<p style=\"text-align: justify;\">\n<p style=\"text-align: justify;\">A jelenlegi projekt a StudHub BBTE (Student Learning Hub AG 78\/SGU\/CI\/I\/18.12.2017) keret\u00e9ben elkezdett tev\u00e9kenys\u00e9gek folytat\u00e1sa.<\/p>\n","protected":false},"excerpt":{"rendered":"<p>A Babe\u0219\u2013Bolyai Tudom\u00e1nyegyetem tisztelettel megh\u00edvja Szerkeszt\u0151s\u00e9g\u00fck munkat\u00e1rs\u00e1t a 2020. febru\u00e1r 6-\u00e1n, cs\u00fct\u00f6rt\u00f6k\u00f6n 10:00 \u00f3r\u00e1t\u00f3l kezd\u0151d\u0151 sajt\u00f3t\u00e1j\u00e9koztat\u00f3ra, amelynek keret\u00e9ben bemutat\u00e1sra ker\u00fcl a korai iskolaelhagy\u00e1s megel\u0151z\u00e9s\u00e9t \u00e9s az iskolai tev\u00e9kenys\u00e9gek jav\u00edt\u00e1s\u00e1t c\u00e9lz\u00f3 projekt. Az esem\u00e9ny helysz\u00edne az Egyetemiek H\u00e1za klubterme (Emmanuel de &hellip;<\/p>\n<p class=\"read-more\"> <a class=\"more-link\" href=\"https:\/\/news.ubbcluj.ro\/hu\/a-bbte-a-korai-iskolaelhagyas-megelozeset-es-az-iskolai-tevekenyseg-javitasat-celzo-projektbe-kapcsolodik-be\/\"> <span class=\"screen-reader-text\">A BBTE a korai iskolaelhagy\u00e1s megel\u0151z\u00e9s\u00e9t  \u00e9s az iskolai tev\u00e9kenys\u00e9g jav\u00edt\u00e1s\u00e1t c\u00e9lz\u00f3 projektbe kapcsol\u00f3dik be<\/span> Tov\u00e1bb &raquo;<\/a><\/p>\n","protected":false},"author":9,"featured_media":1491,"comment_status":"closed","ping_status":"closed","sticky":false,"template":"","format":"standard","meta":{"footnotes":""},"categories":[17,6,7],"tags":[],"yoast_head":"<!-- This site is optimized with the Yoast SEO plugin v21.9.1 - https:\/\/yoast.com\/wordpress\/plugins\/seo\/ -->\n<title>A BBTE a korai iskolaelhagy\u00e1s megel\u0151z\u00e9s\u00e9t \u00e9s az iskolai tev\u00e9kenys\u00e9g jav\u00edt\u00e1s\u00e1t c\u00e9lz\u00f3 projektbe kapcsol\u00f3dik be - Kommunik\u00e1ci\u00f3 \u00e9s PR iroda<\/title>\n<meta name=\"robots\" content=\"index, follow, max-snippet:-1, max-image-preview:large, max-video-preview:-1\" \/>\n<link rel=\"canonical\" href=\"https:\/\/news.ubbcluj.ro\/hu\/a-bbte-a-korai-iskolaelhagyas-megelozeset-es-az-iskolai-tevekenyseg-javitasat-celzo-projektbe-kapcsolodik-be\/\" \/>\n<meta property=\"og:locale\" content=\"hu_HU\" \/>\n<meta property=\"og:type\" content=\"article\" \/>\n<meta property=\"og:title\" content=\"A BBTE a korai iskolaelhagy\u00e1s megel\u0151z\u00e9s\u00e9t \u00e9s az iskolai tev\u00e9kenys\u00e9g jav\u00edt\u00e1s\u00e1t c\u00e9lz\u00f3 projektbe kapcsol\u00f3dik be - Kommunik\u00e1ci\u00f3 \u00e9s PR iroda\" \/>\n<meta property=\"og:description\" content=\"A Babe\u0219\u2013Bolyai Tudom\u00e1nyegyetem tisztelettel megh\u00edvja Szerkeszt\u0151s\u00e9g\u00fck munkat\u00e1rs\u00e1t a 2020. febru\u00e1r 6-\u00e1n, cs\u00fct\u00f6rt\u00f6k\u00f6n 10:00 \u00f3r\u00e1t\u00f3l kezd\u0151d\u0151 sajt\u00f3t\u00e1j\u00e9koztat\u00f3ra, amelynek keret\u00e9ben bemutat\u00e1sra ker\u00fcl a korai iskolaelhagy\u00e1s megel\u0151z\u00e9s\u00e9t \u00e9s az iskolai tev\u00e9kenys\u00e9gek jav\u00edt\u00e1s\u00e1t c\u00e9lz\u00f3 projekt. Az esem\u00e9ny helysz\u00edne az Egyetemiek H\u00e1za klubterme (Emmanuel de &hellip; A BBTE a korai iskolaelhagy\u00e1s megel\u0151z\u00e9s\u00e9t \u00e9s az iskolai tev\u00e9kenys\u00e9g jav\u00edt\u00e1s\u00e1t c\u00e9lz\u00f3 projektbe kapcsol\u00f3dik be Tov\u00e1bb &raquo;\" \/>\n<meta property=\"og:url\" content=\"https:\/\/news.ubbcluj.ro\/hu\/a-bbte-a-korai-iskolaelhagyas-megelozeset-es-az-iskolai-tevekenyseg-javitasat-celzo-projektbe-kapcsolodik-be\/\" \/>\n<meta property=\"og:site_name\" content=\"Kommunik\u00e1ci\u00f3 \u00e9s PR iroda\" \/>\n<meta property=\"article:published_time\" content=\"2020-02-06T07:29:24+00:00\" \/>\n<meta property=\"og:image\" content=\"https:\/\/news.ubbcluj.ro\/hu\/wp-content\/uploads\/2017\/09\/DSC_7304-1024x685.jpg\" \/>\n\t<meta property=\"og:image:width\" content=\"1024\" \/>\n\t<meta property=\"og:image:height\" content=\"685\" \/>\n\t<meta property=\"og:image:type\" content=\"image\/jpeg\" \/>\n<meta name=\"author\" content=\"Bilibok Ren\u00e1ta\" \/>\n<meta name=\"twitter:card\" content=\"summary_large_image\" \/>\n<meta name=\"twitter:label1\" content=\"Szerz\u0151:\" \/>\n\t<meta name=\"twitter:data1\" content=\"Bilibok Ren\u00e1ta\" \/>\n\t<meta name=\"twitter:label2\" content=\"Becs\u00fclt olvas\u00e1si id\u0151\" \/>\n\t<meta name=\"twitter:data2\" content=\"3 perc\" \/>\n<script type=\"application\/ld+json\" class=\"yoast-schema-graph\">{\"@context\":\"https:\/\/schema.org\",\"@graph\":[{\"@type\":\"WebPage\",\"@id\":\"https:\/\/news.ubbcluj.ro\/hu\/a-bbte-a-korai-iskolaelhagyas-megelozeset-es-az-iskolai-tevekenyseg-javitasat-celzo-projektbe-kapcsolodik-be\/\",\"url\":\"https:\/\/news.ubbcluj.ro\/hu\/a-bbte-a-korai-iskolaelhagyas-megelozeset-es-az-iskolai-tevekenyseg-javitasat-celzo-projektbe-kapcsolodik-be\/\",\"name\":\"A BBTE a korai iskolaelhagy\u00e1s megel\u0151z\u00e9s\u00e9t \u00e9s az iskolai tev\u00e9kenys\u00e9g jav\u00edt\u00e1s\u00e1t c\u00e9lz\u00f3 projektbe kapcsol\u00f3dik be - Kommunik\u00e1ci\u00f3 \u00e9s PR iroda\",\"isPartOf\":{\"@id\":\"https:\/\/news.ubbcluj.ro\/hu\/#website\"},\"datePublished\":\"2020-02-06T07:29:24+00:00\",\"dateModified\":\"2020-02-06T07:29:24+00:00\",\"author\":{\"@id\":\"https:\/\/news.ubbcluj.ro\/hu\/#\/schema\/person\/0768248bd5e1ed05f87b7be96b4c3d9c\"},\"breadcrumb\":{\"@id\":\"https:\/\/news.ubbcluj.ro\/hu\/a-bbte-a-korai-iskolaelhagyas-megelozeset-es-az-iskolai-tevekenyseg-javitasat-celzo-projektbe-kapcsolodik-be\/#breadcrumb\"},\"inLanguage\":\"hu\",\"potentialAction\":[{\"@type\":\"ReadAction\",\"target\":[\"https:\/\/news.ubbcluj.ro\/hu\/a-bbte-a-korai-iskolaelhagyas-megelozeset-es-az-iskolai-tevekenyseg-javitasat-celzo-projektbe-kapcsolodik-be\/\"]}]},{\"@type\":\"BreadcrumbList\",\"@id\":\"https:\/\/news.ubbcluj.ro\/hu\/a-bbte-a-korai-iskolaelhagyas-megelozeset-es-az-iskolai-tevekenyseg-javitasat-celzo-projektbe-kapcsolodik-be\/#breadcrumb\",\"itemListElement\":[{\"@type\":\"ListItem\",\"position\":1,\"name\":\"Home\",\"item\":\"https:\/\/news.ubbcluj.ro\/hu\/\"},{\"@type\":\"ListItem\",\"position\":2,\"name\":\"A BBTE a korai iskolaelhagy\u00e1s megel\u0151z\u00e9s\u00e9t \u00e9s az iskolai tev\u00e9kenys\u00e9g jav\u00edt\u00e1s\u00e1t c\u00e9lz\u00f3 projektbe kapcsol\u00f3dik be\"}]},{\"@type\":\"WebSite\",\"@id\":\"https:\/\/news.ubbcluj.ro\/hu\/#website\",\"url\":\"https:\/\/news.ubbcluj.ro\/hu\/\",\"name\":\"Kommunik\u00e1ci\u00f3 \u00e9s PR iroda\",\"description\":\"Babe\u0219-Bolyai Tudom\u00e1negyetem\",\"potentialAction\":[{\"@type\":\"SearchAction\",\"target\":{\"@type\":\"EntryPoint\",\"urlTemplate\":\"https:\/\/news.ubbcluj.ro\/hu\/?s={search_term_string}\"},\"query-input\":\"required name=search_term_string\"}],\"inLanguage\":\"hu\"},{\"@type\":\"Person\",\"@id\":\"https:\/\/news.ubbcluj.ro\/hu\/#\/schema\/person\/0768248bd5e1ed05f87b7be96b4c3d9c\",\"name\":\"Bilibok Ren\u00e1ta\",\"url\":\"https:\/\/news.ubbcluj.ro\/hu\/author\/renata-bilibok\/\"}]}<\/script>\n<!-- \/ Yoast SEO plugin. -->","yoast_head_json":{"title":"A BBTE a korai iskolaelhagy\u00e1s megel\u0151z\u00e9s\u00e9t \u00e9s az iskolai tev\u00e9kenys\u00e9g jav\u00edt\u00e1s\u00e1t c\u00e9lz\u00f3 projektbe kapcsol\u00f3dik be - Kommunik\u00e1ci\u00f3 \u00e9s PR iroda","robots":{"index":"index","follow":"follow","max-snippet":"max-snippet:-1","max-image-preview":"max-image-preview:large","max-video-preview":"max-video-preview:-1"},"canonical":"https:\/\/news.ubbcluj.ro\/hu\/a-bbte-a-korai-iskolaelhagyas-megelozeset-es-az-iskolai-tevekenyseg-javitasat-celzo-projektbe-kapcsolodik-be\/","og_locale":"hu_HU","og_type":"article","og_title":"A BBTE a korai iskolaelhagy\u00e1s megel\u0151z\u00e9s\u00e9t \u00e9s az iskolai tev\u00e9kenys\u00e9g jav\u00edt\u00e1s\u00e1t c\u00e9lz\u00f3 projektbe kapcsol\u00f3dik be - Kommunik\u00e1ci\u00f3 \u00e9s PR iroda","og_description":"A Babe\u0219\u2013Bolyai Tudom\u00e1nyegyetem tisztelettel megh\u00edvja Szerkeszt\u0151s\u00e9g\u00fck munkat\u00e1rs\u00e1t a 2020. febru\u00e1r 6-\u00e1n, cs\u00fct\u00f6rt\u00f6k\u00f6n 10:00 \u00f3r\u00e1t\u00f3l kezd\u0151d\u0151 sajt\u00f3t\u00e1j\u00e9koztat\u00f3ra, amelynek keret\u00e9ben bemutat\u00e1sra ker\u00fcl a korai iskolaelhagy\u00e1s megel\u0151z\u00e9s\u00e9t \u00e9s az iskolai tev\u00e9kenys\u00e9gek jav\u00edt\u00e1s\u00e1t c\u00e9lz\u00f3 projekt. Az esem\u00e9ny helysz\u00edne az Egyetemiek H\u00e1za klubterme (Emmanuel de &hellip; A BBTE a korai iskolaelhagy\u00e1s megel\u0151z\u00e9s\u00e9t \u00e9s az iskolai tev\u00e9kenys\u00e9g jav\u00edt\u00e1s\u00e1t c\u00e9lz\u00f3 projektbe kapcsol\u00f3dik be Tov\u00e1bb &raquo;","og_url":"https:\/\/news.ubbcluj.ro\/hu\/a-bbte-a-korai-iskolaelhagyas-megelozeset-es-az-iskolai-tevekenyseg-javitasat-celzo-projektbe-kapcsolodik-be\/","og_site_name":"Kommunik\u00e1ci\u00f3 \u00e9s PR iroda","article_published_time":"2020-02-06T07:29:24+00:00","og_image":[{"width":1024,"height":685,"url":"https:\/\/news.ubbcluj.ro\/hu\/wp-content\/uploads\/2017\/09\/DSC_7304-1024x685.jpg","type":"image\/jpeg"}],"author":"Bilibok Ren\u00e1ta","twitter_card":"summary_large_image","twitter_misc":{"Szerz\u0151:":"Bilibok Ren\u00e1ta","Becs\u00fclt olvas\u00e1si id\u0151":"3 perc"},"schema":{"@context":"https:\/\/schema.org","@graph":[{"@type":"WebPage","@id":"https:\/\/news.ubbcluj.ro\/hu\/a-bbte-a-korai-iskolaelhagyas-megelozeset-es-az-iskolai-tevekenyseg-javitasat-celzo-projektbe-kapcsolodik-be\/","url":"https:\/\/news.ubbcluj.ro\/hu\/a-bbte-a-korai-iskolaelhagyas-megelozeset-es-az-iskolai-tevekenyseg-javitasat-celzo-projektbe-kapcsolodik-be\/","name":"A BBTE a korai iskolaelhagy\u00e1s megel\u0151z\u00e9s\u00e9t \u00e9s az iskolai tev\u00e9kenys\u00e9g jav\u00edt\u00e1s\u00e1t c\u00e9lz\u00f3 projektbe kapcsol\u00f3dik be - Kommunik\u00e1ci\u00f3 \u00e9s PR iroda","isPartOf":{"@id":"https:\/\/news.ubbcluj.ro\/hu\/#website"},"datePublished":"2020-02-06T07:29:24+00:00","dateModified":"2020-02-06T07:29:24+00:00","author":{"@id":"https:\/\/news.ubbcluj.ro\/hu\/#\/schema\/person\/0768248bd5e1ed05f87b7be96b4c3d9c"},"breadcrumb":{"@id":"https:\/\/news.ubbcluj.ro\/hu\/a-bbte-a-korai-iskolaelhagyas-megelozeset-es-az-iskolai-tevekenyseg-javitasat-celzo-projektbe-kapcsolodik-be\/#breadcrumb"},"inLanguage":"hu","potentialAction":[{"@type":"ReadAction","target":["https:\/\/news.ubbcluj.ro\/hu\/a-bbte-a-korai-iskolaelhagyas-megelozeset-es-az-iskolai-tevekenyseg-javitasat-celzo-projektbe-kapcsolodik-be\/"]}]},{"@type":"BreadcrumbList","@id":"https:\/\/news.ubbcluj.ro\/hu\/a-bbte-a-korai-iskolaelhagyas-megelozeset-es-az-iskolai-tevekenyseg-javitasat-celzo-projektbe-kapcsolodik-be\/#breadcrumb","itemListElement":[{"@type":"ListItem","position":1,"name":"Home","item":"https:\/\/news.ubbcluj.ro\/hu\/"},{"@type":"ListItem","position":2,"name":"A BBTE a korai iskolaelhagy\u00e1s megel\u0151z\u00e9s\u00e9t \u00e9s az iskolai tev\u00e9kenys\u00e9g jav\u00edt\u00e1s\u00e1t c\u00e9lz\u00f3 projektbe kapcsol\u00f3dik be"}]},{"@type":"WebSite","@id":"https:\/\/news.ubbcluj.ro\/hu\/#website","url":"https:\/\/news.ubbcluj.ro\/hu\/","name":"Kommunik\u00e1ci\u00f3 \u00e9s PR iroda","description":"Babe\u0219-Bolyai Tudom\u00e1negyetem","potentialAction":[{"@type":"SearchAction","target":{"@type":"EntryPoint","urlTemplate":"https:\/\/news.ubbcluj.ro\/hu\/?s={search_term_string}"},"query-input":"required name=search_term_string"}],"inLanguage":"hu"},{"@type":"Person","@id":"https:\/\/news.ubbcluj.ro\/hu\/#\/schema\/person\/0768248bd5e1ed05f87b7be96b4c3d9c","name":"Bilibok Ren\u00e1ta","url":"https:\/\/news.ubbcluj.ro\/hu\/author\/renata-bilibok\/"}]}},"_links":{"self":[{"href":"https:\/\/news.ubbcluj.ro\/hu\/wp-json\/wp\/v2\/posts\/3820"}],"collection":[{"href":"https:\/\/news.ubbcluj.ro\/hu\/wp-json\/wp\/v2\/posts"}],"about":[{"href":"https:\/\/news.ubbcluj.ro\/hu\/wp-json\/wp\/v2\/types\/post"}],"author":[{"embeddable":true,"href":"https:\/\/news.ubbcluj.ro\/hu\/wp-json\/wp\/v2\/users\/9"}],"replies":[{"embeddable":true,"href":"https:\/\/news.ubbcluj.ro\/hu\/wp-json\/wp\/v2\/comments?post=3820"}],"version-history":[{"count":1,"href":"https:\/\/news.ubbcluj.ro\/hu\/wp-json\/wp\/v2\/posts\/3820\/revisions"}],"predecessor-version":[{"id":3821,"href":"https:\/\/news.ubbcluj.ro\/hu\/wp-json\/wp\/v2\/posts\/3820\/revisions\/3821"}],"wp:featuredmedia":[{"embeddable":true,"href":"https:\/\/news.ubbcluj.ro\/hu\/wp-json\/wp\/v2\/media\/1491"}],"wp:attachment":[{"href":"https:\/\/news.ubbcluj.ro\/hu\/wp-json\/wp\/v2\/media?parent=3820"}],"wp:term":[{"taxonomy":"category","embeddable":true,"href":"https:\/\/news.ubbcluj.ro\/hu\/wp-json\/wp\/v2\/categories?post=3820"},{"taxonomy":"post_tag","embeddable":true,"href":"https:\/\/news.ubbcluj.ro\/hu\/wp-json\/wp\/v2\/tags?post=3820"}],"curies":[{"name":"wp","href":"https:\/\/api.w.org\/{rel}","templated":true}]}}