{"id":3822,"date":"2020-02-14T17:20:32","date_gmt":"2020-02-14T15:20:32","guid":{"rendered":"https:\/\/news.ubbcluj.ro\/hu\/?p=3822"},"modified":"2020-02-14T17:20:32","modified_gmt":"2020-02-14T15:20:32","slug":"a-bbte-egyetemi-tanaranak-nagy-laszlonak-az-mta-kulso-tagjanak-szekfoglalo-eloadasa","status":"publish","type":"post","link":"https:\/\/news.ubbcluj.ro\/hu\/a-bbte-egyetemi-tanaranak-nagy-laszlonak-az-mta-kulso-tagjanak-szekfoglalo-eloadasa\/","title":{"rendered":"A BBTE egyetemi tan\u00e1r\u00e1nak, Nagy L\u00e1szl\u00f3nak, az MTA k\u00fcls\u0151 tagj\u00e1nak sz\u00e9kfoglal\u00f3 el\u0151ad\u00e1sa"},"content":{"rendered":"<p>C\u00edmzettek: Az MTA Fizikai Tudom\u00e1nyok Oszt\u00e1lya rendes, levelez\u0151 \u00e9s k\u00fcls\u0151 tagjai,<br \/>\nk\u00f6zgy\u0171l\u00e9si k\u00e9pvisel\u0151i \u00e9s k\u00f6ztest\u00fcleti tagjai<\/p>\n<p>Tisztelt Professzor Asszony! Tisztelt Professzor \u00dar!<\/p>\n<p>A Magyar Tudom\u00e1nyos Akad\u00e9mia Fizikai Tudom\u00e1nyok Oszt\u00e1lya tisztelettel megh\u00edvja \u00d6nt<\/p>\n<p>NAGY L\u00c1SZL\u00d3, az MTA k\u00fcls\u0151 tagja<br \/>\nR\u00e9szecsk\u00e9k \u00e9s hull\u00e1mok. Interferenciajelens\u00e9gek az atomfizik\u00e1ban c\u00edm\u0171 sz\u00e9kfoglal\u00f3<br \/>\nel\u0151ad\u00e1s\u00e1ra<\/p>\n<p>Az el\u0151ad\u00e1s ideje: 2020. febru\u00e1r 14. (p\u00e9ntek) 11.00 \u00f3ra<\/p>\n<p>Az el\u0151ad\u00e1s helysz\u00edne: MTA Sz\u00e9kh\u00e1z, Nagyterem<br \/>\n(1051 Budapest, Sz\u00e9chenyi Istv\u00e1n t\u00e9r 9. II. emelet)<\/p>\n<p>A sz\u00e9kfoglal\u00f3 kivonata:<br \/>\nA r\u00e9szecsk\u00e9k, konkr\u00e9tan az elektron hull\u00e1mterm\u00e9szete m\u00e1r az 1920-as \u00e9vekben<br \/>\nbizony\u00edt\u00e1st nyert. Ennek ellen\u00e9re a mai napig fedeznek fel \u00e9s tanulm\u00e1nyoznak olyan<br \/>\n\u00e9rdekes jelens\u00e9geket, amelyek a r\u00e9szecsk\u00e9k hull\u00e1mterm\u00e9szet\u00e9nek k\u00f6vetkezm\u00e9nyei.<br \/>\nEl\u0151ad\u00e1somban a kutat\u00f3csoportom h\u00e1rom olyan eredm\u00e9ny\u00e9re fogok kit\u00e9rni, amelyekben a<br \/>\nr\u00e9szecsk\u00e9khez rendelt hull\u00e1mok interferenci\u00e1ja jelenik meg. Az els\u0151 a k\u00e9tatomos<br \/>\nmolekul\u00e1k gyors t\u00f6lt\u00f6tt r\u00e9szecsk\u00e9vel val\u00f3 ioniz\u00e1ci\u00f3j\u00e1val kapcsolatos, amikor a<br \/>\nkil\u00f6k\u00f6tt elektron energiaspekrum\u00e1ban megjelenik a k\u00e9t mag szomsz\u00e9ds\u00e1g\u00e1b\u00f3l sz\u00e1rmaz\u00f3<br \/>\nelektronhull\u00e1mok k\u00f6z\u00f6tti interferencia. A m\u00e1sodik azt a jelens\u00e9get \u00edrja le, amikor<br \/>\negy ultrar\u00f6vid l\u00e9zerimpulzus ioniz\u00e1l egy atomot, \u00e9s a visszasz\u00f3r\u00f3d\u00f3 elektron<br \/>\nspektrum\u00e1ban megjelenik az atom hologramja. A harmadik tanulm\u00e1nyunk pedig azt<br \/>\nmutatta ki, hogy egy atom gyors l\u00f6ved\u00e9k okozta ioniz\u00e1ci\u00f3jakor a teljesen<br \/>\ndifferenci\u00e1lis hat\u00e1skeresztmetszet f\u00fcgg att\u00f3l, hogy a l\u00f6ved\u00e9khez rendelt<br \/>\nhull\u00e1mcsomag milyen m\u00e9ret\u0171. Ha a l\u00f6ved\u00e9ket r\u00e9szecsk\u00e9nek tekintj\u00fck (a l\u00f6ved\u00e9k<br \/>\ninkoherens, vagy kis koherenciasz\u00e9less\u00e9ggel rendelkezik), m\u00e1s eredm\u00e9nyt kapunk, mint<br \/>\nnagy koherenciasz\u00e9less\u00e9ggel jellemzett hull\u00e1mcsomag eset\u00e9n, amikor a k\u00fcl\u00f6nb\u00f6z\u0151<br \/>\nimpakt param\u00e9terrel jellemzett p\u00e1ly\u00e1k interfer\u00e1lnak egym\u00e1ssal.<\/p>\n<p>A sz\u00e9kfoglal\u00f3 megh\u00edv\u00f3ja innen t\u00f6lthet\u0151 le:<br \/>\nhttps:\/\/mta.hu\/xi-osztaly\/nagy-laszlo-az-mta-kulso-tagja-akademiai-szekfoglaloja-110283<\/p>\n<p>\u00dcdv\u00f6zlettel: R\u00e1cz Zolt\u00e1n oszt\u00e1lyeln\u00f6k<\/p>\n","protected":false},"excerpt":{"rendered":"<p>C\u00edmzettek: Az MTA Fizikai Tudom\u00e1nyok Oszt\u00e1lya rendes, levelez\u0151 \u00e9s k\u00fcls\u0151 tagjai, k\u00f6zgy\u0171l\u00e9si k\u00e9pvisel\u0151i \u00e9s k\u00f6ztest\u00fcleti tagjai Tisztelt Professzor Asszony! Tisztelt Professzor \u00dar! A Magyar Tudom\u00e1nyos Akad\u00e9mia Fizikai Tudom\u00e1nyok Oszt\u00e1lya tisztelettel megh\u00edvja \u00d6nt NAGY L\u00c1SZL\u00d3, az MTA k\u00fcls\u0151 tagja R\u00e9szecsk\u00e9k \u00e9s &hellip;<\/p>\n<p class=\"read-more\"> <a class=\"more-link\" href=\"https:\/\/news.ubbcluj.ro\/hu\/a-bbte-egyetemi-tanaranak-nagy-laszlonak-az-mta-kulso-tagjanak-szekfoglalo-eloadasa\/\"> <span class=\"screen-reader-text\">A BBTE egyetemi tan\u00e1r\u00e1nak, Nagy L\u00e1szl\u00f3nak, az MTA k\u00fcls\u0151 tagj\u00e1nak sz\u00e9kfoglal\u00f3 el\u0151ad\u00e1sa<\/span> Tov\u00e1bb &raquo;<\/a><\/p>\n","protected":false},"author":9,"featured_media":0,"comment_status":"closed","ping_status":"closed","sticky":false,"template":"","format":"standard","meta":{"footnotes":""},"categories":[17,6],"tags":[],"yoast_head":"<!-- This site is optimized with the Yoast SEO plugin v21.9.1 - https:\/\/yoast.com\/wordpress\/plugins\/seo\/ -->\n<title>A BBTE egyetemi tan\u00e1r\u00e1nak, Nagy L\u00e1szl\u00f3nak, az MTA k\u00fcls\u0151 tagj\u00e1nak sz\u00e9kfoglal\u00f3 el\u0151ad\u00e1sa - Kommunik\u00e1ci\u00f3 \u00e9s PR iroda<\/title>\n<meta name=\"robots\" content=\"index, follow, max-snippet:-1, max-image-preview:large, max-video-preview:-1\" \/>\n<link rel=\"canonical\" href=\"https:\/\/news.ubbcluj.ro\/hu\/a-bbte-egyetemi-tanaranak-nagy-laszlonak-az-mta-kulso-tagjanak-szekfoglalo-eloadasa\/\" \/>\n<meta property=\"og:locale\" content=\"hu_HU\" \/>\n<meta property=\"og:type\" content=\"article\" \/>\n<meta property=\"og:title\" content=\"A BBTE egyetemi tan\u00e1r\u00e1nak, Nagy L\u00e1szl\u00f3nak, az MTA k\u00fcls\u0151 tagj\u00e1nak sz\u00e9kfoglal\u00f3 el\u0151ad\u00e1sa - Kommunik\u00e1ci\u00f3 \u00e9s PR iroda\" \/>\n<meta property=\"og:description\" content=\"C\u00edmzettek: Az MTA Fizikai Tudom\u00e1nyok Oszt\u00e1lya rendes, levelez\u0151 \u00e9s k\u00fcls\u0151 tagjai, k\u00f6zgy\u0171l\u00e9si k\u00e9pvisel\u0151i \u00e9s k\u00f6ztest\u00fcleti tagjai Tisztelt Professzor Asszony! Tisztelt Professzor \u00dar! A Magyar Tudom\u00e1nyos Akad\u00e9mia Fizikai Tudom\u00e1nyok Oszt\u00e1lya tisztelettel megh\u00edvja \u00d6nt NAGY L\u00c1SZL\u00d3, az MTA k\u00fcls\u0151 tagja R\u00e9szecsk\u00e9k \u00e9s &hellip; A BBTE egyetemi tan\u00e1r\u00e1nak, Nagy L\u00e1szl\u00f3nak, az MTA k\u00fcls\u0151 tagj\u00e1nak sz\u00e9kfoglal\u00f3 el\u0151ad\u00e1sa Tov\u00e1bb &raquo;\" \/>\n<meta property=\"og:url\" content=\"https:\/\/news.ubbcluj.ro\/hu\/a-bbte-egyetemi-tanaranak-nagy-laszlonak-az-mta-kulso-tagjanak-szekfoglalo-eloadasa\/\" \/>\n<meta property=\"og:site_name\" content=\"Kommunik\u00e1ci\u00f3 \u00e9s PR iroda\" \/>\n<meta property=\"article:published_time\" content=\"2020-02-14T15:20:32+00:00\" \/>\n<meta name=\"author\" content=\"Bilibok Ren\u00e1ta\" \/>\n<meta name=\"twitter:card\" content=\"summary_large_image\" \/>\n<meta name=\"twitter:label1\" content=\"Szerz\u0151:\" \/>\n\t<meta name=\"twitter:data1\" content=\"Bilibok Ren\u00e1ta\" \/>\n\t<meta name=\"twitter:label2\" content=\"Becs\u00fclt olvas\u00e1si id\u0151\" \/>\n\t<meta name=\"twitter:data2\" content=\"2 perc\" \/>\n<script type=\"application\/ld+json\" class=\"yoast-schema-graph\">{\"@context\":\"https:\/\/schema.org\",\"@graph\":[{\"@type\":\"WebPage\",\"@id\":\"https:\/\/news.ubbcluj.ro\/hu\/a-bbte-egyetemi-tanaranak-nagy-laszlonak-az-mta-kulso-tagjanak-szekfoglalo-eloadasa\/\",\"url\":\"https:\/\/news.ubbcluj.ro\/hu\/a-bbte-egyetemi-tanaranak-nagy-laszlonak-az-mta-kulso-tagjanak-szekfoglalo-eloadasa\/\",\"name\":\"A BBTE egyetemi tan\u00e1r\u00e1nak, Nagy L\u00e1szl\u00f3nak, az MTA k\u00fcls\u0151 tagj\u00e1nak sz\u00e9kfoglal\u00f3 el\u0151ad\u00e1sa - Kommunik\u00e1ci\u00f3 \u00e9s PR iroda\",\"isPartOf\":{\"@id\":\"https:\/\/news.ubbcluj.ro\/hu\/#website\"},\"datePublished\":\"2020-02-14T15:20:32+00:00\",\"dateModified\":\"2020-02-14T15:20:32+00:00\",\"author\":{\"@id\":\"https:\/\/news.ubbcluj.ro\/hu\/#\/schema\/person\/0768248bd5e1ed05f87b7be96b4c3d9c\"},\"breadcrumb\":{\"@id\":\"https:\/\/news.ubbcluj.ro\/hu\/a-bbte-egyetemi-tanaranak-nagy-laszlonak-az-mta-kulso-tagjanak-szekfoglalo-eloadasa\/#breadcrumb\"},\"inLanguage\":\"hu\",\"potentialAction\":[{\"@type\":\"ReadAction\",\"target\":[\"https:\/\/news.ubbcluj.ro\/hu\/a-bbte-egyetemi-tanaranak-nagy-laszlonak-az-mta-kulso-tagjanak-szekfoglalo-eloadasa\/\"]}]},{\"@type\":\"BreadcrumbList\",\"@id\":\"https:\/\/news.ubbcluj.ro\/hu\/a-bbte-egyetemi-tanaranak-nagy-laszlonak-az-mta-kulso-tagjanak-szekfoglalo-eloadasa\/#breadcrumb\",\"itemListElement\":[{\"@type\":\"ListItem\",\"position\":1,\"name\":\"Home\",\"item\":\"https:\/\/news.ubbcluj.ro\/hu\/\"},{\"@type\":\"ListItem\",\"position\":2,\"name\":\"A BBTE egyetemi tan\u00e1r\u00e1nak, Nagy L\u00e1szl\u00f3nak, az MTA k\u00fcls\u0151 tagj\u00e1nak sz\u00e9kfoglal\u00f3 el\u0151ad\u00e1sa\"}]},{\"@type\":\"WebSite\",\"@id\":\"https:\/\/news.ubbcluj.ro\/hu\/#website\",\"url\":\"https:\/\/news.ubbcluj.ro\/hu\/\",\"name\":\"Kommunik\u00e1ci\u00f3 \u00e9s PR iroda\",\"description\":\"Babe\u0219-Bolyai Tudom\u00e1negyetem\",\"potentialAction\":[{\"@type\":\"SearchAction\",\"target\":{\"@type\":\"EntryPoint\",\"urlTemplate\":\"https:\/\/news.ubbcluj.ro\/hu\/?s={search_term_string}\"},\"query-input\":\"required name=search_term_string\"}],\"inLanguage\":\"hu\"},{\"@type\":\"Person\",\"@id\":\"https:\/\/news.ubbcluj.ro\/hu\/#\/schema\/person\/0768248bd5e1ed05f87b7be96b4c3d9c\",\"name\":\"Bilibok Ren\u00e1ta\",\"url\":\"https:\/\/news.ubbcluj.ro\/hu\/author\/renata-bilibok\/\"}]}<\/script>\n<!-- \/ Yoast SEO plugin. -->","yoast_head_json":{"title":"A BBTE egyetemi tan\u00e1r\u00e1nak, Nagy L\u00e1szl\u00f3nak, az MTA k\u00fcls\u0151 tagj\u00e1nak sz\u00e9kfoglal\u00f3 el\u0151ad\u00e1sa - Kommunik\u00e1ci\u00f3 \u00e9s PR iroda","robots":{"index":"index","follow":"follow","max-snippet":"max-snippet:-1","max-image-preview":"max-image-preview:large","max-video-preview":"max-video-preview:-1"},"canonical":"https:\/\/news.ubbcluj.ro\/hu\/a-bbte-egyetemi-tanaranak-nagy-laszlonak-az-mta-kulso-tagjanak-szekfoglalo-eloadasa\/","og_locale":"hu_HU","og_type":"article","og_title":"A BBTE egyetemi tan\u00e1r\u00e1nak, Nagy L\u00e1szl\u00f3nak, az MTA k\u00fcls\u0151 tagj\u00e1nak sz\u00e9kfoglal\u00f3 el\u0151ad\u00e1sa - Kommunik\u00e1ci\u00f3 \u00e9s PR iroda","og_description":"C\u00edmzettek: Az MTA Fizikai Tudom\u00e1nyok Oszt\u00e1lya rendes, levelez\u0151 \u00e9s k\u00fcls\u0151 tagjai, k\u00f6zgy\u0171l\u00e9si k\u00e9pvisel\u0151i \u00e9s k\u00f6ztest\u00fcleti tagjai Tisztelt Professzor Asszony! Tisztelt Professzor \u00dar! A Magyar Tudom\u00e1nyos Akad\u00e9mia Fizikai Tudom\u00e1nyok Oszt\u00e1lya tisztelettel megh\u00edvja \u00d6nt NAGY L\u00c1SZL\u00d3, az MTA k\u00fcls\u0151 tagja R\u00e9szecsk\u00e9k \u00e9s &hellip; A BBTE egyetemi tan\u00e1r\u00e1nak, Nagy L\u00e1szl\u00f3nak, az MTA k\u00fcls\u0151 tagj\u00e1nak sz\u00e9kfoglal\u00f3 el\u0151ad\u00e1sa Tov\u00e1bb &raquo;","og_url":"https:\/\/news.ubbcluj.ro\/hu\/a-bbte-egyetemi-tanaranak-nagy-laszlonak-az-mta-kulso-tagjanak-szekfoglalo-eloadasa\/","og_site_name":"Kommunik\u00e1ci\u00f3 \u00e9s PR iroda","article_published_time":"2020-02-14T15:20:32+00:00","author":"Bilibok Ren\u00e1ta","twitter_card":"summary_large_image","twitter_misc":{"Szerz\u0151:":"Bilibok Ren\u00e1ta","Becs\u00fclt olvas\u00e1si id\u0151":"2 perc"},"schema":{"@context":"https:\/\/schema.org","@graph":[{"@type":"WebPage","@id":"https:\/\/news.ubbcluj.ro\/hu\/a-bbte-egyetemi-tanaranak-nagy-laszlonak-az-mta-kulso-tagjanak-szekfoglalo-eloadasa\/","url":"https:\/\/news.ubbcluj.ro\/hu\/a-bbte-egyetemi-tanaranak-nagy-laszlonak-az-mta-kulso-tagjanak-szekfoglalo-eloadasa\/","name":"A BBTE egyetemi tan\u00e1r\u00e1nak, Nagy L\u00e1szl\u00f3nak, az MTA k\u00fcls\u0151 tagj\u00e1nak sz\u00e9kfoglal\u00f3 el\u0151ad\u00e1sa - Kommunik\u00e1ci\u00f3 \u00e9s PR iroda","isPartOf":{"@id":"https:\/\/news.ubbcluj.ro\/hu\/#website"},"datePublished":"2020-02-14T15:20:32+00:00","dateModified":"2020-02-14T15:20:32+00:00","author":{"@id":"https:\/\/news.ubbcluj.ro\/hu\/#\/schema\/person\/0768248bd5e1ed05f87b7be96b4c3d9c"},"breadcrumb":{"@id":"https:\/\/news.ubbcluj.ro\/hu\/a-bbte-egyetemi-tanaranak-nagy-laszlonak-az-mta-kulso-tagjanak-szekfoglalo-eloadasa\/#breadcrumb"},"inLanguage":"hu","potentialAction":[{"@type":"ReadAction","target":["https:\/\/news.ubbcluj.ro\/hu\/a-bbte-egyetemi-tanaranak-nagy-laszlonak-az-mta-kulso-tagjanak-szekfoglalo-eloadasa\/"]}]},{"@type":"BreadcrumbList","@id":"https:\/\/news.ubbcluj.ro\/hu\/a-bbte-egyetemi-tanaranak-nagy-laszlonak-az-mta-kulso-tagjanak-szekfoglalo-eloadasa\/#breadcrumb","itemListElement":[{"@type":"ListItem","position":1,"name":"Home","item":"https:\/\/news.ubbcluj.ro\/hu\/"},{"@type":"ListItem","position":2,"name":"A BBTE egyetemi tan\u00e1r\u00e1nak, Nagy L\u00e1szl\u00f3nak, az MTA k\u00fcls\u0151 tagj\u00e1nak sz\u00e9kfoglal\u00f3 el\u0151ad\u00e1sa"}]},{"@type":"WebSite","@id":"https:\/\/news.ubbcluj.ro\/hu\/#website","url":"https:\/\/news.ubbcluj.ro\/hu\/","name":"Kommunik\u00e1ci\u00f3 \u00e9s PR iroda","description":"Babe\u0219-Bolyai Tudom\u00e1negyetem","potentialAction":[{"@type":"SearchAction","target":{"@type":"EntryPoint","urlTemplate":"https:\/\/news.ubbcluj.ro\/hu\/?s={search_term_string}"},"query-input":"required name=search_term_string"}],"inLanguage":"hu"},{"@type":"Person","@id":"https:\/\/news.ubbcluj.ro\/hu\/#\/schema\/person\/0768248bd5e1ed05f87b7be96b4c3d9c","name":"Bilibok Ren\u00e1ta","url":"https:\/\/news.ubbcluj.ro\/hu\/author\/renata-bilibok\/"}]}},"_links":{"self":[{"href":"https:\/\/news.ubbcluj.ro\/hu\/wp-json\/wp\/v2\/posts\/3822"}],"collection":[{"href":"https:\/\/news.ubbcluj.ro\/hu\/wp-json\/wp\/v2\/posts"}],"about":[{"href":"https:\/\/news.ubbcluj.ro\/hu\/wp-json\/wp\/v2\/types\/post"}],"author":[{"embeddable":true,"href":"https:\/\/news.ubbcluj.ro\/hu\/wp-json\/wp\/v2\/users\/9"}],"replies":[{"embeddable":true,"href":"https:\/\/news.ubbcluj.ro\/hu\/wp-json\/wp\/v2\/comments?post=3822"}],"version-history":[{"count":1,"href":"https:\/\/news.ubbcluj.ro\/hu\/wp-json\/wp\/v2\/posts\/3822\/revisions"}],"predecessor-version":[{"id":3823,"href":"https:\/\/news.ubbcluj.ro\/hu\/wp-json\/wp\/v2\/posts\/3822\/revisions\/3823"}],"wp:attachment":[{"href":"https:\/\/news.ubbcluj.ro\/hu\/wp-json\/wp\/v2\/media?parent=3822"}],"wp:term":[{"taxonomy":"category","embeddable":true,"href":"https:\/\/news.ubbcluj.ro\/hu\/wp-json\/wp\/v2\/categories?post=3822"},{"taxonomy":"post_tag","embeddable":true,"href":"https:\/\/news.ubbcluj.ro\/hu\/wp-json\/wp\/v2\/tags?post=3822"}],"curies":[{"name":"wp","href":"https:\/\/api.w.org\/{rel}","templated":true}]}}