{"id":3834,"date":"2020-03-12T11:12:31","date_gmt":"2020-03-12T09:12:31","guid":{"rendered":"https:\/\/news.ubbcluj.ro\/hu\/?p=3834"},"modified":"2020-03-12T11:12:31","modified_gmt":"2020-03-12T09:12:31","slug":"hogyan-lehetne-javitani-a-daganattal-elo-paciensek-alapellatasat","status":"publish","type":"post","link":"https:\/\/news.ubbcluj.ro\/hu\/hogyan-lehetne-javitani-a-daganattal-elo-paciensek-alapellatasat\/","title":{"rendered":"Hogyan lehetne jav\u00edtani a daganattal \u00e9l\u0151 p\u00e1ciensek alapell\u00e1t\u00e1s\u00e1t?"},"content":{"rendered":"<p><strong>Dr. D\u00e9gi L\u00e1szl\u00f3 Csaba, a BBTE Szociol\u00f3gia \u00e9s Szoci\u00e1lismunk\u00e1s-k\u00e9pz\u0151 Kar\u00e1nak docense, a Nemzetk\u00f6zi Pszichoonkol\u00f3giai T\u00e1rsas\u00e1g (IPOS) igazgat\u00f3ja is k\u00f6zrem\u0171k\u00f6d\u00f6tt annak a javaslatcsomagnak az \u00f6ssze\u00e1ll\u00edt\u00e1s\u00e1ban, amely a daganattal \u00e9l\u0151 emberek alapell\u00e1t\u00e1s\u00e1nak jav\u00edt\u00e1s\u00e1t, valamint az ell\u00e1t\u00e1s k\u00fcl\u00f6nb\u00f6z\u0151 szintjeinek \u00f6sszehangol\u00e1s\u00e1t szorgalmazza. A javaslatcsomagot az Eur\u00f3pai R\u00e1kszervezet (European CanCer Organisation \u2013 ECCO) Alapk\u00f6vetelm\u00e9nyek a Daganattal \u00c9l\u0151k Min\u0151s\u00e9gi Ell\u00e1t\u00e1s\u00e1ban (Essential Requirments for Quality Cancer Care \u2013 ERQCC) szak\u00e9rt\u0151csoportja dolgozta ki.<\/strong><\/p>\n<p>2018-ban Eur\u00f3p\u00e1ban 3,9 milli\u00f3 daganatos megbeteged\u00e9st \u00e9s 1,9 milli\u00f3 daganatos megbeteged\u00e9sb\u0151l k\u00f6vetkez\u0151 hal\u00e1lesetet jegyeztek. A sz\u00edv- \u00e9s \u00e9rrendszeri betegs\u00e9gek ut\u00e1n ez a m\u00e1sodik leggyakoribb oka az elhal\u00e1loz\u00e1soknak a kontinensen, legjellemz\u0151bb t\u00edpusai a t\u00fcd\u0151-, v\u00e9gb\u00e9l, mell-, prosztata-, valamint a hasny\u00e1lmirigy-daganat, ezeknek a megbeteged\u00e9seknek \u00e1tlagosan k\u00f6zel fele hal\u00e1los kimenetel\u0171. A 0\u201314 \u00e9ves koroszt\u00e1lyba tartoz\u00f3 p\u00e1ciensek t\u00f6bb mint 30%-a hal meg a daganatos megbeteged\u00e9s diagnosztiz\u00e1l\u00e1s\u00e1t k\u00f6vet\u0151 \u00f6t \u00e9ven bel\u00fcl, a t\u00fal\u00e9l\u00e9si ar\u00e1ny pedig ak\u00e1r 10-20%-kal is alacsonyabb Kelet- \u00e9s K\u00f6z\u00e9p-Eur\u00f3p\u00e1ban, mint a kontinens nyugati orsz\u00e1gaiban.<\/p>\n<p>A daganattal \u00e9l\u0151 p\u00e1ciensek eg\u00e9szs\u00e9g\u00fcgyi ell\u00e1t\u00e1sa t\u00f6bb szinten t\u00f6rt\u00e9nik: a klinikai szakell\u00e1t\u00e1ssal p\u00e1rhuzamosan, valamint azt megel\u0151z\u0151en\/k\u00f6vet\u0151en ny\u00fajtott alapell\u00e1t\u00e1s n\u00e9lk\u00fcl\u00f6zhetetlen eleme a beteggondoz\u00e1snak, nagym\u00e9rt\u00e9kben\u00a0 hozz\u00e1j\u00e1rulhat a daganat id\u0151ben t\u00f6rt\u00e9n\u0151 kisz\u0171r\u00e9s\u00e9hez, a p\u00e1ciens f\u00f6l\u00e9p\u00fcl\u00e9s\u00e9hez, \u00e9letmin\u0151s\u00e9ge jav\u00edt\u00e1s\u00e1hoz. Az alapell\u00e1t\u00e1s egy lakoss\u00e1gk\u00f6zeli, az \u00e1llampolg\u00e1rok \u00e1ltal egyenl\u0151 es\u00e9llyel a lak\u00f3hely k\u00f6zel\u00e9ben vagy a lak\u00f3helyen ig\u00e9nybe vehet\u0151, hossz\u00fa t\u00e1v\u00fa, szem\u00e9lyes kapcsolaton alapul\u00f3 ell\u00e1t\u00e1si forma. Prevenci\u00f3s, rehabilit\u00e1ci\u00f3s \u00e9s gondoz\u00f3ell\u00e1t\u00e1sokat foglal mag\u00e1ban. Az alapell\u00e1t\u00e1s ter\u00fclet\u00e9re tartoznak a gy\u00f3gyszer\u00e9szek, a csal\u00e1dorvosok, a gondoz\u00f3k, a k\u00f6z\u00f6ss\u00e9gi \u00e1pol\u00f3k \u00e1ltal ny\u00fajtott ell\u00e1t\u00e1st\u00edpusok. Az eg\u00e9szs\u00e9g\u00fcgyi ell\u00e1t\u00e1snak ez a szintje sajnos Eur\u00f3pa-szerte deficitekkel m\u0171k\u00f6dik.<\/p>\n<p>A szak\u00e9rt\u0151csoport \u00f6sszegy\u0171jt\u00f6tte a leggyakoribb alapell\u00e1t\u00e1ssal kapcsolatos probl\u00e9m\u00e1kat. Ide sorolhat\u00f3 a dagantos megbeteged\u00e9sek k\u00e9s\u0151i diagnosztiz\u00e1l\u00e1sa, ami\u00e9rt t\u00f6bbek k\u00f6zt a h\u00e1ziorvosok \u00e9s p\u00e1ciensek k\u00f6z\u00f6tti rossz kommunik\u00e1ci\u00f3, a t\u00e1j\u00e9koztat\u00f3 anyagok, d\u00f6nt\u00e9st\u00e1mogat\u00f3 eszk\u00f6z\u00f6k, valamint sz\u0171r\u0151programok hi\u00e1nya, az alapell\u00e1t\u00e1sban foglalkoztatott szem\u00e9lyek t\u00falterhelts\u00e9ge okolhat\u00f3. Sz\u00e1mos megel\u0151z\u00e9si, illetve kezel\u00e9si lehet\u0151s\u00e9g h\u00edre nem is jut el az alapgondoz\u00e1sban tev\u00e9kenyked\u0151 szakemberekig. Az alapell\u00e1t\u00e1s \u00e9s a szakell\u00e1t\u00e1s \u00f6sszehangol\u00e1s\u00e1nak hi\u00e1ny\u00e1b\u00f3l fakad\u00f3an a p\u00e1ciensek gyakran adekv\u00e1t rehabilit\u00e1ci\u00f3s terv n\u00e9lk\u00fcl t\u00e9rnek haza a szakell\u00e1t\u00e1sb\u00f3l, nincs aki a mindennapokban nyomon k\u00f6vethetn\u00e9, t\u00e1mogathatn\u00e1 fel\u00e9p\u00fcl\u00e9s\u00fcket, aminek egyik k\u00f6vetkezm\u00e9nye lehet a visszaes\u00e9s. Nemcsak a szakell\u00e1t\u00e1s, az alapell\u00e1t\u00e1s \u00e9s a t\u00e1rsadalmi ell\u00e1t\u00e1s k\u00f6z\u00f6tti finomhangol\u00e1s hi\u00e1nyzik, de az alapell\u00e1t\u00e1son bel\u00fcl sincsenek \u00f6sszehangolva a tev\u00e9kenys\u00e9gi form\u00e1k. Az alacsonyabban k\u00e9pzett emberek kev\u00e9sb\u00e9 t\u00e1j\u00e9kozottak az ig\u00e9nybe vehet\u0151 eg\u00e9szs\u00e9g\u00fcgyi szolg\u00e1ltat\u00e1sok fel\u0151l, illetve f\u00f6ldrajzi, n\u00e9pesed\u00e9si szempontok is meghat\u00e1rozz\u00e1k az alapell\u00e1t\u00e1s min\u0151s\u00e9g\u00e9t: gy\u00e9rebben lakott telep\u00fcl\u00e9seken sz\u00e1mos alapell\u00e1t\u00e1sbeli szolg\u00e1ltat\u00e1st\u00edpus hi\u00e1nyozhat. A daganattal \u00e9l\u0151 p\u00e1ciensek tov\u00e1bb\u00e1 neh\u00e9zs\u00e9gk\u00e9nt \u00e9lik meg a beteggondoz\u00e1s fragment\u00e1lts\u00e1g\u00e1t.<\/p>\n<p>A szak\u00e9rt\u0151k javaslata szerint Eur\u00f3pa-szerte meghonos\u00edt\u00e1sra v\u00e1rnak azok a szeml\u00e9letm\u00f3dok \u00e9s bev\u00e1lt eg\u00e9szs\u00e9g\u00fcgy-szervez\u00e9si gyakorlatokat, amelyek Nyugat-Eur\u00f3p\u00e1ban j\u00f3 eredm\u00e9nyeket \u00e9rtek el. Olyan integr\u00e1lt eg\u00e9szs\u00e9g\u00fcgyi rendszerekre lenne sz\u00fcks\u00e9g, amelyek szerves egys\u00e9gben k\u00e9pzelik el a j\u00e1r\u00f3- \u00e9s fekv\u0151beteg-ell\u00e1t\u00e1st, illetve \u00e1ltal\u00e1ban az ell\u00e1t\u00f3rendszer jelenleg egym\u00e1st\u00f3l f\u00fcggetlen\u00fcl m\u0171k\u00f6d\u0151 szintjeit. Ennek szellem\u00e9ben multidiszciplin\u00e1ris klinik\u00e1kat kellene l\u00e9tes\u00edteni, \u00edgy enyh\u00edteni lehetne a beteggondoz\u00e1s jelenlegi fragment\u00e1lts\u00e1g\u00e1t. Aj\u00e1nlott lenne bevezetni a k\u00f6z\u00f6ss\u00e9gi \u00e1pol\u00e1s (<em>community based care<\/em>) \u00e9s a megosztott \u00e1pol\u00e1s (<em>shared care<\/em>) gyakorlatait, hiszen ezek a szakell\u00e1t\u00e1sban \u00e9s az alapell\u00e1t\u00e1sban dolgoz\u00f3k k\u00f6zti akt\u00edv p\u00e1rbesz\u00e9dre alapoznak, illetve a p\u00e1ciens saj\u00e1t t\u00e1rsadalmi, gazdas\u00e1gi, kultur\u00e1lis k\u00f6zeg\u00e9ben tartj\u00e1k hat\u00e9konynak a gondoz\u00e1st. F\u0151leg id\u0151s p\u00e1ciensek eset\u00e9ben, ahol a daganatos megbeteged\u00e9s sz\u00e1mos t\u00e1rsul\u00f3 betegs\u00e9ggel j\u00e1rhat, sz\u00fcks\u00e9g lenne j\u00f3l \u00e1tgondolt fel\u00e9p\u00fcl\u00e9si csomagok (<em>recovery package<\/em>) kidolgoz\u00e1s\u00e1ra. Nagyobb figyelmet kellene ford\u00edtani a prevenci\u00f3s programokra, ter\u00e1pi\u00e1kra, hiszen a daganatos megbeteged\u00e9sek 40%-a \u00e9letm\u00f3dbeli t\u00e9nyez\u0151kh\u00f6z k\u00f6thet\u0151. A h\u00e1rom leggyakoribb el\u0151fordul\u00e1s\u00fa daganatt\u00edpus, a mell-, a v\u00e9gb\u00e9l- \u00e9s a m\u00e9hnyakdaganat eset\u00e9ben ingyenes sz\u0171r\u0151programokat kellene k\u00edn\u00e1lni az alapell\u00e1t\u00e1s keret\u00e9ben. Nagyobb hangs\u00falyt \u00e9rdemelne a daganattal \u00e9l\u0151 emberek pszichol\u00f3giai, pszichoonkol\u00f3giai, illetve szoci\u00e1lis ell\u00e1t\u00e1sa. Olyan foglalkoz\u00e1ster\u00e1pi\u00e1kra lenne sz\u00fcks\u00e9g, amelyek seg\u00edtik a p\u00e1cienseket a munk\u00e1hoz val\u00f3 visszat\u00e9r\u00e9sben, hiszen a munkahely elveszt\u00e9s\u00e9nek, a \u201emunkak\u00e9ptelen\u201d-nek b\u00e9lyegz\u00e9snek gyakran olyan pszichol\u00f3giai hat\u00e1sa van, amely h\u00e1tr\u00e1ltatja a f\u00f6l\u00e9p\u00fcl\u00e9st is. A kutat\u00f3k szerint az egyes\u00fclt kir\u00e1lys\u00e1gbeli eg\u00e9szs\u00e9g\u00fcgyi rendszer mint\u00e1ul szolg\u00e1lhat az alapell\u00e1t\u00e1s \u00fajraszervez\u00e9s\u00e9hez a kelet- \u00e9s k\u00f6z\u00e9p-eur\u00f3pai t\u00e9rs\u00e9gben.<\/p>\n<p><a href=\"https:\/\/news.ubbcluj.ro\/hu\/wp-content\/uploads\/2020\/03\/Clipboard01.jpg\" data-rel=\"lightbox-gallery-UuFPWt4B\" data-rl_title=\"\" data-rl_caption=\"\" title=\"\"><img loading=\"lazy\" decoding=\"async\" class=\"aligncenter size-full wp-image-3835\" src=\"https:\/\/news.ubbcluj.ro\/hu\/wp-content\/uploads\/2020\/03\/Clipboard01.jpg\" alt=\"\" width=\"528\" height=\"354\" data-id=\"3835\" srcset=\"https:\/\/news.ubbcluj.ro\/hu\/wp-content\/uploads\/2020\/03\/Clipboard01.jpg 528w, https:\/\/news.ubbcluj.ro\/hu\/wp-content\/uploads\/2020\/03\/Clipboard01-300x201.jpg 300w, https:\/\/news.ubbcluj.ro\/hu\/wp-content\/uploads\/2020\/03\/Clipboard01-100x67.jpg 100w, https:\/\/news.ubbcluj.ro\/hu\/wp-content\/uploads\/2020\/03\/Clipboard01-150x101.jpg 150w, https:\/\/news.ubbcluj.ro\/hu\/wp-content\/uploads\/2020\/03\/Clipboard01-200x134.jpg 200w, https:\/\/news.ubbcluj.ro\/hu\/wp-content\/uploads\/2020\/03\/Clipboard01-450x302.jpg 450w\" sizes=\"(max-width: 528px) 100vw, 528px\" \/><\/a><\/p>\n<p>(A k\u00e9p illusztr\u00e1ci\u00f3. Forr\u00e1s: https:\/\/www.newhamccg.nhs.uk\/GetInvolved\/Shaping-services\/Building-healthy-communitites\/our-proposals.htm)<\/p>\n","protected":false},"excerpt":{"rendered":"<p>Dr. D\u00e9gi L\u00e1szl\u00f3 Csaba, a BBTE Szociol\u00f3gia \u00e9s Szoci\u00e1lismunk\u00e1s-k\u00e9pz\u0151 Kar\u00e1nak docense, a Nemzetk\u00f6zi Pszichoonkol\u00f3giai T\u00e1rsas\u00e1g (IPOS) igazgat\u00f3ja is k\u00f6zrem\u0171k\u00f6d\u00f6tt annak a javaslatcsomagnak az \u00f6ssze\u00e1ll\u00edt\u00e1s\u00e1ban, amely a daganattal \u00e9l\u0151 emberek alapell\u00e1t\u00e1s\u00e1nak jav\u00edt\u00e1s\u00e1t, valamint az ell\u00e1t\u00e1s k\u00fcl\u00f6nb\u00f6z\u0151 szintjeinek \u00f6sszehangol\u00e1s\u00e1t szorgalmazza. A javaslatcsomagot &hellip;<\/p>\n<p class=\"read-more\"> <a class=\"more-link\" href=\"https:\/\/news.ubbcluj.ro\/hu\/hogyan-lehetne-javitani-a-daganattal-elo-paciensek-alapellatasat\/\"> <span class=\"screen-reader-text\">Hogyan lehetne jav\u00edtani a daganattal \u00e9l\u0151 p\u00e1ciensek alapell\u00e1t\u00e1s\u00e1t?<\/span> Tov\u00e1bb &raquo;<\/a><\/p>\n","protected":false},"author":8,"featured_media":3835,"comment_status":"closed","ping_status":"closed","sticky":false,"template":"","format":"standard","meta":{"footnotes":""},"categories":[7],"tags":[],"yoast_head":"<!-- This site is optimized with the Yoast SEO plugin v21.9.1 - https:\/\/yoast.com\/wordpress\/plugins\/seo\/ -->\n<title>Hogyan lehetne jav\u00edtani a daganattal \u00e9l\u0151 p\u00e1ciensek alapell\u00e1t\u00e1s\u00e1t? - Kommunik\u00e1ci\u00f3 \u00e9s PR iroda<\/title>\n<meta name=\"robots\" content=\"index, follow, max-snippet:-1, max-image-preview:large, max-video-preview:-1\" \/>\n<link rel=\"canonical\" href=\"https:\/\/news.ubbcluj.ro\/hu\/hogyan-lehetne-javitani-a-daganattal-elo-paciensek-alapellatasat\/\" \/>\n<meta property=\"og:locale\" content=\"hu_HU\" \/>\n<meta property=\"og:type\" content=\"article\" \/>\n<meta property=\"og:title\" content=\"Hogyan lehetne jav\u00edtani a daganattal \u00e9l\u0151 p\u00e1ciensek alapell\u00e1t\u00e1s\u00e1t? - Kommunik\u00e1ci\u00f3 \u00e9s PR iroda\" \/>\n<meta property=\"og:description\" content=\"Dr. D\u00e9gi L\u00e1szl\u00f3 Csaba, a BBTE Szociol\u00f3gia \u00e9s Szoci\u00e1lismunk\u00e1s-k\u00e9pz\u0151 Kar\u00e1nak docense, a Nemzetk\u00f6zi Pszichoonkol\u00f3giai T\u00e1rsas\u00e1g (IPOS) igazgat\u00f3ja is k\u00f6zrem\u0171k\u00f6d\u00f6tt annak a javaslatcsomagnak az \u00f6ssze\u00e1ll\u00edt\u00e1s\u00e1ban, amely a daganattal \u00e9l\u0151 emberek alapell\u00e1t\u00e1s\u00e1nak jav\u00edt\u00e1s\u00e1t, valamint az ell\u00e1t\u00e1s k\u00fcl\u00f6nb\u00f6z\u0151 szintjeinek \u00f6sszehangol\u00e1s\u00e1t szorgalmazza. A javaslatcsomagot &hellip; Hogyan lehetne jav\u00edtani a daganattal \u00e9l\u0151 p\u00e1ciensek alapell\u00e1t\u00e1s\u00e1t? Tov\u00e1bb &raquo;\" \/>\n<meta property=\"og:url\" content=\"https:\/\/news.ubbcluj.ro\/hu\/hogyan-lehetne-javitani-a-daganattal-elo-paciensek-alapellatasat\/\" \/>\n<meta property=\"og:site_name\" content=\"Kommunik\u00e1ci\u00f3 \u00e9s PR iroda\" \/>\n<meta property=\"article:published_time\" content=\"2020-03-12T09:12:31+00:00\" \/>\n<meta property=\"og:image\" content=\"https:\/\/news.ubbcluj.ro\/hu\/wp-content\/uploads\/2020\/03\/Clipboard01.jpg\" \/>\n\t<meta property=\"og:image:width\" content=\"528\" \/>\n\t<meta property=\"og:image:height\" content=\"354\" \/>\n\t<meta property=\"og:image:type\" content=\"image\/jpeg\" \/>\n<meta name=\"author\" content=\"Zsolt K\u00f6nczei\" \/>\n<meta name=\"twitter:card\" content=\"summary_large_image\" \/>\n<meta name=\"twitter:label1\" content=\"Szerz\u0151:\" \/>\n\t<meta name=\"twitter:data1\" content=\"Zsolt K\u00f6nczei\" \/>\n\t<meta name=\"twitter:label2\" content=\"Becs\u00fclt olvas\u00e1si id\u0151\" \/>\n\t<meta name=\"twitter:data2\" content=\"5 perc\" \/>\n<script type=\"application\/ld+json\" class=\"yoast-schema-graph\">{\"@context\":\"https:\/\/schema.org\",\"@graph\":[{\"@type\":\"WebPage\",\"@id\":\"https:\/\/news.ubbcluj.ro\/hu\/hogyan-lehetne-javitani-a-daganattal-elo-paciensek-alapellatasat\/\",\"url\":\"https:\/\/news.ubbcluj.ro\/hu\/hogyan-lehetne-javitani-a-daganattal-elo-paciensek-alapellatasat\/\",\"name\":\"Hogyan lehetne jav\u00edtani a daganattal \u00e9l\u0151 p\u00e1ciensek alapell\u00e1t\u00e1s\u00e1t? - Kommunik\u00e1ci\u00f3 \u00e9s PR iroda\",\"isPartOf\":{\"@id\":\"https:\/\/news.ubbcluj.ro\/hu\/#website\"},\"datePublished\":\"2020-03-12T09:12:31+00:00\",\"dateModified\":\"2020-03-12T09:12:31+00:00\",\"author\":{\"@id\":\"https:\/\/news.ubbcluj.ro\/hu\/#\/schema\/person\/baace3949d6b3e6752ae80b2d2fb6b35\"},\"breadcrumb\":{\"@id\":\"https:\/\/news.ubbcluj.ro\/hu\/hogyan-lehetne-javitani-a-daganattal-elo-paciensek-alapellatasat\/#breadcrumb\"},\"inLanguage\":\"hu\",\"potentialAction\":[{\"@type\":\"ReadAction\",\"target\":[\"https:\/\/news.ubbcluj.ro\/hu\/hogyan-lehetne-javitani-a-daganattal-elo-paciensek-alapellatasat\/\"]}]},{\"@type\":\"BreadcrumbList\",\"@id\":\"https:\/\/news.ubbcluj.ro\/hu\/hogyan-lehetne-javitani-a-daganattal-elo-paciensek-alapellatasat\/#breadcrumb\",\"itemListElement\":[{\"@type\":\"ListItem\",\"position\":1,\"name\":\"Home\",\"item\":\"https:\/\/news.ubbcluj.ro\/hu\/\"},{\"@type\":\"ListItem\",\"position\":2,\"name\":\"Hogyan lehetne jav\u00edtani a daganattal \u00e9l\u0151 p\u00e1ciensek alapell\u00e1t\u00e1s\u00e1t?\"}]},{\"@type\":\"WebSite\",\"@id\":\"https:\/\/news.ubbcluj.ro\/hu\/#website\",\"url\":\"https:\/\/news.ubbcluj.ro\/hu\/\",\"name\":\"Kommunik\u00e1ci\u00f3 \u00e9s PR iroda\",\"description\":\"Babe\u0219-Bolyai Tudom\u00e1negyetem\",\"potentialAction\":[{\"@type\":\"SearchAction\",\"target\":{\"@type\":\"EntryPoint\",\"urlTemplate\":\"https:\/\/news.ubbcluj.ro\/hu\/?s={search_term_string}\"},\"query-input\":\"required name=search_term_string\"}],\"inLanguage\":\"hu\"},{\"@type\":\"Person\",\"@id\":\"https:\/\/news.ubbcluj.ro\/hu\/#\/schema\/person\/baace3949d6b3e6752ae80b2d2fb6b35\",\"name\":\"Zsolt K\u00f6nczei\",\"url\":\"https:\/\/news.ubbcluj.ro\/hu\/author\/zsolt-konczei\/\"}]}<\/script>\n<!-- \/ Yoast SEO plugin. -->","yoast_head_json":{"title":"Hogyan lehetne jav\u00edtani a daganattal \u00e9l\u0151 p\u00e1ciensek alapell\u00e1t\u00e1s\u00e1t? - Kommunik\u00e1ci\u00f3 \u00e9s PR iroda","robots":{"index":"index","follow":"follow","max-snippet":"max-snippet:-1","max-image-preview":"max-image-preview:large","max-video-preview":"max-video-preview:-1"},"canonical":"https:\/\/news.ubbcluj.ro\/hu\/hogyan-lehetne-javitani-a-daganattal-elo-paciensek-alapellatasat\/","og_locale":"hu_HU","og_type":"article","og_title":"Hogyan lehetne jav\u00edtani a daganattal \u00e9l\u0151 p\u00e1ciensek alapell\u00e1t\u00e1s\u00e1t? - Kommunik\u00e1ci\u00f3 \u00e9s PR iroda","og_description":"Dr. D\u00e9gi L\u00e1szl\u00f3 Csaba, a BBTE Szociol\u00f3gia \u00e9s Szoci\u00e1lismunk\u00e1s-k\u00e9pz\u0151 Kar\u00e1nak docense, a Nemzetk\u00f6zi Pszichoonkol\u00f3giai T\u00e1rsas\u00e1g (IPOS) igazgat\u00f3ja is k\u00f6zrem\u0171k\u00f6d\u00f6tt annak a javaslatcsomagnak az \u00f6ssze\u00e1ll\u00edt\u00e1s\u00e1ban, amely a daganattal \u00e9l\u0151 emberek alapell\u00e1t\u00e1s\u00e1nak jav\u00edt\u00e1s\u00e1t, valamint az ell\u00e1t\u00e1s k\u00fcl\u00f6nb\u00f6z\u0151 szintjeinek \u00f6sszehangol\u00e1s\u00e1t szorgalmazza. A javaslatcsomagot &hellip; Hogyan lehetne jav\u00edtani a daganattal \u00e9l\u0151 p\u00e1ciensek alapell\u00e1t\u00e1s\u00e1t? Tov\u00e1bb &raquo;","og_url":"https:\/\/news.ubbcluj.ro\/hu\/hogyan-lehetne-javitani-a-daganattal-elo-paciensek-alapellatasat\/","og_site_name":"Kommunik\u00e1ci\u00f3 \u00e9s PR iroda","article_published_time":"2020-03-12T09:12:31+00:00","og_image":[{"width":528,"height":354,"url":"https:\/\/news.ubbcluj.ro\/hu\/wp-content\/uploads\/2020\/03\/Clipboard01.jpg","type":"image\/jpeg"}],"author":"Zsolt K\u00f6nczei","twitter_card":"summary_large_image","twitter_misc":{"Szerz\u0151:":"Zsolt K\u00f6nczei","Becs\u00fclt olvas\u00e1si id\u0151":"5 perc"},"schema":{"@context":"https:\/\/schema.org","@graph":[{"@type":"WebPage","@id":"https:\/\/news.ubbcluj.ro\/hu\/hogyan-lehetne-javitani-a-daganattal-elo-paciensek-alapellatasat\/","url":"https:\/\/news.ubbcluj.ro\/hu\/hogyan-lehetne-javitani-a-daganattal-elo-paciensek-alapellatasat\/","name":"Hogyan lehetne jav\u00edtani a daganattal \u00e9l\u0151 p\u00e1ciensek alapell\u00e1t\u00e1s\u00e1t? - Kommunik\u00e1ci\u00f3 \u00e9s PR iroda","isPartOf":{"@id":"https:\/\/news.ubbcluj.ro\/hu\/#website"},"datePublished":"2020-03-12T09:12:31+00:00","dateModified":"2020-03-12T09:12:31+00:00","author":{"@id":"https:\/\/news.ubbcluj.ro\/hu\/#\/schema\/person\/baace3949d6b3e6752ae80b2d2fb6b35"},"breadcrumb":{"@id":"https:\/\/news.ubbcluj.ro\/hu\/hogyan-lehetne-javitani-a-daganattal-elo-paciensek-alapellatasat\/#breadcrumb"},"inLanguage":"hu","potentialAction":[{"@type":"ReadAction","target":["https:\/\/news.ubbcluj.ro\/hu\/hogyan-lehetne-javitani-a-daganattal-elo-paciensek-alapellatasat\/"]}]},{"@type":"BreadcrumbList","@id":"https:\/\/news.ubbcluj.ro\/hu\/hogyan-lehetne-javitani-a-daganattal-elo-paciensek-alapellatasat\/#breadcrumb","itemListElement":[{"@type":"ListItem","position":1,"name":"Home","item":"https:\/\/news.ubbcluj.ro\/hu\/"},{"@type":"ListItem","position":2,"name":"Hogyan lehetne jav\u00edtani a daganattal \u00e9l\u0151 p\u00e1ciensek alapell\u00e1t\u00e1s\u00e1t?"}]},{"@type":"WebSite","@id":"https:\/\/news.ubbcluj.ro\/hu\/#website","url":"https:\/\/news.ubbcluj.ro\/hu\/","name":"Kommunik\u00e1ci\u00f3 \u00e9s PR iroda","description":"Babe\u0219-Bolyai Tudom\u00e1negyetem","potentialAction":[{"@type":"SearchAction","target":{"@type":"EntryPoint","urlTemplate":"https:\/\/news.ubbcluj.ro\/hu\/?s={search_term_string}"},"query-input":"required name=search_term_string"}],"inLanguage":"hu"},{"@type":"Person","@id":"https:\/\/news.ubbcluj.ro\/hu\/#\/schema\/person\/baace3949d6b3e6752ae80b2d2fb6b35","name":"Zsolt K\u00f6nczei","url":"https:\/\/news.ubbcluj.ro\/hu\/author\/zsolt-konczei\/"}]}},"_links":{"self":[{"href":"https:\/\/news.ubbcluj.ro\/hu\/wp-json\/wp\/v2\/posts\/3834"}],"collection":[{"href":"https:\/\/news.ubbcluj.ro\/hu\/wp-json\/wp\/v2\/posts"}],"about":[{"href":"https:\/\/news.ubbcluj.ro\/hu\/wp-json\/wp\/v2\/types\/post"}],"author":[{"embeddable":true,"href":"https:\/\/news.ubbcluj.ro\/hu\/wp-json\/wp\/v2\/users\/8"}],"replies":[{"embeddable":true,"href":"https:\/\/news.ubbcluj.ro\/hu\/wp-json\/wp\/v2\/comments?post=3834"}],"version-history":[{"count":1,"href":"https:\/\/news.ubbcluj.ro\/hu\/wp-json\/wp\/v2\/posts\/3834\/revisions"}],"predecessor-version":[{"id":3836,"href":"https:\/\/news.ubbcluj.ro\/hu\/wp-json\/wp\/v2\/posts\/3834\/revisions\/3836"}],"wp:featuredmedia":[{"embeddable":true,"href":"https:\/\/news.ubbcluj.ro\/hu\/wp-json\/wp\/v2\/media\/3835"}],"wp:attachment":[{"href":"https:\/\/news.ubbcluj.ro\/hu\/wp-json\/wp\/v2\/media?parent=3834"}],"wp:term":[{"taxonomy":"category","embeddable":true,"href":"https:\/\/news.ubbcluj.ro\/hu\/wp-json\/wp\/v2\/categories?post=3834"},{"taxonomy":"post_tag","embeddable":true,"href":"https:\/\/news.ubbcluj.ro\/hu\/wp-json\/wp\/v2\/tags?post=3834"}],"curies":[{"name":"wp","href":"https:\/\/api.w.org\/{rel}","templated":true}]}}