{"id":3975,"date":"2020-04-17T11:01:42","date_gmt":"2020-04-17T08:01:42","guid":{"rendered":"https:\/\/news.ubbcluj.ro\/hu\/?p=3975"},"modified":"2020-04-17T11:19:23","modified_gmt":"2020-04-17T08:19:23","slug":"bbte-lab-akademiai-mobilitas-kelet-kozep-europaban-ii-csata-zsombor-szociologus-szociologia-es-szocialismunkas-kepzo-kar-szociologia-tanszek","status":"publish","type":"post","link":"https:\/\/news.ubbcluj.ro\/hu\/bbte-lab-akademiai-mobilitas-kelet-kozep-europaban-ii-csata-zsombor-szociologus-szociologia-es-szocialismunkas-kepzo-kar-szociologia-tanszek\/","title":{"rendered":"BBTE LAB: Akad\u00e9miai mobilit\u00e1s Kelet-K\u00f6z\u00e9p-Eur\u00f3p\u00e1ban II. \u2013 Csata Zsombor szociol\u00f3gus, Szociol\u00f3gia \u00e9s Szoci\u00e1lismunk\u00e1s-k\u00e9pz\u0151 Kar, Szociol\u00f3gia tansz\u00e9k"},"content":{"rendered":"<p><strong>Serest\u00e9ly Zal\u00e1n: A napjainkban \u201eakad\u00e9miai mobilit\u00e1s\u201d-k\u00e9nt megragadott jelens\u00e9g t\u00f6rt\u00e9netileg sem idegen a kelet-k\u00f6z\u00e9p-eur\u00f3pai t\u00e9rs\u00e9gt\u0151l. A magyar peregrinusok \u00f6szt\u00f6nd\u00edjakkal, csal\u00e1di t\u00e1mogat\u00e1ssal olyan eur\u00f3pai v\u00e1rosokban tanultak, mint G\u00f6ttingen, B\u00e1zel, Bonn, Lipcse, P\u00e1rizs vagy Firenze. Felfoghat\u00f3 az akad\u00e9miai mobilit\u00e1s ennek kort\u00e1rs anal\u00f3gi\u00e1jak\u00e9nt?<\/strong><\/p>\n<p><strong>Csata Zsombor:<\/strong> Szerintem a peregrin\u00e1ci\u00f3 legfeljebb t\u00f6rt\u00e9nelmi metaforak\u00e9nt illik a mostani akad\u00e9miai mobilit\u00e1s bizonyos t\u00edpusaira, ma nagyon m\u00e1s a helyzet a k\u00e9sei k\u00f6z\u00e9pkorhoz vagy a korai modernit\u00e1shoz k\u00e9pest. A peregrin\u00e1ci\u00f3 feud\u00e1lis, legfeljebb nemzet\u00e1llami keretek k\u00f6z\u00f6tt zajlott, a peregrinusok szinte kiv\u00e9tel n\u00e9lk\u00fcl mindig visszat\u00e9rtek sz\u00fcl\u0151f\u00f6ldj\u00fckre, a mec\u00e9n\u00e1saikhoz. A mobilit\u00e1s mai form\u00e1i a globaliz\u00e1ci\u00f3, a szabad t\u0151ke\u00e1raml\u00e1s \u00e9s az ezt k\u00f6vet\u0151 t\u00f6meges nemzetk\u00f6zi migr\u00e1ci\u00f3 kereteiben \u00e9rtelmezhet\u0151k, ahol laza int\u00e9zm\u00e9nyi k\u00f6t\u0151d\u00e9s\u0171 vagy f\u00fcggetlen kutat\u00f3k mozognak ebben a transznacion\u00e1lis akad\u00e9miai t\u00e9rben. Itt a kulcsfogalom a globaliz\u00e1lt tud\u00e1spiac, amihez kellett a fels\u0151oktat\u00e1s t\u00f6megesed\u00e9se \u00e9s piacos\u00edt\u00e1sa, az internet, eset\u00fcnkben pedig a vasf\u00fcgg\u00f6ny leoml\u00e1sa, de legf\u0151k\u00e9ppen az EU-s csatlakoz\u00e1s.<\/p>\n<p><strong>S. Z.: Milyen konkr\u00e9t eur\u00f3pai tervek vannak jelenleg az akad\u00e9miai mobilit\u00e1s serkent\u00e9s\u00e9re?<\/strong><\/p>\n<p><strong>Cs. Zs.:<\/strong> Az Eur\u00f3pa-projekt egyik fontos c\u00e9lkit\u0171z\u00e9se, hogy a javak, a szem\u00e9lyek, a szolg\u00e1ltat\u00e1sok \u00e9s a t\u0151ke szabad \u00e1raml\u00e1sa mellett a kutat\u00f3k, a tud\u00e1s \u00e9s a technol\u00f3gia is szabadon mozoghasson. Ett\u0151l a bels\u0151 mobilit\u00e1st\u00f3l azt v\u00e1rj\u00e1k, hogy egyszerre \u0151rizze meg az EU glob\u00e1lis gazdas\u00e1gi versenyk\u00e9pess\u00e9g\u00e9t \u00e9s bels\u0151 koh\u00e9zi\u00f3j\u00e1t. L\u00e9trehozt\u00e1k az \u00fagynevezett Eur\u00f3pai Kutat\u00e1si Ter\u00fcletet (European Research Area) a kutat\u00e1sfinansz\u00edroz\u00e1si keretprogramokkal (Horizon 2020, ERC stb.), az oktat\u00e1sban bevezett\u00e9k a bolognai rendszert \u00e9s az Erasmus programokat. A mobilit\u00e1s nagy r\u00e9sze ezeken a csatorn\u00e1kon kereszt\u00fcl zajlik. A deklar\u00e1lt c\u00e9l az, hogy az \u201eagyelsz\u00edv\u00e1s\u201d helyett a tud\u00e1s k\u00f6rforg\u00e1sa val\u00f3suljon meg, ennek \u00e9rdek\u00e9ben meg kell sz\u00fcntetni azokat az akad\u00e1lyokat, amelyek a kutat\u00f3i mobilit\u00e1s \u00fatj\u00e1ban \u00e1llnak, s\u0151t \u00f6szt\u00f6n\u00f6zni kell az eur\u00f3pai k\u00f6z\u00f6ss\u00e9gen bel\u00fcli egy\u00fcttm\u0171k\u00f6d\u00e9st a kutat\u00f3k k\u00f6z\u00f6tt. Ezeknek a programoknak meg is van a pozit\u00edv eredm\u00e9nye, az ut\u00f3bbi \u00e9vtizedekben kisz\u00e9lesedtek a lehet\u0151s\u00e9gek a k\u00fclf\u00f6ldi tanul\u00e1sra \u00e9s a kutat\u00e1si egy\u00fcttm\u0171k\u00f6d\u00e9sekre, er\u0151sen megugrott a mobilit\u00e1s a fels\u0151oktat\u00e1sban \u00e9s a kutat\u00e1sban. Erre term\u00e9szetesen r\u00e1seg\u00edt az internet, a z\u00f6ldhat\u00e1r \u00e9s az is, hogy egyre olcs\u00f3bb \u00e9s gyorsabb lett az utaz\u00e1s.<\/p>\n<p><strong>S. Z.: Minden el\u0151nye mellett a peregrin\u00e1ci\u00f3 sz\u00e1zadokon kereszt\u00fcl a fejlett Nyugat \u00e9s a fejletlen Kelet k\u00f6z\u00f6tti egyir\u00e1ny\u00fa, kiegyens\u00falyozatlan viszonyt is jelentett, egy\u00e9rtelm\u0171nek t\u0171nt, hogy csak mi tanulhatunk a Nyugatt\u00f3l. Mit t\u00fckr\u00f6z a mai akad\u00e9miai mobilit\u00e1s gyakorlata: kil\u00e9pt\u00fcnk ebb\u0151l a megb\u00e9lyegz\u0151 feloszt\u00e1sb\u00f3l?<\/strong><\/p>\n<p><strong>Cs. Zs.:<\/strong> A jelenlegi akad\u00e9miai mobilit\u00e1s sem szimmetrikus. A nyilv\u00e1nval\u00f3 el\u0151nyei mellett ennek az \u00faj tudom\u00e1nypolitikai rezsimnek is sz\u00e1mos \u00e1rnyoldala \u00e9s negat\u00edv k\u00f6vetkezm\u00e9nye van \u00f6sszt\u00e1rsadalmi \u00e9s egy\u00e9ni szinten egyar\u00e1nt. \u00a0Makroszint\u0171 k\u00f6vetkezm\u00e9ny az, hogy, a v\u00e1rakoz\u00e1sok ellen\u00e9re, n\u00f6vekszik a tud\u00e1stermel\u00e9s f\u00f6ldrajzi koncentr\u00e1ci\u00f3ja, a k\u00e9rd\u00e9sben felvetett Nyugat\u2013Kelet lejt\u0151 megmarad. A kutat\u00f3k egyre n\u00f6vekv\u0151 h\u00e1nyada t\u00f6m\u00f6r\u00fcl olyan h\u00e1l\u00f3zatokban, <em>hub<\/em>okban, amelyek a fejlettebb orsz\u00e1gok int\u00e9zeteihez kapcsol\u00f3dnak. El\u00e9g csak a top 200 egyetem list\u00e1j\u00e1ra r\u00e1n\u00e9zni, hogy l\u00e1ssuk: tov\u00e1bbra is a fejlettebb Nyugat (k\u00fcl\u00f6n\u00f6sen az Amerikai Egys\u00fclt \u00c1llamok \u00e9s az Egyes\u00fclt Kir\u00e1lys\u00e1g) vonzza mag\u00e1hoz a legt\u00f6bb akad\u00e9miai tehets\u00e9get. \u00c9s az is l\u00e1that\u00f3, hogy a nagy k\u00f6zpontok egyre nagyobbra n\u0151nek, a kisebbek pedig, ha n\u00f6vekednek is, a relat\u00edv h\u00e1tr\u00e1nyuk nem cs\u00f6kken. Kiv\u00e9telt egyed\u00fcl K\u00edna jelent, de ott p\u00e9lda n\u00e9lk\u00fcli \u00e1llami beavatkoz\u00e1s t\u00f6rt\u00e9nt, az elm\u00falt \u00e9vtizedekben \u00e9vi h\u00fasz sz\u00e1zal\u00e9kkal emelt\u00e9k a kutat\u00e1sra sz\u00e1nt kereteket. Nem v\u00e9letlen, hogy jelenleg az Egyes\u00fclt \u00c1llamok ut\u00e1n a k\u00ednai egyetemeken \u00e9s kutat\u00f3int\u00e9zetekben publik\u00e1lnak a legt\u00f6bbet. Egy\u00e9bk\u00e9nt vil\u00e1gviszonylatban a hallgat\u00f3i mobilit\u00e1sban r\u00e9szt vev\u0151 di\u00e1kok t\u00f6bb mint fele \u00e1zsiai. K\u00fcl\u00f6n\u00f6sen er\u0151s az Egyes\u00fclt \u00c1llamok \u00e9s K\u00edna k\u00f6z\u00f6tti kapcsolat, az EU ar\u00e1nyaiban sokkal kevesebb \u00e1zsiai di\u00e1kot fogadott az elm\u00falt \u00e9vtizedekben, ink\u00e1bb a saj\u00e1t bels\u0151 mobilit\u00e1s\u00e1nak az \u00f6szt\u00f6nz\u00e9s\u00e9vel volt elfoglalva. Sokan tartanak att\u00f3l, hogy a Brexit ut\u00e1n az EU ebben a glob\u00e1lis versenyben m\u00e9g ink\u00e1bb le fog maradni, nemzetk\u00f6zileg elszigetel\u0151dik. Az akad\u00e9miai mobilit\u00e1sban mutatkoz\u00f3 egyenl\u0151tlens\u00e9gek egy\u00e9bk\u00e9nt az EU-ban is l\u00e1tv\u00e1nyosak: a kutat\u00f3k k\u00f6z\u00fcl a top t\u00edz sz\u00e1zal\u00e9k jegyzi a publik\u00e1ci\u00f3k fel\u00e9t, \u00e9s ez az ar\u00e1nytalans\u00e1g egyre nagyobb. Mivel a kutat\u00e1si <em>grant<\/em>ok egy jelent\u0151s r\u00e9sze \u201ehordozhat\u00f3\u201d (ilyen p\u00e9ld\u00e1ul az ERC), gyakori az, hogy a nyertes k\u00f6z\u00e9p-kelet-eur\u00f3pai kutat\u00f3k kiviszik ezeket olyan helyekre, ahol jobbak a k\u00f6r\u00fclm\u00e9nyek a zavartalan munk\u00e1hoz. A fejlettebb orsz\u00e1gok teh\u00e1t egy\u00e9rtelm\u0171 nyertesei ennek a mobilit\u00e1si rendszernek, annak ellen\u00e9re, hogy \u2013 legal\u00e1bbis az EU-ban \u2013 a k\u00f6z\u00f6ss\u00e9gi szolidarit\u00e1s \u00e9s a felz\u00e1rk\u00f3z\u00e1s ideol\u00f3gi\u00e1j\u00e1val van nyakon \u00f6ntve. Az er\u0151s\u00f6d\u0151 nemzetk\u00f6zpont\u00fa korm\u00e1nyz\u00e1s mellett ezeknek az egyenl\u0151tlens\u00e9geknek az elm\u00e9ly\u00fcl\u00e9se m\u00e9g val\u00f3sz\u00edn\u0171bb, hiszen ha a szakemberek kutat\u00f3i lehet\u0151s\u00e9geikben \u00e9s szabads\u00e1gukban korl\u00e1tozva \u00e9rzik magukat, mozg\u00e1sukban viszont nem, akkor nagyobb es\u00e9llyel fognak esetleg v\u00e9glegesen nyugatra telepedni. M\u00e1rpedig a fogad\u00f3 orsz\u00e1gok nagyon sokat tesznek az\u00e9rt, hogy az olyan strat\u00e9giai \u00e1gazatokban, mint az inform\u00e1ci\u00f3- \u00e9s kommunik\u00e1ci\u00f3technol\u00f3gia vagy a m\u0171szaki \u00e9s orvostudom\u00e1nyok, megtarts\u00e1k a n\u00e1luk tanul\u00f3 k\u00fclf\u00f6ldi di\u00e1kokat \u00e9s a vend\u00e9gkutat\u00f3kat. Gondolok itt p\u00e9ld\u00e1ul a laz\u00e1bb v\u00edzumszab\u00e1lyokra, az oklevelek elismer\u00e9s\u00e9re, a munk\u00e1ba val\u00f3 \u00e1tmenet seg\u00edt\u00e9s\u00e9re p\u00e9ld\u00e1ul a skandin\u00e1v orsz\u00e1gokban.<\/p>\n<p><strong>S. Z.: Sz\u00fcks\u00e9gszer\u0171nek tal\u00e1lja azt, hogy az EU-s akad\u00e9miai mobilit\u00e1sban r\u00e9szt vev\u0151 kelet-k\u00f6z\u00e9p-eur\u00f3pai felek r\u00e1f\u00e1zzanak ezekre az egy\u00fcttm\u0171k\u00f6d\u00e9sekre?<\/strong><\/p>\n<p><strong>Cs. Zs.:<\/strong> Nekem a t\u00e1rsadalomtudom\u00e1nyokra van n\u00e9mi r\u00e1l\u00e1t\u00e1som. Nem hiszem, hogy az akad\u00e9miai mobilit\u00e1s a mai form\u00e1j\u00e1ban egy \u201ez\u00e9r\u00f3 \u00f6sszeg\u0171\u201d j\u00e1t\u00e9k lenne, vagyis hogy amennyit a fogad\u00f3 orsz\u00e1g nyer, annyit vesz\u00edt a k\u00fcld\u0151 orsz\u00e1g. Ebben a rendszerben is vannak \u00fagynevezett pozit\u00edv extern\u00e1li\u00e1k: p\u00e9ld\u00e1ul j\u00f3t tesz a BBTE-nek, ha vannak olyan kutat\u00f3k szerte a vil\u00e1gban, akik Kolozsv\u00e1ron v\u00e9geztek, hiszen rajtuk kereszt\u00fcl lehet r\u00e1kapcsol\u00f3dni az \u00e9rt\u00e9kesebb nemzetk\u00f6zi k\u00f6zpontokra \u00e9s az ott el\u00e9rhet\u0151 er\u0151forr\u00e1sokra. Ink\u00e1bb azt mondan\u00e1m, hogy az EU-n bel\u00fcl a fogad\u00f3 orsz\u00e1g k\u00e9ts\u00e9gtelen\u00fcl nyer, de \u00e1ltal\u00e1ban a k\u00fcld\u0151 orsz\u00e1g sem vesz\u00edt, legfeljebb relat\u00edv \u00e9rtelemben, ugyanis megval\u00f3sul egyfajta tud\u00e1stranszfer ir\u00e1ny\u00e1ba is, \u00e9s a fejleszt\u00e9s el\u0151nyeit a k\u00f6z\u00f6s piac r\u00e9v\u00e9n valamelyest \u00e9lvezheti. Az vitathatatlan, hogy az EU-s csatlakoz\u00e1s az itteni tudom\u00e1nyos k\u00f6zpontok el\u0151ny\u00e9re v\u00e1lt, az aszimmetria \u00e9s a hozz\u00e1 kapcsolhat\u00f3 egyenl\u0151tlens\u00e9g viszont tov\u00e1bbra is jelent\u0151s, egyel\u0151re nem l\u00e1tok sz\u00e1mottev\u0151 konvergenci\u00e1t. Ehhez, K\u00edna p\u00e9ld\u00e1j\u00e1t k\u00f6vetve, sokkal t\u00f6bb p\u00e9nzt kellene k\u00f6lteni\u00fck a kelet-eur\u00f3pai korm\u00e1nyoknak a kutat\u00e1sfejleszt\u00e9sre, versenyk\u00e9pes fizet\u00e9sekre, k\u00fclf\u00f6ldi szakemberek megh\u00edv\u00e1s\u00e1ra, a kitelep\u00fcltek hazacsalogat\u00e1s\u00e1ra. \u00c9s nem fognak, mert nincs mib\u0151l. Maradnak teh\u00e1t t\u00f6bbnyire az EU-s forr\u00e1sok. Viszont fontos ennek a jelens\u00e9gnek a fenomenol\u00f3gi\u00e1ja is: ha az olyan nagyobb projekteket, mint az ERC vagy a Horizon 2020 rendre nyugatiak nyerik, illetve \u0151k a kutat\u00e1svezet\u0151k, csak meger\u0151s\u00edtik azt a k\u00e9pzetet, hogy a keleti kutat\u00f3k \u00e9s int\u00e9zetek rosszul teljes\u00edtenek, ez\u00e9rt nem tan\u00e1csos egy\u00fcttm\u0171k\u00f6dni vel\u00fck. A tudom\u00e1nyos felz\u00e1rk\u00f3z\u00e1s teh\u00e1t nagyon neh\u00e9z, tal\u00e1n nehezebb, mint a gazdas\u00e1gi, mert m\u00e9g csak azt sem mondhatjuk, hogy k\u00f6zvetlen fogyaszt\u00f3k\u00e9nt fontosak vagyunk a nyugatiak sz\u00e1m\u00e1ra, \u00e9s a kiszervezhet\u0151, idetelep\u00edthet\u0151 munk\u00e1k h\u00e1nyada is l\u00e9nyegesen kisebb a tudom\u00e1nyban.<\/p>\n<p><strong>S. Z.: Az EU-tagorsz\u00e1gok k\u00f6z\u00f6tti aszimmetrikus gazdas\u00e1gi viszonyok mennyire t\u00f6rnek be az akad\u00e9miai mobilit\u00e1s ter\u00fclet\u00e9re? Kor\u00e1bban eml\u00edtette, hogy az EU-s mobilit\u00e1si rendszert \u201enyakon \u00f6nt\u00f6tt\u00e9k\u201d a k\u00f6z\u00f6ss\u00e9gi szolidarit\u00e1s \u00e9s a felz\u00e1rk\u00f3z\u00e1s h\u00edv\u00f3szavakkal, ebb\u0151l ir\u00f3ni\u00e1t hallok ki.<\/strong><\/p>\n<p><strong>Cs. Zs.:<\/strong> Az EU-s c\u00e9lkit\u0171z\u00e9sek egy r\u00e9sze ugyan szolidarit\u00e1sr\u00f3l \u00e9s koh\u00e9zi\u00f3r\u00f3l sz\u00f3l, a kutat\u00e1si er\u0151forr\u00e1sok eloszt\u00e1s\u00e1n\u00e1l viszont nem siker\u00fcl eltekinteni att\u00f3l, hogy glob\u00e1lisan a f\u0151 koordin\u00e1ci\u00f3s elv a gazdas\u00e1gb\u00f3l import\u00e1lt piaci verseny \u00e9s az ehhez szorosan kapcsol\u00f3d\u00f3 tud\u00e1smenedzsment lett. A teljes\u00edtm\u00e9ny monitoroz\u00e1s\u00e1hoz pedig egys\u00e9ges standardok kellenek, ennek talaj\u00e1n fejl\u0151d\u00f6tt ki \u00e9s n\u0151tt nagyon nagyra a szcientometria. Soha nem l\u00e1tott igyekezet van arra, hogy a kutat\u00f3k nemzetk\u00f6zi foly\u00f3iratokban publik\u00e1ljanak, n\u00f6velj\u00e9k a tudom\u00e1nyos impaktjukat, amit els\u0151sorban az id\u00e9zetts\u00e9gen, \u00fajabban pedig a l\u00e1that\u00f3s\u00e1gon kereszt\u00fcl m\u00e9rnek. L\u00e1tv\u00e1nyos az is, ahogyan a fels\u0151oktat\u00e1si \u00e9s kutat\u00e1si int\u00e9zm\u00e9nyek diskurzusa igazodik a v\u00e1llalati menedzsment\u00e9hez. Egyre gyakrabban haszn\u00e1lunk olyan fogalmakat, mint a \u201ekiv\u00e1l\u00f3s\u00e1g\u201d, \u201ej\u00f3gyakorlatok\u201d, \u201eakci\u00f3tervek\u201d, \u201emegval\u00f3s\u00edthat\u00f3s\u00e1gi tanulm\u00e1nyok\u201d, \u201eaudit\u201d, \u201ekontrolling\u201d \u00e9s hasonl\u00f3k. Ezek mind-mind a piaci alap\u00fa koordin\u00e1ci\u00f3 hegem\u00f3ni\u00e1j\u00e1t igazolj\u00e1k \u00e9s er\u0151s\u00edtik. A piaci hegem\u00f3ni\u00e1val pedig az is a baj, hogy a tud\u00e1s egyre ink\u00e1bb elvesz\u00edti a k\u00f6zj\u00f3sz\u00e1g jelleg\u00e9t, m\u00e1r nem el\u00e9rhet\u0151 egyform\u00e1n mindenki sz\u00e1m\u00e1ra, egym\u00e1ssal verseng\u0151 int\u00e9zetek, kiad\u00f3k tulajdon\u00e1ban van, egyre gyakrabban kell fizetni az\u00e9rt, hogy megismerhess\u00fck a legfrissebb kutat\u00e1si eredm\u00e9nyeket. A nyolcvanas \u00e9vek neoliber\u00e1lis fordulata er\u0151s nyomot hagyott a fels\u0151oktat\u00e1sban \u00e9s a kutat\u00e1sban is: a piaci partners\u00e9gek, hibrid rendszerek ment\u00e9n int\u00e9zm\u00e9nyes\u00fclt a tud\u00e1smenedzsment, kulcspoz\u00edci\u00f3ba ker\u00fcltek p\u00e9ld\u00e1ul a kiad\u00f3k. A lehet\u0151 legjobban kifejezi ennek a rezsimnek az abszurdit\u00e1s\u00e1t az, hogy \u2013 ahelyett, hogy neki fizetn\u00e9nek \u2013 a szerz\u0151 fizet az\u00e9rt, hogy a publik\u00e1ci\u00f3ja ingyenesen l\u00e1that\u00f3v\u00e1 v\u00e1lj\u00e9k minden \u00e9rdekl\u0151d\u0151 sz\u00e1m\u00e1ra. \u00c9s mit tesz erre az EU? Ahelyett, hogy a szab\u00e1lyokon v\u00e1ltoztatna, az ad\u00f3fizet\u0151k p\u00e9nz\u00e9n p\u00e1ly\u00e1zatot \u00edr ki a szerz\u0151knek, hogy az open-access, vagyis a szabad hozz\u00e1f\u00e9r\u00e9s jog\u00e1t megv\u00e1s\u00e1rolj\u00e1k.<\/p>\n<p><strong>S. Z.: Aluln\u00e9zetb\u0151l miben mutatkoznak meg ezek az ellentmond\u00e1sok?<\/strong><\/p>\n<p><strong>Cs. Zs.:<\/strong> Jellemz\u0151, hogy a fiatal kutat\u00f3k valamif\u00e9le \u201eakad\u00e9miai \u00f6nfoglalkoztat\u00f3kk\u00e1\u201d v\u00e1lnak, j\u00f3val komplexebb szerepelv\u00e1r\u00e1sokat kell teljes\u00edteni\u00fck, mint kor\u00e1bban. Mindenki saj\u00e1t maga felel\u0151s a teljes\u00edtm\u00e9ny\u00e9\u00e9rt, munk\u00e1ja eredm\u00e9ny\u00e9\u00e9rt, ami a kor\u00e1bbihoz k\u00e9pest sokkal szigor\u00fabb \u00f6nellen\u0151rz\u00e9si, \u00f6nfegyelmez\u00e9si gyakorlatot k\u00f6vetel meg. A kutat\u00f3t terheli annak a felel\u0151ss\u00e9ge is, hogy l\u00e1that\u00f3v\u00e1, eladhat\u00f3v\u00e1 tegye a tud\u00e1s\u00e1t, k\u00f6telez\u0151 feladatt\u00e1 v\u00e1lik az \u00f6nfejleszt\u00e9s, \u00f6nmarketing, a saj\u00e1t szakmai im\u00e1zs gondoz\u00e1sa. A mag\u00e1n\u00e9letet \u2013 ha ezek ut\u00e1n egy\u00e1ltal\u00e1n jut r\u00e1 id\u0151 \u2013 ehhez a karrier-v\u00e1llalkoz\u00e1shoz kell igaz\u00edtani. Gyakori jelens\u00e9g, k\u00fcl\u00f6n\u00f6sen a posztdoktori kutat\u00f3k k\u00f6r\u00e9ben, hogy a ter\u00fcletis\u00e9gt\u0151l megfosztott, hum\u00e1n t\u0151ke birtokosaik\u00e9nt r\u00f6vid id\u0151tartam\u00fa szerz\u0151d\u00e9sekkel l\u00e9pegetnek egyik kutat\u00f3int\u00e9zett\u0151l a m\u00e1sikig szerte Eur\u00f3p\u00e1ban, an\u00e9lk\u00fcl, hogy el\u0151r\u00e9bb jutn\u00e1nak az akad\u00e9miai rangl\u00e9tr\u00e1n. A kr\u00f3nikus bizonytalans\u00e1g a karrierre \u00e9s a meg\u00e9lhet\u00e9sre egyar\u00e1nt vonatkozik. Ak\u00e1rcsak a v\u00e1llalkoz\u00f3kn\u00e1l, itt is kiemelt szem\u00e9lyis\u00e9gvon\u00e1ss\u00e1 v\u00e1lt a kock\u00e1zattal szembeni averzi\u00f3 \u00e9s a bizonytalans\u00e1gt\u0171r\u00e9s. Ezek viszont er\u0151sen f\u00fcggenek a t\u00e1rsadalmi h\u00e1tt\u00e9rt\u0151l. Azok mernek kock\u00e1ztatni, akiknek vannak biztos tartal\u00e9kaik arra az esetre, ha a kutat\u00f3i karrierterveik kudarcot vallan\u00e1nak. Egy szer\u00e9nyebb anyagi helyzet\u0171 fiatal kutat\u00f3 kev\u00e9sb\u00e9 engedheti meg mag\u00e1nak, hogy \u00e9vtizedekig prek\u00e1rius helyzetben teng\u0151dj\u00e9k egy majdani biztos \u00e1ll\u00e1s rem\u00e9ny\u00e9ben. A t\u00e1rsadalmi egyenl\u0151tlens\u00e9gek teh\u00e1t ezekben a viszonylag k\u00e9sei \u00e9letszakaszokban is er\u0151sen belesz\u00f3lnak abba a szelekci\u00f3s folyamatba, hogy kib\u0151l lesz majd meghat\u00e1rozatlan id\u0151re alkalmazott kutat\u00f3, ez pedig el\u00e9gg\u00e9 szembemegy a deklar\u00e1lt meritoktratikus elvekkel. Egy\u00e9bk\u00e9nt egyre m\u00e9ly\u00fcl a szakad\u00e9k a tenure track-es, biztons\u00e1gos, k\u00e9nyelmes, jobban fizet\u0151 \u00e1ll\u00e1s\u00faak \u00e9s a prek\u00e1rius helyzet\u0171, bedolgoz\u00f3 kutat\u00f3k k\u00f6z\u00f6tt, \u00faj term\u00e9szet\u0171 egyenl\u0151tlens\u00e9gek alakultak ki \u00e9s er\u0151s\u00f6dnek meg.<\/p>\n<p><strong>S. Z.: Ha j\u00f3l \u00e9rtem, a kritika itt m\u00e1r annak az \u00e1tfog\u00f3 p\u00e1ly\u00e1zati finansz\u00edroz\u00e1si rendszernek sz\u00f3l, amely nemcsak Kelet-K\u00f6z\u00e9p-Eur\u00f3p\u00e1ban, de vil\u00e1gviszonylatban is kedvez\u0151tlen hat\u00e1st gyakorol a kutat\u00f3k \u00e9let\u00e9re. Milyen \u00e1ltal\u00e1nosabb, a region\u00e1lis egyenl\u0151tlens\u00e9geken t\u00falmutat\u00f3 hat\u00e1sait emeln\u00e9 ki ennek a rendszernek?<\/strong><\/p>\n<p><strong>Cs. Zs.:<\/strong> A p\u00e1ly\u00e1zatalap\u00fa finansz\u00edroz\u00e1s szorgalmaz\u00e1sa versenybe \u00e1ll\u00edtja a k\u00f6zvetlen munkat\u00e1rsakat is, ami \u00e1ltal\u00e1ban nem tesz j\u00f3t a kutat\u00f3k otthonoss\u00e1g\u00e9rzetnek, a szolidarit\u00e1snak, a m\u00e9lyebb emberi kapcsolatok kialakul\u00e1s\u00e1nak, a seg\u00edts\u00e9gny\u00fajt\u00e1s gyakorlatainak. N\u0151 a munkahellyel szembeni elidegened\u00e9s. Egy projektalap\u00fa, \u00e1lland\u00f3 rugalmass\u00e1got ig\u00e9nyl\u0151 rendszerben h\u00e1tr\u00e1nyba ker\u00fclnek a csal\u00e1dos kutat\u00f3k, ezen bel\u00fcl m\u00e9g ink\u00e1bb a n\u0151k, a kutat\u00f3i p\u00e1ly\u00e1t egyre nehezebb \u00f6sszeegyeztetni a csal\u00e1ddal. Ez nagyon vesz\u00e9lyes, mert t\u00e1rsas izol\u00e1ci\u00f3hoz vezethet, kevesebb id\u0151 jut a lelki eg\u00e9szs\u00e9g szempontj\u00e1b\u00f3l oly fontos bar\u00e1ti, csal\u00e1di, kollegi\u00e1lis kapcsolatok \u00e1pol\u00e1s\u00e1ra. V\u00e9g\u00fcl, de nem utols\u00f3sorban, ez a projektalap\u00fa rezsim nem kedvez az elm\u00e9ly\u00fclt munk\u00e1nak, a felfedez\u00e9snek, nem enged szabad utat a kutat\u00f3i szenved\u00e9ly \u00e9s a k\u00edv\u00e1ncsis\u00e1g tal\u00e1lkoz\u00e1s\u00e1nak sem, hiszen a kutat\u00f3k a munk\u00e1juk jelent\u0151s r\u00e9sz\u00e9ben menedzsmenttel, szakmai diplom\u00e1ci\u00e1val, az eredm\u00e9nyeik k\u00f6nyvel\u00e9s\u00e9vel \u00e9s prezent\u00e1l\u00e1s\u00e1val vannak elfoglalva. N\u00f6vekszik a performativit\u00e1s szerepe, mert a tud\u00e1spiac egyre ink\u00e1bb a generikus, k\u00f6nnyen transzfer\u00e1lhat\u00f3 k\u00e9pess\u00e9geket jutalmazza. Ilyenek p\u00e9ld\u00e1ul a nyelvtud\u00e1s, a digit\u00e1lis tud\u00e1s, a multitasking, a probl\u00e9mamegold\u00f3 k\u00e9pess\u00e9g, a komplexit\u00e1sok kezel\u00e9se, a csapatmunk\u00e1ra val\u00f3 hajlam, a vezet\u0151i, menedzseri, v\u00e1llalkoz\u00f3i k\u00e9szs\u00e9gek, kommunik\u00e1ci\u00f3s skillek multidiszciplin\u00e1ris, illetve multikultur\u00e1lis k\u00f6rnyezetben, \u00e9s m\u00e9g sorolhatn\u00e1nk. Ezeknek nem sok k\u00f6z\u00fck van az alkot\u00f3i munk\u00e1hoz, \u00e9s ez meg is l\u00e1tszik abban, hogy a tudom\u00e1nyos eredm\u00e9nyekre egyre t\u00f6bb redundancia jellemz\u0151, az egy helyben toporg\u00e1s, a kor\u00e1bbi \u00f6tletek felmeleg\u00edt\u00e9se, \u00fajracsomagol\u00e1sa. Ezek a probl\u00e9m\u00e1k glob\u00e1lisak, a hazai kutat\u00f3kat ugyan\u00fagy \u00e9rintik, mint a nyugat-eur\u00f3paiakat. A keletiek az\u00e9rt vannak m\u00e9gis h\u00e1tr\u00e1nyosabb helyzetben, mert kevesebb a p\u00e9nz az int\u00e9zm\u00e9nyekben, \u00e9s az egy\u00e9ni er\u0151forr\u00e1saik is sz\u0171k\u00f6sebbek ahhoz, hogy saj\u00e1t maguk p\u00e1rn\u00e1zz\u00e1k ki a karrierp\u00e1ly\u00e1jukat. Kev\u00e9sb\u00e9 mernek v\u00e1ltani, nagyobb es\u00e9llyel ragadnak bent zs\u00e1kutc\u00e1s, prek\u00e1rius poz\u00edci\u00f3kban.<\/p>\n<p>&nbsp;<\/p>\n<p>A sorozat m\u00e1sodik r\u00e9sze:\u00a0<a href=\"https:\/\/news.ubbcluj.ro\/hu\/bbte-lab-akademiai-mobilitas-kelet-kozep-europaban-i-silye-lorand-geologus-oslenykutato-biologia-es-geologia-kar-geologiai-intezet-magyar-tagozat\/\">Akad\u00e9miai mobilit\u00e1s Kelet-K\u00f6z\u00e9p-Eur\u00f3p\u00e1ban I. \u2013 Silye L\u00f3r\u00e1nd geol\u00f3gus, \u0151sl\u00e9nykutat\u00f3, Biol\u00f3gia \u00e9s Geol\u00f3gia Kar, Geol\u00f3giai Int\u00e9zet, magyar tagozat<\/a><\/p>\n<p>\u2014<\/p>\n<h5><strong><em>Ank\u00e9tonk\u00e9nt h\u00e1rom-n\u00e9gy kutat\u00f3t keres\u00fcnk meg a BBTE Magyar Tagozat\u00e1r\u00f3l, lehet\u0151leg min\u00e9l t\u00f6bb tudom\u00e1nyter\u00fcletr\u0151l, hogy mozaikszer\u0171 k\u00e9pet kapjunk az adott probl\u00e9m\u00e1r\u00f3l. Az ank\u00e9tok olyan val\u00f3s idej\u0171 t\u00e1rsadalmi kih\u00edv\u00e1sokat j\u00e1rnak k\u00f6r\u00fcl, amelyeknek a megold\u00e1s\u00e1ba az akad\u00e9miai k\u00f6zegnek f\u00f6lt\u00e9tlen\u00fcl be kell kapcsol\u00f3dnia, ha nem akarja v\u00e9g\u00e9rv\u00e9nyesen elvesz\u00edteni a legitimit\u00e1s\u00e1t \u00e9s a kapcsolat\u00e1t a t\u00e1rsadalmi realit\u00e1ssal. Sz\u00fcks\u00e9gesnek \u00e9rezz\u00fck megmutatni, hogy az akad\u00e9miai kutat\u00e1sok visszacsatolhat\u00f3k abba a sz\u00e9lesebb t\u00e1rsadalmi k\u00f6zegbe, amelynek a fels\u0151oktat\u00e1si int\u00e9zm\u00e9nyek mor\u00e1lis \u00e9s anyagi t\u00e1mogat\u00e1sukat k\u00f6sz\u00f6nhetik. A sorozat egyik alapvet\u0151 c\u00e9lkit\u0171z\u00e9se tomp\u00edtani az akad\u00e9miai elitizmus, valamint a tudom\u00e1nyter\u00fcletek \u00e9s diszcipl\u00edn\u00e1k atomiz\u00e1l\u00f3d\u00e1s\u00e1nak hat\u00e1sait. Olyan aluln\u00e9zeti perspekt\u00edv\u00e1kat szeretn\u00e9nk megval\u00f3s\u00edtani, amelyek ink\u00e1bb a megk\u00e9rdezett BBTE-s oktat\u00f3k-kutat\u00f3k tapasztalati tud\u00e1s\u00e1t mozg\u00f3s\u00edtj\u00e1k, mintsem a szoros \u00e9rtelemben vett szaktud\u00e1sukat. Az akad\u00e9miai k\u00f6zegben el\u0151\u00e1ll\u00edtott tud\u00e1s helyes, t\u00e1rsadalmilag szerves\u00fcl\u0151 haszn\u00e1lat\u00e1ra vonatkoznak, ennyiben pedig egy metakritikai n\u00e9z\u0151pontot hoznak l\u00e9tre. A sorozatot Serest\u00e9ly Zal\u00e1n szerkeszti.\u00a0<\/em><\/strong><\/h5>\n","protected":false},"excerpt":{"rendered":"<p>Serest\u00e9ly Zal\u00e1n: A napjainkban \u201eakad\u00e9miai mobilit\u00e1s\u201d-k\u00e9nt megragadott jelens\u00e9g t\u00f6rt\u00e9netileg sem idegen a kelet-k\u00f6z\u00e9p-eur\u00f3pai t\u00e9rs\u00e9gt\u0151l. A magyar peregrinusok \u00f6szt\u00f6nd\u00edjakkal, csal\u00e1di t\u00e1mogat\u00e1ssal olyan eur\u00f3pai v\u00e1rosokban tanultak, mint G\u00f6ttingen, B\u00e1zel, Bonn, Lipcse, P\u00e1rizs vagy Firenze. Felfoghat\u00f3 az akad\u00e9miai mobilit\u00e1s ennek kort\u00e1rs anal\u00f3gi\u00e1jak\u00e9nt? Csata &hellip;<\/p>\n<p class=\"read-more\"> <a class=\"more-link\" href=\"https:\/\/news.ubbcluj.ro\/hu\/bbte-lab-akademiai-mobilitas-kelet-kozep-europaban-ii-csata-zsombor-szociologus-szociologia-es-szocialismunkas-kepzo-kar-szociologia-tanszek\/\"> <span class=\"screen-reader-text\">BBTE LAB: Akad\u00e9miai mobilit\u00e1s Kelet-K\u00f6z\u00e9p-Eur\u00f3p\u00e1ban II. \u2013 Csata Zsombor szociol\u00f3gus, Szociol\u00f3gia \u00e9s Szoci\u00e1lismunk\u00e1s-k\u00e9pz\u0151 Kar, Szociol\u00f3gia tansz\u00e9k<\/span> Tov\u00e1bb &raquo;<\/a><\/p>\n","protected":false},"author":9,"featured_media":3963,"comment_status":"closed","ping_status":"closed","sticky":false,"template":"","format":"standard","meta":{"footnotes":""},"categories":[6],"tags":[],"yoast_head":"<!-- This site is optimized with the Yoast SEO plugin v21.9.1 - https:\/\/yoast.com\/wordpress\/plugins\/seo\/ -->\n<title>BBTE LAB: Akad\u00e9miai mobilit\u00e1s Kelet-K\u00f6z\u00e9p-Eur\u00f3p\u00e1ban II. \u2013 Csata Zsombor szociol\u00f3gus, Szociol\u00f3gia \u00e9s Szoci\u00e1lismunk\u00e1s-k\u00e9pz\u0151 Kar, Szociol\u00f3gia tansz\u00e9k - Kommunik\u00e1ci\u00f3 \u00e9s PR iroda<\/title>\n<meta name=\"robots\" content=\"index, follow, max-snippet:-1, max-image-preview:large, max-video-preview:-1\" \/>\n<link rel=\"canonical\" href=\"https:\/\/news.ubbcluj.ro\/hu\/bbte-lab-akademiai-mobilitas-kelet-kozep-europaban-ii-csata-zsombor-szociologus-szociologia-es-szocialismunkas-kepzo-kar-szociologia-tanszek\/\" \/>\n<meta property=\"og:locale\" content=\"hu_HU\" \/>\n<meta property=\"og:type\" content=\"article\" \/>\n<meta property=\"og:title\" content=\"BBTE LAB: Akad\u00e9miai mobilit\u00e1s Kelet-K\u00f6z\u00e9p-Eur\u00f3p\u00e1ban II. \u2013 Csata Zsombor szociol\u00f3gus, Szociol\u00f3gia \u00e9s Szoci\u00e1lismunk\u00e1s-k\u00e9pz\u0151 Kar, Szociol\u00f3gia tansz\u00e9k - Kommunik\u00e1ci\u00f3 \u00e9s PR iroda\" \/>\n<meta property=\"og:description\" content=\"Serest\u00e9ly Zal\u00e1n: A napjainkban \u201eakad\u00e9miai mobilit\u00e1s\u201d-k\u00e9nt megragadott jelens\u00e9g t\u00f6rt\u00e9netileg sem idegen a kelet-k\u00f6z\u00e9p-eur\u00f3pai t\u00e9rs\u00e9gt\u0151l. A magyar peregrinusok \u00f6szt\u00f6nd\u00edjakkal, csal\u00e1di t\u00e1mogat\u00e1ssal olyan eur\u00f3pai v\u00e1rosokban tanultak, mint G\u00f6ttingen, B\u00e1zel, Bonn, Lipcse, P\u00e1rizs vagy Firenze. Felfoghat\u00f3 az akad\u00e9miai mobilit\u00e1s ennek kort\u00e1rs anal\u00f3gi\u00e1jak\u00e9nt? Csata &hellip; BBTE LAB: Akad\u00e9miai mobilit\u00e1s Kelet-K\u00f6z\u00e9p-Eur\u00f3p\u00e1ban II. \u2013 Csata Zsombor szociol\u00f3gus, Szociol\u00f3gia \u00e9s Szoci\u00e1lismunk\u00e1s-k\u00e9pz\u0151 Kar, Szociol\u00f3gia tansz\u00e9k Tov\u00e1bb &raquo;\" \/>\n<meta property=\"og:url\" content=\"https:\/\/news.ubbcluj.ro\/hu\/bbte-lab-akademiai-mobilitas-kelet-kozep-europaban-ii-csata-zsombor-szociologus-szociologia-es-szocialismunkas-kepzo-kar-szociologia-tanszek\/\" \/>\n<meta property=\"og:site_name\" content=\"Kommunik\u00e1ci\u00f3 \u00e9s PR iroda\" \/>\n<meta property=\"article:published_time\" content=\"2020-04-17T08:01:42+00:00\" \/>\n<meta property=\"article:modified_time\" content=\"2020-04-17T08:19:23+00:00\" \/>\n<meta property=\"og:image\" content=\"https:\/\/news.ubbcluj.ro\/hu\/wp-content\/uploads\/2020\/04\/BBTE_LAB-01.png\" \/>\n\t<meta property=\"og:image:width\" content=\"1920\" \/>\n\t<meta property=\"og:image:height\" content=\"1080\" \/>\n\t<meta property=\"og:image:type\" content=\"image\/png\" \/>\n<meta name=\"author\" content=\"Bilibok Ren\u00e1ta\" \/>\n<meta name=\"twitter:card\" content=\"summary_large_image\" \/>\n<meta name=\"twitter:label1\" content=\"Szerz\u0151:\" \/>\n\t<meta name=\"twitter:data1\" content=\"Bilibok Ren\u00e1ta\" \/>\n\t<meta name=\"twitter:label2\" content=\"Becs\u00fclt olvas\u00e1si id\u0151\" \/>\n\t<meta name=\"twitter:data2\" content=\"16 perc\" \/>\n<script type=\"application\/ld+json\" class=\"yoast-schema-graph\">{\"@context\":\"https:\/\/schema.org\",\"@graph\":[{\"@type\":\"WebPage\",\"@id\":\"https:\/\/news.ubbcluj.ro\/hu\/bbte-lab-akademiai-mobilitas-kelet-kozep-europaban-ii-csata-zsombor-szociologus-szociologia-es-szocialismunkas-kepzo-kar-szociologia-tanszek\/\",\"url\":\"https:\/\/news.ubbcluj.ro\/hu\/bbte-lab-akademiai-mobilitas-kelet-kozep-europaban-ii-csata-zsombor-szociologus-szociologia-es-szocialismunkas-kepzo-kar-szociologia-tanszek\/\",\"name\":\"BBTE LAB: Akad\u00e9miai mobilit\u00e1s Kelet-K\u00f6z\u00e9p-Eur\u00f3p\u00e1ban II. \u2013 Csata Zsombor szociol\u00f3gus, Szociol\u00f3gia \u00e9s Szoci\u00e1lismunk\u00e1s-k\u00e9pz\u0151 Kar, Szociol\u00f3gia tansz\u00e9k - Kommunik\u00e1ci\u00f3 \u00e9s PR iroda\",\"isPartOf\":{\"@id\":\"https:\/\/news.ubbcluj.ro\/hu\/#website\"},\"datePublished\":\"2020-04-17T08:01:42+00:00\",\"dateModified\":\"2020-04-17T08:19:23+00:00\",\"author\":{\"@id\":\"https:\/\/news.ubbcluj.ro\/hu\/#\/schema\/person\/0768248bd5e1ed05f87b7be96b4c3d9c\"},\"breadcrumb\":{\"@id\":\"https:\/\/news.ubbcluj.ro\/hu\/bbte-lab-akademiai-mobilitas-kelet-kozep-europaban-ii-csata-zsombor-szociologus-szociologia-es-szocialismunkas-kepzo-kar-szociologia-tanszek\/#breadcrumb\"},\"inLanguage\":\"hu\",\"potentialAction\":[{\"@type\":\"ReadAction\",\"target\":[\"https:\/\/news.ubbcluj.ro\/hu\/bbte-lab-akademiai-mobilitas-kelet-kozep-europaban-ii-csata-zsombor-szociologus-szociologia-es-szocialismunkas-kepzo-kar-szociologia-tanszek\/\"]}]},{\"@type\":\"BreadcrumbList\",\"@id\":\"https:\/\/news.ubbcluj.ro\/hu\/bbte-lab-akademiai-mobilitas-kelet-kozep-europaban-ii-csata-zsombor-szociologus-szociologia-es-szocialismunkas-kepzo-kar-szociologia-tanszek\/#breadcrumb\",\"itemListElement\":[{\"@type\":\"ListItem\",\"position\":1,\"name\":\"Home\",\"item\":\"https:\/\/news.ubbcluj.ro\/hu\/\"},{\"@type\":\"ListItem\",\"position\":2,\"name\":\"BBTE LAB: Akad\u00e9miai mobilit\u00e1s Kelet-K\u00f6z\u00e9p-Eur\u00f3p\u00e1ban II. \u2013 Csata Zsombor szociol\u00f3gus, Szociol\u00f3gia \u00e9s Szoci\u00e1lismunk\u00e1s-k\u00e9pz\u0151 Kar, Szociol\u00f3gia tansz\u00e9k\"}]},{\"@type\":\"WebSite\",\"@id\":\"https:\/\/news.ubbcluj.ro\/hu\/#website\",\"url\":\"https:\/\/news.ubbcluj.ro\/hu\/\",\"name\":\"Kommunik\u00e1ci\u00f3 \u00e9s PR iroda\",\"description\":\"Babe\u0219-Bolyai Tudom\u00e1negyetem\",\"potentialAction\":[{\"@type\":\"SearchAction\",\"target\":{\"@type\":\"EntryPoint\",\"urlTemplate\":\"https:\/\/news.ubbcluj.ro\/hu\/?s={search_term_string}\"},\"query-input\":\"required name=search_term_string\"}],\"inLanguage\":\"hu\"},{\"@type\":\"Person\",\"@id\":\"https:\/\/news.ubbcluj.ro\/hu\/#\/schema\/person\/0768248bd5e1ed05f87b7be96b4c3d9c\",\"name\":\"Bilibok Ren\u00e1ta\",\"url\":\"https:\/\/news.ubbcluj.ro\/hu\/author\/renata-bilibok\/\"}]}<\/script>\n<!-- \/ Yoast SEO plugin. -->","yoast_head_json":{"title":"BBTE LAB: Akad\u00e9miai mobilit\u00e1s Kelet-K\u00f6z\u00e9p-Eur\u00f3p\u00e1ban II. \u2013 Csata Zsombor szociol\u00f3gus, Szociol\u00f3gia \u00e9s Szoci\u00e1lismunk\u00e1s-k\u00e9pz\u0151 Kar, Szociol\u00f3gia tansz\u00e9k - Kommunik\u00e1ci\u00f3 \u00e9s PR iroda","robots":{"index":"index","follow":"follow","max-snippet":"max-snippet:-1","max-image-preview":"max-image-preview:large","max-video-preview":"max-video-preview:-1"},"canonical":"https:\/\/news.ubbcluj.ro\/hu\/bbte-lab-akademiai-mobilitas-kelet-kozep-europaban-ii-csata-zsombor-szociologus-szociologia-es-szocialismunkas-kepzo-kar-szociologia-tanszek\/","og_locale":"hu_HU","og_type":"article","og_title":"BBTE LAB: Akad\u00e9miai mobilit\u00e1s Kelet-K\u00f6z\u00e9p-Eur\u00f3p\u00e1ban II. \u2013 Csata Zsombor szociol\u00f3gus, Szociol\u00f3gia \u00e9s Szoci\u00e1lismunk\u00e1s-k\u00e9pz\u0151 Kar, Szociol\u00f3gia tansz\u00e9k - Kommunik\u00e1ci\u00f3 \u00e9s PR iroda","og_description":"Serest\u00e9ly Zal\u00e1n: A napjainkban \u201eakad\u00e9miai mobilit\u00e1s\u201d-k\u00e9nt megragadott jelens\u00e9g t\u00f6rt\u00e9netileg sem idegen a kelet-k\u00f6z\u00e9p-eur\u00f3pai t\u00e9rs\u00e9gt\u0151l. A magyar peregrinusok \u00f6szt\u00f6nd\u00edjakkal, csal\u00e1di t\u00e1mogat\u00e1ssal olyan eur\u00f3pai v\u00e1rosokban tanultak, mint G\u00f6ttingen, B\u00e1zel, Bonn, Lipcse, P\u00e1rizs vagy Firenze. Felfoghat\u00f3 az akad\u00e9miai mobilit\u00e1s ennek kort\u00e1rs anal\u00f3gi\u00e1jak\u00e9nt? Csata &hellip; BBTE LAB: Akad\u00e9miai mobilit\u00e1s Kelet-K\u00f6z\u00e9p-Eur\u00f3p\u00e1ban II. \u2013 Csata Zsombor szociol\u00f3gus, Szociol\u00f3gia \u00e9s Szoci\u00e1lismunk\u00e1s-k\u00e9pz\u0151 Kar, Szociol\u00f3gia tansz\u00e9k Tov\u00e1bb &raquo;","og_url":"https:\/\/news.ubbcluj.ro\/hu\/bbte-lab-akademiai-mobilitas-kelet-kozep-europaban-ii-csata-zsombor-szociologus-szociologia-es-szocialismunkas-kepzo-kar-szociologia-tanszek\/","og_site_name":"Kommunik\u00e1ci\u00f3 \u00e9s PR iroda","article_published_time":"2020-04-17T08:01:42+00:00","article_modified_time":"2020-04-17T08:19:23+00:00","og_image":[{"width":1920,"height":1080,"url":"https:\/\/news.ubbcluj.ro\/hu\/wp-content\/uploads\/2020\/04\/BBTE_LAB-01.png","type":"image\/png"}],"author":"Bilibok Ren\u00e1ta","twitter_card":"summary_large_image","twitter_misc":{"Szerz\u0151:":"Bilibok Ren\u00e1ta","Becs\u00fclt olvas\u00e1si id\u0151":"16 perc"},"schema":{"@context":"https:\/\/schema.org","@graph":[{"@type":"WebPage","@id":"https:\/\/news.ubbcluj.ro\/hu\/bbte-lab-akademiai-mobilitas-kelet-kozep-europaban-ii-csata-zsombor-szociologus-szociologia-es-szocialismunkas-kepzo-kar-szociologia-tanszek\/","url":"https:\/\/news.ubbcluj.ro\/hu\/bbte-lab-akademiai-mobilitas-kelet-kozep-europaban-ii-csata-zsombor-szociologus-szociologia-es-szocialismunkas-kepzo-kar-szociologia-tanszek\/","name":"BBTE LAB: Akad\u00e9miai mobilit\u00e1s Kelet-K\u00f6z\u00e9p-Eur\u00f3p\u00e1ban II. \u2013 Csata Zsombor szociol\u00f3gus, Szociol\u00f3gia \u00e9s Szoci\u00e1lismunk\u00e1s-k\u00e9pz\u0151 Kar, Szociol\u00f3gia tansz\u00e9k - Kommunik\u00e1ci\u00f3 \u00e9s PR iroda","isPartOf":{"@id":"https:\/\/news.ubbcluj.ro\/hu\/#website"},"datePublished":"2020-04-17T08:01:42+00:00","dateModified":"2020-04-17T08:19:23+00:00","author":{"@id":"https:\/\/news.ubbcluj.ro\/hu\/#\/schema\/person\/0768248bd5e1ed05f87b7be96b4c3d9c"},"breadcrumb":{"@id":"https:\/\/news.ubbcluj.ro\/hu\/bbte-lab-akademiai-mobilitas-kelet-kozep-europaban-ii-csata-zsombor-szociologus-szociologia-es-szocialismunkas-kepzo-kar-szociologia-tanszek\/#breadcrumb"},"inLanguage":"hu","potentialAction":[{"@type":"ReadAction","target":["https:\/\/news.ubbcluj.ro\/hu\/bbte-lab-akademiai-mobilitas-kelet-kozep-europaban-ii-csata-zsombor-szociologus-szociologia-es-szocialismunkas-kepzo-kar-szociologia-tanszek\/"]}]},{"@type":"BreadcrumbList","@id":"https:\/\/news.ubbcluj.ro\/hu\/bbte-lab-akademiai-mobilitas-kelet-kozep-europaban-ii-csata-zsombor-szociologus-szociologia-es-szocialismunkas-kepzo-kar-szociologia-tanszek\/#breadcrumb","itemListElement":[{"@type":"ListItem","position":1,"name":"Home","item":"https:\/\/news.ubbcluj.ro\/hu\/"},{"@type":"ListItem","position":2,"name":"BBTE LAB: Akad\u00e9miai mobilit\u00e1s Kelet-K\u00f6z\u00e9p-Eur\u00f3p\u00e1ban II. \u2013 Csata Zsombor szociol\u00f3gus, Szociol\u00f3gia \u00e9s Szoci\u00e1lismunk\u00e1s-k\u00e9pz\u0151 Kar, Szociol\u00f3gia tansz\u00e9k"}]},{"@type":"WebSite","@id":"https:\/\/news.ubbcluj.ro\/hu\/#website","url":"https:\/\/news.ubbcluj.ro\/hu\/","name":"Kommunik\u00e1ci\u00f3 \u00e9s PR iroda","description":"Babe\u0219-Bolyai Tudom\u00e1negyetem","potentialAction":[{"@type":"SearchAction","target":{"@type":"EntryPoint","urlTemplate":"https:\/\/news.ubbcluj.ro\/hu\/?s={search_term_string}"},"query-input":"required name=search_term_string"}],"inLanguage":"hu"},{"@type":"Person","@id":"https:\/\/news.ubbcluj.ro\/hu\/#\/schema\/person\/0768248bd5e1ed05f87b7be96b4c3d9c","name":"Bilibok Ren\u00e1ta","url":"https:\/\/news.ubbcluj.ro\/hu\/author\/renata-bilibok\/"}]}},"_links":{"self":[{"href":"https:\/\/news.ubbcluj.ro\/hu\/wp-json\/wp\/v2\/posts\/3975"}],"collection":[{"href":"https:\/\/news.ubbcluj.ro\/hu\/wp-json\/wp\/v2\/posts"}],"about":[{"href":"https:\/\/news.ubbcluj.ro\/hu\/wp-json\/wp\/v2\/types\/post"}],"author":[{"embeddable":true,"href":"https:\/\/news.ubbcluj.ro\/hu\/wp-json\/wp\/v2\/users\/9"}],"replies":[{"embeddable":true,"href":"https:\/\/news.ubbcluj.ro\/hu\/wp-json\/wp\/v2\/comments?post=3975"}],"version-history":[{"count":2,"href":"https:\/\/news.ubbcluj.ro\/hu\/wp-json\/wp\/v2\/posts\/3975\/revisions"}],"predecessor-version":[{"id":3978,"href":"https:\/\/news.ubbcluj.ro\/hu\/wp-json\/wp\/v2\/posts\/3975\/revisions\/3978"}],"wp:featuredmedia":[{"embeddable":true,"href":"https:\/\/news.ubbcluj.ro\/hu\/wp-json\/wp\/v2\/media\/3963"}],"wp:attachment":[{"href":"https:\/\/news.ubbcluj.ro\/hu\/wp-json\/wp\/v2\/media?parent=3975"}],"wp:term":[{"taxonomy":"category","embeddable":true,"href":"https:\/\/news.ubbcluj.ro\/hu\/wp-json\/wp\/v2\/categories?post=3975"},{"taxonomy":"post_tag","embeddable":true,"href":"https:\/\/news.ubbcluj.ro\/hu\/wp-json\/wp\/v2\/tags?post=3975"}],"curies":[{"name":"wp","href":"https:\/\/api.w.org\/{rel}","templated":true}]}}