{"id":4192,"date":"2020-06-17T13:31:06","date_gmt":"2020-06-17T10:31:06","guid":{"rendered":"https:\/\/news.ubbcluj.ro\/hu\/?p=4192"},"modified":"2020-06-17T13:48:24","modified_gmt":"2020-06-17T10:48:24","slug":"bbte-az-akademiai-szabadsag-es-autonomia-vedelmeben","status":"publish","type":"post","link":"https:\/\/news.ubbcluj.ro\/hu\/bbte-az-akademiai-szabadsag-es-autonomia-vedelmeben\/","title":{"rendered":"BBTE \u2013 az akad\u00e9miai szabads\u00e1g \u00e9s auton\u00f3mia v\u00e9delm\u00e9ben"},"content":{"rendered":"<p>A kolozsv\u00e1ri Babe\u0219\u2013Bolyai Tudom\u00e1nyegyetem \u00e1ll\u00e1st foglal mindenf\u00e9le politikai vagy ideol\u00f3giai t\u00e9rfoglal\u00e1s ellen az akad\u00e9miai tudom\u00e1nyoss\u00e1g\/k\u00f6rnyezet ter\u00e9n.<\/p>\n<p><strong><em>\u201eMegd\u00f6bben\u00e9ssel \u00e9rtes\u00fclt\u00fcnk arr\u00f3l, hogy Rom\u00e1nia Parlamentje olyan jogszab\u00e1lyt fogadott el \u2013 miut\u00e1n Rom\u00e1nia Szen\u00e1tusa megszavazta a Nemzeti Oktat\u00e1si T\u00f6rv\u00e9ny m\u00f3dos\u00edt\u00e1s\u00e1t \u2013, amely megtiltja az oktat\u00e1si int\u00e9zm\u00e9nyeknek, teh\u00e1t az egyetemeknek is \u00bbazokat a tev\u00e9kenys\u00e9geket, amelyek a nemi identit\u00e1sra vonatkoz\u00f3 elm\u00e9letet \u00e9s v\u00e9lem\u00e9nyeket terjesztik, ez alatt azt az elm\u00e9letet vagy v\u00e9lem\u00e9nyt \u00e9rtve, miszerint a nem a biol\u00f3giai nemt\u0151l elt\u00e9r\u0151 fogalom, \u00e9s hogy a kett\u0151 nem mindig azonos.\u00ab A BBTE Rom\u00e1nia egyik legjelent\u0151sebb akad\u00e9miai k\u00f6z\u00f6ss\u00e9ge, mintegy 50.000 tagot sz\u00e1ml\u00e1l, egyes\u00edtve k\u00f6z\u00f6s \u00e9rt\u00e9keinket, tiszteletben tartva k\u00fcl\u00f6nb\u00f6z\u0151s\u00e9g\u00fcnket, ahol ez megmutatkozik. Az ideol\u00f3giai elt\u00e9r\u00e9seken t\u00falmen\u0151en a mi szempontunkb\u00f3l ezesetben a legnagyobb probl\u00e9ma, a t\u00f6rv\u00e9ny hom\u00e1lyos megfogalmaz\u00e1sa lehet\u0151v\u00e9 teszi \u2013 a m\u00e1r l\u00e9tez\u0151 egyetemi programok\/k\u00e9pz\u00e9sek\/kutat\u00e1sok\/szakok megk\u00e9rd\u0151jelez\u00e9se mellett \u2013, hogy egy tudom\u00e1nyos elm\u00e9letet t\u00f6rv\u00e9ny tiltson! A\u00a0 tudom\u00e1nyos elm\u00e9leteket tudom\u00e1nyosan kell pr\u00f3b\u00e1ra tenni; ez fennmarad vagy elt\u0171nik az etikus k\u00f6r\u00fclm\u00e9nyek k\u00f6z\u00f6tt lefolytatott tudom\u00e1nyos pr\u00f3b\u00e1k nyom\u00e1n, de csakis \u00edgy! B\u00edzunk benne, hogy ami a t\u00f6rv\u00e9ny sz\u00f6veg\u00e9nek jelenlegi v\u00e1ltozat\u00e1t illeti, mulaszt\u00e1s t\u00f6rt\u00e9nt, amelyet korrig\u00e1lnak\u201d<\/em><\/strong> \u2013 sz\u00f6gezte le a BBTE vezet\u0151s\u00e9ge.<\/p>\n<p>A BBTE k\u00e9pvisel\u0151i kock\u00e1zatosnak tartj\u00e1k ezt az int\u00e9zked\u00e9st a tudom\u00e1ny\/a tudom\u00e1nyos \u00e9let vonatkoz\u00e1s\u00e1ban, \u00e9s felk\u00e9rik az illet\u00e9kes f\u00f3rumokat: akad\u00e1lyozz\u00e1k meg, hogy a tudom\u00e1nyos \u00e9let \u00e9s a tudom\u00e1nyos tev\u00e9kenys\u00e9g sz\u00e1m\u00e1ra nemk\u00edv\u00e1nt precedens teremt\u0151dj\u00f6n.<\/p>\n","protected":false},"excerpt":{"rendered":"<p>A kolozsv\u00e1ri Babe\u0219\u2013Bolyai Tudom\u00e1nyegyetem \u00e1ll\u00e1st foglal mindenf\u00e9le politikai vagy ideol\u00f3giai t\u00e9rfoglal\u00e1s ellen az akad\u00e9miai tudom\u00e1nyoss\u00e1g\/k\u00f6rnyezet ter\u00e9n. \u201eMegd\u00f6bben\u00e9ssel \u00e9rtes\u00fclt\u00fcnk arr\u00f3l, hogy Rom\u00e1nia Parlamentje olyan jogszab\u00e1lyt fogadott el \u2013 miut\u00e1n Rom\u00e1nia Szen\u00e1tusa megszavazta a Nemzeti Oktat\u00e1si T\u00f6rv\u00e9ny m\u00f3dos\u00edt\u00e1s\u00e1t \u2013, amely megtiltja az &hellip;<\/p>\n<p class=\"read-more\"> <a class=\"more-link\" href=\"https:\/\/news.ubbcluj.ro\/hu\/bbte-az-akademiai-szabadsag-es-autonomia-vedelmeben\/\"> <span class=\"screen-reader-text\">BBTE \u2013 az akad\u00e9miai szabads\u00e1g \u00e9s auton\u00f3mia v\u00e9delm\u00e9ben<\/span> Tov\u00e1bb &raquo;<\/a><\/p>\n","protected":false},"author":9,"featured_media":0,"comment_status":"closed","ping_status":"closed","sticky":false,"template":"","format":"standard","meta":{"footnotes":""},"categories":[6,7],"tags":[],"yoast_head":"<!-- This site is optimized with the Yoast SEO plugin v21.9.1 - https:\/\/yoast.com\/wordpress\/plugins\/seo\/ -->\n<title>BBTE \u2013 az akad\u00e9miai szabads\u00e1g \u00e9s auton\u00f3mia v\u00e9delm\u00e9ben - Kommunik\u00e1ci\u00f3 \u00e9s PR iroda<\/title>\n<meta name=\"robots\" content=\"index, follow, max-snippet:-1, max-image-preview:large, max-video-preview:-1\" \/>\n<link rel=\"canonical\" href=\"https:\/\/news.ubbcluj.ro\/hu\/bbte-az-akademiai-szabadsag-es-autonomia-vedelmeben\/\" \/>\n<meta property=\"og:locale\" content=\"hu_HU\" \/>\n<meta property=\"og:type\" content=\"article\" \/>\n<meta property=\"og:title\" content=\"BBTE \u2013 az akad\u00e9miai szabads\u00e1g \u00e9s auton\u00f3mia v\u00e9delm\u00e9ben - Kommunik\u00e1ci\u00f3 \u00e9s PR iroda\" \/>\n<meta property=\"og:description\" content=\"A kolozsv\u00e1ri Babe\u0219\u2013Bolyai Tudom\u00e1nyegyetem \u00e1ll\u00e1st foglal mindenf\u00e9le politikai vagy ideol\u00f3giai t\u00e9rfoglal\u00e1s ellen az akad\u00e9miai tudom\u00e1nyoss\u00e1g\/k\u00f6rnyezet ter\u00e9n. \u201eMegd\u00f6bben\u00e9ssel \u00e9rtes\u00fclt\u00fcnk arr\u00f3l, hogy Rom\u00e1nia Parlamentje olyan jogszab\u00e1lyt fogadott el \u2013 miut\u00e1n Rom\u00e1nia Szen\u00e1tusa megszavazta a Nemzeti Oktat\u00e1si T\u00f6rv\u00e9ny m\u00f3dos\u00edt\u00e1s\u00e1t \u2013, amely megtiltja az &hellip; BBTE \u2013 az akad\u00e9miai szabads\u00e1g \u00e9s auton\u00f3mia v\u00e9delm\u00e9ben Tov\u00e1bb &raquo;\" \/>\n<meta property=\"og:url\" content=\"https:\/\/news.ubbcluj.ro\/hu\/bbte-az-akademiai-szabadsag-es-autonomia-vedelmeben\/\" \/>\n<meta property=\"og:site_name\" content=\"Kommunik\u00e1ci\u00f3 \u00e9s PR iroda\" \/>\n<meta property=\"article:published_time\" content=\"2020-06-17T10:31:06+00:00\" \/>\n<meta property=\"article:modified_time\" content=\"2020-06-17T10:48:24+00:00\" \/>\n<meta name=\"author\" content=\"Bilibok Ren\u00e1ta\" \/>\n<meta name=\"twitter:card\" content=\"summary_large_image\" \/>\n<meta name=\"twitter:label1\" content=\"Szerz\u0151:\" \/>\n\t<meta name=\"twitter:data1\" content=\"Bilibok Ren\u00e1ta\" \/>\n\t<meta name=\"twitter:label2\" content=\"Becs\u00fclt olvas\u00e1si id\u0151\" \/>\n\t<meta name=\"twitter:data2\" content=\"2 perc\" \/>\n<script type=\"application\/ld+json\" class=\"yoast-schema-graph\">{\"@context\":\"https:\/\/schema.org\",\"@graph\":[{\"@type\":\"WebPage\",\"@id\":\"https:\/\/news.ubbcluj.ro\/hu\/bbte-az-akademiai-szabadsag-es-autonomia-vedelmeben\/\",\"url\":\"https:\/\/news.ubbcluj.ro\/hu\/bbte-az-akademiai-szabadsag-es-autonomia-vedelmeben\/\",\"name\":\"BBTE \u2013 az akad\u00e9miai szabads\u00e1g \u00e9s auton\u00f3mia v\u00e9delm\u00e9ben - Kommunik\u00e1ci\u00f3 \u00e9s PR iroda\",\"isPartOf\":{\"@id\":\"https:\/\/news.ubbcluj.ro\/hu\/#website\"},\"datePublished\":\"2020-06-17T10:31:06+00:00\",\"dateModified\":\"2020-06-17T10:48:24+00:00\",\"author\":{\"@id\":\"https:\/\/news.ubbcluj.ro\/hu\/#\/schema\/person\/0768248bd5e1ed05f87b7be96b4c3d9c\"},\"breadcrumb\":{\"@id\":\"https:\/\/news.ubbcluj.ro\/hu\/bbte-az-akademiai-szabadsag-es-autonomia-vedelmeben\/#breadcrumb\"},\"inLanguage\":\"hu\",\"potentialAction\":[{\"@type\":\"ReadAction\",\"target\":[\"https:\/\/news.ubbcluj.ro\/hu\/bbte-az-akademiai-szabadsag-es-autonomia-vedelmeben\/\"]}]},{\"@type\":\"BreadcrumbList\",\"@id\":\"https:\/\/news.ubbcluj.ro\/hu\/bbte-az-akademiai-szabadsag-es-autonomia-vedelmeben\/#breadcrumb\",\"itemListElement\":[{\"@type\":\"ListItem\",\"position\":1,\"name\":\"Home\",\"item\":\"https:\/\/news.ubbcluj.ro\/hu\/\"},{\"@type\":\"ListItem\",\"position\":2,\"name\":\"BBTE \u2013 az akad\u00e9miai szabads\u00e1g \u00e9s auton\u00f3mia v\u00e9delm\u00e9ben\"}]},{\"@type\":\"WebSite\",\"@id\":\"https:\/\/news.ubbcluj.ro\/hu\/#website\",\"url\":\"https:\/\/news.ubbcluj.ro\/hu\/\",\"name\":\"Kommunik\u00e1ci\u00f3 \u00e9s PR iroda\",\"description\":\"Babe\u0219-Bolyai Tudom\u00e1negyetem\",\"potentialAction\":[{\"@type\":\"SearchAction\",\"target\":{\"@type\":\"EntryPoint\",\"urlTemplate\":\"https:\/\/news.ubbcluj.ro\/hu\/?s={search_term_string}\"},\"query-input\":\"required name=search_term_string\"}],\"inLanguage\":\"hu\"},{\"@type\":\"Person\",\"@id\":\"https:\/\/news.ubbcluj.ro\/hu\/#\/schema\/person\/0768248bd5e1ed05f87b7be96b4c3d9c\",\"name\":\"Bilibok Ren\u00e1ta\",\"url\":\"https:\/\/news.ubbcluj.ro\/hu\/author\/renata-bilibok\/\"}]}<\/script>\n<!-- \/ Yoast SEO plugin. -->","yoast_head_json":{"title":"BBTE \u2013 az akad\u00e9miai szabads\u00e1g \u00e9s auton\u00f3mia v\u00e9delm\u00e9ben - Kommunik\u00e1ci\u00f3 \u00e9s PR iroda","robots":{"index":"index","follow":"follow","max-snippet":"max-snippet:-1","max-image-preview":"max-image-preview:large","max-video-preview":"max-video-preview:-1"},"canonical":"https:\/\/news.ubbcluj.ro\/hu\/bbte-az-akademiai-szabadsag-es-autonomia-vedelmeben\/","og_locale":"hu_HU","og_type":"article","og_title":"BBTE \u2013 az akad\u00e9miai szabads\u00e1g \u00e9s auton\u00f3mia v\u00e9delm\u00e9ben - Kommunik\u00e1ci\u00f3 \u00e9s PR iroda","og_description":"A kolozsv\u00e1ri Babe\u0219\u2013Bolyai Tudom\u00e1nyegyetem \u00e1ll\u00e1st foglal mindenf\u00e9le politikai vagy ideol\u00f3giai t\u00e9rfoglal\u00e1s ellen az akad\u00e9miai tudom\u00e1nyoss\u00e1g\/k\u00f6rnyezet ter\u00e9n. \u201eMegd\u00f6bben\u00e9ssel \u00e9rtes\u00fclt\u00fcnk arr\u00f3l, hogy Rom\u00e1nia Parlamentje olyan jogszab\u00e1lyt fogadott el \u2013 miut\u00e1n Rom\u00e1nia Szen\u00e1tusa megszavazta a Nemzeti Oktat\u00e1si T\u00f6rv\u00e9ny m\u00f3dos\u00edt\u00e1s\u00e1t \u2013, amely megtiltja az &hellip; BBTE \u2013 az akad\u00e9miai szabads\u00e1g \u00e9s auton\u00f3mia v\u00e9delm\u00e9ben Tov\u00e1bb &raquo;","og_url":"https:\/\/news.ubbcluj.ro\/hu\/bbte-az-akademiai-szabadsag-es-autonomia-vedelmeben\/","og_site_name":"Kommunik\u00e1ci\u00f3 \u00e9s PR iroda","article_published_time":"2020-06-17T10:31:06+00:00","article_modified_time":"2020-06-17T10:48:24+00:00","author":"Bilibok Ren\u00e1ta","twitter_card":"summary_large_image","twitter_misc":{"Szerz\u0151:":"Bilibok Ren\u00e1ta","Becs\u00fclt olvas\u00e1si id\u0151":"2 perc"},"schema":{"@context":"https:\/\/schema.org","@graph":[{"@type":"WebPage","@id":"https:\/\/news.ubbcluj.ro\/hu\/bbte-az-akademiai-szabadsag-es-autonomia-vedelmeben\/","url":"https:\/\/news.ubbcluj.ro\/hu\/bbte-az-akademiai-szabadsag-es-autonomia-vedelmeben\/","name":"BBTE \u2013 az akad\u00e9miai szabads\u00e1g \u00e9s auton\u00f3mia v\u00e9delm\u00e9ben - Kommunik\u00e1ci\u00f3 \u00e9s PR iroda","isPartOf":{"@id":"https:\/\/news.ubbcluj.ro\/hu\/#website"},"datePublished":"2020-06-17T10:31:06+00:00","dateModified":"2020-06-17T10:48:24+00:00","author":{"@id":"https:\/\/news.ubbcluj.ro\/hu\/#\/schema\/person\/0768248bd5e1ed05f87b7be96b4c3d9c"},"breadcrumb":{"@id":"https:\/\/news.ubbcluj.ro\/hu\/bbte-az-akademiai-szabadsag-es-autonomia-vedelmeben\/#breadcrumb"},"inLanguage":"hu","potentialAction":[{"@type":"ReadAction","target":["https:\/\/news.ubbcluj.ro\/hu\/bbte-az-akademiai-szabadsag-es-autonomia-vedelmeben\/"]}]},{"@type":"BreadcrumbList","@id":"https:\/\/news.ubbcluj.ro\/hu\/bbte-az-akademiai-szabadsag-es-autonomia-vedelmeben\/#breadcrumb","itemListElement":[{"@type":"ListItem","position":1,"name":"Home","item":"https:\/\/news.ubbcluj.ro\/hu\/"},{"@type":"ListItem","position":2,"name":"BBTE \u2013 az akad\u00e9miai szabads\u00e1g \u00e9s auton\u00f3mia v\u00e9delm\u00e9ben"}]},{"@type":"WebSite","@id":"https:\/\/news.ubbcluj.ro\/hu\/#website","url":"https:\/\/news.ubbcluj.ro\/hu\/","name":"Kommunik\u00e1ci\u00f3 \u00e9s PR iroda","description":"Babe\u0219-Bolyai Tudom\u00e1negyetem","potentialAction":[{"@type":"SearchAction","target":{"@type":"EntryPoint","urlTemplate":"https:\/\/news.ubbcluj.ro\/hu\/?s={search_term_string}"},"query-input":"required name=search_term_string"}],"inLanguage":"hu"},{"@type":"Person","@id":"https:\/\/news.ubbcluj.ro\/hu\/#\/schema\/person\/0768248bd5e1ed05f87b7be96b4c3d9c","name":"Bilibok Ren\u00e1ta","url":"https:\/\/news.ubbcluj.ro\/hu\/author\/renata-bilibok\/"}]}},"_links":{"self":[{"href":"https:\/\/news.ubbcluj.ro\/hu\/wp-json\/wp\/v2\/posts\/4192"}],"collection":[{"href":"https:\/\/news.ubbcluj.ro\/hu\/wp-json\/wp\/v2\/posts"}],"about":[{"href":"https:\/\/news.ubbcluj.ro\/hu\/wp-json\/wp\/v2\/types\/post"}],"author":[{"embeddable":true,"href":"https:\/\/news.ubbcluj.ro\/hu\/wp-json\/wp\/v2\/users\/9"}],"replies":[{"embeddable":true,"href":"https:\/\/news.ubbcluj.ro\/hu\/wp-json\/wp\/v2\/comments?post=4192"}],"version-history":[{"count":2,"href":"https:\/\/news.ubbcluj.ro\/hu\/wp-json\/wp\/v2\/posts\/4192\/revisions"}],"predecessor-version":[{"id":4194,"href":"https:\/\/news.ubbcluj.ro\/hu\/wp-json\/wp\/v2\/posts\/4192\/revisions\/4194"}],"wp:attachment":[{"href":"https:\/\/news.ubbcluj.ro\/hu\/wp-json\/wp\/v2\/media?parent=4192"}],"wp:term":[{"taxonomy":"category","embeddable":true,"href":"https:\/\/news.ubbcluj.ro\/hu\/wp-json\/wp\/v2\/categories?post=4192"},{"taxonomy":"post_tag","embeddable":true,"href":"https:\/\/news.ubbcluj.ro\/hu\/wp-json\/wp\/v2\/tags?post=4192"}],"curies":[{"name":"wp","href":"https:\/\/api.w.org\/{rel}","templated":true}]}}