{"id":4254,"date":"2020-07-07T10:05:35","date_gmt":"2020-07-07T07:05:35","guid":{"rendered":"https:\/\/news.ubbcluj.ro\/hu\/?p=4254"},"modified":"2020-07-07T10:57:55","modified_gmt":"2020-07-07T07:57:55","slug":"a-bbte-a-tudas-bastyajava-valtoztatja-a-szabok-bastyajat","status":"publish","type":"post","link":"https:\/\/news.ubbcluj.ro\/hu\/a-bbte-a-tudas-bastyajava-valtoztatja-a-szabok-bastyajat\/","title":{"rendered":"A BBTE a \u201eTud\u00e1s B\u00e1sty\u00e1j\u00e1v\u00e1\u201d v\u00e1ltoztatja a Szab\u00f3k B\u00e1sty\u00e1j\u00e1t"},"content":{"rendered":"<p>A kolozsv\u00e1ri Babe\u0219\u2013Bolyai Tudom\u00e1nyegyetem (BBTE) a Szab\u00f3k B\u00e1sty\u00e1j\u00e1ban l\u00e9trehozza az <em>1581 \u2013 az Egyetem \u00e9s a V\u00e1ros <\/em>c. ki\u00e1ll\u00edt\u00e1st, ahol a STAR-UBB Int\u00e9zet (<a href=\"http:\/\/starubb.institute.ubbcluj.ro\/\">http:\/\/starubb.institute.ubbcluj.ro\/<\/a>) <em>Studium Generale<\/em> c\u00edm\u0171 k\u00e9pz\u00e9ssorozatot ind\u00edt.<\/p>\n<p>A ki\u00e1ll\u00edt\u00e1s 2020. okt\u00f3ber 1-j\u00e9t\u0151l nyit a k\u00f6z\u00f6ns\u00e9g sz\u00e1m\u00e1ra, \u00e9s a BBTE oktat\u00f3 c\u00e9l\u00fa l\u00e1togat\u00e1sainak r\u00e9sz\u00e9t fogja k\u00e9pezni, csatlakozva a v\u00e1ros turisztikai k\u00f6zeg\u00e9hez. A <em>Studium Generale<\/em> egyar\u00e1nt nyitott a BBTE k\u00f6z\u00f6ss\u00e9ge \u00e9s a kolozsv\u00e1ri lakosok sz\u00e1m\u00e1ra, c\u00e9lja a tud\u00e1s multi-, inter- \u00e9s transzdiszciplin\u00e1ris, valamint a <em>citizen science<\/em> paradigm\u00e1ban t\u00f6rt\u00e9n\u0151 terjeszt\u00e9se. A k\u00e9pz\u00e9sek el\u00e9rhet\u0151k lesznek online is, \u00edgy v\u00e1lik a Szab\u00f3k B\u00e1sty\u00e1ja a \u201eTud\u00e1s B\u00e1sty\u00e1j\u00e1v\u00e1\u201d.<\/p>\n<p><strong><em>\u201eEz\u00e1ltal a BBTE visszat\u00e9r az Academia\/Universitas Claudiopolitana sz\u00fclet\u00e9s\u00e9nek hely\u00e9re, a t\u00f6rt\u00e9nelmi fejl\u0151d\u00e9s \u00e9s a jelen\u00fcnk forr\u00e1s\u00e1hoz. A BBTE ez\u00e1ltal is megtiszteli az 1581-ben a \u00bbFarkasok utc\u00e1j\u00e1nak\u00ab egyik v\u00e9g\u00e9n elindult akad\u00e9miai hagyom\u00e1ny\u00e1t, melyet k\u00e9s\u0151bb, 1715-ben az utca m\u00e1sik v\u00e9g\u00e9n, a BBTE jelenlegi f\u0151\u00e9p\u00fclet\u00e9nek helysz\u00edn\u00e9n folytattak (ind\u00edtottak \u00fajra). Ezt az akad\u00e9miai hagyom\u00e1nyt a BBTE t\u00f6rv\u00e9nyes jelk\u00e9pei is t\u00fckr\u00f6zik. Az Academia\/Universitas Claudiopolitana k\u00e9s\u0151bb, 1872-ben a Kolozsv\u00e1ri Tudom\u00e1nyegyetem (Magyar Kir\u00e1lyi Ferenc J\u00f3zsef Tudom\u00e1nyegyetem) fels\u0151oktat\u00e1si int\u00e9zm\u00e9ny keret\u00e9ben \u00e9lt tov\u00e1bb, amely 1919-ben I. Ferdin\u00e1nd Kir\u00e1ly Tudom\u00e1nyegyetemm\u00e9 v\u00e1ltozott; ezen int\u00e9zm\u00e9ny akad\u00e9miai \u00e9s jogut\u00f3dja a BBTE. Az int\u00e9zetben kezdetekt\u0151l \u00e9l\u0151 Hagyom\u00e1ny szellem\u00e9ben, azonban a Kiv\u00e1l\u00f3s\u00e1g korszer\u0171 k\u00f6r\u00fclm\u00e9nyei k\u00f6z\u00f6tt (<\/em><\/strong><strong>citizen science<em>) nyitunk a k\u00f6z\u00f6ss\u00e9g fele\u201d<\/em><\/strong> \u2013 nyilatkozta dr. Daniel David egyetemi tan\u00e1r, a BBTE rektora.<\/p>\n<p>1581-ben Erd\u00e9ly fejedelme, a Lengyel\u2013Litv\u00e1n Uni\u00f3 kir\u00e1lya, B\u00e1thory Istv\u00e1n egy fels\u0151oktat\u00e1si int\u00e9zm\u00e9nyt alap\u00edtott, az Academia Claudiopolitan\u00e1t, amelyet egyetemi rangra emelt, \u00e9s felhatalmazott, hogy magasabb szint\u0171 okleveleket (gradus et Baccalaureatus, et Magisterii, et Doctoratus) bocs\u00e1sson ki. Az academia\/universitas k\u00e9t szinten oktatott: gimn\u00e1ziumi \u00e9s fels\u0151bb szinten (a Filoz\u00f3fia \u00e9s Teol\u00f3gia karokon). A kir\u00e1lyi alap\u00edt\u00f3lev\u00e9l tan\u00fas\u00e1ga szerint:<\/p>\n<p>\u201eKolozsv\u00e1r v\u00e1ros\u00e1ban, a J\u00e9zus T\u00e1rsas\u00e1ga sz\u00e1m\u00e1ra koll\u00e9giumot alap\u00edtunk, szervez\u00fcnk \u00e9s emel\u00fcnk, \u00e9s az al\u00e1bbiakban felsorolt \u200b\u200bjavakkal \u00e9s j\u00f6vedelmekkel l\u00e1tjuk el \u0151ket. Azt akarjuk, hogy ez \u00f6r\u00f6k id\u0151kig fennmaradjon, \u00e9s a fent eml\u00edtett J\u00e9zus T\u00e1rsas\u00e1ga r\u00e9sz\u00e9re, az apostoli hatalom t\u00e1mogat\u00e1s\u00e1val \u00e1tadjuk a ferences testv\u00e9rek egykori elhagyott kolostor\u00e1t, amely a magyar kir\u00e1lyok nagylelk\u0171s\u00e9g\u00e9b\u0151l \u00e9p\u00fclt a Farkasok utc\u00e1j\u00e1ban a v\u00e1ros fala ment\u00e9n, a templommal, a kertekkel, az udvarokkal, a tornyokkal \u00e9s az \u00f6sszes k\u00f6rnyez\u0151 helyekkel egy\u00fctt\u2026 e lev\u00e9l k\u00e9pviseli k\u00fcl\u00f6nleges kir\u00e1lyi nagylelk\u0171s\u00e9gb\u0151l sz\u00fcletett d\u00f6nt\u00e9s\u00fcnket, miszerint mindazok, akik megfelel\u0151 m\u00f3don k\u00e9peztettek h\u00e9ber, g\u00f6r\u00f6g \u00e9s latin hum\u00e1ntudom\u00e1nyok ter\u00e9n, ha a koll\u00e9gium meg\u00edt\u00e9l\u00e9se szerint valamelyik karon \u2013 ak\u00e1r teol\u00f3gia, ak\u00e1r filoz\u00f3fia \u2013 el\u00e9rt\u00e9k a legmagasabb sz\u00ednvonalat, s ha bizonys\u00e1got tettek k\u00f6nyvtudom\u00e1nyukr\u00f3l, baccalaureusi, magisteri vagy doctori fokozatban r\u00e9szes\u00fclhessenek. Ennek a kit\u00fcntet\u00e9snek ugyanolyan joggal, m\u00e9lt\u00f3s\u00e1ggal, kiv\u00e1l\u00f3s\u00e1ggal \u00e9s f\u00e9nnyel kell rendelkeznie, mint ami jogszer\u0171en \u00e9s szok\u00e1s szerint az olasz, a francia, a spanyol \u00e9s a n\u00e9met akad\u00e9mi\u00e1kon megilleti a hasonl\u00f3 kit\u00fcntet\u00e9seket\u2026\u201d (Forr\u00e1s: Rus, V. (2007). Operarii in Vinea Domini. Misionarii iezui\u021bi \u00een Transilvania, Banat \u0219i Partium (1579\u20101715). Volumul I \u2013 Tablouri istorice \u0219i spirituale, Presa Universitar\u0103 Clujean\u0103, Cluj\u2010 Napoca).<\/p>\n<p>A BBTE t\u00f6rt\u00e9net\u00e9t \u00e9s akad\u00e9miai hagyom\u00e1ny\u00e1t r\u00e9szletesen bemutatja a dr. Daniel David egyetemi tan\u00e1r, a BBTE rektor\u00e1nak szerkeszt\u00e9s\u00e9ben a m\u00falt \u00e9v v\u00e9g\u00e9n, a Kolozsv\u00e1ri Egyetemi Kiad\u00f3 gondoz\u00e1s\u00e1ban megjelent <em>Tradi\u021bie \u0219i Excelen\u021b\u0103. \u0218colile academice\/de \u0219tiin\u021b\u0103 la Universitatea Babe\u0219<\/em><em>\u2010<\/em><em>Bolyai din Cluj<\/em><em>\u2010<\/em><em>Napoca (1581<\/em><em>\u2010<\/em><em>1872<\/em><em>\u2010<\/em><em>1919<\/em><em>\u2010<\/em><em>prezent) <\/em>c. k\u00f6tet.<\/p>\n","protected":false},"excerpt":{"rendered":"<p>A kolozsv\u00e1ri Babe\u0219\u2013Bolyai Tudom\u00e1nyegyetem (BBTE) a Szab\u00f3k B\u00e1sty\u00e1j\u00e1ban l\u00e9trehozza az 1581 \u2013 az Egyetem \u00e9s a V\u00e1ros c. ki\u00e1ll\u00edt\u00e1st, ahol a STAR-UBB Int\u00e9zet (http:\/\/starubb.institute.ubbcluj.ro\/) Studium Generale c\u00edm\u0171 k\u00e9pz\u00e9ssorozatot ind\u00edt. A ki\u00e1ll\u00edt\u00e1s 2020. okt\u00f3ber 1-j\u00e9t\u0151l nyit a k\u00f6z\u00f6ns\u00e9g sz\u00e1m\u00e1ra, \u00e9s a &hellip;<\/p>\n<p class=\"read-more\"> <a class=\"more-link\" href=\"https:\/\/news.ubbcluj.ro\/hu\/a-bbte-a-tudas-bastyajava-valtoztatja-a-szabok-bastyajat\/\"> <span class=\"screen-reader-text\">A BBTE a \u201eTud\u00e1s B\u00e1sty\u00e1j\u00e1v\u00e1\u201d v\u00e1ltoztatja a Szab\u00f3k B\u00e1sty\u00e1j\u00e1t<\/span> Tov\u00e1bb &raquo;<\/a><\/p>\n","protected":false},"author":9,"featured_media":4259,"comment_status":"closed","ping_status":"closed","sticky":false,"template":"","format":"standard","meta":{"footnotes":""},"categories":[6,7],"tags":[],"yoast_head":"<!-- This site is optimized with the Yoast SEO plugin v21.9.1 - https:\/\/yoast.com\/wordpress\/plugins\/seo\/ -->\n<title>A BBTE a \u201eTud\u00e1s B\u00e1sty\u00e1j\u00e1v\u00e1\u201d v\u00e1ltoztatja a Szab\u00f3k B\u00e1sty\u00e1j\u00e1t - Kommunik\u00e1ci\u00f3 \u00e9s PR iroda<\/title>\n<meta name=\"robots\" content=\"index, follow, max-snippet:-1, max-image-preview:large, max-video-preview:-1\" \/>\n<link rel=\"canonical\" href=\"https:\/\/news.ubbcluj.ro\/hu\/a-bbte-a-tudas-bastyajava-valtoztatja-a-szabok-bastyajat\/\" \/>\n<meta property=\"og:locale\" content=\"hu_HU\" \/>\n<meta property=\"og:type\" content=\"article\" \/>\n<meta property=\"og:title\" content=\"A BBTE a \u201eTud\u00e1s B\u00e1sty\u00e1j\u00e1v\u00e1\u201d v\u00e1ltoztatja a Szab\u00f3k B\u00e1sty\u00e1j\u00e1t - Kommunik\u00e1ci\u00f3 \u00e9s PR iroda\" \/>\n<meta property=\"og:description\" content=\"A kolozsv\u00e1ri Babe\u0219\u2013Bolyai Tudom\u00e1nyegyetem (BBTE) a Szab\u00f3k B\u00e1sty\u00e1j\u00e1ban l\u00e9trehozza az 1581 \u2013 az Egyetem \u00e9s a V\u00e1ros c. ki\u00e1ll\u00edt\u00e1st, ahol a STAR-UBB Int\u00e9zet (http:\/\/starubb.institute.ubbcluj.ro\/) Studium Generale c\u00edm\u0171 k\u00e9pz\u00e9ssorozatot ind\u00edt. A ki\u00e1ll\u00edt\u00e1s 2020. okt\u00f3ber 1-j\u00e9t\u0151l nyit a k\u00f6z\u00f6ns\u00e9g sz\u00e1m\u00e1ra, \u00e9s a &hellip; A BBTE a \u201eTud\u00e1s B\u00e1sty\u00e1j\u00e1v\u00e1\u201d v\u00e1ltoztatja a Szab\u00f3k B\u00e1sty\u00e1j\u00e1t Tov\u00e1bb &raquo;\" \/>\n<meta property=\"og:url\" content=\"https:\/\/news.ubbcluj.ro\/hu\/a-bbte-a-tudas-bastyajava-valtoztatja-a-szabok-bastyajat\/\" \/>\n<meta property=\"og:site_name\" content=\"Kommunik\u00e1ci\u00f3 \u00e9s PR iroda\" \/>\n<meta property=\"article:published_time\" content=\"2020-07-07T07:05:35+00:00\" \/>\n<meta property=\"article:modified_time\" content=\"2020-07-07T07:57:55+00:00\" \/>\n<meta property=\"og:image\" content=\"https:\/\/news.ubbcluj.ro\/hu\/wp-content\/uploads\/2020\/07\/Turnul-Croitorilor-200x185-1.jpg\" \/>\n\t<meta property=\"og:image:width\" content=\"200\" \/>\n\t<meta property=\"og:image:height\" content=\"185\" \/>\n\t<meta property=\"og:image:type\" content=\"image\/jpeg\" \/>\n<meta name=\"author\" content=\"Bilibok Ren\u00e1ta\" \/>\n<meta name=\"twitter:card\" content=\"summary_large_image\" \/>\n<meta name=\"twitter:label1\" content=\"Szerz\u0151:\" \/>\n\t<meta name=\"twitter:data1\" content=\"Bilibok Ren\u00e1ta\" \/>\n\t<meta name=\"twitter:label2\" content=\"Becs\u00fclt olvas\u00e1si id\u0151\" \/>\n\t<meta name=\"twitter:data2\" content=\"4 perc\" \/>\n<script type=\"application\/ld+json\" class=\"yoast-schema-graph\">{\"@context\":\"https:\/\/schema.org\",\"@graph\":[{\"@type\":\"WebPage\",\"@id\":\"https:\/\/news.ubbcluj.ro\/hu\/a-bbte-a-tudas-bastyajava-valtoztatja-a-szabok-bastyajat\/\",\"url\":\"https:\/\/news.ubbcluj.ro\/hu\/a-bbte-a-tudas-bastyajava-valtoztatja-a-szabok-bastyajat\/\",\"name\":\"A BBTE a \u201eTud\u00e1s B\u00e1sty\u00e1j\u00e1v\u00e1\u201d v\u00e1ltoztatja a Szab\u00f3k B\u00e1sty\u00e1j\u00e1t - Kommunik\u00e1ci\u00f3 \u00e9s PR iroda\",\"isPartOf\":{\"@id\":\"https:\/\/news.ubbcluj.ro\/hu\/#website\"},\"datePublished\":\"2020-07-07T07:05:35+00:00\",\"dateModified\":\"2020-07-07T07:57:55+00:00\",\"author\":{\"@id\":\"https:\/\/news.ubbcluj.ro\/hu\/#\/schema\/person\/0768248bd5e1ed05f87b7be96b4c3d9c\"},\"breadcrumb\":{\"@id\":\"https:\/\/news.ubbcluj.ro\/hu\/a-bbte-a-tudas-bastyajava-valtoztatja-a-szabok-bastyajat\/#breadcrumb\"},\"inLanguage\":\"hu\",\"potentialAction\":[{\"@type\":\"ReadAction\",\"target\":[\"https:\/\/news.ubbcluj.ro\/hu\/a-bbte-a-tudas-bastyajava-valtoztatja-a-szabok-bastyajat\/\"]}]},{\"@type\":\"BreadcrumbList\",\"@id\":\"https:\/\/news.ubbcluj.ro\/hu\/a-bbte-a-tudas-bastyajava-valtoztatja-a-szabok-bastyajat\/#breadcrumb\",\"itemListElement\":[{\"@type\":\"ListItem\",\"position\":1,\"name\":\"Home\",\"item\":\"https:\/\/news.ubbcluj.ro\/hu\/\"},{\"@type\":\"ListItem\",\"position\":2,\"name\":\"A BBTE a \u201eTud\u00e1s B\u00e1sty\u00e1j\u00e1v\u00e1\u201d v\u00e1ltoztatja a Szab\u00f3k B\u00e1sty\u00e1j\u00e1t\"}]},{\"@type\":\"WebSite\",\"@id\":\"https:\/\/news.ubbcluj.ro\/hu\/#website\",\"url\":\"https:\/\/news.ubbcluj.ro\/hu\/\",\"name\":\"Kommunik\u00e1ci\u00f3 \u00e9s PR iroda\",\"description\":\"Babe\u0219-Bolyai Tudom\u00e1negyetem\",\"potentialAction\":[{\"@type\":\"SearchAction\",\"target\":{\"@type\":\"EntryPoint\",\"urlTemplate\":\"https:\/\/news.ubbcluj.ro\/hu\/?s={search_term_string}\"},\"query-input\":\"required name=search_term_string\"}],\"inLanguage\":\"hu\"},{\"@type\":\"Person\",\"@id\":\"https:\/\/news.ubbcluj.ro\/hu\/#\/schema\/person\/0768248bd5e1ed05f87b7be96b4c3d9c\",\"name\":\"Bilibok Ren\u00e1ta\",\"url\":\"https:\/\/news.ubbcluj.ro\/hu\/author\/renata-bilibok\/\"}]}<\/script>\n<!-- \/ Yoast SEO plugin. -->","yoast_head_json":{"title":"A BBTE a \u201eTud\u00e1s B\u00e1sty\u00e1j\u00e1v\u00e1\u201d v\u00e1ltoztatja a Szab\u00f3k B\u00e1sty\u00e1j\u00e1t - Kommunik\u00e1ci\u00f3 \u00e9s PR iroda","robots":{"index":"index","follow":"follow","max-snippet":"max-snippet:-1","max-image-preview":"max-image-preview:large","max-video-preview":"max-video-preview:-1"},"canonical":"https:\/\/news.ubbcluj.ro\/hu\/a-bbte-a-tudas-bastyajava-valtoztatja-a-szabok-bastyajat\/","og_locale":"hu_HU","og_type":"article","og_title":"A BBTE a \u201eTud\u00e1s B\u00e1sty\u00e1j\u00e1v\u00e1\u201d v\u00e1ltoztatja a Szab\u00f3k B\u00e1sty\u00e1j\u00e1t - Kommunik\u00e1ci\u00f3 \u00e9s PR iroda","og_description":"A kolozsv\u00e1ri Babe\u0219\u2013Bolyai Tudom\u00e1nyegyetem (BBTE) a Szab\u00f3k B\u00e1sty\u00e1j\u00e1ban l\u00e9trehozza az 1581 \u2013 az Egyetem \u00e9s a V\u00e1ros c. ki\u00e1ll\u00edt\u00e1st, ahol a STAR-UBB Int\u00e9zet (http:\/\/starubb.institute.ubbcluj.ro\/) Studium Generale c\u00edm\u0171 k\u00e9pz\u00e9ssorozatot ind\u00edt. A ki\u00e1ll\u00edt\u00e1s 2020. okt\u00f3ber 1-j\u00e9t\u0151l nyit a k\u00f6z\u00f6ns\u00e9g sz\u00e1m\u00e1ra, \u00e9s a &hellip; A BBTE a \u201eTud\u00e1s B\u00e1sty\u00e1j\u00e1v\u00e1\u201d v\u00e1ltoztatja a Szab\u00f3k B\u00e1sty\u00e1j\u00e1t Tov\u00e1bb &raquo;","og_url":"https:\/\/news.ubbcluj.ro\/hu\/a-bbte-a-tudas-bastyajava-valtoztatja-a-szabok-bastyajat\/","og_site_name":"Kommunik\u00e1ci\u00f3 \u00e9s PR iroda","article_published_time":"2020-07-07T07:05:35+00:00","article_modified_time":"2020-07-07T07:57:55+00:00","og_image":[{"width":200,"height":185,"url":"https:\/\/news.ubbcluj.ro\/hu\/wp-content\/uploads\/2020\/07\/Turnul-Croitorilor-200x185-1.jpg","type":"image\/jpeg"}],"author":"Bilibok Ren\u00e1ta","twitter_card":"summary_large_image","twitter_misc":{"Szerz\u0151:":"Bilibok Ren\u00e1ta","Becs\u00fclt olvas\u00e1si id\u0151":"4 perc"},"schema":{"@context":"https:\/\/schema.org","@graph":[{"@type":"WebPage","@id":"https:\/\/news.ubbcluj.ro\/hu\/a-bbte-a-tudas-bastyajava-valtoztatja-a-szabok-bastyajat\/","url":"https:\/\/news.ubbcluj.ro\/hu\/a-bbte-a-tudas-bastyajava-valtoztatja-a-szabok-bastyajat\/","name":"A BBTE a \u201eTud\u00e1s B\u00e1sty\u00e1j\u00e1v\u00e1\u201d v\u00e1ltoztatja a Szab\u00f3k B\u00e1sty\u00e1j\u00e1t - Kommunik\u00e1ci\u00f3 \u00e9s PR iroda","isPartOf":{"@id":"https:\/\/news.ubbcluj.ro\/hu\/#website"},"datePublished":"2020-07-07T07:05:35+00:00","dateModified":"2020-07-07T07:57:55+00:00","author":{"@id":"https:\/\/news.ubbcluj.ro\/hu\/#\/schema\/person\/0768248bd5e1ed05f87b7be96b4c3d9c"},"breadcrumb":{"@id":"https:\/\/news.ubbcluj.ro\/hu\/a-bbte-a-tudas-bastyajava-valtoztatja-a-szabok-bastyajat\/#breadcrumb"},"inLanguage":"hu","potentialAction":[{"@type":"ReadAction","target":["https:\/\/news.ubbcluj.ro\/hu\/a-bbte-a-tudas-bastyajava-valtoztatja-a-szabok-bastyajat\/"]}]},{"@type":"BreadcrumbList","@id":"https:\/\/news.ubbcluj.ro\/hu\/a-bbte-a-tudas-bastyajava-valtoztatja-a-szabok-bastyajat\/#breadcrumb","itemListElement":[{"@type":"ListItem","position":1,"name":"Home","item":"https:\/\/news.ubbcluj.ro\/hu\/"},{"@type":"ListItem","position":2,"name":"A BBTE a \u201eTud\u00e1s B\u00e1sty\u00e1j\u00e1v\u00e1\u201d v\u00e1ltoztatja a Szab\u00f3k B\u00e1sty\u00e1j\u00e1t"}]},{"@type":"WebSite","@id":"https:\/\/news.ubbcluj.ro\/hu\/#website","url":"https:\/\/news.ubbcluj.ro\/hu\/","name":"Kommunik\u00e1ci\u00f3 \u00e9s PR iroda","description":"Babe\u0219-Bolyai Tudom\u00e1negyetem","potentialAction":[{"@type":"SearchAction","target":{"@type":"EntryPoint","urlTemplate":"https:\/\/news.ubbcluj.ro\/hu\/?s={search_term_string}"},"query-input":"required name=search_term_string"}],"inLanguage":"hu"},{"@type":"Person","@id":"https:\/\/news.ubbcluj.ro\/hu\/#\/schema\/person\/0768248bd5e1ed05f87b7be96b4c3d9c","name":"Bilibok Ren\u00e1ta","url":"https:\/\/news.ubbcluj.ro\/hu\/author\/renata-bilibok\/"}]}},"_links":{"self":[{"href":"https:\/\/news.ubbcluj.ro\/hu\/wp-json\/wp\/v2\/posts\/4254"}],"collection":[{"href":"https:\/\/news.ubbcluj.ro\/hu\/wp-json\/wp\/v2\/posts"}],"about":[{"href":"https:\/\/news.ubbcluj.ro\/hu\/wp-json\/wp\/v2\/types\/post"}],"author":[{"embeddable":true,"href":"https:\/\/news.ubbcluj.ro\/hu\/wp-json\/wp\/v2\/users\/9"}],"replies":[{"embeddable":true,"href":"https:\/\/news.ubbcluj.ro\/hu\/wp-json\/wp\/v2\/comments?post=4254"}],"version-history":[{"count":2,"href":"https:\/\/news.ubbcluj.ro\/hu\/wp-json\/wp\/v2\/posts\/4254\/revisions"}],"predecessor-version":[{"id":4260,"href":"https:\/\/news.ubbcluj.ro\/hu\/wp-json\/wp\/v2\/posts\/4254\/revisions\/4260"}],"wp:featuredmedia":[{"embeddable":true,"href":"https:\/\/news.ubbcluj.ro\/hu\/wp-json\/wp\/v2\/media\/4259"}],"wp:attachment":[{"href":"https:\/\/news.ubbcluj.ro\/hu\/wp-json\/wp\/v2\/media?parent=4254"}],"wp:term":[{"taxonomy":"category","embeddable":true,"href":"https:\/\/news.ubbcluj.ro\/hu\/wp-json\/wp\/v2\/categories?post=4254"},{"taxonomy":"post_tag","embeddable":true,"href":"https:\/\/news.ubbcluj.ro\/hu\/wp-json\/wp\/v2\/tags?post=4254"}],"curies":[{"name":"wp","href":"https:\/\/api.w.org\/{rel}","templated":true}]}}