{"id":4508,"date":"2020-10-14T13:01:50","date_gmt":"2020-10-14T10:01:50","guid":{"rendered":"https:\/\/news.ubbcluj.ro\/hu\/?p=4508"},"modified":"2020-10-14T13:01:50","modified_gmt":"2020-10-14T10:01:50","slug":"bbte-lab-jarvanykorkep-racz-bela-gergely","status":"publish","type":"post","link":"https:\/\/news.ubbcluj.ro\/hu\/bbte-lab-jarvanykorkep-racz-bela-gergely\/","title":{"rendered":"BBTE LAB J\u00e1rv\u00e1nyk\u00f6rk\u00e9p: R\u00e1cz B\u00e9la-Gergely"},"content":{"rendered":"<p><strong>K\u00f6zel f\u00e9l \u00e9v telt el az\u00f3ta, hogy a BBTE vezet\u0151s\u00e9ge \u00fagy d\u00f6nt\u00f6tt, a SARS-CoV-2 v\u00edrus terjed\u00e9s\u00e9nek lass\u00edt\u00e1sa \u00e9rdek\u00e9ben online platformokra \u201ek\u00f6lt\u00f6zteti \u00e1t\u201d a 2019\/2020-as tan\u00e9v m\u00e1sodik szemeszter\u00e9t. Nemcsak az egyetemi oktat\u00e1s, hanem a kutat\u00e1si projektek ter\u00e9n is \u00f3ri\u00e1si v\u00e1ltoz\u00e1sok \u00e1lltak be, neh\u00e9zkesebb\u00e9 v\u00e1ltak a k\u00fclf\u00f6ldi tanulm\u00e1nyutak, a terepmunka, a tudom\u00e1nyos forr\u00e1sokhoz val\u00f3 hozz\u00e1f\u00e9r\u00e9s, sok esetben \u00faj kutat\u00e1si f\u00f3kuszok bukkantak fel. F\u00e9l \u00e9v egy vil\u00e1gj\u00e1rv\u00e1ny \u201e\u00e9let\u00e9ben\u201d tal\u00e1n r\u00f6vid t\u00e1vnak sz\u00e1m\u00edt, azonban m\u00e1r \u00e9ppen el\u00e9g ahhoz, hogy adatszer\u0171 kimutat\u00e1saink legyenek bizonyos v\u00e1ltoz\u00e1sokr\u00f3l, \u00e9s hogy ezek t\u00fckr\u00e9ben szakszer\u0171 k\u00e9pet alkothassunk a j\u00e1rv\u00e1ny v\u00e1rhat\u00f3, k\u00f6z\u00e9p t\u00e1v\u00fa hat\u00e1saira vonatkoz\u00f3an. Ank\u00e9tunk eltekint a j\u00e1rv\u00e1ny orvostudom\u00e1nyi, hum\u00e1nbiol\u00f3giai, virol\u00f3giai vagy k\u00f6zeg\u00e9szs\u00e9g\u00fcgyi megk\u00f6zel\u00edt\u00e9seit\u0151l, \u00e9s arra t\u00f6rekszik, hogy egy mozaikszer\u0171, multidiszciplin\u00e1ris k\u00f6rk\u00e9p keret\u00e9ben megmutassa, \u00e9let\u00fcnk mely ter\u00fcletein tapasztalhat\u00f3k m\u00e1ris k\u00e9zzelfoghat\u00f3 v\u00e1ltoz\u00e1sok, milyen term\u00e9szet\u0171ek ezek, \u00e9s mit vet\u00edtenek el\u0151re a k\u00f6vetkez\u0151 f\u00e9l-egy \u00e9vre vonatkoz\u00f3an. Az ank\u00e9t keret\u00e9ben a legk\u00fcl\u00f6nb\u00f6z\u0151bb tudom\u00e1nyter\u00fcleteket k\u00e9pvisel\u0151 BBTE-s szak\u00e9rt\u0151ket, m\u00e9diaszakembert, k\u00f6zgazd\u00e1szt, kommunik\u00e1ci\u00f3s, illetve nevel\u00e9studom\u00e1nyi szakembert, szociol\u00f3gust, pszichoonkol\u00f3gust, pszichol\u00f3gust k\u00e9rt\u00fcnk fel, hogy ossza meg vel\u00fcnk a j\u00e1rv\u00e1ny hat\u00e1saival kapcsolatos tapasztalatait.<\/strong><\/p>\n<p style=\"text-align: center;\"><strong>* * *<\/strong><\/p>\n<p><em>Kolozsv\u00e1r az orsz\u00e1g \u201elegegyetemibb\u201d v\u00e1ros\u00e1nak sz\u00e1m\u00edt jelenleg, \u00e9s a piaca is ehhez igazodik. Mennyire fogja befoly\u00e1solni a piac alakul\u00e1s\u00e1t, hogy a di\u00e1kok visszat\u00e9rnek-e okt\u00f3bert\u0151l vagy sem? Meg fogja-e \u00e9rezni a v\u00e1ros a nagy ny\u00e1ri fesztiv\u00e1lok, az Untold \u00e9s az Electric Castle kies\u00e9s\u00e9t? Az IT-szektor k\u00e9tsz\u00e1zal\u00e9kos n\u00f6veked\u00e9st mutatott a vil\u00e1gj\u00e1rv\u00e1ny idej\u00e9n, m\u00e1s \u00e1gazatok viszont jelent\u0151s vesztes\u00e9geket k\u00f6nyveltek el a megyesz\u00e9khelyen: vajon folytat\u00f3dni fog ez a trend, \u00e9s milyen v\u00e1rhat\u00f3 t\u00e1rsadalmi hozad\u00e9ka lesz annak, ha a k\u00fcl\u00f6nb\u00f6z\u0151 szektorok k\u00f6z\u00f6tt tov\u00e1bb m\u00e9ly\u00fcl a szakad\u00e9k? V\u00e1rhat\u00f3 a gazdas\u00e1g regener\u00e1l\u00f3d\u00e1sa?<\/em><\/p>\n<p><strong><em>Dr. R\u00e1cz B\u00e9la-Gergelyt, a BBTE K\u00f6zgazdas\u00e1g- \u00e9s Gazd\u00e1lkod\u00e1studom\u00e1nyi Kar\u00e1nak egyetemi adjunktus\u00e1t k\u00e9rdezt\u00fck<\/em><\/strong><\/p>\n<p>R. B.-G.: Kolozsv\u00e1ron \u00e1ltal\u00e1ban minden negyedik lakos egyetemista, aki \u00e9ppen tanulni van a v\u00e1rosban. A koronav\u00edrus-j\u00e1rv\u00e1ny ilyen \u00e9rtelemben is \u00e1t\u00edrta Kolozsv\u00e1r h\u00e9tk\u00f6znapjait, hisz a hallgat\u00f3k nagy r\u00e9sze nemcsak ny\u00e1ron nem volt a v\u00e1rosban, hanem most sincsen itt. A legt\u00f6bb kolozsv\u00e1ri egyetemista ma otthonr\u00f3l tanul, \u00edgy Kolozsv\u00e1r szell\u0151sebb, t\u00f6bb a parkol\u00f3hely, tal\u00e1n kicsit kisebb a forgalom is. Viszont ennek sz\u00e1mtalan negat\u00edv gazdas\u00e1gi hat\u00e1sa is van, hiszen a k\u00f6zel 60 000 egyetemista, aki eddig Kolozsv\u00e1ron k\u00f6lt\u00f6tte el a p\u00e9nz\u00e9t, most otthon k\u00f6lti el. Kolozsv\u00e1rnak ez teh\u00e1t egy egy\u00e9rtelm\u0171 \u00e9s jelent\u0151s bev\u00e9telkies\u00e9s, melyet legink\u00e1bb a lak\u00e1saikat b\u00e9rbead\u00f3k \u00e9s a vend\u00e9g- \u00e9s sz\u00f3rakoztat\u00f3iparban dolgoz\u00f3k fognak meg\u00e9rezni. Ezen fel\u00fcl Kolozsv\u00e1ron a ny\u00e1r sem \u00fagy alakult, ahogy szokott, ugyanis a legnagyobb fesztiv\u00e1lok nem ker\u00fcltek megrendez\u00e9sre, ami szint\u00e9n t\u00f6bb milli\u00f3 eur\u00f3s kies\u00e9st jelent a v\u00e1rosnak. Sok felm\u00e9r\u00e9s szerint csup\u00e1n az egyetemist\u00e1k t\u00e1volmarad\u00e1sa \u00e9s az elhalasztott fesztiv\u00e1lok 3-4%-kal cs\u00f6kkentett\u00e9k Kolozsv\u00e1r gazdas\u00e1g\u00e1t. Term\u00e9szetesen a vil\u00e1gj\u00e1rv\u00e1ny m\u00e1s szektorokban is \u00e9rezteti a hat\u00e1s\u00e1t, ahogy a nem egyetemi v\u00e1rosok is megs\u00ednylik a sz\u00fcks\u00e9ges j\u00e1rv\u00e1ny\u00fcgyi int\u00e9zked\u00e9sek gazdas\u00e1gi k\u00f6vetkezm\u00e9nyeit. Kolozsv\u00e1r gazdas\u00e1g\u00e1t viszont nagym\u00e9rt\u00e9kben felfele h\u00fazza az informatikai \u00e1gazat, mely a v\u00e1ls\u00e1g k\u00f6zben is n\u00f6vekedni tudott. Kolozsv\u00e1ron nagyj\u00e1b\u00f3l 20 000 ember dolgozik az IT ipar\u00e1gban, ahol a j\u00f6vedelmek a v\u00e1ls\u00e1g ellen\u00e9rre sem cs\u00f6kkentek (az \u00e1tlagb\u00e9r k\u00e9t \u00e9s f\u00e9lszeres\u00e9t teszi ki egy \u00e1tlagos programoz\u00f3i fizet\u00e9s), \u00e9s jellemz\u0151en az informatikusok (az egyetemist\u00e1kkal ellent\u00e9tben) Kolozsv\u00e1ron maradtak. Az informatikusok teh\u00e1t, akik a kolozsv\u00e1ri foglalkoztatottak k\u00f6r\u00fclbel\u00fcl 10%-\u00e1t teszik ki, olyan keresletet gener\u00e1lnak a piacon, amivel nagyon sok m\u00e1s nagyv\u00e1ros nem rendelkezik, \u00edgy a v\u00e1rosnak ilyen \u00e9rtelemben komparat\u00edv el\u0151nye van m\u00e1s nagyv\u00e1rosokhoz k\u00e9pest. Kolozsv\u00e1r gazdas\u00e1ga az \u00f6sszes negat\u00edv \u00e9s kevesebb pozit\u00edv hat\u00e1s miatt nagy val\u00f3sz\u00edn\u0171s\u00e9ggel nem fog nagyobb m\u00e9rt\u00e9kben zsugorodni, mint Rom\u00e1nia gazdas\u00e1ga. A COVID-19 RoEIM kutat\u00e1s alapj\u00e1n Rom\u00e1nia gazdas\u00e1gi visszaes\u00e9se 4,6% lesz, mik\u00f6zben Kolozsv\u00e1ron is 4% k\u00f6r\u00fcli visszaes\u00e9ssel lehet sz\u00e1molni. Glob\u00e1lis viszonylatban is l\u00e1that\u00f3, hogy a nagyon hirtelen gazdas\u00e1gi cs\u00f6kken\u00e9st el\u00e9g gyors fellend\u00fcl\u00e9s fogja v\u00e1ltani, azaz egy V alak\u00fa v\u00e1ls\u00e1gforgat\u00f3k\u00f6nyv a legval\u00f3sz\u00edn\u0171bb. Ez a trend \u00e9s vissza\u00e1ll\u00e1s term\u00e9szetesen Kolozsv\u00e1rra is igaz lesz, ugyanis az egyetemist\u00e1k el\u0151bb-ut\u00f3bb vissza fognak t\u00e9rni, a szolg\u00e1ltat\u00e1sok ipar\u00e1ga mag\u00e1hoz fog t\u00e9rni, illetve az informatikai ipar\u00e1g a saj\u00e1t n\u00f6veked\u00e9se mellett a t\u00f6bbi szektort is k\u00e9pes h\u00fazni. Kolozsv\u00e1rnak eg\u00e9szs\u00e9ges gazdas\u00e1ga volt a j\u00e1rv\u00e1ny kit\u00f6r\u00e9se el\u0151tt, amelyet kev\u00e9s struktur\u00e1lis egyens\u00falytalans\u00e1g jellemzett, \u00e9s ez mindenk\u00e9ppen kedvez a gyors kil\u00e1bal\u00e1snak is.<\/p>\n<p style=\"text-align: center;\"><strong>* * *<\/strong><\/p>\n<p>Sorozatunk el\u0151z\u0151 r\u00e9sze el\u00e9rhet\u0151 itt: <a href=\"https:\/\/news.ubbcluj.ro\/hu\/bbte-lab-jarvanykorkep-degi-laszlo-csaba\/\">BBTE LAB J\u00e1rv\u00e1nyk\u00f6rk\u00e9p: D\u00e9gi L\u00e1szl\u00f3 Csaba<\/a><\/p>\n<p><a href=\"https:\/\/news.ubbcluj.ro\/hu\/bbte-lab-jarvanykorkep-degi-laszlo-csaba\/bbte-lab-fekvo-01\/\" rel=\"attachment wp-att-4490\"><img loading=\"lazy\" decoding=\"async\" class=\"aligncenter wp-image-4490 size-large\" src=\"https:\/\/news.ubbcluj.ro\/hu\/wp-content\/uploads\/2020\/10\/BBTE-LAB-FEKVO-01-1024x576.png\" alt=\"\" width=\"605\" height=\"340\" data-id=\"4490\" srcset=\"https:\/\/news.ubbcluj.ro\/hu\/wp-content\/uploads\/2020\/10\/BBTE-LAB-FEKVO-01-1024x576.png 1024w, https:\/\/news.ubbcluj.ro\/hu\/wp-content\/uploads\/2020\/10\/BBTE-LAB-FEKVO-01-300x169.png 300w, https:\/\/news.ubbcluj.ro\/hu\/wp-content\/uploads\/2020\/10\/BBTE-LAB-FEKVO-01-768x432.png 768w, https:\/\/news.ubbcluj.ro\/hu\/wp-content\/uploads\/2020\/10\/BBTE-LAB-FEKVO-01-1536x864.png 1536w, https:\/\/news.ubbcluj.ro\/hu\/wp-content\/uploads\/2020\/10\/BBTE-LAB-FEKVO-01-100x56.png 100w, https:\/\/news.ubbcluj.ro\/hu\/wp-content\/uploads\/2020\/10\/BBTE-LAB-FEKVO-01-150x84.png 150w, https:\/\/news.ubbcluj.ro\/hu\/wp-content\/uploads\/2020\/10\/BBTE-LAB-FEKVO-01-200x113.png 200w, https:\/\/news.ubbcluj.ro\/hu\/wp-content\/uploads\/2020\/10\/BBTE-LAB-FEKVO-01-450x253.png 450w, https:\/\/news.ubbcluj.ro\/hu\/wp-content\/uploads\/2020\/10\/BBTE-LAB-FEKVO-01-600x338.png 600w, https:\/\/news.ubbcluj.ro\/hu\/wp-content\/uploads\/2020\/10\/BBTE-LAB-FEKVO-01-900x506.png 900w, https:\/\/news.ubbcluj.ro\/hu\/wp-content\/uploads\/2020\/10\/BBTE-LAB-FEKVO-01.png 1920w\" sizes=\"(max-width: 605px) 100vw, 605px\" \/><\/a><\/p>\n","protected":false},"excerpt":{"rendered":"<p>K\u00f6zel f\u00e9l \u00e9v telt el az\u00f3ta, hogy a BBTE vezet\u0151s\u00e9ge \u00fagy d\u00f6nt\u00f6tt, a SARS-CoV-2 v\u00edrus terjed\u00e9s\u00e9nek lass\u00edt\u00e1sa \u00e9rdek\u00e9ben online platformokra \u201ek\u00f6lt\u00f6zteti \u00e1t\u201d a 2019\/2020-as tan\u00e9v m\u00e1sodik szemeszter\u00e9t. Nemcsak az egyetemi oktat\u00e1s, hanem a kutat\u00e1si projektek ter\u00e9n is \u00f3ri\u00e1si v\u00e1ltoz\u00e1sok \u00e1lltak &hellip;<\/p>\n<p class=\"read-more\"> <a class=\"more-link\" href=\"https:\/\/news.ubbcluj.ro\/hu\/bbte-lab-jarvanykorkep-racz-bela-gergely\/\"> <span class=\"screen-reader-text\">BBTE LAB J\u00e1rv\u00e1nyk\u00f6rk\u00e9p: R\u00e1cz B\u00e9la-Gergely<\/span> Tov\u00e1bb &raquo;<\/a><\/p>\n","protected":false},"author":9,"featured_media":4490,"comment_status":"closed","ping_status":"closed","sticky":false,"template":"","format":"standard","meta":{"footnotes":""},"categories":[6,7],"tags":[],"yoast_head":"<!-- This site is optimized with the Yoast SEO plugin v21.9.1 - https:\/\/yoast.com\/wordpress\/plugins\/seo\/ -->\n<title>BBTE LAB J\u00e1rv\u00e1nyk\u00f6rk\u00e9p: R\u00e1cz B\u00e9la-Gergely - Kommunik\u00e1ci\u00f3 \u00e9s PR iroda<\/title>\n<meta name=\"robots\" content=\"index, follow, max-snippet:-1, max-image-preview:large, max-video-preview:-1\" \/>\n<link rel=\"canonical\" href=\"https:\/\/news.ubbcluj.ro\/hu\/bbte-lab-jarvanykorkep-racz-bela-gergely\/\" \/>\n<meta property=\"og:locale\" content=\"hu_HU\" \/>\n<meta property=\"og:type\" content=\"article\" \/>\n<meta property=\"og:title\" content=\"BBTE LAB J\u00e1rv\u00e1nyk\u00f6rk\u00e9p: R\u00e1cz B\u00e9la-Gergely - Kommunik\u00e1ci\u00f3 \u00e9s PR iroda\" \/>\n<meta property=\"og:description\" content=\"K\u00f6zel f\u00e9l \u00e9v telt el az\u00f3ta, hogy a BBTE vezet\u0151s\u00e9ge \u00fagy d\u00f6nt\u00f6tt, a SARS-CoV-2 v\u00edrus terjed\u00e9s\u00e9nek lass\u00edt\u00e1sa \u00e9rdek\u00e9ben online platformokra \u201ek\u00f6lt\u00f6zteti \u00e1t\u201d a 2019\/2020-as tan\u00e9v m\u00e1sodik szemeszter\u00e9t. Nemcsak az egyetemi oktat\u00e1s, hanem a kutat\u00e1si projektek ter\u00e9n is \u00f3ri\u00e1si v\u00e1ltoz\u00e1sok \u00e1lltak &hellip; BBTE LAB J\u00e1rv\u00e1nyk\u00f6rk\u00e9p: R\u00e1cz B\u00e9la-Gergely Tov\u00e1bb &raquo;\" \/>\n<meta property=\"og:url\" content=\"https:\/\/news.ubbcluj.ro\/hu\/bbte-lab-jarvanykorkep-racz-bela-gergely\/\" \/>\n<meta property=\"og:site_name\" content=\"Kommunik\u00e1ci\u00f3 \u00e9s PR iroda\" \/>\n<meta property=\"article:published_time\" content=\"2020-10-14T10:01:50+00:00\" \/>\n<meta property=\"og:image\" content=\"https:\/\/news.ubbcluj.ro\/hu\/wp-content\/uploads\/2020\/10\/BBTE-LAB-FEKVO-01.png\" \/>\n\t<meta property=\"og:image:width\" content=\"1920\" \/>\n\t<meta property=\"og:image:height\" content=\"1080\" \/>\n\t<meta property=\"og:image:type\" content=\"image\/png\" \/>\n<meta name=\"author\" content=\"Bilibok Ren\u00e1ta\" \/>\n<meta name=\"twitter:card\" content=\"summary_large_image\" \/>\n<meta name=\"twitter:label1\" content=\"Szerz\u0151:\" \/>\n\t<meta name=\"twitter:data1\" content=\"Bilibok Ren\u00e1ta\" \/>\n\t<meta name=\"twitter:label2\" content=\"Becs\u00fclt olvas\u00e1si id\u0151\" \/>\n\t<meta name=\"twitter:data2\" content=\"5 perc\" \/>\n<script type=\"application\/ld+json\" class=\"yoast-schema-graph\">{\"@context\":\"https:\/\/schema.org\",\"@graph\":[{\"@type\":\"WebPage\",\"@id\":\"https:\/\/news.ubbcluj.ro\/hu\/bbte-lab-jarvanykorkep-racz-bela-gergely\/\",\"url\":\"https:\/\/news.ubbcluj.ro\/hu\/bbte-lab-jarvanykorkep-racz-bela-gergely\/\",\"name\":\"BBTE LAB J\u00e1rv\u00e1nyk\u00f6rk\u00e9p: R\u00e1cz B\u00e9la-Gergely - Kommunik\u00e1ci\u00f3 \u00e9s PR iroda\",\"isPartOf\":{\"@id\":\"https:\/\/news.ubbcluj.ro\/hu\/#website\"},\"datePublished\":\"2020-10-14T10:01:50+00:00\",\"dateModified\":\"2020-10-14T10:01:50+00:00\",\"author\":{\"@id\":\"https:\/\/news.ubbcluj.ro\/hu\/#\/schema\/person\/0768248bd5e1ed05f87b7be96b4c3d9c\"},\"breadcrumb\":{\"@id\":\"https:\/\/news.ubbcluj.ro\/hu\/bbte-lab-jarvanykorkep-racz-bela-gergely\/#breadcrumb\"},\"inLanguage\":\"hu\",\"potentialAction\":[{\"@type\":\"ReadAction\",\"target\":[\"https:\/\/news.ubbcluj.ro\/hu\/bbte-lab-jarvanykorkep-racz-bela-gergely\/\"]}]},{\"@type\":\"BreadcrumbList\",\"@id\":\"https:\/\/news.ubbcluj.ro\/hu\/bbte-lab-jarvanykorkep-racz-bela-gergely\/#breadcrumb\",\"itemListElement\":[{\"@type\":\"ListItem\",\"position\":1,\"name\":\"Home\",\"item\":\"https:\/\/news.ubbcluj.ro\/hu\/\"},{\"@type\":\"ListItem\",\"position\":2,\"name\":\"BBTE LAB J\u00e1rv\u00e1nyk\u00f6rk\u00e9p: R\u00e1cz B\u00e9la-Gergely\"}]},{\"@type\":\"WebSite\",\"@id\":\"https:\/\/news.ubbcluj.ro\/hu\/#website\",\"url\":\"https:\/\/news.ubbcluj.ro\/hu\/\",\"name\":\"Kommunik\u00e1ci\u00f3 \u00e9s PR iroda\",\"description\":\"Babe\u0219-Bolyai Tudom\u00e1negyetem\",\"potentialAction\":[{\"@type\":\"SearchAction\",\"target\":{\"@type\":\"EntryPoint\",\"urlTemplate\":\"https:\/\/news.ubbcluj.ro\/hu\/?s={search_term_string}\"},\"query-input\":\"required name=search_term_string\"}],\"inLanguage\":\"hu\"},{\"@type\":\"Person\",\"@id\":\"https:\/\/news.ubbcluj.ro\/hu\/#\/schema\/person\/0768248bd5e1ed05f87b7be96b4c3d9c\",\"name\":\"Bilibok Ren\u00e1ta\",\"url\":\"https:\/\/news.ubbcluj.ro\/hu\/author\/renata-bilibok\/\"}]}<\/script>\n<!-- \/ Yoast SEO plugin. -->","yoast_head_json":{"title":"BBTE LAB J\u00e1rv\u00e1nyk\u00f6rk\u00e9p: R\u00e1cz B\u00e9la-Gergely - Kommunik\u00e1ci\u00f3 \u00e9s PR iroda","robots":{"index":"index","follow":"follow","max-snippet":"max-snippet:-1","max-image-preview":"max-image-preview:large","max-video-preview":"max-video-preview:-1"},"canonical":"https:\/\/news.ubbcluj.ro\/hu\/bbte-lab-jarvanykorkep-racz-bela-gergely\/","og_locale":"hu_HU","og_type":"article","og_title":"BBTE LAB J\u00e1rv\u00e1nyk\u00f6rk\u00e9p: R\u00e1cz B\u00e9la-Gergely - Kommunik\u00e1ci\u00f3 \u00e9s PR iroda","og_description":"K\u00f6zel f\u00e9l \u00e9v telt el az\u00f3ta, hogy a BBTE vezet\u0151s\u00e9ge \u00fagy d\u00f6nt\u00f6tt, a SARS-CoV-2 v\u00edrus terjed\u00e9s\u00e9nek lass\u00edt\u00e1sa \u00e9rdek\u00e9ben online platformokra \u201ek\u00f6lt\u00f6zteti \u00e1t\u201d a 2019\/2020-as tan\u00e9v m\u00e1sodik szemeszter\u00e9t. Nemcsak az egyetemi oktat\u00e1s, hanem a kutat\u00e1si projektek ter\u00e9n is \u00f3ri\u00e1si v\u00e1ltoz\u00e1sok \u00e1lltak &hellip; BBTE LAB J\u00e1rv\u00e1nyk\u00f6rk\u00e9p: R\u00e1cz B\u00e9la-Gergely Tov\u00e1bb &raquo;","og_url":"https:\/\/news.ubbcluj.ro\/hu\/bbte-lab-jarvanykorkep-racz-bela-gergely\/","og_site_name":"Kommunik\u00e1ci\u00f3 \u00e9s PR iroda","article_published_time":"2020-10-14T10:01:50+00:00","og_image":[{"width":1920,"height":1080,"url":"https:\/\/news.ubbcluj.ro\/hu\/wp-content\/uploads\/2020\/10\/BBTE-LAB-FEKVO-01.png","type":"image\/png"}],"author":"Bilibok Ren\u00e1ta","twitter_card":"summary_large_image","twitter_misc":{"Szerz\u0151:":"Bilibok Ren\u00e1ta","Becs\u00fclt olvas\u00e1si id\u0151":"5 perc"},"schema":{"@context":"https:\/\/schema.org","@graph":[{"@type":"WebPage","@id":"https:\/\/news.ubbcluj.ro\/hu\/bbte-lab-jarvanykorkep-racz-bela-gergely\/","url":"https:\/\/news.ubbcluj.ro\/hu\/bbte-lab-jarvanykorkep-racz-bela-gergely\/","name":"BBTE LAB J\u00e1rv\u00e1nyk\u00f6rk\u00e9p: R\u00e1cz B\u00e9la-Gergely - Kommunik\u00e1ci\u00f3 \u00e9s PR iroda","isPartOf":{"@id":"https:\/\/news.ubbcluj.ro\/hu\/#website"},"datePublished":"2020-10-14T10:01:50+00:00","dateModified":"2020-10-14T10:01:50+00:00","author":{"@id":"https:\/\/news.ubbcluj.ro\/hu\/#\/schema\/person\/0768248bd5e1ed05f87b7be96b4c3d9c"},"breadcrumb":{"@id":"https:\/\/news.ubbcluj.ro\/hu\/bbte-lab-jarvanykorkep-racz-bela-gergely\/#breadcrumb"},"inLanguage":"hu","potentialAction":[{"@type":"ReadAction","target":["https:\/\/news.ubbcluj.ro\/hu\/bbte-lab-jarvanykorkep-racz-bela-gergely\/"]}]},{"@type":"BreadcrumbList","@id":"https:\/\/news.ubbcluj.ro\/hu\/bbte-lab-jarvanykorkep-racz-bela-gergely\/#breadcrumb","itemListElement":[{"@type":"ListItem","position":1,"name":"Home","item":"https:\/\/news.ubbcluj.ro\/hu\/"},{"@type":"ListItem","position":2,"name":"BBTE LAB J\u00e1rv\u00e1nyk\u00f6rk\u00e9p: R\u00e1cz B\u00e9la-Gergely"}]},{"@type":"WebSite","@id":"https:\/\/news.ubbcluj.ro\/hu\/#website","url":"https:\/\/news.ubbcluj.ro\/hu\/","name":"Kommunik\u00e1ci\u00f3 \u00e9s PR iroda","description":"Babe\u0219-Bolyai Tudom\u00e1negyetem","potentialAction":[{"@type":"SearchAction","target":{"@type":"EntryPoint","urlTemplate":"https:\/\/news.ubbcluj.ro\/hu\/?s={search_term_string}"},"query-input":"required name=search_term_string"}],"inLanguage":"hu"},{"@type":"Person","@id":"https:\/\/news.ubbcluj.ro\/hu\/#\/schema\/person\/0768248bd5e1ed05f87b7be96b4c3d9c","name":"Bilibok Ren\u00e1ta","url":"https:\/\/news.ubbcluj.ro\/hu\/author\/renata-bilibok\/"}]}},"_links":{"self":[{"href":"https:\/\/news.ubbcluj.ro\/hu\/wp-json\/wp\/v2\/posts\/4508"}],"collection":[{"href":"https:\/\/news.ubbcluj.ro\/hu\/wp-json\/wp\/v2\/posts"}],"about":[{"href":"https:\/\/news.ubbcluj.ro\/hu\/wp-json\/wp\/v2\/types\/post"}],"author":[{"embeddable":true,"href":"https:\/\/news.ubbcluj.ro\/hu\/wp-json\/wp\/v2\/users\/9"}],"replies":[{"embeddable":true,"href":"https:\/\/news.ubbcluj.ro\/hu\/wp-json\/wp\/v2\/comments?post=4508"}],"version-history":[{"count":2,"href":"https:\/\/news.ubbcluj.ro\/hu\/wp-json\/wp\/v2\/posts\/4508\/revisions"}],"predecessor-version":[{"id":4510,"href":"https:\/\/news.ubbcluj.ro\/hu\/wp-json\/wp\/v2\/posts\/4508\/revisions\/4510"}],"wp:featuredmedia":[{"embeddable":true,"href":"https:\/\/news.ubbcluj.ro\/hu\/wp-json\/wp\/v2\/media\/4490"}],"wp:attachment":[{"href":"https:\/\/news.ubbcluj.ro\/hu\/wp-json\/wp\/v2\/media?parent=4508"}],"wp:term":[{"taxonomy":"category","embeddable":true,"href":"https:\/\/news.ubbcluj.ro\/hu\/wp-json\/wp\/v2\/categories?post=4508"},{"taxonomy":"post_tag","embeddable":true,"href":"https:\/\/news.ubbcluj.ro\/hu\/wp-json\/wp\/v2\/tags?post=4508"}],"curies":[{"name":"wp","href":"https:\/\/api.w.org\/{rel}","templated":true}]}}