{"id":4550,"date":"2020-10-28T13:30:29","date_gmt":"2020-10-28T11:30:29","guid":{"rendered":"https:\/\/news.ubbcluj.ro\/hu\/?p=4550"},"modified":"2020-10-28T13:30:29","modified_gmt":"2020-10-28T11:30:29","slug":"bbte-lab-jarvanykorkep-batori-anna","status":"publish","type":"post","link":"https:\/\/news.ubbcluj.ro\/hu\/bbte-lab-jarvanykorkep-batori-anna\/","title":{"rendered":"BBTE LAB J\u00e1rv\u00e1nyk\u00f6rk\u00e9p: B\u00e1tori Anna"},"content":{"rendered":"<p><strong>K\u00f6zel f\u00e9l \u00e9v telt el az\u00f3ta, hogy a BBTE vezet\u0151s\u00e9ge \u00fagy d\u00f6nt\u00f6tt, a SARS-CoV-2 v\u00edrus terjed\u00e9s\u00e9nek lass\u00edt\u00e1sa \u00e9rdek\u00e9ben online platformokra \u201ek\u00f6lt\u00f6zteti \u00e1t\u201d a 2019\/2020-as tan\u00e9v m\u00e1sodik szemeszter\u00e9t. Nemcsak az egyetemi oktat\u00e1s, hanem a kutat\u00e1si projektek ter\u00e9n is \u00f3ri\u00e1si v\u00e1ltoz\u00e1sok \u00e1lltak be, neh\u00e9zkesebb\u00e9 v\u00e1ltak a k\u00fclf\u00f6ldi tanulm\u00e1nyutak, a terepmunka, a tudom\u00e1nyos forr\u00e1sokhoz val\u00f3 hozz\u00e1f\u00e9r\u00e9s, sok esetben \u00faj kutat\u00e1si f\u00f3kuszok bukkantak fel. F\u00e9l \u00e9v egy vil\u00e1gj\u00e1rv\u00e1ny \u201e\u00e9let\u00e9ben\u201d tal\u00e1n r\u00f6vid t\u00e1vnak sz\u00e1m\u00edt, azonban m\u00e1r \u00e9ppen el\u00e9g ahhoz, hogy adatszer\u0171 kimutat\u00e1saink legyenek bizonyos v\u00e1ltoz\u00e1sokr\u00f3l, \u00e9s hogy ezek t\u00fckr\u00e9ben szakszer\u0171 k\u00e9pet alkothassunk a j\u00e1rv\u00e1ny v\u00e1rhat\u00f3, k\u00f6z\u00e9p t\u00e1v\u00fa hat\u00e1saira vonatkoz\u00f3an. Ank\u00e9tunk eltekint a j\u00e1rv\u00e1ny orvostudom\u00e1nyi, hum\u00e1nbiol\u00f3giai, virol\u00f3giai vagy k\u00f6zeg\u00e9szs\u00e9g\u00fcgyi megk\u00f6zel\u00edt\u00e9seit\u0151l, \u00e9s arra t\u00f6rekszik, hogy egy mozaikszer\u0171, multidiszciplin\u00e1ris k\u00f6rk\u00e9p keret\u00e9ben megmutassa, \u00e9let\u00fcnk mely ter\u00fcletein tapasztalhat\u00f3k m\u00e1ris k\u00e9zzelfoghat\u00f3 v\u00e1ltoz\u00e1sok, milyen term\u00e9szet\u0171ek ezek, \u00e9s mit vet\u00edtenek el\u0151re a k\u00f6vetkez\u0151 f\u00e9l-egy \u00e9vre vonatkoz\u00f3an. Az ank\u00e9t keret\u00e9ben a legk\u00fcl\u00f6nb\u00f6z\u0151bb tudom\u00e1nyter\u00fcleteket k\u00e9pvisel\u0151 BBTE-s szak\u00e9rt\u0151ket, m\u00e9diaszakembert, k\u00f6zgazd\u00e1szt, kommunik\u00e1ci\u00f3s, illetve nevel\u00e9studom\u00e1nyi szakembert, szociol\u00f3gust, pszichoonkol\u00f3gust, pszichol\u00f3gust k\u00e9rt\u00fcnk fel, hogy ossza meg vel\u00fcnk a j\u00e1rv\u00e1ny hat\u00e1saival kapcsolatos tapasztalatait.<\/strong><\/p>\n<p style=\"text-align: center;\"><strong>* * *<\/strong><\/p>\n<p><em>V\u00e1ltoztatott-e a j\u00e1rv\u00e1ny a kelet-k\u00f6z\u00e9p-eur\u00f3pai filmfogyaszt\u00f3i szok\u00e1sokon? Nagyobb mennyis\u00e9gben fogyasztunk sorozatokat? M\u00e1s jelleg\u0171 sorozatokat fogyasztunk, mint a j\u00e1rv\u00e1ny kit\u00f6r\u00e9se el\u0151tt? T\u00f6bben vagy kevesebben fizetnek el\u0151 a HBO G\u00f3ra vagy a Netflixre? Hogyan hat a filmiparra a j\u00e1rv\u00e1ny, a filmgy\u00e1rt\u00f3k \u00e9s a streamingszolg\u00e1ltat\u00f3k hozz\u00e1igaz\u00edtj\u00e1k a tartalmakat a j\u00e1rv\u00e1nytapasztalatokhoz?<\/em><\/p>\n<p><strong><em>Dr. B\u00e1tori Ann\u00e1t, a BBTE Sz\u00ednh\u00e1z \u00e9s Film Kar\u00e1nak egyetemi docens\u00e9t k\u00e9rdezt\u00fck<\/em><\/strong><\/p>\n<p>B. A.: A j\u00e1rv\u00e1ny gy\u00f6kerest\u00fcl \u00e1t\u00edrta az eddigi m\u00e9diafogyaszt\u00e1si szok\u00e1sainkat, ami nem is csoda, hiszen a kij\u00e1r\u00e1si korl\u00e1toz\u00e1sok ideje alatt sokaknak az egyetlen kikapcsol\u00f3d\u00e1si eszk\u00f6zk\u00e9nt szolg\u00e1lt. A jelenlegi helyzet abszol\u00fat nyertese mindenk\u00e9ppen a Netflix, amely \u2013 mint els\u0151 sz\u00e1m\u00fa online sorozat- \u00e9s filmstreamingoldal \u2013 t\u00f6bb mint 16 milli\u00f3 \u00faj felhaszn\u00e1l\u00f3val b\u0151v\u00fclt (\u00edgy m\u00e1r 182 milli\u00f3 n\u00e9z\u0151je van), de ugyanitt eml\u00edthetn\u00e9m az HBO G\u00f3t, az Amazon Prime Vide\u00f3t, vagy \u00e9ppen a Hulut, amelyek mind \u00faj el\u0151fizet\u0151k ezreit tudhatj\u00e1k maguk\u00e9nak. A mozik bez\u00e1r\u00e1sa, a telev\u00edzi\u00f3 h\u00e1tt\u00e9rbe szorul\u00e1sa \u2013 k\u00fcl\u00f6n\u00f6sen a fiatalabb koroszt\u00e1lyn\u00e1l \u2013 s persze az \u00e1lland\u00f3 \u00f6sszez\u00e1rts\u00e1g vagy \u00e9ppen mag\u00e1ny mint szociol\u00f3giai szegmens mind hozz\u00e1j\u00e1rultak ahhoz, hogy az emberek nagy r\u00e9sze a sz\u00e1m\u00edt\u00f3g\u00e9p k\u00e9perny\u0151j\u00e9t v\u00e1lasztotta menek\u00fcl\u00e9si \u00fatvonalk\u00e9nt. Ez persze annak is k\u00f6sz\u00f6nhet\u0151, hogy a legsikeresebb streamingoldalak azonnal reflekt\u00e1ltak a j\u00e1rv\u00e1nyra. A Netflix ebben a tekintetben k\u00fcl\u00f6n\u00f6sen szerencs\u00e9s, hiszen ez \u00e9v janu\u00e1rj\u00e1ra k\u00e9sz\u00fclt el saj\u00e1t gy\u00e1rt\u00e1s\u00fa dokumentumfilmje, amely pontosan egy potenci\u00e1lis vil\u00e1gj\u00e1rv\u00e1ny es\u00e9lyeit \u00e9s k\u00f6vetkezm\u00e9nyeit taglalja <em>(Pandemic: How to Prevent an Outbreak)<\/em>. Ezt k\u00f6vette a <em>Coronavirus: Explained<\/em>, amely szint\u00e9n a jelenlegi helyzetre reflekt\u00e1l, s nem meglep\u0151 m\u00f3don az egyik legn\u00e9zettebb netflixes gy\u00e1rt\u00e1s lett. Az emberek inform\u00e1ci\u00f3\u00e9hs\u00e9g\u00e9t demonstr\u00e1lja az is, hogy m\u00edg mindannyian a v\u00edrus term\u00e9szet\u00e9t, terjed\u00e9s\u00e9t, s egy\u00e1ltal\u00e1n, a jelenlegi szitu\u00e1ci\u00f3t pr\u00f3b\u00e1ltuk meg\u00e9rteni a k\u00fcl\u00f6nf\u00e9le koronav\u00edrus-dokumentumfilmeken kereszt\u00fcl, egyre nagyobb m\u00e9rt\u00e9kben kezdt\u00fcnk el j\u00e1rv\u00e1nyfilmeket fogyasztani. A Netflix, Amazon Prime Video, Hulu \u2013 s m\u00e9g sorolhatn\u00e1m \u2013 azonnal m\u0171sorukra t\u0171zt\u00e9k az eddigi legsikeresebb v\u00edrusfilmeket <em>(Carriers, Pandemic, Outbreak)<\/em>, hogy ezzel is a fr\u00e1szt hozz\u00e1k r\u00e1nk a j\u00f6v\u0151t illet\u0151en. A koronav\u00edrus abszol\u00fat nyertesei teh\u00e1t kezdetben a v\u00edrusr\u00f3l sz\u00f3l\u00f3 dokumentumfilmek, majd az ezeket k\u00f6vet\u0151 pand\u00e9mia tematik\u00e1j\u00fa nagyj\u00e1t\u00e9kfilmek \u00e9s sorozatok voltak.<\/p>\n<p>Azt is le kell azonban sz\u00f6gezni, hogy ha a 2010-es \u00e9v ut\u00e1ni gy\u00e1rt\u00e1st n\u00e9zz\u00fck, a potenci\u00e1lis \u00e9s kiv\u00e9dhetetlen j\u00e1rv\u00e1ny mindenk\u00e9ppen jelen volt, illetve van is a filmekben, sorozatokban. Van, ahol explicit m\u00f3don (mint p\u00e9ld\u00e1ul a d\u00e1n <em>Rain<\/em>, ahol a kiv\u00e9dhetetlen es\u0151 \u00f6li az embereket), s van, ahol implicit vonalon jelenik meg, mint p\u00e9ld\u00e1ul a zombifilmekben. A (v\u00edrus)fert\u0151z\u00e9sre reflekt\u00e1l\u00f3 m\u0171vek teh\u00e1t m\u00e1r eleve az elm\u00falt \u00e9vtized legsikeresebb, s legelterjedtebb tematik\u00e1j\u00fa gy\u00e1rt\u00e1sai k\u00f6z\u00e9 tartoztak, ami mintha el\u0151re megj\u00f3solta volna a pand\u00e9mia kit\u00f6r\u00e9s\u00e9t. Gyan\u00edtom, hogy ez a k\u00f6vetkez\u0151 \u00e9vekben is \u00edgy lesz, hiszen a film- \u00e9s sorozatgy\u00e1rt\u00e1s mindig reag\u00e1l a t\u00e1rsadalmi kr\u00edzisre, ezzel is seg\u00edtve azt, hogy fel tudjuk dolgozni azt a hirtelen sokkot, amit az izol\u00e1ci\u00f3 okozott.<\/p>\n<p>Mivel az online streamingoldalak felhozatala elk\u00e9peszt\u0151en gazdag, s min\u0151s\u00e9gi gy\u00e1rt\u00e1sokkal szolg\u00e1lnak, k\u00f6nnyen f\u00fcgg\u0151v\u00e9 teszik az embert. \u00cdgy alakult ki a <em>Netflix-pand\u00e9mia<\/em> elnevez\u00e9s is, amely a bez\u00e1rts\u00e1g k\u00f6vetkezt\u00e9ben kialakult <em>binge-watching<\/em> jelens\u00e9get foglalja mag\u00e1ban. A sorozatok egy\u00e9bk\u00e9nt is \u00fagy vannak fel\u00e9p\u00edtve, hogy azonnal ind\u00edtani akarjuk a k\u00f6vetkez\u0151 epiz\u00f3dot, amely mondjuk a Netflix eset\u00e9ben automatikus m\u00f3don be is k\u00f6vetkezik. Az HBO Go egyik hib\u00e1ja pontosan az, hogy csak hetente hozza le az adott sorozat \u00faj r\u00e9sz\u00e9t, \u00edgy az izol\u00e1ci\u00f3ban l\u00e9v\u0151 ember r\u00f6gt\u00f6n kattint is a k\u00f6nnyen v\u00e9gign\u00e9zhet\u0151 Netflix-sorozatokra. Sz\u00e1mos ismer\u0151s\u00f6m panaszkodott arr\u00f3l, hogy a kij\u00e1r\u00e1si korl\u00e1toz\u00e1sok ideje alatt p\u00e1rjuk f\u00fcgg\u0151v\u00e9 v\u00e1lt, \u00e9s napi 10-14 \u00f3r\u00e1t t\u00f6lt\u00f6tt el Netflix-gy\u00e1rt\u00e1sok n\u00e9zeget\u00e9s\u00e9vel. Ez a sorozatok rendk\u00edv\u00fcl kidolgozott, profi dramaturgi\u00e1j\u00e1t, forgat\u00f3k\u00f6nyv\u00e9t, s rendez\u00e9s\u00e9t is mutatja, amely mag\u00e1val r\u00e1ntja a n\u00e9z\u0151t, aki k\u00e9pes egyetlen sorozatot v\u00e9gign\u00e9zni p\u00e1r \u00f3ra leforg\u00e1sa alatt. A legn\u00e9zettebb ilyen alkot\u00e1sok <em>(Ozark, Stranger Things, Elite, The Witcher, Tiger King)<\/em> nagyon sz\u00e9les m\u0171faji spektrumot fednek le, kezdve a science fictiont\u0151l a krimin \u00e9s dokumentumfilmen \u00e1t a sz\u00f3rakoztat\u00f3bb alkot\u00e1sok fel\u00e9. Nem mondan\u00e1m teh\u00e1t, hogy a j\u00e1rv\u00e1ny alapvet\u0151en \u00e1t\u00edrta azt, hogy mit n\u00e9z\u00fcnk. Csup\u00e1n a mennyis\u00e9g tol\u00f3dott ki elk\u00e9peszt\u0151 m\u00e9rt\u00e9kben, s a sorozatos megszor\u00edt\u00f3 rendelkez\u00e9sek miatt ez aligha fog v\u00e1ltozni addig, am\u00edg nincs v\u00e9d\u0151olt\u00e1s.<\/p>\n<p>Az biztos, hogy a j\u00e1rv\u00e1ny legnagyobb nyertese a Netflix, \u00e1m k\u00e9rd\u00e9ses, hogy ez meddig lesz \u00edgy. Noha a 2019-es gy\u00e1rt\u00e1sok m\u00e1ra elk\u00e9sz\u00fcltek, sz\u00e1mos m\u00e9diaszolg\u00e1ltat\u00f3 \u00e9s filmv\u00e1llalat t\u00f6r\u00f6lte a 2020-as forgat\u00e1sokat, ami \u00f3ri\u00e1si gy\u00e1rt\u00e1si, illetve forgalmaz\u00e1si hi\u00e1nyt eredm\u00e9nyezhet. Az \u00faj filmek bemutat\u00e1sa cs\u00faszik, a mozik \u00e9s filmfesztiv\u00e1lok l\u00e1togatotts\u00e1ga drasztikusan cs\u00f6kkent, a filmv\u00e1llalatok pedig kezdenek p\u00e1nikolni. Ha a bemutat\u00e1st mondjuk meg is lehet oldani online \u2013 ahogyan Hajdu Szabolcs tette <em>B\u00e9keid\u0151<\/em> c\u00edm\u0171 filmj\u00e9vel \u2013, a nyeres\u00e9g messze elmarad att\u00f3l, amit a j\u00e1rv\u00e1ny el\u0151tti mozil\u00e1togat\u00e1s hozott, nem besz\u00e9lve a rekl\u00e1mr\u00f3l, amit egy ilyen premier jelent. A forgat\u00e1sok le\u00e1ll\u00edt\u00e1sa pedig nem csup\u00e1n a gy\u00e1rt\u00e1st veti h\u00e1tra p\u00e1r \u00e9vvel, s j\u00f6vend\u00f6li a YouTube \u00fajabb renesz\u00e1nsz\u00e1t, hanem azt is megk\u00e9rd\u0151jelezi, hogy v\u00e9d\u0151olt\u00e1s hi\u00e1ny\u00e1ban mit is fogunk n\u00e9zni a k\u00f6vetkez\u0151 \u00e9vben vagy \u00e9vekben.<\/p>\n<p>&nbsp;<\/p>\n<p>Sorozatunk el\u0151z\u0151 r\u00e9sze el\u00e9rhet\u0151 itt:<\/p>\n<p><a href=\"https:\/\/news.ubbcluj.ro\/hu\/bbte-lab-jarvanykorkep-degi-laszlo-csaba\/\">BBTE LAB J\u00e1rv\u00e1nyk\u00f6rk\u00e9p: D\u00e9gi L\u00e1szl\u00f3 Csaba<\/a><\/p>\n<p><a href=\"https:\/\/news.ubbcluj.ro\/hu\/bbte-lab-jarvanykorkep-racz-bela-gergely\/\">BBTE LAB J\u00e1rv\u00e1nyk\u00f6rk\u00e9p: R\u00e1cz B\u00e9la-Gergely<\/a><\/p>\n<p><a href=\"https:\/\/news.ubbcluj.ro\/hu\/bbte-lab-jarvanykorkep-degi-laszlo-csaba\/bbte-lab-fekvo-01\/\" rel=\"attachment wp-att-4490\"><img loading=\"lazy\" decoding=\"async\" class=\"aligncenter wp-image-4490 size-large\" src=\"https:\/\/news.ubbcluj.ro\/hu\/wp-content\/uploads\/2020\/10\/BBTE-LAB-FEKVO-01-1024x576.png\" alt=\"\" width=\"605\" height=\"340\" data-id=\"4490\" srcset=\"https:\/\/news.ubbcluj.ro\/hu\/wp-content\/uploads\/2020\/10\/BBTE-LAB-FEKVO-01-1024x576.png 1024w, https:\/\/news.ubbcluj.ro\/hu\/wp-content\/uploads\/2020\/10\/BBTE-LAB-FEKVO-01-300x169.png 300w, https:\/\/news.ubbcluj.ro\/hu\/wp-content\/uploads\/2020\/10\/BBTE-LAB-FEKVO-01-768x432.png 768w, https:\/\/news.ubbcluj.ro\/hu\/wp-content\/uploads\/2020\/10\/BBTE-LAB-FEKVO-01-1536x864.png 1536w, https:\/\/news.ubbcluj.ro\/hu\/wp-content\/uploads\/2020\/10\/BBTE-LAB-FEKVO-01-100x56.png 100w, https:\/\/news.ubbcluj.ro\/hu\/wp-content\/uploads\/2020\/10\/BBTE-LAB-FEKVO-01-150x84.png 150w, https:\/\/news.ubbcluj.ro\/hu\/wp-content\/uploads\/2020\/10\/BBTE-LAB-FEKVO-01-200x113.png 200w, https:\/\/news.ubbcluj.ro\/hu\/wp-content\/uploads\/2020\/10\/BBTE-LAB-FEKVO-01-450x253.png 450w, https:\/\/news.ubbcluj.ro\/hu\/wp-content\/uploads\/2020\/10\/BBTE-LAB-FEKVO-01-600x338.png 600w, https:\/\/news.ubbcluj.ro\/hu\/wp-content\/uploads\/2020\/10\/BBTE-LAB-FEKVO-01-900x506.png 900w, https:\/\/news.ubbcluj.ro\/hu\/wp-content\/uploads\/2020\/10\/BBTE-LAB-FEKVO-01.png 1920w\" sizes=\"(max-width: 605px) 100vw, 605px\" \/><\/a><\/p>\n","protected":false},"excerpt":{"rendered":"<p>K\u00f6zel f\u00e9l \u00e9v telt el az\u00f3ta, hogy a BBTE vezet\u0151s\u00e9ge \u00fagy d\u00f6nt\u00f6tt, a SARS-CoV-2 v\u00edrus terjed\u00e9s\u00e9nek lass\u00edt\u00e1sa \u00e9rdek\u00e9ben online platformokra \u201ek\u00f6lt\u00f6zteti \u00e1t\u201d a 2019\/2020-as tan\u00e9v m\u00e1sodik szemeszter\u00e9t. Nemcsak az egyetemi oktat\u00e1s, hanem a kutat\u00e1si projektek ter\u00e9n is \u00f3ri\u00e1si v\u00e1ltoz\u00e1sok \u00e1lltak &hellip;<\/p>\n<p class=\"read-more\"> <a class=\"more-link\" href=\"https:\/\/news.ubbcluj.ro\/hu\/bbte-lab-jarvanykorkep-batori-anna\/\"> <span class=\"screen-reader-text\">BBTE LAB J\u00e1rv\u00e1nyk\u00f6rk\u00e9p: B\u00e1tori Anna<\/span> Tov\u00e1bb &raquo;<\/a><\/p>\n","protected":false},"author":9,"featured_media":4490,"comment_status":"closed","ping_status":"closed","sticky":false,"template":"","format":"standard","meta":{"footnotes":""},"categories":[6],"tags":[],"yoast_head":"<!-- This site is optimized with the Yoast SEO plugin v21.9.1 - https:\/\/yoast.com\/wordpress\/plugins\/seo\/ -->\n<title>BBTE LAB J\u00e1rv\u00e1nyk\u00f6rk\u00e9p: B\u00e1tori Anna - Kommunik\u00e1ci\u00f3 \u00e9s PR iroda<\/title>\n<meta name=\"robots\" content=\"index, follow, max-snippet:-1, max-image-preview:large, max-video-preview:-1\" \/>\n<link rel=\"canonical\" href=\"https:\/\/news.ubbcluj.ro\/hu\/bbte-lab-jarvanykorkep-batori-anna\/\" \/>\n<meta property=\"og:locale\" content=\"hu_HU\" \/>\n<meta property=\"og:type\" content=\"article\" \/>\n<meta property=\"og:title\" content=\"BBTE LAB J\u00e1rv\u00e1nyk\u00f6rk\u00e9p: B\u00e1tori Anna - Kommunik\u00e1ci\u00f3 \u00e9s PR iroda\" \/>\n<meta property=\"og:description\" content=\"K\u00f6zel f\u00e9l \u00e9v telt el az\u00f3ta, hogy a BBTE vezet\u0151s\u00e9ge \u00fagy d\u00f6nt\u00f6tt, a SARS-CoV-2 v\u00edrus terjed\u00e9s\u00e9nek lass\u00edt\u00e1sa \u00e9rdek\u00e9ben online platformokra \u201ek\u00f6lt\u00f6zteti \u00e1t\u201d a 2019\/2020-as tan\u00e9v m\u00e1sodik szemeszter\u00e9t. Nemcsak az egyetemi oktat\u00e1s, hanem a kutat\u00e1si projektek ter\u00e9n is \u00f3ri\u00e1si v\u00e1ltoz\u00e1sok \u00e1lltak &hellip; BBTE LAB J\u00e1rv\u00e1nyk\u00f6rk\u00e9p: B\u00e1tori Anna Tov\u00e1bb &raquo;\" \/>\n<meta property=\"og:url\" content=\"https:\/\/news.ubbcluj.ro\/hu\/bbte-lab-jarvanykorkep-batori-anna\/\" \/>\n<meta property=\"og:site_name\" content=\"Kommunik\u00e1ci\u00f3 \u00e9s PR iroda\" \/>\n<meta property=\"article:published_time\" content=\"2020-10-28T11:30:29+00:00\" \/>\n<meta property=\"og:image\" content=\"https:\/\/news.ubbcluj.ro\/hu\/wp-content\/uploads\/2020\/10\/BBTE-LAB-FEKVO-01.png\" \/>\n\t<meta property=\"og:image:width\" content=\"1920\" \/>\n\t<meta property=\"og:image:height\" content=\"1080\" \/>\n\t<meta property=\"og:image:type\" content=\"image\/png\" \/>\n<meta name=\"author\" content=\"Bilibok Ren\u00e1ta\" \/>\n<meta name=\"twitter:card\" content=\"summary_large_image\" \/>\n<meta name=\"twitter:label1\" content=\"Szerz\u0151:\" \/>\n\t<meta name=\"twitter:data1\" content=\"Bilibok Ren\u00e1ta\" \/>\n\t<meta name=\"twitter:label2\" content=\"Becs\u00fclt olvas\u00e1si id\u0151\" \/>\n\t<meta name=\"twitter:data2\" content=\"7 perc\" \/>\n<script type=\"application\/ld+json\" class=\"yoast-schema-graph\">{\"@context\":\"https:\/\/schema.org\",\"@graph\":[{\"@type\":\"WebPage\",\"@id\":\"https:\/\/news.ubbcluj.ro\/hu\/bbte-lab-jarvanykorkep-batori-anna\/\",\"url\":\"https:\/\/news.ubbcluj.ro\/hu\/bbte-lab-jarvanykorkep-batori-anna\/\",\"name\":\"BBTE LAB J\u00e1rv\u00e1nyk\u00f6rk\u00e9p: B\u00e1tori Anna - Kommunik\u00e1ci\u00f3 \u00e9s PR iroda\",\"isPartOf\":{\"@id\":\"https:\/\/news.ubbcluj.ro\/hu\/#website\"},\"datePublished\":\"2020-10-28T11:30:29+00:00\",\"dateModified\":\"2020-10-28T11:30:29+00:00\",\"author\":{\"@id\":\"https:\/\/news.ubbcluj.ro\/hu\/#\/schema\/person\/0768248bd5e1ed05f87b7be96b4c3d9c\"},\"breadcrumb\":{\"@id\":\"https:\/\/news.ubbcluj.ro\/hu\/bbte-lab-jarvanykorkep-batori-anna\/#breadcrumb\"},\"inLanguage\":\"hu\",\"potentialAction\":[{\"@type\":\"ReadAction\",\"target\":[\"https:\/\/news.ubbcluj.ro\/hu\/bbte-lab-jarvanykorkep-batori-anna\/\"]}]},{\"@type\":\"BreadcrumbList\",\"@id\":\"https:\/\/news.ubbcluj.ro\/hu\/bbte-lab-jarvanykorkep-batori-anna\/#breadcrumb\",\"itemListElement\":[{\"@type\":\"ListItem\",\"position\":1,\"name\":\"Home\",\"item\":\"https:\/\/news.ubbcluj.ro\/hu\/\"},{\"@type\":\"ListItem\",\"position\":2,\"name\":\"BBTE LAB J\u00e1rv\u00e1nyk\u00f6rk\u00e9p: B\u00e1tori Anna\"}]},{\"@type\":\"WebSite\",\"@id\":\"https:\/\/news.ubbcluj.ro\/hu\/#website\",\"url\":\"https:\/\/news.ubbcluj.ro\/hu\/\",\"name\":\"Kommunik\u00e1ci\u00f3 \u00e9s PR iroda\",\"description\":\"Babe\u0219-Bolyai Tudom\u00e1negyetem\",\"potentialAction\":[{\"@type\":\"SearchAction\",\"target\":{\"@type\":\"EntryPoint\",\"urlTemplate\":\"https:\/\/news.ubbcluj.ro\/hu\/?s={search_term_string}\"},\"query-input\":\"required name=search_term_string\"}],\"inLanguage\":\"hu\"},{\"@type\":\"Person\",\"@id\":\"https:\/\/news.ubbcluj.ro\/hu\/#\/schema\/person\/0768248bd5e1ed05f87b7be96b4c3d9c\",\"name\":\"Bilibok Ren\u00e1ta\",\"url\":\"https:\/\/news.ubbcluj.ro\/hu\/author\/renata-bilibok\/\"}]}<\/script>\n<!-- \/ Yoast SEO plugin. -->","yoast_head_json":{"title":"BBTE LAB J\u00e1rv\u00e1nyk\u00f6rk\u00e9p: B\u00e1tori Anna - Kommunik\u00e1ci\u00f3 \u00e9s PR iroda","robots":{"index":"index","follow":"follow","max-snippet":"max-snippet:-1","max-image-preview":"max-image-preview:large","max-video-preview":"max-video-preview:-1"},"canonical":"https:\/\/news.ubbcluj.ro\/hu\/bbte-lab-jarvanykorkep-batori-anna\/","og_locale":"hu_HU","og_type":"article","og_title":"BBTE LAB J\u00e1rv\u00e1nyk\u00f6rk\u00e9p: B\u00e1tori Anna - Kommunik\u00e1ci\u00f3 \u00e9s PR iroda","og_description":"K\u00f6zel f\u00e9l \u00e9v telt el az\u00f3ta, hogy a BBTE vezet\u0151s\u00e9ge \u00fagy d\u00f6nt\u00f6tt, a SARS-CoV-2 v\u00edrus terjed\u00e9s\u00e9nek lass\u00edt\u00e1sa \u00e9rdek\u00e9ben online platformokra \u201ek\u00f6lt\u00f6zteti \u00e1t\u201d a 2019\/2020-as tan\u00e9v m\u00e1sodik szemeszter\u00e9t. Nemcsak az egyetemi oktat\u00e1s, hanem a kutat\u00e1si projektek ter\u00e9n is \u00f3ri\u00e1si v\u00e1ltoz\u00e1sok \u00e1lltak &hellip; BBTE LAB J\u00e1rv\u00e1nyk\u00f6rk\u00e9p: B\u00e1tori Anna Tov\u00e1bb &raquo;","og_url":"https:\/\/news.ubbcluj.ro\/hu\/bbte-lab-jarvanykorkep-batori-anna\/","og_site_name":"Kommunik\u00e1ci\u00f3 \u00e9s PR iroda","article_published_time":"2020-10-28T11:30:29+00:00","og_image":[{"width":1920,"height":1080,"url":"https:\/\/news.ubbcluj.ro\/hu\/wp-content\/uploads\/2020\/10\/BBTE-LAB-FEKVO-01.png","type":"image\/png"}],"author":"Bilibok Ren\u00e1ta","twitter_card":"summary_large_image","twitter_misc":{"Szerz\u0151:":"Bilibok Ren\u00e1ta","Becs\u00fclt olvas\u00e1si id\u0151":"7 perc"},"schema":{"@context":"https:\/\/schema.org","@graph":[{"@type":"WebPage","@id":"https:\/\/news.ubbcluj.ro\/hu\/bbte-lab-jarvanykorkep-batori-anna\/","url":"https:\/\/news.ubbcluj.ro\/hu\/bbte-lab-jarvanykorkep-batori-anna\/","name":"BBTE LAB J\u00e1rv\u00e1nyk\u00f6rk\u00e9p: B\u00e1tori Anna - Kommunik\u00e1ci\u00f3 \u00e9s PR iroda","isPartOf":{"@id":"https:\/\/news.ubbcluj.ro\/hu\/#website"},"datePublished":"2020-10-28T11:30:29+00:00","dateModified":"2020-10-28T11:30:29+00:00","author":{"@id":"https:\/\/news.ubbcluj.ro\/hu\/#\/schema\/person\/0768248bd5e1ed05f87b7be96b4c3d9c"},"breadcrumb":{"@id":"https:\/\/news.ubbcluj.ro\/hu\/bbte-lab-jarvanykorkep-batori-anna\/#breadcrumb"},"inLanguage":"hu","potentialAction":[{"@type":"ReadAction","target":["https:\/\/news.ubbcluj.ro\/hu\/bbte-lab-jarvanykorkep-batori-anna\/"]}]},{"@type":"BreadcrumbList","@id":"https:\/\/news.ubbcluj.ro\/hu\/bbte-lab-jarvanykorkep-batori-anna\/#breadcrumb","itemListElement":[{"@type":"ListItem","position":1,"name":"Home","item":"https:\/\/news.ubbcluj.ro\/hu\/"},{"@type":"ListItem","position":2,"name":"BBTE LAB J\u00e1rv\u00e1nyk\u00f6rk\u00e9p: B\u00e1tori Anna"}]},{"@type":"WebSite","@id":"https:\/\/news.ubbcluj.ro\/hu\/#website","url":"https:\/\/news.ubbcluj.ro\/hu\/","name":"Kommunik\u00e1ci\u00f3 \u00e9s PR iroda","description":"Babe\u0219-Bolyai Tudom\u00e1negyetem","potentialAction":[{"@type":"SearchAction","target":{"@type":"EntryPoint","urlTemplate":"https:\/\/news.ubbcluj.ro\/hu\/?s={search_term_string}"},"query-input":"required name=search_term_string"}],"inLanguage":"hu"},{"@type":"Person","@id":"https:\/\/news.ubbcluj.ro\/hu\/#\/schema\/person\/0768248bd5e1ed05f87b7be96b4c3d9c","name":"Bilibok Ren\u00e1ta","url":"https:\/\/news.ubbcluj.ro\/hu\/author\/renata-bilibok\/"}]}},"_links":{"self":[{"href":"https:\/\/news.ubbcluj.ro\/hu\/wp-json\/wp\/v2\/posts\/4550"}],"collection":[{"href":"https:\/\/news.ubbcluj.ro\/hu\/wp-json\/wp\/v2\/posts"}],"about":[{"href":"https:\/\/news.ubbcluj.ro\/hu\/wp-json\/wp\/v2\/types\/post"}],"author":[{"embeddable":true,"href":"https:\/\/news.ubbcluj.ro\/hu\/wp-json\/wp\/v2\/users\/9"}],"replies":[{"embeddable":true,"href":"https:\/\/news.ubbcluj.ro\/hu\/wp-json\/wp\/v2\/comments?post=4550"}],"version-history":[{"count":1,"href":"https:\/\/news.ubbcluj.ro\/hu\/wp-json\/wp\/v2\/posts\/4550\/revisions"}],"predecessor-version":[{"id":4551,"href":"https:\/\/news.ubbcluj.ro\/hu\/wp-json\/wp\/v2\/posts\/4550\/revisions\/4551"}],"wp:featuredmedia":[{"embeddable":true,"href":"https:\/\/news.ubbcluj.ro\/hu\/wp-json\/wp\/v2\/media\/4490"}],"wp:attachment":[{"href":"https:\/\/news.ubbcluj.ro\/hu\/wp-json\/wp\/v2\/media?parent=4550"}],"wp:term":[{"taxonomy":"category","embeddable":true,"href":"https:\/\/news.ubbcluj.ro\/hu\/wp-json\/wp\/v2\/categories?post=4550"},{"taxonomy":"post_tag","embeddable":true,"href":"https:\/\/news.ubbcluj.ro\/hu\/wp-json\/wp\/v2\/tags?post=4550"}],"curies":[{"name":"wp","href":"https:\/\/api.w.org\/{rel}","templated":true}]}}