{"id":4577,"date":"2020-11-03T14:31:18","date_gmt":"2020-11-03T12:31:18","guid":{"rendered":"https:\/\/news.ubbcluj.ro\/hu\/?p=4577"},"modified":"2020-11-03T14:31:18","modified_gmt":"2020-11-03T12:31:18","slug":"bbte-lab-jarvanykorkep-hollo-laszlo","status":"publish","type":"post","link":"https:\/\/news.ubbcluj.ro\/hu\/bbte-lab-jarvanykorkep-hollo-laszlo\/","title":{"rendered":"BBTE LAB J\u00e1rv\u00e1nyk\u00f6rk\u00e9p: Holl\u00f3 L\u00e1szl\u00f3"},"content":{"rendered":"<p><strong>K\u00f6zel f\u00e9l \u00e9v telt el az\u00f3ta, hogy a BBTE vezet\u0151s\u00e9ge \u00fagy d\u00f6nt\u00f6tt, a SARS-CoV-2 v\u00edrus terjed\u00e9s\u00e9nek lass\u00edt\u00e1sa \u00e9rdek\u00e9ben online platformokra \u201ek\u00f6lt\u00f6zteti \u00e1t\u201d a 2019\/2020-as tan\u00e9v m\u00e1sodik szemeszter\u00e9t. Nemcsak az egyetemi oktat\u00e1s, hanem a kutat\u00e1si projektek ter\u00e9n is \u00f3ri\u00e1si v\u00e1ltoz\u00e1sok \u00e1lltak be, neh\u00e9zkesebb\u00e9 v\u00e1ltak a k\u00fclf\u00f6ldi tanulm\u00e1nyutak, a terepmunka, a tudom\u00e1nyos forr\u00e1sokhoz val\u00f3 hozz\u00e1f\u00e9r\u00e9s, sok esetben \u00faj kutat\u00e1si f\u00f3kuszok bukkantak fel. F\u00e9l \u00e9v egy vil\u00e1gj\u00e1rv\u00e1ny \u201e\u00e9let\u00e9ben\u201d tal\u00e1n r\u00f6vid t\u00e1vnak sz\u00e1m\u00edt, azonban m\u00e1r \u00e9ppen el\u00e9g ahhoz, hogy adatszer\u0171 kimutat\u00e1saink legyenek bizonyos v\u00e1ltoz\u00e1sokr\u00f3l, \u00e9s hogy ezek t\u00fckr\u00e9ben szakszer\u0171 k\u00e9pet alkothassunk a j\u00e1rv\u00e1ny v\u00e1rhat\u00f3, k\u00f6z\u00e9p t\u00e1v\u00fa hat\u00e1saira vonatkoz\u00f3an. Ank\u00e9tunk eltekint a j\u00e1rv\u00e1ny orvostudom\u00e1nyi, hum\u00e1nbiol\u00f3giai, virol\u00f3giai vagy k\u00f6zeg\u00e9szs\u00e9g\u00fcgyi megk\u00f6zel\u00edt\u00e9seit\u0151l, \u00e9s arra t\u00f6rekszik, hogy egy mozaikszer\u0171, multidiszciplin\u00e1ris k\u00f6rk\u00e9p keret\u00e9ben megmutassa, \u00e9let\u00fcnk mely ter\u00fcletein tapasztalhat\u00f3k m\u00e1ris k\u00e9zzelfoghat\u00f3 v\u00e1ltoz\u00e1sok, milyen term\u00e9szet\u0171ek ezek, \u00e9s mit vet\u00edtenek el\u0151re a k\u00f6vetkez\u0151 f\u00e9l-egy \u00e9vre vonatkoz\u00f3an. Az ank\u00e9t keret\u00e9ben a legk\u00fcl\u00f6nb\u00f6z\u0151bb tudom\u00e1nyter\u00fcleteket k\u00e9pvisel\u0151 BBTE-s szak\u00e9rt\u0151ket, m\u00e9diaszakembert, k\u00f6zgazd\u00e1szt, kommunik\u00e1ci\u00f3s, illetve nevel\u00e9studom\u00e1nyi szakembert, szociol\u00f3gust, pszichoonkol\u00f3gust, pszichol\u00f3gust k\u00e9rt\u00fcnk fel, hogy ossza meg vel\u00fcnk a j\u00e1rv\u00e1ny hat\u00e1saival kapcsolatos tapasztalatait.<\/strong><\/p>\n<p style=\"text-align: center;\"><strong>* * *<\/strong><\/p>\n<p>Serest\u00e9ly Zal\u00e1n: <em>A hitgyakorl\u00e1s \u00e9let\u00fcnknek az a szegmense, amelyr\u0151l b\u0151 f\u00e9l \u00e9ve m\u00e9g nagyon nehezen tudtuk volna elk\u00e9pzelni, hogy online k\u00f6zvet\u00edt\u00e9sben is meg\u00e9lhet\u0151. Ehhez k\u00e9pest az erd\u00e9lyi magyar t\u00f6rt\u00e9nelmi egyh\u00e1zak viszonylag gyorsan reag\u00e1ltak a helyzetre, sz\u00e1mos gy\u00fclekezetben m\u00e1r m\u00e1rciusban elkezd\u0151d\u00f6tt az online igehirdet\u00e9s. Hogyan \u00e9lt\u00e9k ezt meg a h\u00edvek? Mennyire bizonyult hat\u00e9konynak ez a megold\u00e1s? Mennyire tudta \u00e1tvenni a szem\u00e9lyes igehirdet\u00e9s \u00e9s egy\u00e9b hitgy\u00fclekezeti esem\u00e9nyek szerep\u00e9t? Mennyire f\u00e9rtek hozz\u00e1 az online igehirdet\u00e9shez azok az id\u0151sebb hitgy\u00fclekezeti tagok? A kij\u00e1r\u00e1si korl\u00e1toz\u00e1sok k\u00f6zepette mintha ki\u00e9lez\u0151d\u00f6tt volna a \u201et\u00f6rv\u00e9nytisztel\u0151\u201d, \u201eszab\u00e1lyk\u00f6vet\u0151\u201d magyar t\u00f6rt\u00e9nelmi egyh\u00e1zak vs. a \u201eszab\u00e1lys\u00e9rt\u0151\u201d (\u201e\u00e1llam az \u00e1llamon bel\u00fcl\u201d) ortodox egyh\u00e1z ellent\u00e9t. Vajon ennek is volt valamif\u00e9le meger\u0151s\u00edt\u0151 szerepe a magyar h\u00edvek k\u00f6r\u00e9ben?<\/em><\/p>\n<p><strong><em>Dr. Holl\u00f3 L\u00e1szl\u00f3t, a BBTE R\u00f3mai Katolikus Teol\u00f3gia Kar\u00e1nak d\u00e9k\u00e1nhelyettes egyetemi docens\u00e9t k\u00e9rdezt\u00fck<\/em><\/strong><\/p>\n<p>H. L.: \u201eA sz\u00fcks\u00e9g nagy \u00far\u201d \u2013 tartja a r\u00e9gi mond\u00e1s. A SARS-CoV-2 v\u00edrus \u00e1ltal a Covid\u201319 elnevez\u00e9s\u0171 betegs\u00e9get okoz\u00f3 vil\u00e1gj\u00e1rv\u00e1ny k\u00f6vetkezt\u00e9ben a vil\u00e1gban gyakorlatilag megsz\u0171nt a k\u00f6z\u00f6ss\u00e9gi \u00e9let meg\u00e9l\u00e9s\u00e9nek a lehet\u0151s\u00e9ge, ami l\u00e9teleme a vall\u00e1soknak, k\u00fcl\u00f6n\u00f6sen a kereszt\u00e9ny egyh\u00e1zaknak. Ebben a helyzetben az erd\u00e9lyi magyar t\u00f6rt\u00e9nelmi egyh\u00e1zak is megold\u00e1sokat kerestek. Nyilv\u00e1n az adott k\u00f6r\u00fclm\u00e9nyek k\u00f6z\u00f6tt az online vil\u00e1g lehet\u0151s\u00e9gei k\u00edn\u00e1lt\u00e1k magukat. Ezek, b\u00e1r n\u00e9lk\u00fcl\u00f6zik azt az alapvet\u0151 saj\u00e1toss\u00e1got, amit latin eredet\u0171 sz\u00f3val <em>communi\u00f3<\/em>nak, g\u00f6r\u00f6g eredet\u0171vel pedig <em>koinoni\u00e1<\/em>nak nevez\u00fcnk, \u00e9s ami az egyh\u00e1zak, k\u00fcl\u00f6n\u00f6sen a katolikus egyh\u00e1z tan\u00edt\u00e1sa \u00e9s \u00e9lete sz\u00e1m\u00e1ra n\u00e9lk\u00fcl\u00f6zhetetlen, m\u00e9gis a k\u00f6z\u00f6ss\u00e9g tal\u00e1lkoz\u00e1s\u00e1t valamelyes m\u00e9rt\u00e9kben p\u00f3tolj\u00e1k.<\/p>\n<p>A <em>koinonia<\/em> kifejez\u00e9s a Szent\u00edr\u00e1sban ism\u00e9telten el\u0151fordul a r\u00e9szv\u00e9tel \u00e1ltali k\u00f6z\u00f6ss\u00e9g \u00e9rtelm\u00e9ben. Ez egyfel\u0151l a kereszts\u00e9g \u00e9s olt\u00e1riszents\u00e9g (\u00farvacsora) \u00e1ltal J\u00e9zus Krisztussal l\u00e9trej\u00f6v\u0151 k\u00f6z\u00f6ss\u00e9g, m\u00e1sfel\u0151l ezek \u00e1ltal meghat\u00e1rozott kapcsolat, melyben a kereszt\u00e9ny k\u00f6z\u00f6ss\u00e9g k\u00f6z\u00f6ss\u00e9gis\u00e9ge jut kifejez\u00e9sre.<\/p>\n<p>A katolikus egyh\u00e1z sz\u00e1m\u00e1ra az\u00e9rt is k\u00fcl\u00f6n\u00f6sen fontos a fentiekben le\u00edrt k\u00f6z\u00f6ss\u00e9g, mert a szentmis\u00e9ben \u2013 az igeliturgia mellett, ami a protest\u00e1ns felekezetek istentisztelet\u00e9nek felel meg \u2013 kiemelt jelent\u0151s\u00e9ge van az \u00e1ldozati liturgi\u00e1nak is, amiben a kereszt\u00e9ny sz\u00e1m\u00e1ra Krisztus kereszthal\u00e1la \u00e9s felt\u00e1mad\u00e1sa v\u00e1lik jelenval\u00f3v\u00e1, a szent\u00e1ldoz\u00e1sban (\u00farvacsora) pedig J\u00e9zus Krisztussal egyes\u00fclhet.<\/p>\n<p>B\u00e1r ez a k\u00f6z\u00f6ss\u00e9g az online k\u00f6zvet\u00edtett szentmis\u00e9k, illetve istentiszteletek \u00e1ltal nem val\u00f3sulhatott meg, m\u00e9gis sz\u00fcks\u00e9ghelyzetben, a j\u00e1rv\u00e1ny \u00e1ltal el\u0151id\u00e9zett k\u00f6r\u00fclm\u00e9nyek k\u00f6z\u00f6tt a virtu\u00e1lis tal\u00e1lkoz\u00e1st lehet\u0151v\u00e9 tett\u00e9k. \u00cdgy a gy\u00fclekez\u00e9si korl\u00e1toz\u00e1sok meghirdet\u00e9s\u00e9t k\u00f6vet\u0151en r\u00f6videsen nagyon sok pl\u00e9b\u00e1nia, illetve egyh\u00e1zi k\u00f6z\u00f6ss\u00e9g keret\u00e9ben szervez\u0151dtek online k\u00f6zvet\u00edtett szentmis\u00e9k, istentiszteletek.<\/p>\n<p>A viszonylagos fegyelmezetts\u00e9g, amelyr\u0151l t\u00f6rt\u00e9nelmi egyh\u00e1zaink tan\u00fas\u00e1got tettek, annak k\u00f6sz\u00f6nhet\u0151, hogy az illet\u00e9kes egyh\u00e1zmegyei hat\u00f3s\u00e1gok az egyes egyh\u00e1zmegy\u00e9kben, illetve egyh\u00e1zker\u00fcletekben viszonylag gyorsan szab\u00e1lyk\u00f6vet\u0151 magatart\u00e1sra buzd\u00edt\u00f3, \u00e1ltal\u00e1nos ir\u00e1nyvonalakat hat\u00e1roztak meg.<\/p>\n<p>A legnagyobb probl\u00e9m\u00e1t tal\u00e1n az jelentette, hogy gyakorta \u00e9pp az id\u0151s, legrendszeresebben templomba j\u00e1r\u00f3 h\u00edveink sz\u00e1m\u00e1ra nem volt hozz\u00e1f\u00e9rhet\u0151 az online k\u00f6zvet\u00edt\u00e9sek \u00e1ltali bekapcsol\u00f3d\u00e1s, de ezt f\u0151k\u00e9nt a t\u00e9v\u00e9csatorn\u00e1k \u00e1ltal k\u00f6zvet\u00edtett szentmis\u00e9k\/istentiszteletek, illetve a M\u00e1ria R\u00e1di\u00f3 p\u00f3tolta.<\/p>\n<p>\u00dagy tapasztalom, hogy az online k\u00f6zvet\u00edt\u00e9sek els\u0151 sz\u00e1m\u00fa, nyilv\u00e1nval\u00f3 haszon\u00e9lvez\u0151i a k\u00fclf\u00f6ldre szakadt haz\u00e1nkfiai, akik a vil\u00e1gj\u00e1rv\u00e1ny kit\u00f6r\u00e9se el\u0151tt nemigen vehettek r\u00e9szt anyanyelv\u00fck\u00f6n celebr\u00e1lt szentmis\u00e9ken\/istentiszteleteken. Most sok esetben saj\u00e1t sz\u00fcl\u0151falujukb\u00f3l \u00e9s v\u00e1rosukb\u00f3l k\u00f6zvet\u00edtett szentmis\u00e9k\/istentiszteletek \u00e1ltal valamelyest jobban kiel\u00e9g\u00edthett\u00e9k lelki ig\u00e9ny\u00fcket, csillap\u00edthatt\u00e1k honv\u00e1gyukat, \u00e9s nosztalgi\u00e1zhattak a templombels\u0151k szeml\u00e9l\u00e9s\u00e9vel.<\/p>\n<p>Ugyanakkor az online k\u00f6zvet\u00edt\u00e9sek pozit\u00edv hozad\u00e9kai k\u00f6z\u00e9 tartozik, hogy a h\u00edveink egy olyan r\u00e9tege is \u201eeljutott\u201d a templomba, akik egy\u00e9bk\u00e9nt nem rendszeres szentmise-\/istentisztelet-l\u00e1togat\u00f3 tagjai az egyh\u00e1zainknak.<\/p>\n<p>Ami a \u201eszab\u00e1lyk\u00f6vet\u0151\u201d magyar t\u00f6rt\u00e9nelmi egyh\u00e1zak vs. \u201eszab\u00e1lys\u00e9rt\u0151\u201d ortodox egyh\u00e1z k\u00e9rd\u00e9s\u00e9t, illetve ennek magyar\u00e1zat\u00e1t illeti, \u00fagy v\u00e9lem ez abban ragadhat\u00f3 meg, hogy m\u00edg a nyugati kereszt\u00e9ny felekezetek k\u00f6r\u00e9ben a reform\u00e1ci\u00f3, illetve egy t\u00f6bb \u00e9vsz\u00e1zados szekulariz\u00e1ci\u00f3s folyamat k\u00f6vetkezt\u00e9ben a figyelem egyre ink\u00e1bb a form\u00e1r\u00f3l a tartalomra ir\u00e1nyul, addig az ortodoxia eg\u00e9sze, de k\u00fcl\u00f6n\u00f6sen egyes tagjai er\u0151teljesen ragaszkodnak a form\u00e1khoz. Az ortodox egyh\u00e1zzal szemben a magyar egyh\u00e1zak szab\u00e1lyk\u00f6vet\u0151 magatart\u00e1s\u00e1t esetenk\u00e9nt dics\u00e9r\u0151 m\u00e9diaterm\u00e9kek gyakran a nem felt\u00e9tlen pozit\u00edv hozad\u00e9k\u00fa fels\u0151bbrend\u0171s\u00e9get er\u0151s\u00edtett\u00e9k.<\/p>\n<p>&nbsp;<\/p>\n<p>Sorozatunk el\u0151z\u0151 r\u00e9szei el\u00e9rhet\u0151k itt:<\/p>\n<p><a href=\"https:\/\/news.ubbcluj.ro\/hu\/bbte-lab-jarvanykorkep-degi-laszlo-csaba\/\">BBTE LAB J\u00e1rv\u00e1nyk\u00f6rk\u00e9p: D\u00e9gi L\u00e1szl\u00f3 Csaba<\/a><\/p>\n<p><a href=\"https:\/\/news.ubbcluj.ro\/hu\/bbte-lab-jarvanykorkep-racz-bela-gergely\/\">BBTE LAB J\u00e1rv\u00e1nyk\u00f6rk\u00e9p: R\u00e1cz B\u00e9la-Gergely<\/a><\/p>\n<p><a href=\"https:\/\/news.ubbcluj.ro\/hu\/bbte-lab-jarvanykorkep-batori-anna\/\">BBTE LAB J\u00e1rv\u00e1nyk\u00f6rk\u00e9p: B\u00e1tori Anna<\/a><\/p>\n<p><a href=\"https:\/\/news.ubbcluj.ro\/hu\/bbte-lab-jarvanykorkep-degi-laszlo-csaba\/bbte-lab-fekvo-01\/\" rel=\"attachment wp-att-4490\"><img loading=\"lazy\" decoding=\"async\" class=\"aligncenter wp-image-4490 size-large\" src=\"https:\/\/news.ubbcluj.ro\/hu\/wp-content\/uploads\/2020\/10\/BBTE-LAB-FEKVO-01-1024x576.png\" alt=\"\" width=\"605\" height=\"340\" data-id=\"4490\" srcset=\"https:\/\/news.ubbcluj.ro\/hu\/wp-content\/uploads\/2020\/10\/BBTE-LAB-FEKVO-01-1024x576.png 1024w, https:\/\/news.ubbcluj.ro\/hu\/wp-content\/uploads\/2020\/10\/BBTE-LAB-FEKVO-01-300x169.png 300w, https:\/\/news.ubbcluj.ro\/hu\/wp-content\/uploads\/2020\/10\/BBTE-LAB-FEKVO-01-768x432.png 768w, https:\/\/news.ubbcluj.ro\/hu\/wp-content\/uploads\/2020\/10\/BBTE-LAB-FEKVO-01-1536x864.png 1536w, https:\/\/news.ubbcluj.ro\/hu\/wp-content\/uploads\/2020\/10\/BBTE-LAB-FEKVO-01-100x56.png 100w, https:\/\/news.ubbcluj.ro\/hu\/wp-content\/uploads\/2020\/10\/BBTE-LAB-FEKVO-01-150x84.png 150w, https:\/\/news.ubbcluj.ro\/hu\/wp-content\/uploads\/2020\/10\/BBTE-LAB-FEKVO-01-200x113.png 200w, https:\/\/news.ubbcluj.ro\/hu\/wp-content\/uploads\/2020\/10\/BBTE-LAB-FEKVO-01-450x253.png 450w, https:\/\/news.ubbcluj.ro\/hu\/wp-content\/uploads\/2020\/10\/BBTE-LAB-FEKVO-01-600x338.png 600w, https:\/\/news.ubbcluj.ro\/hu\/wp-content\/uploads\/2020\/10\/BBTE-LAB-FEKVO-01-900x506.png 900w, https:\/\/news.ubbcluj.ro\/hu\/wp-content\/uploads\/2020\/10\/BBTE-LAB-FEKVO-01.png 1920w\" sizes=\"(max-width: 605px) 100vw, 605px\" \/><\/a><\/p>\n<p>&nbsp;<\/p>\n<p>&nbsp;<\/p>\n","protected":false},"excerpt":{"rendered":"<p>K\u00f6zel f\u00e9l \u00e9v telt el az\u00f3ta, hogy a BBTE vezet\u0151s\u00e9ge \u00fagy d\u00f6nt\u00f6tt, a SARS-CoV-2 v\u00edrus terjed\u00e9s\u00e9nek lass\u00edt\u00e1sa \u00e9rdek\u00e9ben online platformokra \u201ek\u00f6lt\u00f6zteti \u00e1t\u201d a 2019\/2020-as tan\u00e9v m\u00e1sodik szemeszter\u00e9t. Nemcsak az egyetemi oktat\u00e1s, hanem a kutat\u00e1si projektek ter\u00e9n is \u00f3ri\u00e1si v\u00e1ltoz\u00e1sok \u00e1lltak &hellip;<\/p>\n<p class=\"read-more\"> <a class=\"more-link\" href=\"https:\/\/news.ubbcluj.ro\/hu\/bbte-lab-jarvanykorkep-hollo-laszlo\/\"> <span class=\"screen-reader-text\">BBTE LAB J\u00e1rv\u00e1nyk\u00f6rk\u00e9p: Holl\u00f3 L\u00e1szl\u00f3<\/span> Tov\u00e1bb &raquo;<\/a><\/p>\n","protected":false},"author":9,"featured_media":4490,"comment_status":"closed","ping_status":"closed","sticky":false,"template":"","format":"standard","meta":{"footnotes":""},"categories":[6],"tags":[],"yoast_head":"<!-- This site is optimized with the Yoast SEO plugin v21.9.1 - https:\/\/yoast.com\/wordpress\/plugins\/seo\/ -->\n<title>BBTE LAB J\u00e1rv\u00e1nyk\u00f6rk\u00e9p: Holl\u00f3 L\u00e1szl\u00f3 - Kommunik\u00e1ci\u00f3 \u00e9s PR iroda<\/title>\n<meta name=\"robots\" content=\"index, follow, max-snippet:-1, max-image-preview:large, max-video-preview:-1\" \/>\n<link rel=\"canonical\" href=\"https:\/\/news.ubbcluj.ro\/hu\/bbte-lab-jarvanykorkep-hollo-laszlo\/\" \/>\n<meta property=\"og:locale\" content=\"hu_HU\" \/>\n<meta property=\"og:type\" content=\"article\" \/>\n<meta property=\"og:title\" content=\"BBTE LAB J\u00e1rv\u00e1nyk\u00f6rk\u00e9p: Holl\u00f3 L\u00e1szl\u00f3 - Kommunik\u00e1ci\u00f3 \u00e9s PR iroda\" \/>\n<meta property=\"og:description\" content=\"K\u00f6zel f\u00e9l \u00e9v telt el az\u00f3ta, hogy a BBTE vezet\u0151s\u00e9ge \u00fagy d\u00f6nt\u00f6tt, a SARS-CoV-2 v\u00edrus terjed\u00e9s\u00e9nek lass\u00edt\u00e1sa \u00e9rdek\u00e9ben online platformokra \u201ek\u00f6lt\u00f6zteti \u00e1t\u201d a 2019\/2020-as tan\u00e9v m\u00e1sodik szemeszter\u00e9t. Nemcsak az egyetemi oktat\u00e1s, hanem a kutat\u00e1si projektek ter\u00e9n is \u00f3ri\u00e1si v\u00e1ltoz\u00e1sok \u00e1lltak &hellip; BBTE LAB J\u00e1rv\u00e1nyk\u00f6rk\u00e9p: Holl\u00f3 L\u00e1szl\u00f3 Tov\u00e1bb &raquo;\" \/>\n<meta property=\"og:url\" content=\"https:\/\/news.ubbcluj.ro\/hu\/bbte-lab-jarvanykorkep-hollo-laszlo\/\" \/>\n<meta property=\"og:site_name\" content=\"Kommunik\u00e1ci\u00f3 \u00e9s PR iroda\" \/>\n<meta property=\"article:published_time\" content=\"2020-11-03T12:31:18+00:00\" \/>\n<meta property=\"og:image\" content=\"https:\/\/news.ubbcluj.ro\/hu\/wp-content\/uploads\/2020\/10\/BBTE-LAB-FEKVO-01.png\" \/>\n\t<meta property=\"og:image:width\" content=\"1920\" \/>\n\t<meta property=\"og:image:height\" content=\"1080\" \/>\n\t<meta property=\"og:image:type\" content=\"image\/png\" \/>\n<meta name=\"author\" content=\"Bilibok Ren\u00e1ta\" \/>\n<meta name=\"twitter:card\" content=\"summary_large_image\" \/>\n<meta name=\"twitter:label1\" content=\"Szerz\u0151:\" \/>\n\t<meta name=\"twitter:data1\" content=\"Bilibok Ren\u00e1ta\" \/>\n\t<meta name=\"twitter:label2\" content=\"Becs\u00fclt olvas\u00e1si id\u0151\" \/>\n\t<meta name=\"twitter:data2\" content=\"7 perc\" \/>\n<script type=\"application\/ld+json\" class=\"yoast-schema-graph\">{\"@context\":\"https:\/\/schema.org\",\"@graph\":[{\"@type\":\"WebPage\",\"@id\":\"https:\/\/news.ubbcluj.ro\/hu\/bbte-lab-jarvanykorkep-hollo-laszlo\/\",\"url\":\"https:\/\/news.ubbcluj.ro\/hu\/bbte-lab-jarvanykorkep-hollo-laszlo\/\",\"name\":\"BBTE LAB J\u00e1rv\u00e1nyk\u00f6rk\u00e9p: Holl\u00f3 L\u00e1szl\u00f3 - Kommunik\u00e1ci\u00f3 \u00e9s PR iroda\",\"isPartOf\":{\"@id\":\"https:\/\/news.ubbcluj.ro\/hu\/#website\"},\"datePublished\":\"2020-11-03T12:31:18+00:00\",\"dateModified\":\"2020-11-03T12:31:18+00:00\",\"author\":{\"@id\":\"https:\/\/news.ubbcluj.ro\/hu\/#\/schema\/person\/0768248bd5e1ed05f87b7be96b4c3d9c\"},\"breadcrumb\":{\"@id\":\"https:\/\/news.ubbcluj.ro\/hu\/bbte-lab-jarvanykorkep-hollo-laszlo\/#breadcrumb\"},\"inLanguage\":\"hu\",\"potentialAction\":[{\"@type\":\"ReadAction\",\"target\":[\"https:\/\/news.ubbcluj.ro\/hu\/bbte-lab-jarvanykorkep-hollo-laszlo\/\"]}]},{\"@type\":\"BreadcrumbList\",\"@id\":\"https:\/\/news.ubbcluj.ro\/hu\/bbte-lab-jarvanykorkep-hollo-laszlo\/#breadcrumb\",\"itemListElement\":[{\"@type\":\"ListItem\",\"position\":1,\"name\":\"Home\",\"item\":\"https:\/\/news.ubbcluj.ro\/hu\/\"},{\"@type\":\"ListItem\",\"position\":2,\"name\":\"BBTE LAB J\u00e1rv\u00e1nyk\u00f6rk\u00e9p: Holl\u00f3 L\u00e1szl\u00f3\"}]},{\"@type\":\"WebSite\",\"@id\":\"https:\/\/news.ubbcluj.ro\/hu\/#website\",\"url\":\"https:\/\/news.ubbcluj.ro\/hu\/\",\"name\":\"Kommunik\u00e1ci\u00f3 \u00e9s PR iroda\",\"description\":\"Babe\u0219-Bolyai Tudom\u00e1negyetem\",\"potentialAction\":[{\"@type\":\"SearchAction\",\"target\":{\"@type\":\"EntryPoint\",\"urlTemplate\":\"https:\/\/news.ubbcluj.ro\/hu\/?s={search_term_string}\"},\"query-input\":\"required name=search_term_string\"}],\"inLanguage\":\"hu\"},{\"@type\":\"Person\",\"@id\":\"https:\/\/news.ubbcluj.ro\/hu\/#\/schema\/person\/0768248bd5e1ed05f87b7be96b4c3d9c\",\"name\":\"Bilibok Ren\u00e1ta\",\"url\":\"https:\/\/news.ubbcluj.ro\/hu\/author\/renata-bilibok\/\"}]}<\/script>\n<!-- \/ Yoast SEO plugin. -->","yoast_head_json":{"title":"BBTE LAB J\u00e1rv\u00e1nyk\u00f6rk\u00e9p: Holl\u00f3 L\u00e1szl\u00f3 - Kommunik\u00e1ci\u00f3 \u00e9s PR iroda","robots":{"index":"index","follow":"follow","max-snippet":"max-snippet:-1","max-image-preview":"max-image-preview:large","max-video-preview":"max-video-preview:-1"},"canonical":"https:\/\/news.ubbcluj.ro\/hu\/bbte-lab-jarvanykorkep-hollo-laszlo\/","og_locale":"hu_HU","og_type":"article","og_title":"BBTE LAB J\u00e1rv\u00e1nyk\u00f6rk\u00e9p: Holl\u00f3 L\u00e1szl\u00f3 - Kommunik\u00e1ci\u00f3 \u00e9s PR iroda","og_description":"K\u00f6zel f\u00e9l \u00e9v telt el az\u00f3ta, hogy a BBTE vezet\u0151s\u00e9ge \u00fagy d\u00f6nt\u00f6tt, a SARS-CoV-2 v\u00edrus terjed\u00e9s\u00e9nek lass\u00edt\u00e1sa \u00e9rdek\u00e9ben online platformokra \u201ek\u00f6lt\u00f6zteti \u00e1t\u201d a 2019\/2020-as tan\u00e9v m\u00e1sodik szemeszter\u00e9t. Nemcsak az egyetemi oktat\u00e1s, hanem a kutat\u00e1si projektek ter\u00e9n is \u00f3ri\u00e1si v\u00e1ltoz\u00e1sok \u00e1lltak &hellip; BBTE LAB J\u00e1rv\u00e1nyk\u00f6rk\u00e9p: Holl\u00f3 L\u00e1szl\u00f3 Tov\u00e1bb &raquo;","og_url":"https:\/\/news.ubbcluj.ro\/hu\/bbte-lab-jarvanykorkep-hollo-laszlo\/","og_site_name":"Kommunik\u00e1ci\u00f3 \u00e9s PR iroda","article_published_time":"2020-11-03T12:31:18+00:00","og_image":[{"width":1920,"height":1080,"url":"https:\/\/news.ubbcluj.ro\/hu\/wp-content\/uploads\/2020\/10\/BBTE-LAB-FEKVO-01.png","type":"image\/png"}],"author":"Bilibok Ren\u00e1ta","twitter_card":"summary_large_image","twitter_misc":{"Szerz\u0151:":"Bilibok Ren\u00e1ta","Becs\u00fclt olvas\u00e1si id\u0151":"7 perc"},"schema":{"@context":"https:\/\/schema.org","@graph":[{"@type":"WebPage","@id":"https:\/\/news.ubbcluj.ro\/hu\/bbte-lab-jarvanykorkep-hollo-laszlo\/","url":"https:\/\/news.ubbcluj.ro\/hu\/bbte-lab-jarvanykorkep-hollo-laszlo\/","name":"BBTE LAB J\u00e1rv\u00e1nyk\u00f6rk\u00e9p: Holl\u00f3 L\u00e1szl\u00f3 - Kommunik\u00e1ci\u00f3 \u00e9s PR iroda","isPartOf":{"@id":"https:\/\/news.ubbcluj.ro\/hu\/#website"},"datePublished":"2020-11-03T12:31:18+00:00","dateModified":"2020-11-03T12:31:18+00:00","author":{"@id":"https:\/\/news.ubbcluj.ro\/hu\/#\/schema\/person\/0768248bd5e1ed05f87b7be96b4c3d9c"},"breadcrumb":{"@id":"https:\/\/news.ubbcluj.ro\/hu\/bbte-lab-jarvanykorkep-hollo-laszlo\/#breadcrumb"},"inLanguage":"hu","potentialAction":[{"@type":"ReadAction","target":["https:\/\/news.ubbcluj.ro\/hu\/bbte-lab-jarvanykorkep-hollo-laszlo\/"]}]},{"@type":"BreadcrumbList","@id":"https:\/\/news.ubbcluj.ro\/hu\/bbte-lab-jarvanykorkep-hollo-laszlo\/#breadcrumb","itemListElement":[{"@type":"ListItem","position":1,"name":"Home","item":"https:\/\/news.ubbcluj.ro\/hu\/"},{"@type":"ListItem","position":2,"name":"BBTE LAB J\u00e1rv\u00e1nyk\u00f6rk\u00e9p: Holl\u00f3 L\u00e1szl\u00f3"}]},{"@type":"WebSite","@id":"https:\/\/news.ubbcluj.ro\/hu\/#website","url":"https:\/\/news.ubbcluj.ro\/hu\/","name":"Kommunik\u00e1ci\u00f3 \u00e9s PR iroda","description":"Babe\u0219-Bolyai Tudom\u00e1negyetem","potentialAction":[{"@type":"SearchAction","target":{"@type":"EntryPoint","urlTemplate":"https:\/\/news.ubbcluj.ro\/hu\/?s={search_term_string}"},"query-input":"required name=search_term_string"}],"inLanguage":"hu"},{"@type":"Person","@id":"https:\/\/news.ubbcluj.ro\/hu\/#\/schema\/person\/0768248bd5e1ed05f87b7be96b4c3d9c","name":"Bilibok Ren\u00e1ta","url":"https:\/\/news.ubbcluj.ro\/hu\/author\/renata-bilibok\/"}]}},"_links":{"self":[{"href":"https:\/\/news.ubbcluj.ro\/hu\/wp-json\/wp\/v2\/posts\/4577"}],"collection":[{"href":"https:\/\/news.ubbcluj.ro\/hu\/wp-json\/wp\/v2\/posts"}],"about":[{"href":"https:\/\/news.ubbcluj.ro\/hu\/wp-json\/wp\/v2\/types\/post"}],"author":[{"embeddable":true,"href":"https:\/\/news.ubbcluj.ro\/hu\/wp-json\/wp\/v2\/users\/9"}],"replies":[{"embeddable":true,"href":"https:\/\/news.ubbcluj.ro\/hu\/wp-json\/wp\/v2\/comments?post=4577"}],"version-history":[{"count":1,"href":"https:\/\/news.ubbcluj.ro\/hu\/wp-json\/wp\/v2\/posts\/4577\/revisions"}],"predecessor-version":[{"id":4578,"href":"https:\/\/news.ubbcluj.ro\/hu\/wp-json\/wp\/v2\/posts\/4577\/revisions\/4578"}],"wp:featuredmedia":[{"embeddable":true,"href":"https:\/\/news.ubbcluj.ro\/hu\/wp-json\/wp\/v2\/media\/4490"}],"wp:attachment":[{"href":"https:\/\/news.ubbcluj.ro\/hu\/wp-json\/wp\/v2\/media?parent=4577"}],"wp:term":[{"taxonomy":"category","embeddable":true,"href":"https:\/\/news.ubbcluj.ro\/hu\/wp-json\/wp\/v2\/categories?post=4577"},{"taxonomy":"post_tag","embeddable":true,"href":"https:\/\/news.ubbcluj.ro\/hu\/wp-json\/wp\/v2\/tags?post=4577"}],"curies":[{"name":"wp","href":"https:\/\/api.w.org\/{rel}","templated":true}]}}