{"id":4614,"date":"2020-11-10T11:11:58","date_gmt":"2020-11-10T09:11:58","guid":{"rendered":"https:\/\/news.ubbcluj.ro\/hu\/?p=4614"},"modified":"2020-11-10T11:11:58","modified_gmt":"2020-11-10T09:11:58","slug":"bbte-lab-jarvanykorkep-geambasu-reka","status":"publish","type":"post","link":"https:\/\/news.ubbcluj.ro\/hu\/bbte-lab-jarvanykorkep-geambasu-reka\/","title":{"rendered":"BBTE LAB J\u00e1rv\u00e1nyk\u00f6rk\u00e9p: Geamba\u0219u R\u00e9ka"},"content":{"rendered":"<p><strong>K\u00f6zel f\u00e9l \u00e9v telt el az\u00f3ta, hogy a BBTE vezet\u0151s\u00e9ge \u00fagy d\u00f6nt\u00f6tt, a SARS-CoV-2 v\u00edrus terjed\u00e9s\u00e9nek lass\u00edt\u00e1sa \u00e9rdek\u00e9ben online platformokra \u201ek\u00f6lt\u00f6zteti \u00e1t\u201d a 2019\/2020-as tan\u00e9v m\u00e1sodik szemeszter\u00e9t. Nemcsak az egyetemi oktat\u00e1s, hanem a kutat\u00e1si projektek ter\u00e9n is \u00f3ri\u00e1si v\u00e1ltoz\u00e1sok \u00e1lltak be, neh\u00e9zkesebb\u00e9 v\u00e1ltak a k\u00fclf\u00f6ldi tanulm\u00e1nyutak, a terepmunka, a tudom\u00e1nyos forr\u00e1sokhoz val\u00f3 hozz\u00e1f\u00e9r\u00e9s, sok esetben \u00faj kutat\u00e1si f\u00f3kuszok bukkantak fel. F\u00e9l \u00e9v egy vil\u00e1gj\u00e1rv\u00e1ny \u201e\u00e9let\u00e9ben\u201d tal\u00e1n r\u00f6vid t\u00e1vnak sz\u00e1m\u00edt, azonban m\u00e1r \u00e9ppen el\u00e9g ahhoz, hogy adatszer\u0171 kimutat\u00e1saink legyenek bizonyos v\u00e1ltoz\u00e1sokr\u00f3l, \u00e9s hogy ezek t\u00fckr\u00e9ben szakszer\u0171 k\u00e9pet alkothassunk a j\u00e1rv\u00e1ny v\u00e1rhat\u00f3, k\u00f6z\u00e9p t\u00e1v\u00fa hat\u00e1saira vonatkoz\u00f3an. Ank\u00e9tunk eltekint a j\u00e1rv\u00e1ny orvostudom\u00e1nyi, hum\u00e1nbiol\u00f3giai, virol\u00f3giai vagy k\u00f6zeg\u00e9szs\u00e9g\u00fcgyi megk\u00f6zel\u00edt\u00e9seit\u0151l, \u00e9s arra t\u00f6rekszik, hogy egy mozaikszer\u0171, multidiszciplin\u00e1ris k\u00f6rk\u00e9p keret\u00e9ben megmutassa, \u00e9let\u00fcnk mely ter\u00fcletein tapasztalhat\u00f3k m\u00e1ris k\u00e9zzelfoghat\u00f3 v\u00e1ltoz\u00e1sok, milyen term\u00e9szet\u0171ek ezek, \u00e9s mit vet\u00edtenek el\u0151re a k\u00f6vetkez\u0151 f\u00e9l-egy \u00e9vre vonatkoz\u00f3an. Az ank\u00e9t keret\u00e9ben a legk\u00fcl\u00f6nb\u00f6z\u0151bb tudom\u00e1nyter\u00fcleteket k\u00e9pvisel\u0151 BBTE-s szak\u00e9rt\u0151ket, m\u00e9diaszakembert, k\u00f6zgazd\u00e1szt, kommunik\u00e1ci\u00f3s, illetve nevel\u00e9studom\u00e1nyi szakembert, szociol\u00f3gust, pszichoonkol\u00f3gust, pszichol\u00f3gust k\u00e9rt\u00fcnk fel, hogy ossza meg vel\u00fcnk a j\u00e1rv\u00e1ny hat\u00e1saival kapcsolatos tapasztalatait.<\/strong><\/p>\n<p style=\"text-align: center;\"><strong>* * *<\/strong><\/p>\n<p><em>A kij\u00e1r\u00e1si korl\u00e1toz\u00e1sokat a legt\u00f6bb eur\u00f3pai orsz\u00e1gban m\u00e1r feloldott\u00e1k, de sz\u00e1mos \u00e1llami \u00e9s priv\u00e1t int\u00e9zm\u00e9ny tov\u00e1bbra is igyekszik minim\u00e1lisra sz\u0171k\u00edteni a munkahelyen t\u00f6lt\u00f6tt id\u0151t, a home office-t r\u00e9szes\u00edtve el\u0151nyben. A n\u0151kre nehezed\u0151 terheket t\u00f6bb csal\u00e1dban az is n\u00f6velte, hogy r\u00e1juk h\u00e1rult az iskol\u00e1skor\u00faak seg\u00edt\u00e9se az online tanul\u00e1sban. Rom\u00e1ni\u00e1ban vajon mi a helyzet, vannak erre vonatkoz\u00f3 felm\u00e9r\u00e9sek?<\/em><\/p>\n<p><strong><em>Dr. Geamba<\/em><\/strong><strong><em>\u0219u R<\/em><\/strong><strong><em>\u00e9k\u00e1t, a BBTE Magyar Szociol\u00f3gia \u00e9s Szoci\u00e1lis Munka Int\u00e9zet\u00e9nek egyetemi adjunktus\u00e1t k\u00e9rdezt\u00fck<\/em><\/strong><\/p>\n<p>G. R.: Egy idei, m\u00e1jus v\u00e9gi, telefonon \u00e9s interneten kereszt\u00fcl k\u00e9sz\u00edtett interj\u00fas kutat\u00e1sban<a href=\"#_edn1\" name=\"_ednref1\">[i]<\/a> azt vizsg\u00e1ltuk, hogy milyen megk\u00fczd\u00e9si strat\u00e9gi\u00e1kat alkalmaztak azok a csal\u00e1dok, amelyekben k\u00e9t otthonr\u00f3l dolgoz\u00f3 sz\u00fcl\u0151 \u00e9s legal\u00e1bb egy \u00f3vod\u00e1s-iskol\u00e1s gyermek \u00e9lt, milyen t\u00e9nyez\u0151k alak\u00edtott\u00e1k a mag\u00e1n\u00e9letet a kij\u00e1r\u00e1si korl\u00e1toz\u00e1sok idej\u00e9n. Fontos szem el\u0151tt tartani, hogy \u00e9ppen a szem\u00e9lyes kapcsolatok hi\u00e1ny\u00e1ban \u00e9s a digit\u00e1lis egyenl\u0151tlens\u00e9g k\u00f6vetkezt\u00e9ben a vizsg\u00e1latok \u00e9s azok eredm\u00e9nyei a k\u00f6z\u00e9poszt\u00e1lyra vonatkoznak els\u0151sorban, megalapozatlan lenne a le\u00edrt jelens\u00e9geket \u00e9s azok mint\u00e1zatait a t\u00e1gabb t\u00e1rsadalomra \u00e1ltal\u00e1nos\u00edtani. M\u00e9gis, az\u00e9rt tartottuk fontosnak az interj\u00fak elk\u00e9sz\u00edt\u00e9s\u00e9t, hogy megvizsg\u00e1lhassuk: olyan k\u00f6r\u00fclm\u00e9nyek k\u00f6z\u00f6tt, amikor mindk\u00e9t sz\u00fcl\u0151 otthon dolgozik teljes \u00e1ll\u00e1sban, \u00e9s k\u00f6z\u00f6sen kell gondoskodniuk a gyermek(ek)r\u0151l, valamint a h\u00e1ztart\u00e1sr\u00f3l, megt\u00f6rt\u00e9nik-e a szerepek \u00fajraeloszt\u00e1sa, kiegyenl\u00edt\u0151dnek-e a kor\u00e1bbi hagyom\u00e1nyos nemi szerepek.<\/p>\n<p>Ezek mellett kutat\u00e1sunk sor\u00e1n pr\u00f3b\u00e1ltuk meg\u00e9rteni annak okait, hogy a k\u00f6z\u00e9poszt\u00e1lybeli, otthonr\u00f3l dolgoz\u00f3 csal\u00e1dok jelent\u0151s r\u00e9sz\u00e9ben a felek mi\u00e9rt nem b\u00edr\u00e1lt\u00e1k fel\u00fcl a kor\u00e1bbi hagyom\u00e1nyos munkamegoszt\u00e1st. Interj\u00fas adataink azt mutatj\u00e1k, hogy a gondoskod\u00e1sra \u00e1tker\u00fcl\u0151 hangs\u00faly legink\u00e1bb anyaszerep\u00fckben er\u0151s\u00edtette meg a n\u0151ket, kev\u00e9sb\u00e9 t\u00e9ve lehet\u0151v\u00e9 egyfajta alkudoz\u00e1s elkezd\u00e9s\u00e9t. Ha t\u00f6rt\u00e9nt is k\u00eds\u00e9rlet arra, hogy a f\u00e9rfiak \u00e1tvegyenek egy-k\u00e9t h\u00e1ztart\u00e1si feladatot, a n\u0151k kor\u00e1bban kialak\u00edtott \u201egondoskod\u00e1si szak\u00e9rtelme\u201d (p\u00e9ld\u00e1ul j\u00e1rtass\u00e1guk a gyermek iskolai dolgaiban) olyan \u201e\u00fatf\u00fcgg\u0151s\u00e9get\u201d alak\u00edtott ki, amelyr\u0151l a hirtelen be\u00e1llt kij\u00e1r\u00e1si korl\u00e1toz\u00e1sok k\u00f6r\u00fclm\u00e9nyei k\u00f6z\u00f6tt nem volt lehet\u0151s\u00e9g let\u00e9rni. A kor\u00e1bban kialak\u00edtott \u201eszakosod\u00e1sok\u201d t\u0171ntek most racion\u00e1lisnak: aki jobban kiismeri mag\u00e1t az iskolai feladatokban, tan\u00e1rok elv\u00e1r\u00e1saiban, sz\u00fcl\u0151t\u00e1rsakkal val\u00f3 kommunik\u00e1ci\u00f3ban, az folytatta ezt a munk\u00e1t, akkor is, ha ez napi m\u00e9g legal\u00e1bb egy teljes \u00e1ll\u00e1s volt a fizetett munka mellett. Vagyis az ap\u00e1k tipikusan nem l\u00e9ptek be olyan sz\u00fcl\u0151i feladatokba, amelyeket kor\u00e1bban nem ismertek.<\/p>\n<p>A t\u00e1rsadalom \u00e9s a k\u00f6r\u00fclm\u00e9nyek mindemellett az \u201eintenz\u00edv anyas\u00e1g\u201d norm\u00e1j\u00e1t t\u00e1masztott\u00e1k elv\u00e1r\u00e1sk\u00e9ppen a n\u0151kkel szemben. Ha az eddig is jelent\u0151s m\u00e9rt\u00e9kben igaz volt, hogy a gyerek oktat\u00e1si rendszerben val\u00f3 \u00e9rv\u00e9nyes\u00fcl\u00e9s\u00e9hez elengedhetetlen egy sz\u00fcl\u0151, jellemz\u0151en az anya akt\u00edv r\u00e9szv\u00e9tele, akkor ez most hatv\u00e1nyozottan \u00edgy volt. Az intenz\u00edv anyas\u00e1g nemcsak korl\u00e1tlan rendelkez\u00e9sre \u00e1ll\u00e1st \u00e9s az anya sz\u00fcks\u00e9gleteinek z\u00e1r\u00f3jelbe t\u00e9tel\u00e9t jelenti a gyermekei\u00e9vel szemben, hanem annak felel\u0151ss\u00e9g\u00e9t is, hogy a gyermek szocializ\u00e1ci\u00f3ja, feln\u0151tt\u00e9 v\u00e1l\u00e1sa sikeres lesz-e az \u00e1ltal\u00e1noss\u00e1 v\u00e1l\u00f3 bizonytalans\u00e1g kor\u00e1ban. Az esetleges \u00e9s v\u00e1ltoz\u00f3 min\u0151s\u00e9g\u0171 digit\u00e1lis oktat\u00e1s olyan k\u00f6r\u00fclm\u00e9nyeket teremtett, amelyek k\u00f6zepette az any\u00e1k most m\u00e1r teljesen azt \u00e9rezt\u00e9k: a f\u00e9l\u00e9v sikeres lez\u00e1r\u00e1sa, gyermek\u00fck lemarad\u00e1s\u00e1nak megakad\u00e1lyoz\u00e1sa kiz\u00e1r\u00f3lag rajtuk m\u00falik.<\/p>\n<p>V\u00e9g\u00fcl a feladatok \u00fajraeloszt\u00e1s\u00e1r\u00f3l val\u00f3 lemond\u00e1s tov\u00e1bbi ok\u00e1t a \u201ecsal\u00e1don k\u00edv\u00fcl\u201d, a gazdas\u00e1gban kell keresni. A munkaer\u0151piacon kialakult nemi egyenl\u0151tlens\u00e9gek, hierarchi\u00e1k, j\u00f6vedelmi k\u00fcl\u00f6nbs\u00e9gek hozz\u00e1j\u00e1rultak a csal\u00e1don bel\u00fcli, szil\u00e1rd konszenzushoz arra vonatkoz\u00f3an, hogy a f\u00e9rj munk\u00e1ja \u00e1ltal\u00e1noss\u00e1gban fontosabb, n\u00e9lk\u00fcl\u00f6zhetetlenebb. Ez eredm\u00e9nyezte azt is, hogy az \u00e1tlagos napokon bel\u00fcl az id\u0151s\u00e1vok \u00e9s a t\u00e9rhaszn\u00e1lat nemi jelleget \u00f6lt\u00f6tt, \u00e9s hierarchi\u00e1ba rendez\u0151d\u00f6tt: a f\u00e9rfiak munkav\u00e9gz\u00e9se l\u00e9nyeg\u00e9ben zavartalan volt az \u00fagynevezett t\u00f6rzsmunkaid\u0151ben (d\u00e9lel\u0151tt \u00e9s kora d\u00e9lut\u00e1n), az any\u00e1k pedig egy\u00e9b tev\u00e9kenys\u00e9geik mellett, illetve hajnalban, fektet\u00e9s ut\u00e1n \u00e9s h\u00e9tv\u00e9g\u00e9n dolgoztak. Ugyan\u00edgy, ha ezt a lak\u00e1s lehet\u0151v\u00e9 tette: az ap\u00e1k dolgoztak csendes, elz\u00e1rt helyen, szemben a konyh\u00e1ban, f\u00f6v\u0151 \u00e9tel mellett \u00e9s a tanul\u00f3, j\u00e1tsz\u00f3 gyerekek t\u00e1rsas\u00e1g\u00e1ban haladni pr\u00f3b\u00e1l\u00f3 any\u00e1kkal.<\/p>\n<p>Kutat\u00e1sunk sor\u00e1n kvalitat\u00edv adatok r\u00e9v\u00e9n azt is siker\u00fclt felt\u00e1rnunk, hogy <em>munkaer\u0151piaci rugalmass\u00e1g <\/em>fogalma mik\u00e9ppen m\u0171k\u00f6dik egy ilyen kiv\u00e9teles helyzetben, \u00e9s mik\u00e9ppen alak\u00edtja a nemek k\u00f6z\u00f6tti viszonyokat. A legt\u00f6bb k\u00f6zgazd\u00e1sz, d\u00f6nt\u00e9shoz\u00f3 \u00e9s szak\u00e9rt\u0151 egyet\u00e9rt abban, hogy a foglalkoztat\u00e1s rugalmass\u00e1ga k\u00edv\u00e1natos, b\u00e1rmilyen fajta id\u0151beni, l\u00e9tsz\u00e1mbeli rugalmass\u00e1gr\u00f3l is legyen sz\u00f3. Fontos azt is lesz\u00f6gezni, hogy a rugalmass\u00e1g szinte mindegyik \u00e1ltalunk meginterj\u00favolt anya munk\u00e1j\u00e1nak jellemz\u0151je volt, en\u00e9lk\u00fcl feltehet\u0151leg nem is v\u00e1llalhatt\u00e1k volna tev\u00e9kenys\u00e9g\u00fck folytat\u00e1s\u00e1t a kij\u00e1r\u00e1si korl\u00e1toz\u00e1sok ideje alatt. Adataink azonban arra is r\u00e1mutatnak, hogy a rugalmass\u00e1g er\u0151sen <em>n\u0151ies\u00edtett \u00e9s kritik\u00e1tlanul alkalmazott fogalma <\/em>hogyan tudja bebetonozni a nemi egyenl\u0151tlens\u00e9geket, illetve hogyan vezethet ak\u00e1r a n\u0151k munkaer\u0151piaci helyzet\u00e9nek prekariz\u00e1l\u00f3d\u00e1s\u00e1hoz is. Adataink azt mutatj\u00e1k, hogy a n\u0151k \u00e1ltal \u00e1ltal\u00e1ban, az \u00e1ll\u00e1skeres\u00e9s sor\u00e1n is tudatosan felv\u00e1llalt, keresett \u00e9s nagyra \u00e9rt\u00e9kelt rugalmass\u00e1g legal\u00e1bb n\u00e9gy m\u00f3don hatott negat\u00edvan helyzet\u00fckre a vizsg\u00e1lt id\u0151szak alatt. (Fontosnak tartom megism\u00e9telni: ezek a meg\u00e1llap\u00edt\u00e1sok diplom\u00e1s, k\u00f6z\u00e9poszt\u00e1lybeli, javar\u00e9szt urb\u00e1nus k\u00f6zegben \u00e9l\u0151 n\u0151kre vonatkoznak.) A legfontosabb, hogy <em>a rugalmass\u00e1gban szerzett kor\u00e1bbi j\u00e1rtass\u00e1g, illetve a rugalmas munkav\u00e9gz\u00e9s maga <\/em>jelent\u0151s akad\u00e1lya volt annak, hogy a h\u00e1zast\u00e1rssal folytatott alkudoz\u00e1s sor\u00e1n ter\u00edt\u00e9kre ker\u00fclj\u00f6n a f\u00e9rj csal\u00e1don bel\u00fcli szerepv\u00e1llal\u00e1sa. A f\u00e9rjek tipikusan rugalmatlanul, a feles\u00e9gek rugalmasan dolgoztak, ami gyakorlatilag tart\u00f3s\u00edtotta a hagyom\u00e1nyos munkamegoszt\u00e1s status qu\u00f3j\u00e1t. A m\u00e1sodik, hogy a v\u00e1ltoz\u00f3 gyakoris\u00e1ggal, de m\u00e9giscsak k\u00f6telez\u0151en be\u00fctemezett megbesz\u00e9l\u00e9seken \u00e9s r\u00f6gz\u00edtett tev\u00e9kenys\u00e9geken val\u00f3 r\u00e9szv\u00e9tel a \u201erugalmasan dolgoz\u00f3\u201d any\u00e1k sz\u00e1m\u00e1ra sokkal nagyobb lelki terhet jelentett, hiszen gyakran k\u00e9rd\u00e9sess\u00e9 v\u00e1lt, hogy meg tudj\u00e1k-e szervezni a gyermek lefoglal\u00e1s\u00e1t azid\u0151 alatt. Harmadsorban, a rugalmas munkav\u00e9gz\u00e9s nagyon sokszor kiszolg\u00e1ltatott helyzetet kre\u00e1lt a koll\u00e9g\u00e1k \u00e9s f\u0151n\u00f6k\u00f6k fel\u00e9, akik ezt egyfajta kiv\u00e1lts\u00e1gk\u00e9nt ford\u00edtott\u00e1k le maguk sz\u00e1m\u00e1ra. V\u00e9g\u00fcl pedig, amint arr\u00f3l a legt\u00f6bb interj\u00faalanyunk besz\u00e1molt, a rugalmass\u00e1g egyik legnagyobb k\u00f6lts\u00e9ge a munka \u00e9s mag\u00e1n\u00e9let k\u00f6z\u00f6tti hat\u00e1rvonal teljes elmos\u00f3d\u00e1sa, az \u00e9jjel-nappal t\u00f6rt\u00e9n\u0151 munkav\u00e9gz\u00e9s volt.<\/p>\n<p>A megsokszokszoroz\u00f3dott feladatokat k\u00eds\u00e9r\u0151 leg\u00e1ltal\u00e1nosabb anyai \u00e9rz\u00e9s \u00e9s reakci\u00f3 a kimer\u00fclts\u00e9g \u00e9s a b\u0171ntudat volt. Visszat\u00e9r\u0151 toposz az interj\u00fakban \u201ea be\u00e1ldozott legkisebb gyerek\u201d, az \u00f3vod\u00e1s, akire m\u00e1r nem jutott id\u0151, vagy \u00e9ppen a legnagyobb, akir\u0151l a karant\u00e9n v\u00e9g\u00e9n der\u00fclt ki, hogy nem haladt megfelel\u0151en a feladataival. Az egyenl\u0151tlen terhek ellen\u00e9re az any\u00e1k nem a csal\u00e1don bel\u00fcli munkamegoszt\u00e1s jelleg\u00e9t nehezm\u00e9nyezt\u00e9k, hanem a k\u00f6r\u00fclm\u00e9nyeket \u00e9s a j\u00e1rv\u00e1nyt okolt\u00e1k neh\u00e9z helyzet\u00fck\u00e9rt. El\u0151fordult, b\u00e1r kor\u00e1ntsem volt \u00e1ltal\u00e1nos, az \u00e9les t\u00e1rsadalomkritika, amely nagyobb fok\u00fa figyelmet v\u00e1rna el a d\u00f6nt\u00e9shoz\u00f3kt\u00f3l mindazzal szemben, ami a n\u00e9gy fal k\u00f6z\u00f6tt t\u00f6rt\u00e9nt. Azzal azonban sz\u00e1molni kell, hogy ez egy szelekci\u00f3s hat\u00e1snak is betudhat\u00f3: kutat\u00e1si felh\u00edv\u00e1sunkra nagyobb val\u00f3sz\u00edn\u0171s\u00e9ggel v\u00e1laszoltak olyan n\u0151k, akik kritikusabban szeml\u00e9lt\u00e9k a j\u00e1rv\u00e1nyint\u00e9zked\u00e9seket. Mindazon\u00e1ltal \u00fagy t\u0171nik, mind a megk\u00e9rdezettek, mind a t\u00e1gabb t\u00e1rsadalom a szok\u00e1sos m\u00f3don mag\u00e1t\u00f3l \u00e9rtet\u0151d\u0151nek \u00e9s tov\u00e1bbra is ja<\/p>\n<p><a href=\"#_ednref1\" name=\"_edn1\">[i]<\/a> A vizsg\u00e1lat sor\u00e1n m\u00e1jus utols\u00f3 heteiben 52 f\u00e9lig struktur\u00e1lt interj\u00fa k\u00e9sz\u00fclt magyarorsz\u00e1gi \u00e9s erd\u00e9lyi magyar any\u00e1kkal, akik olyan \u2013 jobb\u00e1ra k\u00f6z\u00e9poszt\u00e1lyi \u2013 csal\u00e1dban \u00e9ltek, amelyben mindk\u00e9t feln\u0151tt teljes \u00e1ll\u00e1sban dolgozott otthonr\u00f3l, \u00e9s legal\u00e1bb egy, 2\u201314 \u00e9v k\u00f6z\u00f6tti gyereket neveltek. A kutat\u00e1s r\u00e9sztvev\u0151i: dr. Nagy Be\u00e1ta (Corvinus Egyetem, Budapest), Somogyi Nikolett (Antwerpeni Egyetem), dr. Gergely Orsolya (Sapientia Erd\u00e9lyi Magyar Tudom\u00e1nyegyetem) \u00e9s dr. Geamba\u0219u R\u00e9ka (Babe\u0219\u2013Bolyai Tudom\u00e1nyegyetem).<\/p>\n<p>&nbsp;<\/p>\n<p>Sorozatunk el\u0151z\u0151 r\u00e9szei el\u00e9rhet\u0151k itt:<\/p>\n<p><a href=\"https:\/\/news.ubbcluj.ro\/hu\/bbte-lab-jarvanykorkep-degi-laszlo-csaba\/\">BBTE LAB J\u00e1rv\u00e1nyk\u00f6rk\u00e9p: D\u00e9gi L\u00e1szl\u00f3 Csaba<\/a><\/p>\n<p><a href=\"https:\/\/news.ubbcluj.ro\/hu\/bbte-lab-jarvanykorkep-racz-bela-gergely\/\">BBTE LAB J\u00e1rv\u00e1nyk\u00f6rk\u00e9p: R\u00e1cz B\u00e9la-Gergely<\/a><\/p>\n<p><a href=\"https:\/\/news.ubbcluj.ro\/hu\/bbte-lab-jarvanykorkep-batori-anna\/\">BBTE LAB J\u00e1rv\u00e1nyk\u00f6rk\u00e9p: B\u00e1tori Anna<\/a><\/p>\n<p><a href=\"https:\/\/news.ubbcluj.ro\/hu\/bbte-lab-jarvanykorkep-hollo-laszlo\/\">BBTE LAB J\u00e1rv\u00e1nyk\u00f6rk\u00e9p: Holl\u00f3 L\u00e1szl\u00f3<\/a><\/p>\n<p><a href=\"https:\/\/news.ubbcluj.ro\/hu\/bbte-lab-jarvanykorkep-degi-laszlo-csaba\/bbte-lab-fekvo-01\/\" rel=\"attachment wp-att-4490\"><img loading=\"lazy\" decoding=\"async\" class=\"aligncenter wp-image-4490 size-large\" src=\"https:\/\/news.ubbcluj.ro\/hu\/wp-content\/uploads\/2020\/10\/BBTE-LAB-FEKVO-01-1024x576.png\" alt=\"\" width=\"605\" height=\"340\" data-id=\"4490\" srcset=\"https:\/\/news.ubbcluj.ro\/hu\/wp-content\/uploads\/2020\/10\/BBTE-LAB-FEKVO-01-1024x576.png 1024w, https:\/\/news.ubbcluj.ro\/hu\/wp-content\/uploads\/2020\/10\/BBTE-LAB-FEKVO-01-300x169.png 300w, https:\/\/news.ubbcluj.ro\/hu\/wp-content\/uploads\/2020\/10\/BBTE-LAB-FEKVO-01-768x432.png 768w, https:\/\/news.ubbcluj.ro\/hu\/wp-content\/uploads\/2020\/10\/BBTE-LAB-FEKVO-01-1536x864.png 1536w, https:\/\/news.ubbcluj.ro\/hu\/wp-content\/uploads\/2020\/10\/BBTE-LAB-FEKVO-01-100x56.png 100w, https:\/\/news.ubbcluj.ro\/hu\/wp-content\/uploads\/2020\/10\/BBTE-LAB-FEKVO-01-150x84.png 150w, https:\/\/news.ubbcluj.ro\/hu\/wp-content\/uploads\/2020\/10\/BBTE-LAB-FEKVO-01-200x113.png 200w, https:\/\/news.ubbcluj.ro\/hu\/wp-content\/uploads\/2020\/10\/BBTE-LAB-FEKVO-01-450x253.png 450w, https:\/\/news.ubbcluj.ro\/hu\/wp-content\/uploads\/2020\/10\/BBTE-LAB-FEKVO-01-600x338.png 600w, https:\/\/news.ubbcluj.ro\/hu\/wp-content\/uploads\/2020\/10\/BBTE-LAB-FEKVO-01-900x506.png 900w, https:\/\/news.ubbcluj.ro\/hu\/wp-content\/uploads\/2020\/10\/BBTE-LAB-FEKVO-01.png 1920w\" sizes=\"(max-width: 605px) 100vw, 605px\" \/><\/a><\/p>\n<p>&nbsp;<\/p>\n<p>&nbsp;<\/p>\n","protected":false},"excerpt":{"rendered":"<p>K\u00f6zel f\u00e9l \u00e9v telt el az\u00f3ta, hogy a BBTE vezet\u0151s\u00e9ge \u00fagy d\u00f6nt\u00f6tt, a SARS-CoV-2 v\u00edrus terjed\u00e9s\u00e9nek lass\u00edt\u00e1sa \u00e9rdek\u00e9ben online platformokra \u201ek\u00f6lt\u00f6zteti \u00e1t\u201d a 2019\/2020-as tan\u00e9v m\u00e1sodik szemeszter\u00e9t. Nemcsak az egyetemi oktat\u00e1s, hanem a kutat\u00e1si projektek ter\u00e9n is \u00f3ri\u00e1si v\u00e1ltoz\u00e1sok \u00e1lltak &hellip;<\/p>\n<p class=\"read-more\"> <a class=\"more-link\" href=\"https:\/\/news.ubbcluj.ro\/hu\/bbte-lab-jarvanykorkep-geambasu-reka\/\"> <span class=\"screen-reader-text\">BBTE LAB J\u00e1rv\u00e1nyk\u00f6rk\u00e9p: Geamba\u0219u R\u00e9ka<\/span> Tov\u00e1bb &raquo;<\/a><\/p>\n","protected":false},"author":9,"featured_media":4490,"comment_status":"closed","ping_status":"closed","sticky":false,"template":"","format":"standard","meta":{"footnotes":""},"categories":[6],"tags":[],"yoast_head":"<!-- This site is optimized with the Yoast SEO plugin v21.9.1 - https:\/\/yoast.com\/wordpress\/plugins\/seo\/ -->\n<title>BBTE LAB J\u00e1rv\u00e1nyk\u00f6rk\u00e9p: Geamba\u0219u R\u00e9ka - Kommunik\u00e1ci\u00f3 \u00e9s PR iroda<\/title>\n<meta name=\"robots\" content=\"index, follow, max-snippet:-1, max-image-preview:large, max-video-preview:-1\" \/>\n<link rel=\"canonical\" href=\"https:\/\/news.ubbcluj.ro\/hu\/bbte-lab-jarvanykorkep-geambasu-reka\/\" \/>\n<meta property=\"og:locale\" content=\"hu_HU\" \/>\n<meta property=\"og:type\" content=\"article\" \/>\n<meta property=\"og:title\" content=\"BBTE LAB J\u00e1rv\u00e1nyk\u00f6rk\u00e9p: Geamba\u0219u R\u00e9ka - Kommunik\u00e1ci\u00f3 \u00e9s PR iroda\" \/>\n<meta property=\"og:description\" content=\"K\u00f6zel f\u00e9l \u00e9v telt el az\u00f3ta, hogy a BBTE vezet\u0151s\u00e9ge \u00fagy d\u00f6nt\u00f6tt, a SARS-CoV-2 v\u00edrus terjed\u00e9s\u00e9nek lass\u00edt\u00e1sa \u00e9rdek\u00e9ben online platformokra \u201ek\u00f6lt\u00f6zteti \u00e1t\u201d a 2019\/2020-as tan\u00e9v m\u00e1sodik szemeszter\u00e9t. Nemcsak az egyetemi oktat\u00e1s, hanem a kutat\u00e1si projektek ter\u00e9n is \u00f3ri\u00e1si v\u00e1ltoz\u00e1sok \u00e1lltak &hellip; BBTE LAB J\u00e1rv\u00e1nyk\u00f6rk\u00e9p: Geamba\u0219u R\u00e9ka Tov\u00e1bb &raquo;\" \/>\n<meta property=\"og:url\" content=\"https:\/\/news.ubbcluj.ro\/hu\/bbte-lab-jarvanykorkep-geambasu-reka\/\" \/>\n<meta property=\"og:site_name\" content=\"Kommunik\u00e1ci\u00f3 \u00e9s PR iroda\" \/>\n<meta property=\"article:published_time\" content=\"2020-11-10T09:11:58+00:00\" \/>\n<meta property=\"og:image\" content=\"https:\/\/news.ubbcluj.ro\/hu\/wp-content\/uploads\/2020\/10\/BBTE-LAB-FEKVO-01.png\" \/>\n\t<meta property=\"og:image:width\" content=\"1920\" \/>\n\t<meta property=\"og:image:height\" content=\"1080\" \/>\n\t<meta property=\"og:image:type\" content=\"image\/png\" \/>\n<meta name=\"author\" content=\"Bilibok Ren\u00e1ta\" \/>\n<meta name=\"twitter:card\" content=\"summary_large_image\" \/>\n<meta name=\"twitter:label1\" content=\"Szerz\u0151:\" \/>\n\t<meta name=\"twitter:data1\" content=\"Bilibok Ren\u00e1ta\" \/>\n\t<meta name=\"twitter:label2\" content=\"Becs\u00fclt olvas\u00e1si id\u0151\" \/>\n\t<meta name=\"twitter:data2\" content=\"10 perc\" \/>\n<script type=\"application\/ld+json\" class=\"yoast-schema-graph\">{\"@context\":\"https:\/\/schema.org\",\"@graph\":[{\"@type\":\"WebPage\",\"@id\":\"https:\/\/news.ubbcluj.ro\/hu\/bbte-lab-jarvanykorkep-geambasu-reka\/\",\"url\":\"https:\/\/news.ubbcluj.ro\/hu\/bbte-lab-jarvanykorkep-geambasu-reka\/\",\"name\":\"BBTE LAB J\u00e1rv\u00e1nyk\u00f6rk\u00e9p: Geamba\u0219u R\u00e9ka - Kommunik\u00e1ci\u00f3 \u00e9s PR iroda\",\"isPartOf\":{\"@id\":\"https:\/\/news.ubbcluj.ro\/hu\/#website\"},\"datePublished\":\"2020-11-10T09:11:58+00:00\",\"dateModified\":\"2020-11-10T09:11:58+00:00\",\"author\":{\"@id\":\"https:\/\/news.ubbcluj.ro\/hu\/#\/schema\/person\/0768248bd5e1ed05f87b7be96b4c3d9c\"},\"breadcrumb\":{\"@id\":\"https:\/\/news.ubbcluj.ro\/hu\/bbte-lab-jarvanykorkep-geambasu-reka\/#breadcrumb\"},\"inLanguage\":\"hu\",\"potentialAction\":[{\"@type\":\"ReadAction\",\"target\":[\"https:\/\/news.ubbcluj.ro\/hu\/bbte-lab-jarvanykorkep-geambasu-reka\/\"]}]},{\"@type\":\"BreadcrumbList\",\"@id\":\"https:\/\/news.ubbcluj.ro\/hu\/bbte-lab-jarvanykorkep-geambasu-reka\/#breadcrumb\",\"itemListElement\":[{\"@type\":\"ListItem\",\"position\":1,\"name\":\"Home\",\"item\":\"https:\/\/news.ubbcluj.ro\/hu\/\"},{\"@type\":\"ListItem\",\"position\":2,\"name\":\"BBTE LAB J\u00e1rv\u00e1nyk\u00f6rk\u00e9p: Geamba\u0219u R\u00e9ka\"}]},{\"@type\":\"WebSite\",\"@id\":\"https:\/\/news.ubbcluj.ro\/hu\/#website\",\"url\":\"https:\/\/news.ubbcluj.ro\/hu\/\",\"name\":\"Kommunik\u00e1ci\u00f3 \u00e9s PR iroda\",\"description\":\"Babe\u0219-Bolyai Tudom\u00e1negyetem\",\"potentialAction\":[{\"@type\":\"SearchAction\",\"target\":{\"@type\":\"EntryPoint\",\"urlTemplate\":\"https:\/\/news.ubbcluj.ro\/hu\/?s={search_term_string}\"},\"query-input\":\"required name=search_term_string\"}],\"inLanguage\":\"hu\"},{\"@type\":\"Person\",\"@id\":\"https:\/\/news.ubbcluj.ro\/hu\/#\/schema\/person\/0768248bd5e1ed05f87b7be96b4c3d9c\",\"name\":\"Bilibok Ren\u00e1ta\",\"url\":\"https:\/\/news.ubbcluj.ro\/hu\/author\/renata-bilibok\/\"}]}<\/script>\n<!-- \/ Yoast SEO plugin. -->","yoast_head_json":{"title":"BBTE LAB J\u00e1rv\u00e1nyk\u00f6rk\u00e9p: Geamba\u0219u R\u00e9ka - Kommunik\u00e1ci\u00f3 \u00e9s PR iroda","robots":{"index":"index","follow":"follow","max-snippet":"max-snippet:-1","max-image-preview":"max-image-preview:large","max-video-preview":"max-video-preview:-1"},"canonical":"https:\/\/news.ubbcluj.ro\/hu\/bbte-lab-jarvanykorkep-geambasu-reka\/","og_locale":"hu_HU","og_type":"article","og_title":"BBTE LAB J\u00e1rv\u00e1nyk\u00f6rk\u00e9p: Geamba\u0219u R\u00e9ka - Kommunik\u00e1ci\u00f3 \u00e9s PR iroda","og_description":"K\u00f6zel f\u00e9l \u00e9v telt el az\u00f3ta, hogy a BBTE vezet\u0151s\u00e9ge \u00fagy d\u00f6nt\u00f6tt, a SARS-CoV-2 v\u00edrus terjed\u00e9s\u00e9nek lass\u00edt\u00e1sa \u00e9rdek\u00e9ben online platformokra \u201ek\u00f6lt\u00f6zteti \u00e1t\u201d a 2019\/2020-as tan\u00e9v m\u00e1sodik szemeszter\u00e9t. Nemcsak az egyetemi oktat\u00e1s, hanem a kutat\u00e1si projektek ter\u00e9n is \u00f3ri\u00e1si v\u00e1ltoz\u00e1sok \u00e1lltak &hellip; BBTE LAB J\u00e1rv\u00e1nyk\u00f6rk\u00e9p: Geamba\u0219u R\u00e9ka Tov\u00e1bb &raquo;","og_url":"https:\/\/news.ubbcluj.ro\/hu\/bbte-lab-jarvanykorkep-geambasu-reka\/","og_site_name":"Kommunik\u00e1ci\u00f3 \u00e9s PR iroda","article_published_time":"2020-11-10T09:11:58+00:00","og_image":[{"width":1920,"height":1080,"url":"https:\/\/news.ubbcluj.ro\/hu\/wp-content\/uploads\/2020\/10\/BBTE-LAB-FEKVO-01.png","type":"image\/png"}],"author":"Bilibok Ren\u00e1ta","twitter_card":"summary_large_image","twitter_misc":{"Szerz\u0151:":"Bilibok Ren\u00e1ta","Becs\u00fclt olvas\u00e1si id\u0151":"10 perc"},"schema":{"@context":"https:\/\/schema.org","@graph":[{"@type":"WebPage","@id":"https:\/\/news.ubbcluj.ro\/hu\/bbte-lab-jarvanykorkep-geambasu-reka\/","url":"https:\/\/news.ubbcluj.ro\/hu\/bbte-lab-jarvanykorkep-geambasu-reka\/","name":"BBTE LAB J\u00e1rv\u00e1nyk\u00f6rk\u00e9p: Geamba\u0219u R\u00e9ka - Kommunik\u00e1ci\u00f3 \u00e9s PR iroda","isPartOf":{"@id":"https:\/\/news.ubbcluj.ro\/hu\/#website"},"datePublished":"2020-11-10T09:11:58+00:00","dateModified":"2020-11-10T09:11:58+00:00","author":{"@id":"https:\/\/news.ubbcluj.ro\/hu\/#\/schema\/person\/0768248bd5e1ed05f87b7be96b4c3d9c"},"breadcrumb":{"@id":"https:\/\/news.ubbcluj.ro\/hu\/bbte-lab-jarvanykorkep-geambasu-reka\/#breadcrumb"},"inLanguage":"hu","potentialAction":[{"@type":"ReadAction","target":["https:\/\/news.ubbcluj.ro\/hu\/bbte-lab-jarvanykorkep-geambasu-reka\/"]}]},{"@type":"BreadcrumbList","@id":"https:\/\/news.ubbcluj.ro\/hu\/bbte-lab-jarvanykorkep-geambasu-reka\/#breadcrumb","itemListElement":[{"@type":"ListItem","position":1,"name":"Home","item":"https:\/\/news.ubbcluj.ro\/hu\/"},{"@type":"ListItem","position":2,"name":"BBTE LAB J\u00e1rv\u00e1nyk\u00f6rk\u00e9p: Geamba\u0219u R\u00e9ka"}]},{"@type":"WebSite","@id":"https:\/\/news.ubbcluj.ro\/hu\/#website","url":"https:\/\/news.ubbcluj.ro\/hu\/","name":"Kommunik\u00e1ci\u00f3 \u00e9s PR iroda","description":"Babe\u0219-Bolyai Tudom\u00e1negyetem","potentialAction":[{"@type":"SearchAction","target":{"@type":"EntryPoint","urlTemplate":"https:\/\/news.ubbcluj.ro\/hu\/?s={search_term_string}"},"query-input":"required name=search_term_string"}],"inLanguage":"hu"},{"@type":"Person","@id":"https:\/\/news.ubbcluj.ro\/hu\/#\/schema\/person\/0768248bd5e1ed05f87b7be96b4c3d9c","name":"Bilibok Ren\u00e1ta","url":"https:\/\/news.ubbcluj.ro\/hu\/author\/renata-bilibok\/"}]}},"_links":{"self":[{"href":"https:\/\/news.ubbcluj.ro\/hu\/wp-json\/wp\/v2\/posts\/4614"}],"collection":[{"href":"https:\/\/news.ubbcluj.ro\/hu\/wp-json\/wp\/v2\/posts"}],"about":[{"href":"https:\/\/news.ubbcluj.ro\/hu\/wp-json\/wp\/v2\/types\/post"}],"author":[{"embeddable":true,"href":"https:\/\/news.ubbcluj.ro\/hu\/wp-json\/wp\/v2\/users\/9"}],"replies":[{"embeddable":true,"href":"https:\/\/news.ubbcluj.ro\/hu\/wp-json\/wp\/v2\/comments?post=4614"}],"version-history":[{"count":1,"href":"https:\/\/news.ubbcluj.ro\/hu\/wp-json\/wp\/v2\/posts\/4614\/revisions"}],"predecessor-version":[{"id":4615,"href":"https:\/\/news.ubbcluj.ro\/hu\/wp-json\/wp\/v2\/posts\/4614\/revisions\/4615"}],"wp:featuredmedia":[{"embeddable":true,"href":"https:\/\/news.ubbcluj.ro\/hu\/wp-json\/wp\/v2\/media\/4490"}],"wp:attachment":[{"href":"https:\/\/news.ubbcluj.ro\/hu\/wp-json\/wp\/v2\/media?parent=4614"}],"wp:term":[{"taxonomy":"category","embeddable":true,"href":"https:\/\/news.ubbcluj.ro\/hu\/wp-json\/wp\/v2\/categories?post=4614"},{"taxonomy":"post_tag","embeddable":true,"href":"https:\/\/news.ubbcluj.ro\/hu\/wp-json\/wp\/v2\/tags?post=4614"}],"curies":[{"name":"wp","href":"https:\/\/api.w.org\/{rel}","templated":true}]}}