{"id":4731,"date":"2020-12-08T14:00:41","date_gmt":"2020-12-08T12:00:41","guid":{"rendered":"https:\/\/news.ubbcluj.ro\/hu\/?p=4731"},"modified":"2020-12-08T14:00:41","modified_gmt":"2020-12-08T12:00:41","slug":"bbte-science-mikrointerjuk-1-canprim-az-onkologiai-kozpontokban-kezelt-elsodleges-egeszsegugyi-ellatasban-reszesitett-pacienseknel-jelentkezo-distressz-nyomon-kovetese-degi-laszlo-csaba","status":"publish","type":"post","link":"https:\/\/news.ubbcluj.ro\/hu\/bbte-science-mikrointerjuk-1-canprim-az-onkologiai-kozpontokban-kezelt-elsodleges-egeszsegugyi-ellatasban-reszesitett-pacienseknel-jelentkezo-distressz-nyomon-kovetese-degi-laszlo-csaba\/","title":{"rendered":"BBTE Science: Mikrointerj\u00fak 1. CANPRIM \u2013 Az onkol\u00f3giai k\u00f6zpontokban kezelt, els\u0151dleges eg\u00e9szs\u00e9g\u00fcgyi ell\u00e1t\u00e1sban r\u00e9szes\u00edtett p\u00e1ciensekn\u00e9l jelentkez\u0151 distressz nyomon k\u00f6vet\u00e9se (D\u00e9gi L\u00e1szl\u00f3 Csaba)"},"content":{"rendered":"<p><strong>Projekt t\u00edpusa:<\/strong> TE (Fiatal kutat\u00f3csoport l\u00e9trej\u00f6tt\u00e9t t\u00e1mogat\u00f3 projekt)<\/p>\n<p><strong>Projekt c\u00edme:<\/strong> <em>CANPRIM \u2013 Az onkol\u00f3giai k\u00f6zpontokban kezelt, els\u0151dleges eg\u00e9szs\u00e9g\u00fcgyi ell\u00e1t\u00e1sban r\u00e9szes\u00edtett p\u00e1ciensekn\u00e9l jelentkez\u0151 distressz nyomon k\u00f6vet\u00e9se<\/em> [CANPRIM \u2013 Studiu de urm\u0103rire a distresului pacien\u021bilor oncologici din centrele oncologice \u00een \u00eengrijirea primar\u0103]<\/p>\n<p><strong>Projektvezet\u0151:<\/strong> dr. D\u00e9gi L\u00e1szl\u00f3 Csaba, a Babe\u0219\u2013Bolyai Tudom\u00e1nyegyetem Szociol\u00f3gia \u00e9s Szoci\u00e1lis Munka Kar\u00e1nak habilit\u00e1lt egyetemi docense<\/p>\n<p>&nbsp;<\/p>\n<p><strong>Serest\u00e9ly Zal\u00e1n: Melyek a projekt fontosabb c\u00e9lkit\u0171z\u00e9sei, \u00e9s miben ragadhat\u00f3 meg az \u00fajdons\u00e1ga?<\/strong><\/p>\n<p><strong>D\u00e9gi L\u00e1szl\u00f3 Csaba:<\/strong> Az Eg\u00e9szs\u00e9g\u00fcgyi Vil\u00e1gszervezet (WHO) meghat\u00e1roz\u00e1sa szerint \u201eaz eg\u00e9szs\u00e9g a teljes testi, lelki \u00e9s t\u00e1rsas j\u00f3ll\u00e9t \u00e1llapota, \u00e9s nem puszt\u00e1n a betegs\u00e9g vagy a fogyat\u00e9koss\u00e1g hi\u00e1nya\u201d. Ment\u00e1lis eg\u00e9szs\u00e9g n\u00e9lk\u00fcl nincs eg\u00e9szs\u00e9g. A daganatos distressz a pszich\u00e9s szenved\u00e9s m\u00e9rc\u00e9je \u00e9s a rossz eg\u00e9szs\u00e9gi \u00e1llapot el\u0151rejelz\u0151je. A p\u00e1ciens \u00e1ltal tapasztalt \u00e9rzelmi \u00e9s szoci\u00e1lis szorong\u00e1s (pl. depresszi\u00f3, alkalmazkod\u00e1si rendelleness\u00e9gek \u00e9s megb\u00e9lyegz\u00e9s) a hatodik \u00e9letjel a h\u0151m\u00e9rs\u00e9klet, a l\u00e9gz\u00e9s, a pulzus, a v\u00e9rnyom\u00e1s \u00e9s a f\u00e1jdalom mellett. Az \u00e9rv\u00e9nyben l\u00e9v\u0151 klinikai ir\u00e1nyelveknek megfelel\u0151en a daganatos distressz felismer\u00e9s\u00e9t \u00e9s kezel\u00e9s\u00e9t nem szabad mell\u0151zni egyetlen daganatos p\u00e1ciens eset\u00e9ben sem, bele\u00e9rtve a daganatos j\u00e1r\u00f3betegeket is. A Nemzetk\u00f6zi Pszichoonkol\u00f3giai T\u00e1rsas\u00e1g (IPOS) emberjogi k\u00e9rd\u00e9snek tekinti a daganatos distressz felismer\u00e9s\u00e9t \u00e9s kezel\u00e9s\u00e9t, ez\u00e9rt k\u00fczd e jog elfogadtat\u00e1s\u00e1\u00e9rt. Transzeur\u00f3pai kutat\u00e1sok azt mutatt\u00e1k, hogy az Eur\u00f3pai Uni\u00f3 28 orsz\u00e1g\u00e1b\u00f3l 21-ben az onkol\u00f3giai pszichoszoci\u00e1lis ell\u00e1t\u00e1s szerepel az orsz\u00e1gos r\u00e1kellenes tervben, Rom\u00e1ni\u00e1ban azonban m\u00e9g nem.<\/p>\n<p>A r\u00e1k az egyik legs\u00falyosabb eg\u00e9szs\u00e9g\u00fcgyi fenyeget\u00e9s, amellyel az egy\u00e9n szembes\u00fclhet. M\u00edg az onkol\u00f3giai ell\u00e1t\u00e1sban, a r\u00e1k diagnosztiz\u00e1l\u00e1sa \u00e9s kezel\u00e9se sor\u00e1n a magasfok\u00fa daganatos distressz azonos\u00edt\u00e1sa \u00e9s enyh\u00edt\u00e9se az ut\u00f3bbi \u00e9vekben fontos kezdem\u00e9nyez\u00e9ss\u00e9 v\u00e1lt, az orvosi alapell\u00e1t\u00e1sban a daganatos distressz er\u0151sen korl\u00e1tozott figyelemben r\u00e9szes\u00fclt, Rom\u00e1ni\u00e1ban pedig egy\u00e1ltal\u00e1n nem foglalkoznak ezzel. Kulcsfontoss\u00e1g\u00fa meg\u00e9rteni a j\u00e1r\u00f3betegekn\u00e9l a magasfok\u00fa daganatos distressz szerep\u00e9t \u00e9s negat\u00edv hat\u00e1sait, k\u00fcl\u00f6n\u00f6sen a vesz\u00e9lyeztetett \u00e9s visszaes\u00e9sre hajlamos p\u00e1ciensek eset\u00e9ben, akik h\u00e1tr\u00e1nyos \u00e9letk\u00f6r\u00fclm\u00e9nyek k\u00f6z\u00f6tt \u00e9lnek.<\/p>\n<p>A CANPRIM az els\u0151 olyan kutat\u00e1s, amely a rom\u00e1niai orvosi alapell\u00e1t\u00e1sban a pszichoszoci\u00e1lis terhekre, a daganatos distresszre \u00e9s a lehets\u00e9ges megold\u00e1sokra fokusz\u00e1l\u00f3 bizony\u00edt\u00e9kokat gy\u0171jt daganatos j\u00e1r\u00f3betegek k\u00f6r\u00e9b\u0151l. Kutat\u00f3csapatunk (dr. K\u00e1llay \u00c9va egyetemi adjunktus, dr. M\u00fcller-F\u00e1bi\u00e1n Andrea egyetemi docens, Mihoc Alexandra Rebeca doktorandusz, Pustianu Val\u00e9ria Daniela mesteri hallgat\u00f3) azon daganatos j\u00e1r\u00f3betegek helyzet\u00e9t fogja tanulm\u00e1nyozni, akik a legink\u00e1bb haszn\u00e1t veszik a daganatos distressz kezel\u00e9s\u00e9nek, nyomon k\u00f6vetj\u00fck \u0151ket a betegs\u00e9g folyamat\u00e1ban, az onkol\u00f3giai szolg\u00e1ltat\u00e1sokt\u00f3l kezdve az alapell\u00e1t\u00e1son kereszt\u00fcl a csal\u00e1dorvosi rendel\u0151ig.<\/p>\n<p>A projekt fontosabb c\u00e9lkit\u0171z\u00e9sei:<\/p>\n<ul>\n<li>A daganatos j\u00e1r\u00f3betegek orsz\u00e1gos szinten t\u00f6rt\u00e9n\u0151 pszichoszoci\u00e1lis sz\u0171r\u00e9se.<\/li>\n<li>A j\u00e1r\u00f3betegek k\u00f6r\u00e9ben tapasztalhat\u00f3 daganatos distressz t\u00f6bb t\u00e9nyez\u0151j\u00e9nek azonos\u00edt\u00e1sa \u00e9s elemz\u00e9se az orvosi alapell\u00e1t\u00e1sban, t\u00f6bbv\u00e1ltoz\u00f3s statisztikai elemz\u00e9s seg\u00edts\u00e9g\u00e9vel.<\/li>\n<li>A pszichoszoci\u00e1lis distressz gyakoris\u00e1g\u00e1nak m\u00e9r\u00e9se, k\u00fcl\u00f6n\u00f6s tekintettel a depresszi\u00f3s t\u00fcnetekre \u00e9s a daganatos visszaes\u00e9st\u0151l val\u00f3 f\u00e9lelemre, a kiel\u00e9g\u00edtetlen inform\u00e1ci\u00f3ig\u00e9nyekre, a p\u00e1ciensek aggodalmaira \u00e9s a daganatos j\u00e1r\u00f3betegek alacsony szint\u0171 \u00e9letmin\u0151s\u00e9g\u00e9re.<\/li>\n<li>T\u00f6bbv\u00e1ltoz\u00f3s statisztikai elemz\u00e9s seg\u00edts\u00e9g\u00e9vel meghat\u00e1rozni a daganatos distressz, a daganatos visszaes\u00e9st\u0151l val\u00f3 f\u00e9lelem, az inform\u00e1ci\u00f3ig\u00e9nyek \u00e9s aggodalmak, valamint az \u00e9letmin\u0151s\u00e9g \u00f6sszef\u00fcgg\u00e9seit a daganatos j\u00e1r\u00f3betegek k\u00f6r\u00e9ben.<\/li>\n<li>Demogr\u00e1fiai, orvosi \u00e9s pszichoszoci\u00e1lis t\u00e9nyez\u0151k t\u00f6bbv\u00e1ltoz\u00f3s elemz\u00e9se.<\/li>\n<li>Megsz\u00f3l\u00edtani az eg\u00e9szs\u00e9g\u00fcgyi alapell\u00e1t\u00e1sban dolgoz\u00f3kat azzal kapcsolatban, hogy saj\u00e1t int\u00e9zm\u00e9ny\u00fckben mennyire bevett gyakorlat a daganatos distressz sz\u0171r\u00e9se, illetve hogy milyen pszichoszoci\u00e1lis szolg\u00e1ltat\u00e1sokat ny\u00fajtanak a daganatos j\u00e1r\u00f3betegeknek.<\/li>\n<\/ul>\n<p>A projekt hat\u00e1sa bizony\u00e1ra jelent\u0151s lesz, tekintetbe v\u00e9ve, hogy Rom\u00e1ni\u00e1ban \u00e9vente t\u00f6bb mint 82 000 \u00faj daganatos diagn\u00f3zist r\u00f6gz\u00edtenek, \u00e9s ez a sz\u00e1m \u00e9vr\u0151l \u00e9vre n\u00f6vekszik.<\/p>\n<p>A CANPRIM projekt \u00fajdons\u00e1ga \u00e9s eredetis\u00e9ge sokr\u00e9t\u0171. Jelenleg Rom\u00e1ni\u00e1ban nincsen m\u00e1s kutat\u00e1s, amely ezzel a probl\u00e9m\u00e1val foglalkozna, j\u00f3llehet, a vizsg\u00e1lt probl\u00e9ma hat\u00e1sa rendk\u00edv\u00fcl jelent\u0151s a daganatos j\u00e1r\u00f3betegekre, az alapell\u00e1t\u00e1sban dolgoz\u00f3kra, illetve az eg\u00e9szs\u00e9g\u00fcgyi \u00e9s a szoci\u00e1lis ell\u00e1t\u00f3rendszerekre. A kutat\u00e1s lehet\u0151s\u00e9get ny\u00fajt \u00f6sszehasonl\u00edtani a rom\u00e1niai daganatos j\u00e1r\u00f3betegek pszichoszoci\u00e1lis helyzet\u00e9t m\u00e1s eur\u00f3pai orsz\u00e1gok \u00e9s m\u00e1s fejlett r\u00e9gi\u00f3k p\u00e1cienseinek helyzet\u00e9vel. Kutat\u00e1sunk m\u00f3dszertani szempontb\u00f3l is egyed\u00fcl\u00e1ll\u00f3, olyan kvantitat\u00edv \u00e9s kvalitat\u00edv m\u00f3dszereket \u00f6tv\u00f6z\u00fcnk, amelyeket az eml\u00edtett eg\u00e9szs\u00e9g\u00fcgyi probl\u00e9m\u00e1k kutat\u00e1s\u00e1ban Rom\u00e1ni\u00e1ban eddig egy\u00e1ltal\u00e1n nem alkalmaztak. Fontos fejlem\u00e9nynek tartjuk tov\u00e1bb\u00e1, hogy projekt\u00fcnk megszerezte az Orsz\u00e1gos Csal\u00e1dorvosi T\u00e1rsas\u00e1g (SNMF) t\u00e1mogat\u00e1s\u00e1t is.<\/p>\n<p><strong>S. Z.: Milyen tudom\u00e1nyter\u00fcleteken zajlik, milyen tudom\u00e1nyter\u00fcleteket kapcsol \u00f6ssze a kutat\u00e1s?<\/strong><\/p>\n<p><strong>D. L. Cs.:<\/strong> A CANPRIM keret\u00e9ben az orvos- \u00e9s a t\u00e1rsadalomtudom\u00e1nyok tal\u00e1lkoznak. A magas pszichoszoci\u00e1lis kock\u00e1zat\u00fa daganatos j\u00e1r\u00f3betegeket beazonos\u00edt\u00f3 projekt eredm\u00e9nyei az orsz\u00e1gos r\u00e1kkutat\u00e1s szerves r\u00e9sz\u00e9v\u00e9 v\u00e1lhatnak. Egy olyan k\u00e9rd\u00e9sk\u00f6r, illetve koncepci\u00f3 tanulm\u00e1nyoz\u00e1s\u00e1ra v\u00e1llalkozunk, amely jelenleg hi\u00e1nyzik a rom\u00e1niai kutat\u00e1si programokb\u00f3l, azonban elengedhetetlen a daganatos j\u00e1r\u00f3betegek \u00e9letmin\u0151s\u00e9g\u00e9nek jav\u00edt\u00e1sa szempontj\u00e1b\u00f3l. A daganatos distressz minden onkol\u00f3giai betegs\u00e9g kapcs\u00e1n felmer\u00fcl\u0151 kock\u00e1zati t\u00e9nyez\u0151. \u00c1ltal\u00e1ban a fejlett hazai r\u00e9gi\u00f3kban nagyon kissz\u00e1m\u00fa daganatosdistressz-sz\u0171r\u00e9st v\u00e9geznek az orvosi alapell\u00e1t\u00e1s sor\u00e1n, mivel a legt\u00f6bb helyen nem haszn\u00e1lnak szabv\u00e1nyos\u00edtott form\u00e1tumot e sz\u0171r\u00e9s elv\u00e9gz\u00e9s\u00e9re \u00e9s a megszerzett adatok r\u00f6gz\u00edt\u00e9s\u00e9re. Tudom\u00e1sunk szerint a rom\u00e1niai csal\u00e1dorvosi rendszerben szinte egy\u00e1ltal\u00e1n nem sz\u0171rik a daganatos betegek distresszszintj\u00e9t. A legfrissebb adatok azt mutatj\u00e1k, hogy a daganatos distressz monitoriz\u00e1l\u00e1sa r\u00e1vil\u00e1g\u00edthat a p\u00e1ciensek relev\u00e1ns probl\u00e9m\u00e1ira, valamint olyan gondjaikra, amelyeket m\u00e1s eszk\u00f6z\u00f6kkel nem azonos\u00edtottak volna. A daganatos distressz sz\u0171r\u00e9se nagy val\u00f3sz\u00edn\u0171s\u00e9ggel el\u0151seg\u00edtheti a klinikai kommunik\u00e1ci\u00f3t \u00e9s a pszichoszoci\u00e1lis seg\u00edts\u00e9gny\u00fajt\u00e1st.<\/p>\n<p>Alapvet\u0151 fontoss\u00e1g\u00fa meg\u00e9rteni a daganatos betegs\u00e9gek posztdiagnosztikai lehet\u0151s\u00e9geit, azonban Rom\u00e1ni\u00e1ban jelenleg alig-alig sz\u00fcletnek kutat\u00e1sok ezen a ter\u00fcleten. A stigmatiz\u00e1l\u00e1s \u00e9s a tagad\u00e1s tov\u00e1bbra is \u00e9rv\u00e9nyben van egy olyan orsz\u00e1gban, ahol a r\u00e1k m\u00e9g mindig egyenl\u0151 a hal\u00e1lb\u00e9lyeggel. Az alacsony \u00e9s k\u00f6zepes j\u00f6vedelm\u0171 orsz\u00e1gokban, k\u00f6zt\u00fck Rom\u00e1ni\u00e1ban, elt\u00e9r\u0151 elk\u00e9pzel\u00e9sek l\u00e9teznek az eg\u00e9szs\u00e9gr\u0151l, \u00e1m jellemz\u0151, hogy fatalista szempontb\u00f3l tekintenek a vil\u00e1gra: \u00fagy gondolj\u00e1k, hogy a r\u00e1k hal\u00e1los \u00edt\u00e9let vagy valamilyen b\u00fcntet\u00e9s. Enn\u00e9lfogva Rom\u00e1ni\u00e1ban indokolt a daganatos betegs\u00e9gek pszichoszoci\u00e1lis vonatkoz\u00e1sait behat\u00f3bban vizsg\u00e1lni, ahogyan a daganatosdistressz-sz\u0171r\u00e9s is fokozottan aj\u00e1nlott a j\u00e1r\u00f3betegek eset\u00e9ben. A kezeletlen, fel\u00fcgyelet n\u00e9lk\u00fcli, magasfok\u00fa szorong\u00e1s, depresszi\u00f3 \u00e9s harag t\u00fcnetei, illetve a r\u00e1k megism\u00e9tl\u0151d\u00e9s\u00e9vel kapcsolatos f\u00e9lelmek h\u00e1tr\u00e1ltatj\u00e1k az orvosi kommunik\u00e1ci\u00f3t, a p\u00e1ciens\u2013orvos interakci\u00f3t \u00e9s az \u00e9letm\u00f3ddal kapcsolatos t\u00e9nyez\u0151k kezel\u00e9s\u00e9t. A daganatos distressz \u00e9s f\u0151k\u00e9nt a depresszi\u00f3s t\u00fcnetek \u2013 az \u00e9bers\u00e9g cs\u00f6kken\u00e9se \u00e9s magatart\u00e1sbeli v\u00e1ltoz\u00e1sok miatt \u2013 szint\u00e9n g\u00e1tolhatj\u00e1k az orvos\u2013beteg egy\u00fcttm\u0171k\u00f6d\u00e9st.<\/p>\n<p><strong>S. Z.: Milyen relevanci\u00e1val b\u00edrnak, milyen ter\u00fcleteken alkalmazhat\u00f3k a projekt v\u00e1rhat\u00f3 eredm\u00e9nyei?<\/strong><\/p>\n<p><strong>D. L. Cs.<\/strong>: projekt\u00fcnk hozz\u00e1j\u00e1rul a daganatos distresszel, az \u00e9letmin\u0151s\u00e9ggel, az inform\u00e1ci\u00f3ig\u00e9nnyel, a p\u00e1ciensek aggodalmaival \u00e9s a r\u00e1k visszat\u00e9r\u00e9s\u00e9t\u0151l val\u00f3 f\u00e9lelemmel foglalkoz\u00f3 tudom\u00e1nyos elm\u00e9letek fejleszt\u00e9s\u00e9hez. Rendk\u00edv\u00fcl fontos, hogy bizony\u00edt\u00e9kokat gy\u0171jts\u00fcnk err\u0151l a ter\u00fcletr\u0151l, \u00e9s seg\u00edts\u00fck ez\u00e1ltal az alapell\u00e1t\u00e1sbeli szolg\u00e1ltat\u00f3k pszichoszoci\u00e1lis tev\u00e9kenys\u00e9g\u00e9t.<\/p>\n<p>Projekt\u00fcnk egy hosszabb folyamat els\u0151 l\u00e9p\u00e9s\u00e9nek tekinthet\u0151. Ebben a f\u00e1zisban szeretn\u00e9nk enyh\u00edteni a kutat\u00e1sban r\u00e9szt vev\u0151 p\u00e1ciensekre nehezed\u0151 daganatos distresszt, cs\u00f6kkenteni \u00e9letmin\u0151s\u00e9g\u00fck roml\u00e1s\u00e1nak kock\u00e1zat\u00e1t, \u00a0kiel\u00e9g\u00edteni inform\u00e1ci\u00f3ig\u00e9nyeiket, \u00e9s mindezek r\u00e9v\u00e9n n\u00f6velni j\u00f6v\u0151beni eg\u00e9szs\u00e9g\u00fcgyi es\u00e9lyeiket. Projekt\u00fcnk hossz\u00fa t\u00e1v\u00fa c\u00e9lja az els\u0151dleges eg\u00e9szs\u00e9g\u00fcgyi szolg\u00e1ltat\u00f3k tehermentes\u00edt\u00e9se az\u00e1ltal, hogy \u2013 t\u00f6bbek k\u00f6zt daganatosdistressz-sz\u0171r\u00e9ssel \u2013 felm\u00e9rj\u00fck pszichoszoci\u00e1lis szempontb\u00f3l az alapell\u00e1t\u00e1sban r\u00e9szes\u00fcl\u0151 daganatos betegek helyzet\u00e9t, beazonos\u00edtva a legs\u00e9r\u00fcl\u00e9kenyebb daganatos p\u00e1cienseket. Ezzel v\u00e1rhat\u00f3an hozz\u00e1j\u00e1rulunk az onkol\u00f3giai pszichoszoci\u00e1lis szolg\u00e1ltat\u00e1sok fejleszt\u00e9s\u00e9hez is a rom\u00e1n k\u00f6zeg\u00e9szs\u00e9g\u00fcgyi rendszerben. V\u00e9g\u00fcl pedig projekt\u00fcnk n\u00f6veli prim\u00e9r orvosi ell\u00e1t\u00f3rendszer\u00fcnk kapacit\u00e1s\u00e1t, hogy az pszichoszoci\u00e1lis szolg\u00e1ltat\u00e1sokat is ny\u00fajthasson a hazai daganatos p\u00e1ciensek sz\u00e1m\u00e1ra. A pszichoszoci\u00e1lis sz\u0171r\u00e9s, az \u00e9rt\u00e9kel\u00e9sek \u00e9s beavatkoz\u00e1sok tov\u00e1bbra is a legink\u00e1bb bev\u00e1lt strat\u00e9gi\u00e1k a daganatos distresszel kapcsolatos helyzet jav\u00edt\u00e1s\u00e1ra.<\/p>\n<p>A CANPRIM teh\u00e1t kiterjeszti a daganatos distressz sz\u0171r\u00e9s\u00e9nek jelenlegi lehet\u0151s\u00e9geit az\u00e1ltal, hogy bevonja a daganatosdistressz-felm\u00e9r\u00e9st a rom\u00e1niai orvosi alapell\u00e1t\u00e1sba. A s\u00falyos daganatos distressz kisz\u0171r\u00e9se nemcsak a beteg jav\u00e1t szolg\u00e1lja, hanem id\u0151t is megsp\u00f3rol az alapell\u00e1t\u00e1st ny\u00fajt\u00f3k sz\u00e1m\u00e1ra, jav\u00edtja a betegek el\u00e9gedetts\u00e9g\u00e9t az eg\u00e9szs\u00e9g\u00fcgyi szolg\u00e1ltat\u00e1ssal, \u00e9s cs\u00f6kkenti az orvosi l\u00e1togat\u00e1sok k\u00f6lts\u00e9geit is. A daganatos distressz sz\u0171r\u00e9se \u00e1ltal kutat\u00e1sunk hozz\u00e1j\u00e1rul a pszichoszoci\u00e1lis t\u00e9nyez\u0151k \u00e9s az orvosi alapell\u00e1t\u00e1sban felmer\u00fcl\u0151, r\u00e1kkal kapcsolatos k\u00e9rd\u00e9sek alaposabb meg\u00e9rt\u00e9s\u00e9hez is. \u00daj ismereteket \u00e9s \u00faj eszk\u00f6z\u00f6ket ny\u00fajt, tov\u00e1bb\u00e1 bepillant\u00e1st enged a daganatos j\u00e1r\u00f3betegek \u201efekete doboz\u00e1ba\u201d egy t\u00e1rsadalmilag \u00e9s etnikailag soksz\u00edn\u0171, orsz\u00e1gos mint\u00e1ra t\u00e1maszkodva.<\/p>\n<p>&nbsp;<\/p>\n","protected":false},"excerpt":{"rendered":"<p>Projekt t\u00edpusa: TE (Fiatal kutat\u00f3csoport l\u00e9trej\u00f6tt\u00e9t t\u00e1mogat\u00f3 projekt) Projekt c\u00edme: CANPRIM \u2013 Az onkol\u00f3giai k\u00f6zpontokban kezelt, els\u0151dleges eg\u00e9szs\u00e9g\u00fcgyi ell\u00e1t\u00e1sban r\u00e9szes\u00edtett p\u00e1ciensekn\u00e9l jelentkez\u0151 distressz nyomon k\u00f6vet\u00e9se [CANPRIM \u2013 Studiu de urm\u0103rire a distresului pacien\u021bilor oncologici din centrele oncologice \u00een \u00eengrijirea primar\u0103] &hellip;<\/p>\n<p class=\"read-more\"> <a class=\"more-link\" href=\"https:\/\/news.ubbcluj.ro\/hu\/bbte-science-mikrointerjuk-1-canprim-az-onkologiai-kozpontokban-kezelt-elsodleges-egeszsegugyi-ellatasban-reszesitett-pacienseknel-jelentkezo-distressz-nyomon-kovetese-degi-laszlo-csaba\/\"> <span class=\"screen-reader-text\">BBTE Science: Mikrointerj\u00fak 1. CANPRIM \u2013 Az onkol\u00f3giai k\u00f6zpontokban kezelt, els\u0151dleges eg\u00e9szs\u00e9g\u00fcgyi ell\u00e1t\u00e1sban r\u00e9szes\u00edtett p\u00e1ciensekn\u00e9l jelentkez\u0151 distressz nyomon k\u00f6vet\u00e9se (D\u00e9gi L\u00e1szl\u00f3 Csaba)<\/span> Tov\u00e1bb &raquo;<\/a><\/p>\n","protected":false},"author":9,"featured_media":4732,"comment_status":"closed","ping_status":"closed","sticky":false,"template":"","format":"standard","meta":{"footnotes":""},"categories":[6],"tags":[],"yoast_head":"<!-- This site is optimized with the Yoast SEO plugin v21.9.1 - https:\/\/yoast.com\/wordpress\/plugins\/seo\/ -->\n<title>BBTE Science: Mikrointerj\u00fak 1. CANPRIM \u2013 Az onkol\u00f3giai k\u00f6zpontokban kezelt, els\u0151dleges eg\u00e9szs\u00e9g\u00fcgyi ell\u00e1t\u00e1sban r\u00e9szes\u00edtett p\u00e1ciensekn\u00e9l jelentkez\u0151 distressz nyomon k\u00f6vet\u00e9se (D\u00e9gi L\u00e1szl\u00f3 Csaba) - Kommunik\u00e1ci\u00f3 \u00e9s PR iroda<\/title>\n<meta name=\"robots\" content=\"index, follow, max-snippet:-1, max-image-preview:large, max-video-preview:-1\" \/>\n<link rel=\"canonical\" href=\"https:\/\/news.ubbcluj.ro\/hu\/bbte-science-mikrointerjuk-1-canprim-az-onkologiai-kozpontokban-kezelt-elsodleges-egeszsegugyi-ellatasban-reszesitett-pacienseknel-jelentkezo-distressz-nyomon-kovetese-degi-laszlo-csaba\/\" \/>\n<meta property=\"og:locale\" content=\"hu_HU\" \/>\n<meta property=\"og:type\" content=\"article\" \/>\n<meta property=\"og:title\" content=\"BBTE Science: Mikrointerj\u00fak 1. CANPRIM \u2013 Az onkol\u00f3giai k\u00f6zpontokban kezelt, els\u0151dleges eg\u00e9szs\u00e9g\u00fcgyi ell\u00e1t\u00e1sban r\u00e9szes\u00edtett p\u00e1ciensekn\u00e9l jelentkez\u0151 distressz nyomon k\u00f6vet\u00e9se (D\u00e9gi L\u00e1szl\u00f3 Csaba) - Kommunik\u00e1ci\u00f3 \u00e9s PR iroda\" \/>\n<meta property=\"og:description\" content=\"Projekt t\u00edpusa: TE (Fiatal kutat\u00f3csoport l\u00e9trej\u00f6tt\u00e9t t\u00e1mogat\u00f3 projekt) Projekt c\u00edme: CANPRIM \u2013 Az onkol\u00f3giai k\u00f6zpontokban kezelt, els\u0151dleges eg\u00e9szs\u00e9g\u00fcgyi ell\u00e1t\u00e1sban r\u00e9szes\u00edtett p\u00e1ciensekn\u00e9l jelentkez\u0151 distressz nyomon k\u00f6vet\u00e9se [CANPRIM \u2013 Studiu de urm\u0103rire a distresului pacien\u021bilor oncologici din centrele oncologice \u00een \u00eengrijirea primar\u0103] &hellip; BBTE Science: Mikrointerj\u00fak 1. CANPRIM \u2013 Az onkol\u00f3giai k\u00f6zpontokban kezelt, els\u0151dleges eg\u00e9szs\u00e9g\u00fcgyi ell\u00e1t\u00e1sban r\u00e9szes\u00edtett p\u00e1ciensekn\u00e9l jelentkez\u0151 distressz nyomon k\u00f6vet\u00e9se (D\u00e9gi L\u00e1szl\u00f3 Csaba) Tov\u00e1bb &raquo;\" \/>\n<meta property=\"og:url\" content=\"https:\/\/news.ubbcluj.ro\/hu\/bbte-science-mikrointerjuk-1-canprim-az-onkologiai-kozpontokban-kezelt-elsodleges-egeszsegugyi-ellatasban-reszesitett-pacienseknel-jelentkezo-distressz-nyomon-kovetese-degi-laszlo-csaba\/\" \/>\n<meta property=\"og:site_name\" content=\"Kommunik\u00e1ci\u00f3 \u00e9s PR iroda\" \/>\n<meta property=\"article:published_time\" content=\"2020-12-08T12:00:41+00:00\" \/>\n<meta property=\"og:image\" content=\"https:\/\/news.ubbcluj.ro\/hu\/wp-content\/uploads\/2020\/12\/bbtescience_facebook-03-e1607428809347.png\" \/>\n\t<meta property=\"og:image:width\" content=\"1080\" \/>\n\t<meta property=\"og:image:height\" content=\"988\" \/>\n\t<meta property=\"og:image:type\" content=\"image\/png\" \/>\n<meta name=\"author\" content=\"Bilibok Ren\u00e1ta\" \/>\n<meta name=\"twitter:card\" content=\"summary_large_image\" \/>\n<meta name=\"twitter:label1\" content=\"Szerz\u0151:\" \/>\n\t<meta name=\"twitter:data1\" content=\"Bilibok Ren\u00e1ta\" \/>\n\t<meta name=\"twitter:label2\" content=\"Becs\u00fclt olvas\u00e1si id\u0151\" \/>\n\t<meta name=\"twitter:data2\" content=\"10 perc\" \/>\n<script type=\"application\/ld+json\" class=\"yoast-schema-graph\">{\"@context\":\"https:\/\/schema.org\",\"@graph\":[{\"@type\":\"WebPage\",\"@id\":\"https:\/\/news.ubbcluj.ro\/hu\/bbte-science-mikrointerjuk-1-canprim-az-onkologiai-kozpontokban-kezelt-elsodleges-egeszsegugyi-ellatasban-reszesitett-pacienseknel-jelentkezo-distressz-nyomon-kovetese-degi-laszlo-csaba\/\",\"url\":\"https:\/\/news.ubbcluj.ro\/hu\/bbte-science-mikrointerjuk-1-canprim-az-onkologiai-kozpontokban-kezelt-elsodleges-egeszsegugyi-ellatasban-reszesitett-pacienseknel-jelentkezo-distressz-nyomon-kovetese-degi-laszlo-csaba\/\",\"name\":\"BBTE Science: Mikrointerj\u00fak 1. CANPRIM \u2013 Az onkol\u00f3giai k\u00f6zpontokban kezelt, els\u0151dleges eg\u00e9szs\u00e9g\u00fcgyi ell\u00e1t\u00e1sban r\u00e9szes\u00edtett p\u00e1ciensekn\u00e9l jelentkez\u0151 distressz nyomon k\u00f6vet\u00e9se (D\u00e9gi L\u00e1szl\u00f3 Csaba) - Kommunik\u00e1ci\u00f3 \u00e9s PR iroda\",\"isPartOf\":{\"@id\":\"https:\/\/news.ubbcluj.ro\/hu\/#website\"},\"datePublished\":\"2020-12-08T12:00:41+00:00\",\"dateModified\":\"2020-12-08T12:00:41+00:00\",\"author\":{\"@id\":\"https:\/\/news.ubbcluj.ro\/hu\/#\/schema\/person\/0768248bd5e1ed05f87b7be96b4c3d9c\"},\"breadcrumb\":{\"@id\":\"https:\/\/news.ubbcluj.ro\/hu\/bbte-science-mikrointerjuk-1-canprim-az-onkologiai-kozpontokban-kezelt-elsodleges-egeszsegugyi-ellatasban-reszesitett-pacienseknel-jelentkezo-distressz-nyomon-kovetese-degi-laszlo-csaba\/#breadcrumb\"},\"inLanguage\":\"hu\",\"potentialAction\":[{\"@type\":\"ReadAction\",\"target\":[\"https:\/\/news.ubbcluj.ro\/hu\/bbte-science-mikrointerjuk-1-canprim-az-onkologiai-kozpontokban-kezelt-elsodleges-egeszsegugyi-ellatasban-reszesitett-pacienseknel-jelentkezo-distressz-nyomon-kovetese-degi-laszlo-csaba\/\"]}]},{\"@type\":\"BreadcrumbList\",\"@id\":\"https:\/\/news.ubbcluj.ro\/hu\/bbte-science-mikrointerjuk-1-canprim-az-onkologiai-kozpontokban-kezelt-elsodleges-egeszsegugyi-ellatasban-reszesitett-pacienseknel-jelentkezo-distressz-nyomon-kovetese-degi-laszlo-csaba\/#breadcrumb\",\"itemListElement\":[{\"@type\":\"ListItem\",\"position\":1,\"name\":\"Home\",\"item\":\"https:\/\/news.ubbcluj.ro\/hu\/\"},{\"@type\":\"ListItem\",\"position\":2,\"name\":\"BBTE Science: Mikrointerj\u00fak 1. CANPRIM \u2013 Az onkol\u00f3giai k\u00f6zpontokban kezelt, els\u0151dleges eg\u00e9szs\u00e9g\u00fcgyi ell\u00e1t\u00e1sban r\u00e9szes\u00edtett p\u00e1ciensekn\u00e9l jelentkez\u0151 distressz nyomon k\u00f6vet\u00e9se (D\u00e9gi L\u00e1szl\u00f3 Csaba)\"}]},{\"@type\":\"WebSite\",\"@id\":\"https:\/\/news.ubbcluj.ro\/hu\/#website\",\"url\":\"https:\/\/news.ubbcluj.ro\/hu\/\",\"name\":\"Kommunik\u00e1ci\u00f3 \u00e9s PR iroda\",\"description\":\"Babe\u0219-Bolyai Tudom\u00e1negyetem\",\"potentialAction\":[{\"@type\":\"SearchAction\",\"target\":{\"@type\":\"EntryPoint\",\"urlTemplate\":\"https:\/\/news.ubbcluj.ro\/hu\/?s={search_term_string}\"},\"query-input\":\"required name=search_term_string\"}],\"inLanguage\":\"hu\"},{\"@type\":\"Person\",\"@id\":\"https:\/\/news.ubbcluj.ro\/hu\/#\/schema\/person\/0768248bd5e1ed05f87b7be96b4c3d9c\",\"name\":\"Bilibok Ren\u00e1ta\",\"url\":\"https:\/\/news.ubbcluj.ro\/hu\/author\/renata-bilibok\/\"}]}<\/script>\n<!-- \/ Yoast SEO plugin. -->","yoast_head_json":{"title":"BBTE Science: Mikrointerj\u00fak 1. CANPRIM \u2013 Az onkol\u00f3giai k\u00f6zpontokban kezelt, els\u0151dleges eg\u00e9szs\u00e9g\u00fcgyi ell\u00e1t\u00e1sban r\u00e9szes\u00edtett p\u00e1ciensekn\u00e9l jelentkez\u0151 distressz nyomon k\u00f6vet\u00e9se (D\u00e9gi L\u00e1szl\u00f3 Csaba) - Kommunik\u00e1ci\u00f3 \u00e9s PR iroda","robots":{"index":"index","follow":"follow","max-snippet":"max-snippet:-1","max-image-preview":"max-image-preview:large","max-video-preview":"max-video-preview:-1"},"canonical":"https:\/\/news.ubbcluj.ro\/hu\/bbte-science-mikrointerjuk-1-canprim-az-onkologiai-kozpontokban-kezelt-elsodleges-egeszsegugyi-ellatasban-reszesitett-pacienseknel-jelentkezo-distressz-nyomon-kovetese-degi-laszlo-csaba\/","og_locale":"hu_HU","og_type":"article","og_title":"BBTE Science: Mikrointerj\u00fak 1. CANPRIM \u2013 Az onkol\u00f3giai k\u00f6zpontokban kezelt, els\u0151dleges eg\u00e9szs\u00e9g\u00fcgyi ell\u00e1t\u00e1sban r\u00e9szes\u00edtett p\u00e1ciensekn\u00e9l jelentkez\u0151 distressz nyomon k\u00f6vet\u00e9se (D\u00e9gi L\u00e1szl\u00f3 Csaba) - Kommunik\u00e1ci\u00f3 \u00e9s PR iroda","og_description":"Projekt t\u00edpusa: TE (Fiatal kutat\u00f3csoport l\u00e9trej\u00f6tt\u00e9t t\u00e1mogat\u00f3 projekt) Projekt c\u00edme: CANPRIM \u2013 Az onkol\u00f3giai k\u00f6zpontokban kezelt, els\u0151dleges eg\u00e9szs\u00e9g\u00fcgyi ell\u00e1t\u00e1sban r\u00e9szes\u00edtett p\u00e1ciensekn\u00e9l jelentkez\u0151 distressz nyomon k\u00f6vet\u00e9se [CANPRIM \u2013 Studiu de urm\u0103rire a distresului pacien\u021bilor oncologici din centrele oncologice \u00een \u00eengrijirea primar\u0103] &hellip; BBTE Science: Mikrointerj\u00fak 1. CANPRIM \u2013 Az onkol\u00f3giai k\u00f6zpontokban kezelt, els\u0151dleges eg\u00e9szs\u00e9g\u00fcgyi ell\u00e1t\u00e1sban r\u00e9szes\u00edtett p\u00e1ciensekn\u00e9l jelentkez\u0151 distressz nyomon k\u00f6vet\u00e9se (D\u00e9gi L\u00e1szl\u00f3 Csaba) Tov\u00e1bb &raquo;","og_url":"https:\/\/news.ubbcluj.ro\/hu\/bbte-science-mikrointerjuk-1-canprim-az-onkologiai-kozpontokban-kezelt-elsodleges-egeszsegugyi-ellatasban-reszesitett-pacienseknel-jelentkezo-distressz-nyomon-kovetese-degi-laszlo-csaba\/","og_site_name":"Kommunik\u00e1ci\u00f3 \u00e9s PR iroda","article_published_time":"2020-12-08T12:00:41+00:00","og_image":[{"width":1080,"height":988,"url":"https:\/\/news.ubbcluj.ro\/hu\/wp-content\/uploads\/2020\/12\/bbtescience_facebook-03-e1607428809347.png","type":"image\/png"}],"author":"Bilibok Ren\u00e1ta","twitter_card":"summary_large_image","twitter_misc":{"Szerz\u0151:":"Bilibok Ren\u00e1ta","Becs\u00fclt olvas\u00e1si id\u0151":"10 perc"},"schema":{"@context":"https:\/\/schema.org","@graph":[{"@type":"WebPage","@id":"https:\/\/news.ubbcluj.ro\/hu\/bbte-science-mikrointerjuk-1-canprim-az-onkologiai-kozpontokban-kezelt-elsodleges-egeszsegugyi-ellatasban-reszesitett-pacienseknel-jelentkezo-distressz-nyomon-kovetese-degi-laszlo-csaba\/","url":"https:\/\/news.ubbcluj.ro\/hu\/bbte-science-mikrointerjuk-1-canprim-az-onkologiai-kozpontokban-kezelt-elsodleges-egeszsegugyi-ellatasban-reszesitett-pacienseknel-jelentkezo-distressz-nyomon-kovetese-degi-laszlo-csaba\/","name":"BBTE Science: Mikrointerj\u00fak 1. CANPRIM \u2013 Az onkol\u00f3giai k\u00f6zpontokban kezelt, els\u0151dleges eg\u00e9szs\u00e9g\u00fcgyi ell\u00e1t\u00e1sban r\u00e9szes\u00edtett p\u00e1ciensekn\u00e9l jelentkez\u0151 distressz nyomon k\u00f6vet\u00e9se (D\u00e9gi L\u00e1szl\u00f3 Csaba) - Kommunik\u00e1ci\u00f3 \u00e9s PR iroda","isPartOf":{"@id":"https:\/\/news.ubbcluj.ro\/hu\/#website"},"datePublished":"2020-12-08T12:00:41+00:00","dateModified":"2020-12-08T12:00:41+00:00","author":{"@id":"https:\/\/news.ubbcluj.ro\/hu\/#\/schema\/person\/0768248bd5e1ed05f87b7be96b4c3d9c"},"breadcrumb":{"@id":"https:\/\/news.ubbcluj.ro\/hu\/bbte-science-mikrointerjuk-1-canprim-az-onkologiai-kozpontokban-kezelt-elsodleges-egeszsegugyi-ellatasban-reszesitett-pacienseknel-jelentkezo-distressz-nyomon-kovetese-degi-laszlo-csaba\/#breadcrumb"},"inLanguage":"hu","potentialAction":[{"@type":"ReadAction","target":["https:\/\/news.ubbcluj.ro\/hu\/bbte-science-mikrointerjuk-1-canprim-az-onkologiai-kozpontokban-kezelt-elsodleges-egeszsegugyi-ellatasban-reszesitett-pacienseknel-jelentkezo-distressz-nyomon-kovetese-degi-laszlo-csaba\/"]}]},{"@type":"BreadcrumbList","@id":"https:\/\/news.ubbcluj.ro\/hu\/bbte-science-mikrointerjuk-1-canprim-az-onkologiai-kozpontokban-kezelt-elsodleges-egeszsegugyi-ellatasban-reszesitett-pacienseknel-jelentkezo-distressz-nyomon-kovetese-degi-laszlo-csaba\/#breadcrumb","itemListElement":[{"@type":"ListItem","position":1,"name":"Home","item":"https:\/\/news.ubbcluj.ro\/hu\/"},{"@type":"ListItem","position":2,"name":"BBTE Science: Mikrointerj\u00fak 1. CANPRIM \u2013 Az onkol\u00f3giai k\u00f6zpontokban kezelt, els\u0151dleges eg\u00e9szs\u00e9g\u00fcgyi ell\u00e1t\u00e1sban r\u00e9szes\u00edtett p\u00e1ciensekn\u00e9l jelentkez\u0151 distressz nyomon k\u00f6vet\u00e9se (D\u00e9gi L\u00e1szl\u00f3 Csaba)"}]},{"@type":"WebSite","@id":"https:\/\/news.ubbcluj.ro\/hu\/#website","url":"https:\/\/news.ubbcluj.ro\/hu\/","name":"Kommunik\u00e1ci\u00f3 \u00e9s PR iroda","description":"Babe\u0219-Bolyai Tudom\u00e1negyetem","potentialAction":[{"@type":"SearchAction","target":{"@type":"EntryPoint","urlTemplate":"https:\/\/news.ubbcluj.ro\/hu\/?s={search_term_string}"},"query-input":"required name=search_term_string"}],"inLanguage":"hu"},{"@type":"Person","@id":"https:\/\/news.ubbcluj.ro\/hu\/#\/schema\/person\/0768248bd5e1ed05f87b7be96b4c3d9c","name":"Bilibok Ren\u00e1ta","url":"https:\/\/news.ubbcluj.ro\/hu\/author\/renata-bilibok\/"}]}},"_links":{"self":[{"href":"https:\/\/news.ubbcluj.ro\/hu\/wp-json\/wp\/v2\/posts\/4731"}],"collection":[{"href":"https:\/\/news.ubbcluj.ro\/hu\/wp-json\/wp\/v2\/posts"}],"about":[{"href":"https:\/\/news.ubbcluj.ro\/hu\/wp-json\/wp\/v2\/types\/post"}],"author":[{"embeddable":true,"href":"https:\/\/news.ubbcluj.ro\/hu\/wp-json\/wp\/v2\/users\/9"}],"replies":[{"embeddable":true,"href":"https:\/\/news.ubbcluj.ro\/hu\/wp-json\/wp\/v2\/comments?post=4731"}],"version-history":[{"count":1,"href":"https:\/\/news.ubbcluj.ro\/hu\/wp-json\/wp\/v2\/posts\/4731\/revisions"}],"predecessor-version":[{"id":4733,"href":"https:\/\/news.ubbcluj.ro\/hu\/wp-json\/wp\/v2\/posts\/4731\/revisions\/4733"}],"wp:featuredmedia":[{"embeddable":true,"href":"https:\/\/news.ubbcluj.ro\/hu\/wp-json\/wp\/v2\/media\/4732"}],"wp:attachment":[{"href":"https:\/\/news.ubbcluj.ro\/hu\/wp-json\/wp\/v2\/media?parent=4731"}],"wp:term":[{"taxonomy":"category","embeddable":true,"href":"https:\/\/news.ubbcluj.ro\/hu\/wp-json\/wp\/v2\/categories?post=4731"},{"taxonomy":"post_tag","embeddable":true,"href":"https:\/\/news.ubbcluj.ro\/hu\/wp-json\/wp\/v2\/tags?post=4731"}],"curies":[{"name":"wp","href":"https:\/\/api.w.org\/{rel}","templated":true}]}}