{"id":4744,"date":"2020-12-11T14:32:57","date_gmt":"2020-12-11T12:32:57","guid":{"rendered":"https:\/\/news.ubbcluj.ro\/hu\/?p=4744"},"modified":"2020-12-11T14:32:57","modified_gmt":"2020-12-11T12:32:57","slug":"bbte-science-mikrointerjuk-3-egy-funkcionalis-jellegeken-alapulo-orszagos-kockazatelemzesi-protokoll-kidolgazasa-az-invazios-novenyfajok-korai-kiszuresere-fenesi-annamaria","status":"publish","type":"post","link":"https:\/\/news.ubbcluj.ro\/hu\/bbte-science-mikrointerjuk-3-egy-funkcionalis-jellegeken-alapulo-orszagos-kockazatelemzesi-protokoll-kidolgazasa-az-invazios-novenyfajok-korai-kiszuresere-fenesi-annamaria\/","title":{"rendered":"BBTE Science: Mikrointerj\u00fak 3. Egy funkcion\u00e1lis jellegeken alapul\u00f3 orsz\u00e1gos kock\u00e1zatelemz\u00e9si protokoll kidolg\u00e1z\u00e1sa az inv\u00e1zi\u00f3s n\u00f6v\u00e9nyfajok korai kisz\u0171r\u00e9s\u00e9re (Fenesi Annam\u00e1ria)"},"content":{"rendered":"<p><strong>Projekt t\u00edpusa<\/strong>: TE (Fiatal kutat\u00f3csoport l\u00e9trej\u00f6tt\u00e9t t\u00e1mogat\u00f3 projekt)<\/p>\n<p><strong>Projekt c\u00edme<\/strong>: <em>Egy funkcion\u00e1lis jellegeken alapul\u00f3 orsz\u00e1gos kock\u00e1zatelemz\u00e9si protokoll kidolg\u00e1z\u00e1sa az inv\u00e1zi\u00f3s n\u00f6v\u00e9nyfajok korai kisz\u0171r\u00e9s\u00e9re<\/em> [Developing a national risk assessment scheme using the functional trait-based approach for early detection of future invasive plant species]<\/p>\n<p><strong>Projektvezet\u0151<\/strong>: dr. Fenesi Annam\u00e1ria, a Babe\u0219\u2013Bolyai Tudom\u00e1nyegyetem Biol\u00f3gia \u00e9s Geol\u00f3gia Kar\u00e1nak egyetemi adjunktusa<\/p>\n<p>&nbsp;<\/p>\n<p><strong>Serest\u00e9ly Zal\u00e1n: Melyek a projekt fontosabb c\u00e9lkit\u0171z\u00e9sei, \u00e9s miben ragadhat\u00f3 meg az \u00fajdons\u00e1ga?<\/strong><\/p>\n<p><strong>Fenesi Annam\u00e1ria:<\/strong> Inv\u00e1zi\u00f3s fajoknak nevezz\u00fck azokat a fajokat, melyek b\u00e1r m\u00e1s f\u00f6ldr\u00e9szekr\u0151l sz\u00e1rmaznak (idegenhonosak), m\u00e9gis felt\u0171n\u0151en sikeresen terjednek \u00faj \u00e9l\u0151helyeken, \u00e9s term\u00e9szetv\u00e9delmi, valamint gazdas\u00e1gi k\u00e1rokat okoznak az\u00e1ltal, hogy nagy popul\u00e1ci\u00f3kkal l\u00e9pnek fel. Az inv\u00e1zi\u00f3s fajok terjed\u00e9s\u00e9t, az \u00e1ltaluk okozott k\u00e1rok miatt, a biodiverzit\u00e1st veszelyeztet\u0151 egyik legs\u00falyosabb t\u00e9nyez\u0151nek tartj\u00e1k vil\u00e1gszerte. Az emberi \u00e1talak\u00edt\u00f3 tev\u00e9kenys\u00e9gek (\u00e9l\u0151helyek megsz\u00fcntet\u00e9se, \u00e1talak\u00edt\u00e1sa, degrad\u00e1ci\u00f3ja, szennyez\u00e9se), a kusza, glob\u00e1lisra n\u0151tt kereskedelmi \u00e9s turista \u00fatvonalak, valamint a kl\u00edmav\u00e1ltoz\u00e1s miatt egyre t\u00f6bb inv\u00e1zi\u00f3s fajra lehet sz\u00e1m\u00edtani Eur\u00f3p\u00e1ban. Nagyon hasznos lenne, ha a v\u00e9letlen\u00fcl betelep\u00fcl\u0151 vagy akarattal betelep\u00edtett, idegenhonos fajokr\u00f3l m\u00e1r \u00e9rkez\u00e9s\u00fck pillanat\u00e1ban meg tudn\u00e1nk \u00e1llap\u00edtani, hogy vesz\u00e9lyes, inv\u00e1zi\u00f3s fajokk\u00e1 v\u00e1lhatnak-e. Erre t\u00f6rekszik kutat\u00f3csoportunk (Ruprecht Eszter docens, Kuhn Thomas doktorandusz, Miholcsa Zsombor doktorandusz) az elnyert p\u00e1ly\u00e1zat keretein bel\u00fcl. Azt felt\u00e9telezz\u00fck, hogy az igaz\u00e1n sikeres inv\u00e1zi\u00f3s fajok k\u00fcl\u00f6nleges tulajdons\u00e1gegy\u00fcttessel rendelkeznek, ennek k\u00f6sz\u00f6nhet\u0151en terjednek \u00e9s szaporodnak olyan sikeresen. Olyan vizsg\u00e1latokat tervez\u00fcnk, melyek seg\u00edts\u00e9g\u00e9vel azonos\u00edthatjuk a kiz\u00e1r\u00f3lag inv\u00e1zi\u00f3s fajokra jellemz\u0151 biol\u00f3giai jeleket. Legal\u00e1bb 60 idegenhonos fajjal fogunk dolgozni, megviszg\u00e1ljuk majd morfol\u00f3giai jellegeiket, cs\u00edr\u00e1z\u00e1si \u00e9s n\u00f6veked\u00e9si param\u00e9tereiket. A kock\u00e1zatelemz\u00e9si protokoll l\u00e9nyeg\u00e9ben egy d\u00f6nt\u00e9si fa lesz sok-sok el\u00e1gaz\u00e1ssal: az el\u00e1gaz\u00e1sok ment\u00e9n haladva, sok n\u00f6v\u00e9nyi jelleget megvizsg\u00e1lva \u00e9s m\u00e9rlegelve d\u00f6ntj\u00fck majd el, hogy az \u00fajonnan betelep\u00fcl\u0151 fajok milyen es\u00e9llyel lesznek vesz\u00e9lyes inv\u00e1zi\u00f3s fajok. Hasonl\u00f3 kock\u00e1zatelemz\u00e9si protokoll csak nagyon kev\u00e9s orsz\u00e1gban l\u00e9tezik (pl. Ausztr\u00e1li\u00e1ban), \u00e9s sajnos nem is \u00fcltethet\u0151 \u00e1t egyik orsz\u00e1gb\u00f3l a m\u00e1sikba, mert egy orsz\u00e1g inv\u00e1zi\u00f3s fajainak halmaz\u00e1t egy sor helyi jelleg\u0171 param\u00e9ter befoly\u00e1solhatja.<\/p>\n<p><strong>\u00a0S. <\/strong><strong>Z.: Milyen tudom\u00e1nyter\u00fcleteken zajlik, milyen tudom\u00e1nyter\u00fcleteket kapcsol \u00f6ssze a kutat\u00e1s?<\/strong><\/p>\n<p><strong>F. A.: <\/strong>Kutat\u00e1sunk keret-tudom\u00e1nyter\u00fclete a biol\u00f3gia, azon bel\u00fcl a n\u00f6v\u00e9ny\u00f6kol\u00f3gia. Megfigyel\u00e9ses \u00e9s k\u00eds\u00e9rleti r\u00e9szei is lesznek a kutat\u00e1snak, \u00e9s f\u0151leg alkalmazott n\u00f6v\u00e9ny\u00f6kol\u00f3giai m\u00f3dszereket haszn\u00e1lunk. Term\u00e9szetv\u00e9delmi kutat\u00e1snak is tekinthet\u0151, hisz az \u0151shonos biol\u00f3giai sokf\u00e9les\u00e9get pr\u00f3b\u00e1ljuk meg\u0151rizni az inv\u00e1zi\u00f3s fajok megf\u00e9kez\u00e9s\u00e9vel.<\/p>\n<p><strong>\u00a0S. <\/strong><strong>Z.: Milyen relevanci\u00e1val b\u00edrnak, milyen ter\u00fcleteken alkalmazhat\u00f3k a projekt v\u00e1rhat\u00f3 eredm\u00e9nyei?<\/strong><\/p>\n<p><strong>F. A.:<\/strong> Az inv\u00e1zi\u00f3s fajok elleni fell\u00e9p\u00e9s s\u00fcrg\u0151s \u00e9s fontos, ha szeretn\u00e9nk meg\u0151rizni az Eur\u00f3pa biol\u00f3giai sokf\u00e9les\u00e9g\u00e9t. Ezt a k\u00f6teless\u00e9g\u00fcnket er\u0151s\u00edti az Eur\u00f3pai Parlament \u00e9s az Eur\u00f3pai Tan\u00e1cs 1143\/2014\/EU sz\u00e1m\u00fa rendenlete, mely az idegenhonos inv\u00e1zi\u00f3s fajok betelep\u00edt\u00e9s\u00e9nek vagy behurcol\u00e1s\u00e1nak \u00e9s terjed\u00e9s\u00e9nek megel\u0151z\u00e9s\u00e9r\u0151l, illetve kezel\u00e9s\u00e9r\u0151l sz\u00f3l. De hi\u00e1ba a t\u00f6rv\u00e9ny, a nagyon elterjedt inv\u00e1zi\u00f3s n\u00f6v\u00e9ny- \u00e9s \u00e1llatfajok ellen \u00e9ppen sikeress\u00e9g\u00fck \u00e9s t\u00f6meges terjed\u00e9s\u00fck miatt nagyon neh\u00e9z v\u00e9dekezni. Itt is, ak\u00e1rcsak az emberi betegs\u00e9gek eset\u00e9n, a megel\u0151z\u00e9s a legjobb fegyver. Kock\u00e1zatelemz\u00e9si protokollunk az \u00faj inv\u00e1zi\u00f3s fajok kisz\u0171r\u00e9s\u00e9t teszi majd lehet\u0151v\u00e9, vagyis megteleped\u00e9s\u00fck \u00e9s elszapord\u00e1suk el\u0151tt lehet majd kezelni, irtani ezeket a n\u00f6v\u00e9nyeket. Ha kor\u00e1bban is l\u00e9tezett volna hasonl\u00f3 protokoll, akkor most nem kellene harcolnunk p\u00e9ld\u00e1ul a parlagf\u0171, az \u00e1rt\u00e9ri jap\u00e1nkeser\u0171f\u0171 vagy a b\u00e1lv\u00e1nyfa ellen.<\/p>\n<p style=\"text-align: center;\"><strong>***<\/strong><\/p>\n<p>Tov\u00e1bbi mikrointerj\u00fak:<\/p>\n<p><a href=\"https:\/\/news.ubbcluj.ro\/hu\/bbte-science-mikrointerjuk-1-canprim-az-onkologiai-kozpontokban-kezelt-elsodleges-egeszsegugyi-ellatasban-reszesitett-pacienseknel-jelentkezo-distressz-nyomon-kovetese-degi-laszlo-csaba\/\">BBTE Science: Mikrointerj\u00fak 1. CANPRIM \u2013 Az onkol\u00f3giai k\u00f6zpontokban kezelt, els\u0151dleges eg\u00e9szs\u00e9g\u00fcgyi ell\u00e1t\u00e1sban r\u00e9szes\u00edtett p\u00e1ciensekn\u00e9l jelentkez\u0151 distressz nyomon k\u00f6vet\u00e9se (D\u00e9gi L\u00e1szl\u00f3 Csaba)<\/a><\/p>\n<p><a href=\"https:\/\/news.ubbcluj.ro\/hu\/bbte-science-mikrointerjuk-2-a-szovetregeneralast-es-kronikus-gyulladast-kontrollalo-szemelyre-szabott-intelligens-matrixok-barabas-reka-bartha-vari-hajnal\/\">BBTE Science: Mikrointerj\u00fak 2. A sz\u00f6vetregener\u00e1l\u00e1st \u00e9s kr\u00f3nikus gyullad\u00e1st kontroll\u00e1l\u00f3, szem\u00e9lyre szabott, intelligens m\u00e1trixok (Barab\u00e1s R\u00e9ka \u2013 Bartha-V\u00e1ri Hajnal)<\/a><\/p>\n<p>&nbsp;<\/p>\n","protected":false},"excerpt":{"rendered":"<p>Projekt t\u00edpusa: TE (Fiatal kutat\u00f3csoport l\u00e9trej\u00f6tt\u00e9t t\u00e1mogat\u00f3 projekt) Projekt c\u00edme: Egy funkcion\u00e1lis jellegeken alapul\u00f3 orsz\u00e1gos kock\u00e1zatelemz\u00e9si protokoll kidolg\u00e1z\u00e1sa az inv\u00e1zi\u00f3s n\u00f6v\u00e9nyfajok korai kisz\u0171r\u00e9s\u00e9re [Developing a national risk assessment scheme using the functional trait-based approach for early detection of future invasive &hellip;<\/p>\n<p class=\"read-more\"> <a class=\"more-link\" href=\"https:\/\/news.ubbcluj.ro\/hu\/bbte-science-mikrointerjuk-3-egy-funkcionalis-jellegeken-alapulo-orszagos-kockazatelemzesi-protokoll-kidolgazasa-az-invazios-novenyfajok-korai-kiszuresere-fenesi-annamaria\/\"> <span class=\"screen-reader-text\">BBTE Science: Mikrointerj\u00fak 3. Egy funkcion\u00e1lis jellegeken alapul\u00f3 orsz\u00e1gos kock\u00e1zatelemz\u00e9si protokoll kidolg\u00e1z\u00e1sa az inv\u00e1zi\u00f3s n\u00f6v\u00e9nyfajok korai kisz\u0171r\u00e9s\u00e9re (Fenesi Annam\u00e1ria)<\/span> Tov\u00e1bb &raquo;<\/a><\/p>\n","protected":false},"author":9,"featured_media":4732,"comment_status":"closed","ping_status":"closed","sticky":false,"template":"","format":"standard","meta":{"footnotes":""},"categories":[6],"tags":[],"yoast_head":"<!-- This site is optimized with the Yoast SEO plugin v21.9.1 - https:\/\/yoast.com\/wordpress\/plugins\/seo\/ -->\n<title>BBTE Science: Mikrointerj\u00fak 3. Egy funkcion\u00e1lis jellegeken alapul\u00f3 orsz\u00e1gos kock\u00e1zatelemz\u00e9si protokoll kidolg\u00e1z\u00e1sa az inv\u00e1zi\u00f3s n\u00f6v\u00e9nyfajok korai kisz\u0171r\u00e9s\u00e9re (Fenesi Annam\u00e1ria) - Kommunik\u00e1ci\u00f3 \u00e9s PR iroda<\/title>\n<meta name=\"robots\" content=\"index, follow, max-snippet:-1, max-image-preview:large, max-video-preview:-1\" \/>\n<link rel=\"canonical\" href=\"https:\/\/news.ubbcluj.ro\/hu\/bbte-science-mikrointerjuk-3-egy-funkcionalis-jellegeken-alapulo-orszagos-kockazatelemzesi-protokoll-kidolgazasa-az-invazios-novenyfajok-korai-kiszuresere-fenesi-annamaria\/\" \/>\n<meta property=\"og:locale\" content=\"hu_HU\" \/>\n<meta property=\"og:type\" content=\"article\" \/>\n<meta property=\"og:title\" content=\"BBTE Science: Mikrointerj\u00fak 3. Egy funkcion\u00e1lis jellegeken alapul\u00f3 orsz\u00e1gos kock\u00e1zatelemz\u00e9si protokoll kidolg\u00e1z\u00e1sa az inv\u00e1zi\u00f3s n\u00f6v\u00e9nyfajok korai kisz\u0171r\u00e9s\u00e9re (Fenesi Annam\u00e1ria) - Kommunik\u00e1ci\u00f3 \u00e9s PR iroda\" \/>\n<meta property=\"og:description\" content=\"Projekt t\u00edpusa: TE (Fiatal kutat\u00f3csoport l\u00e9trej\u00f6tt\u00e9t t\u00e1mogat\u00f3 projekt) Projekt c\u00edme: Egy funkcion\u00e1lis jellegeken alapul\u00f3 orsz\u00e1gos kock\u00e1zatelemz\u00e9si protokoll kidolg\u00e1z\u00e1sa az inv\u00e1zi\u00f3s n\u00f6v\u00e9nyfajok korai kisz\u0171r\u00e9s\u00e9re [Developing a national risk assessment scheme using the functional trait-based approach for early detection of future invasive &hellip; BBTE Science: Mikrointerj\u00fak 3. Egy funkcion\u00e1lis jellegeken alapul\u00f3 orsz\u00e1gos kock\u00e1zatelemz\u00e9si protokoll kidolg\u00e1z\u00e1sa az inv\u00e1zi\u00f3s n\u00f6v\u00e9nyfajok korai kisz\u0171r\u00e9s\u00e9re (Fenesi Annam\u00e1ria) Tov\u00e1bb &raquo;\" \/>\n<meta property=\"og:url\" content=\"https:\/\/news.ubbcluj.ro\/hu\/bbte-science-mikrointerjuk-3-egy-funkcionalis-jellegeken-alapulo-orszagos-kockazatelemzesi-protokoll-kidolgazasa-az-invazios-novenyfajok-korai-kiszuresere-fenesi-annamaria\/\" \/>\n<meta property=\"og:site_name\" content=\"Kommunik\u00e1ci\u00f3 \u00e9s PR iroda\" \/>\n<meta property=\"article:published_time\" content=\"2020-12-11T12:32:57+00:00\" \/>\n<meta property=\"og:image\" content=\"https:\/\/news.ubbcluj.ro\/hu\/wp-content\/uploads\/2020\/12\/bbtescience_facebook-03-e1607428809347.png\" \/>\n\t<meta property=\"og:image:width\" content=\"1080\" \/>\n\t<meta property=\"og:image:height\" content=\"988\" \/>\n\t<meta property=\"og:image:type\" content=\"image\/png\" \/>\n<meta name=\"author\" content=\"Bilibok Ren\u00e1ta\" \/>\n<meta name=\"twitter:card\" content=\"summary_large_image\" \/>\n<meta name=\"twitter:label1\" content=\"Szerz\u0151:\" \/>\n\t<meta name=\"twitter:data1\" content=\"Bilibok Ren\u00e1ta\" \/>\n\t<meta name=\"twitter:label2\" content=\"Becs\u00fclt olvas\u00e1si id\u0151\" \/>\n\t<meta name=\"twitter:data2\" content=\"4 perc\" \/>\n<script type=\"application\/ld+json\" class=\"yoast-schema-graph\">{\"@context\":\"https:\/\/schema.org\",\"@graph\":[{\"@type\":\"WebPage\",\"@id\":\"https:\/\/news.ubbcluj.ro\/hu\/bbte-science-mikrointerjuk-3-egy-funkcionalis-jellegeken-alapulo-orszagos-kockazatelemzesi-protokoll-kidolgazasa-az-invazios-novenyfajok-korai-kiszuresere-fenesi-annamaria\/\",\"url\":\"https:\/\/news.ubbcluj.ro\/hu\/bbte-science-mikrointerjuk-3-egy-funkcionalis-jellegeken-alapulo-orszagos-kockazatelemzesi-protokoll-kidolgazasa-az-invazios-novenyfajok-korai-kiszuresere-fenesi-annamaria\/\",\"name\":\"BBTE Science: Mikrointerj\u00fak 3. Egy funkcion\u00e1lis jellegeken alapul\u00f3 orsz\u00e1gos kock\u00e1zatelemz\u00e9si protokoll kidolg\u00e1z\u00e1sa az inv\u00e1zi\u00f3s n\u00f6v\u00e9nyfajok korai kisz\u0171r\u00e9s\u00e9re (Fenesi Annam\u00e1ria) - Kommunik\u00e1ci\u00f3 \u00e9s PR iroda\",\"isPartOf\":{\"@id\":\"https:\/\/news.ubbcluj.ro\/hu\/#website\"},\"datePublished\":\"2020-12-11T12:32:57+00:00\",\"dateModified\":\"2020-12-11T12:32:57+00:00\",\"author\":{\"@id\":\"https:\/\/news.ubbcluj.ro\/hu\/#\/schema\/person\/0768248bd5e1ed05f87b7be96b4c3d9c\"},\"breadcrumb\":{\"@id\":\"https:\/\/news.ubbcluj.ro\/hu\/bbte-science-mikrointerjuk-3-egy-funkcionalis-jellegeken-alapulo-orszagos-kockazatelemzesi-protokoll-kidolgazasa-az-invazios-novenyfajok-korai-kiszuresere-fenesi-annamaria\/#breadcrumb\"},\"inLanguage\":\"hu\",\"potentialAction\":[{\"@type\":\"ReadAction\",\"target\":[\"https:\/\/news.ubbcluj.ro\/hu\/bbte-science-mikrointerjuk-3-egy-funkcionalis-jellegeken-alapulo-orszagos-kockazatelemzesi-protokoll-kidolgazasa-az-invazios-novenyfajok-korai-kiszuresere-fenesi-annamaria\/\"]}]},{\"@type\":\"BreadcrumbList\",\"@id\":\"https:\/\/news.ubbcluj.ro\/hu\/bbte-science-mikrointerjuk-3-egy-funkcionalis-jellegeken-alapulo-orszagos-kockazatelemzesi-protokoll-kidolgazasa-az-invazios-novenyfajok-korai-kiszuresere-fenesi-annamaria\/#breadcrumb\",\"itemListElement\":[{\"@type\":\"ListItem\",\"position\":1,\"name\":\"Home\",\"item\":\"https:\/\/news.ubbcluj.ro\/hu\/\"},{\"@type\":\"ListItem\",\"position\":2,\"name\":\"BBTE Science: Mikrointerj\u00fak 3. Egy funkcion\u00e1lis jellegeken alapul\u00f3 orsz\u00e1gos kock\u00e1zatelemz\u00e9si protokoll kidolg\u00e1z\u00e1sa az inv\u00e1zi\u00f3s n\u00f6v\u00e9nyfajok korai kisz\u0171r\u00e9s\u00e9re (Fenesi Annam\u00e1ria)\"}]},{\"@type\":\"WebSite\",\"@id\":\"https:\/\/news.ubbcluj.ro\/hu\/#website\",\"url\":\"https:\/\/news.ubbcluj.ro\/hu\/\",\"name\":\"Kommunik\u00e1ci\u00f3 \u00e9s PR iroda\",\"description\":\"Babe\u0219-Bolyai Tudom\u00e1negyetem\",\"potentialAction\":[{\"@type\":\"SearchAction\",\"target\":{\"@type\":\"EntryPoint\",\"urlTemplate\":\"https:\/\/news.ubbcluj.ro\/hu\/?s={search_term_string}\"},\"query-input\":\"required name=search_term_string\"}],\"inLanguage\":\"hu\"},{\"@type\":\"Person\",\"@id\":\"https:\/\/news.ubbcluj.ro\/hu\/#\/schema\/person\/0768248bd5e1ed05f87b7be96b4c3d9c\",\"name\":\"Bilibok Ren\u00e1ta\",\"url\":\"https:\/\/news.ubbcluj.ro\/hu\/author\/renata-bilibok\/\"}]}<\/script>\n<!-- \/ Yoast SEO plugin. -->","yoast_head_json":{"title":"BBTE Science: Mikrointerj\u00fak 3. Egy funkcion\u00e1lis jellegeken alapul\u00f3 orsz\u00e1gos kock\u00e1zatelemz\u00e9si protokoll kidolg\u00e1z\u00e1sa az inv\u00e1zi\u00f3s n\u00f6v\u00e9nyfajok korai kisz\u0171r\u00e9s\u00e9re (Fenesi Annam\u00e1ria) - Kommunik\u00e1ci\u00f3 \u00e9s PR iroda","robots":{"index":"index","follow":"follow","max-snippet":"max-snippet:-1","max-image-preview":"max-image-preview:large","max-video-preview":"max-video-preview:-1"},"canonical":"https:\/\/news.ubbcluj.ro\/hu\/bbte-science-mikrointerjuk-3-egy-funkcionalis-jellegeken-alapulo-orszagos-kockazatelemzesi-protokoll-kidolgazasa-az-invazios-novenyfajok-korai-kiszuresere-fenesi-annamaria\/","og_locale":"hu_HU","og_type":"article","og_title":"BBTE Science: Mikrointerj\u00fak 3. Egy funkcion\u00e1lis jellegeken alapul\u00f3 orsz\u00e1gos kock\u00e1zatelemz\u00e9si protokoll kidolg\u00e1z\u00e1sa az inv\u00e1zi\u00f3s n\u00f6v\u00e9nyfajok korai kisz\u0171r\u00e9s\u00e9re (Fenesi Annam\u00e1ria) - Kommunik\u00e1ci\u00f3 \u00e9s PR iroda","og_description":"Projekt t\u00edpusa: TE (Fiatal kutat\u00f3csoport l\u00e9trej\u00f6tt\u00e9t t\u00e1mogat\u00f3 projekt) Projekt c\u00edme: Egy funkcion\u00e1lis jellegeken alapul\u00f3 orsz\u00e1gos kock\u00e1zatelemz\u00e9si protokoll kidolg\u00e1z\u00e1sa az inv\u00e1zi\u00f3s n\u00f6v\u00e9nyfajok korai kisz\u0171r\u00e9s\u00e9re [Developing a national risk assessment scheme using the functional trait-based approach for early detection of future invasive &hellip; BBTE Science: Mikrointerj\u00fak 3. Egy funkcion\u00e1lis jellegeken alapul\u00f3 orsz\u00e1gos kock\u00e1zatelemz\u00e9si protokoll kidolg\u00e1z\u00e1sa az inv\u00e1zi\u00f3s n\u00f6v\u00e9nyfajok korai kisz\u0171r\u00e9s\u00e9re (Fenesi Annam\u00e1ria) Tov\u00e1bb &raquo;","og_url":"https:\/\/news.ubbcluj.ro\/hu\/bbte-science-mikrointerjuk-3-egy-funkcionalis-jellegeken-alapulo-orszagos-kockazatelemzesi-protokoll-kidolgazasa-az-invazios-novenyfajok-korai-kiszuresere-fenesi-annamaria\/","og_site_name":"Kommunik\u00e1ci\u00f3 \u00e9s PR iroda","article_published_time":"2020-12-11T12:32:57+00:00","og_image":[{"width":1080,"height":988,"url":"https:\/\/news.ubbcluj.ro\/hu\/wp-content\/uploads\/2020\/12\/bbtescience_facebook-03-e1607428809347.png","type":"image\/png"}],"author":"Bilibok Ren\u00e1ta","twitter_card":"summary_large_image","twitter_misc":{"Szerz\u0151:":"Bilibok Ren\u00e1ta","Becs\u00fclt olvas\u00e1si id\u0151":"4 perc"},"schema":{"@context":"https:\/\/schema.org","@graph":[{"@type":"WebPage","@id":"https:\/\/news.ubbcluj.ro\/hu\/bbte-science-mikrointerjuk-3-egy-funkcionalis-jellegeken-alapulo-orszagos-kockazatelemzesi-protokoll-kidolgazasa-az-invazios-novenyfajok-korai-kiszuresere-fenesi-annamaria\/","url":"https:\/\/news.ubbcluj.ro\/hu\/bbte-science-mikrointerjuk-3-egy-funkcionalis-jellegeken-alapulo-orszagos-kockazatelemzesi-protokoll-kidolgazasa-az-invazios-novenyfajok-korai-kiszuresere-fenesi-annamaria\/","name":"BBTE Science: Mikrointerj\u00fak 3. Egy funkcion\u00e1lis jellegeken alapul\u00f3 orsz\u00e1gos kock\u00e1zatelemz\u00e9si protokoll kidolg\u00e1z\u00e1sa az inv\u00e1zi\u00f3s n\u00f6v\u00e9nyfajok korai kisz\u0171r\u00e9s\u00e9re (Fenesi Annam\u00e1ria) - Kommunik\u00e1ci\u00f3 \u00e9s PR iroda","isPartOf":{"@id":"https:\/\/news.ubbcluj.ro\/hu\/#website"},"datePublished":"2020-12-11T12:32:57+00:00","dateModified":"2020-12-11T12:32:57+00:00","author":{"@id":"https:\/\/news.ubbcluj.ro\/hu\/#\/schema\/person\/0768248bd5e1ed05f87b7be96b4c3d9c"},"breadcrumb":{"@id":"https:\/\/news.ubbcluj.ro\/hu\/bbte-science-mikrointerjuk-3-egy-funkcionalis-jellegeken-alapulo-orszagos-kockazatelemzesi-protokoll-kidolgazasa-az-invazios-novenyfajok-korai-kiszuresere-fenesi-annamaria\/#breadcrumb"},"inLanguage":"hu","potentialAction":[{"@type":"ReadAction","target":["https:\/\/news.ubbcluj.ro\/hu\/bbte-science-mikrointerjuk-3-egy-funkcionalis-jellegeken-alapulo-orszagos-kockazatelemzesi-protokoll-kidolgazasa-az-invazios-novenyfajok-korai-kiszuresere-fenesi-annamaria\/"]}]},{"@type":"BreadcrumbList","@id":"https:\/\/news.ubbcluj.ro\/hu\/bbte-science-mikrointerjuk-3-egy-funkcionalis-jellegeken-alapulo-orszagos-kockazatelemzesi-protokoll-kidolgazasa-az-invazios-novenyfajok-korai-kiszuresere-fenesi-annamaria\/#breadcrumb","itemListElement":[{"@type":"ListItem","position":1,"name":"Home","item":"https:\/\/news.ubbcluj.ro\/hu\/"},{"@type":"ListItem","position":2,"name":"BBTE Science: Mikrointerj\u00fak 3. Egy funkcion\u00e1lis jellegeken alapul\u00f3 orsz\u00e1gos kock\u00e1zatelemz\u00e9si protokoll kidolg\u00e1z\u00e1sa az inv\u00e1zi\u00f3s n\u00f6v\u00e9nyfajok korai kisz\u0171r\u00e9s\u00e9re (Fenesi Annam\u00e1ria)"}]},{"@type":"WebSite","@id":"https:\/\/news.ubbcluj.ro\/hu\/#website","url":"https:\/\/news.ubbcluj.ro\/hu\/","name":"Kommunik\u00e1ci\u00f3 \u00e9s PR iroda","description":"Babe\u0219-Bolyai Tudom\u00e1negyetem","potentialAction":[{"@type":"SearchAction","target":{"@type":"EntryPoint","urlTemplate":"https:\/\/news.ubbcluj.ro\/hu\/?s={search_term_string}"},"query-input":"required name=search_term_string"}],"inLanguage":"hu"},{"@type":"Person","@id":"https:\/\/news.ubbcluj.ro\/hu\/#\/schema\/person\/0768248bd5e1ed05f87b7be96b4c3d9c","name":"Bilibok Ren\u00e1ta","url":"https:\/\/news.ubbcluj.ro\/hu\/author\/renata-bilibok\/"}]}},"_links":{"self":[{"href":"https:\/\/news.ubbcluj.ro\/hu\/wp-json\/wp\/v2\/posts\/4744"}],"collection":[{"href":"https:\/\/news.ubbcluj.ro\/hu\/wp-json\/wp\/v2\/posts"}],"about":[{"href":"https:\/\/news.ubbcluj.ro\/hu\/wp-json\/wp\/v2\/types\/post"}],"author":[{"embeddable":true,"href":"https:\/\/news.ubbcluj.ro\/hu\/wp-json\/wp\/v2\/users\/9"}],"replies":[{"embeddable":true,"href":"https:\/\/news.ubbcluj.ro\/hu\/wp-json\/wp\/v2\/comments?post=4744"}],"version-history":[{"count":1,"href":"https:\/\/news.ubbcluj.ro\/hu\/wp-json\/wp\/v2\/posts\/4744\/revisions"}],"predecessor-version":[{"id":4745,"href":"https:\/\/news.ubbcluj.ro\/hu\/wp-json\/wp\/v2\/posts\/4744\/revisions\/4745"}],"wp:featuredmedia":[{"embeddable":true,"href":"https:\/\/news.ubbcluj.ro\/hu\/wp-json\/wp\/v2\/media\/4732"}],"wp:attachment":[{"href":"https:\/\/news.ubbcluj.ro\/hu\/wp-json\/wp\/v2\/media?parent=4744"}],"wp:term":[{"taxonomy":"category","embeddable":true,"href":"https:\/\/news.ubbcluj.ro\/hu\/wp-json\/wp\/v2\/categories?post=4744"},{"taxonomy":"post_tag","embeddable":true,"href":"https:\/\/news.ubbcluj.ro\/hu\/wp-json\/wp\/v2\/tags?post=4744"}],"curies":[{"name":"wp","href":"https:\/\/api.w.org\/{rel}","templated":true}]}}