{"id":4746,"date":"2020-12-14T14:41:10","date_gmt":"2020-12-14T12:41:10","guid":{"rendered":"https:\/\/news.ubbcluj.ro\/hu\/?p=4746"},"modified":"2020-12-14T16:57:33","modified_gmt":"2020-12-14T14:57:33","slug":"bbte-science-mikrointerjuk-4-negyedik-ipari-forradalom-az-ipar-4-0-tipusu-ipari-alkalmazasok-bevezetesenek-kihivasai-kozep-es-kelet-europai-termelovallalatoknal-szasz-levente","status":"publish","type":"post","link":"https:\/\/news.ubbcluj.ro\/hu\/bbte-science-mikrointerjuk-4-negyedik-ipari-forradalom-az-ipar-4-0-tipusu-ipari-alkalmazasok-bevezetesenek-kihivasai-kozep-es-kelet-europai-termelovallalatoknal-szasz-levente\/","title":{"rendered":"BBTE Science: Mikrointerj\u00fak 4. Negyedik ipari forradalom: az Ipar 4.0 t\u00edpus\u00fa ipari alkalmaz\u00e1sok bevezet\u00e9s\u00e9nek kih\u00edv\u00e1sai k\u00f6z\u00e9p- \u00e9s kelet-eur\u00f3pai termel\u0151v\u00e1llalatokn\u00e1l (Sz\u00e1sz Levente)"},"content":{"rendered":"<p><strong>Projekt t\u00edpusa:<\/strong> TE (Fiatal kutat\u00f3csoport l\u00e9trej\u00f6tt\u00e9t t\u00e1mogat\u00f3 projekt)<\/p>\n<p><strong>Projekt c\u00edme:<\/strong> <em>Negyedik ipari forradalom: az Ipar 4.<\/em><em>0<\/em><em> t\u00edpus\u00fa ipari alkalmaz\u00e1sok bevezet\u00e9s\u00e9nek kih\u00edv\u00e1sai k\u00f6z\u00e9p- \u00e9s kelet-eur\u00f3pai termel\u0151v\u00e1llalatokn\u00e1l <\/em>[A patra revolu\u021bie industrial\u0103: solu\u021bionarea provoc\u0103rilor implement\u0103rii tehnologiilor de tip Industrie 4.0 la companii de produc\u021bie din Europa Central\u0103 \u0219i de Est]<\/p>\n<p><strong>Projektvezet\u0151:<\/strong> dr. Sz\u00e1sz Levente, a Babe\u0219\u2013Bolyai Tudom\u00e1nyegyetem K\u00f6zgazdas\u00e1g \u00e9s Gazd\u00e1lkod\u00e1studom\u00e1nyi Kar\u00e1nak egyetemi tan\u00e1ra<\/p>\n<p><strong>\u00a0<\/strong><\/p>\n<p><strong>Serest\u00e9ly Zal\u00e1n: Melyek a projekt fontosabb c\u00e9lkit\u0171z\u00e9sei, \u00e9s miben ragadhat\u00f3 meg az \u00fajdons\u00e1ga?<\/strong><\/p>\n<p><strong>Sz\u00e1sz Levente:<\/strong> Napjainkban sokat hallunk arr\u00f3l, hogy a digitaliz\u00e1ci\u00f3 \u00e9s az okos megold\u00e1sok alapjaiban v\u00e1ltoztatj\u00e1k meg a t\u00e1rsadalom \u00e9s a gazdas\u00e1g m\u0171k\u00f6d\u00e9s\u00e9t. Kutat\u00e1si projekt\u00fcnkben azon megold\u00e1sok ipari alkalmaz\u00e1sait vizsg\u00e1ljuk, amelyek \u201enegyedik ipari forradalom\u201d vagy \u201eIpar 4.0\u201d megnevez\u00e9sekkel vonultak be a k\u00f6ztudatba. Legfontosabb kutat\u00e1si k\u00e9rd\u00e9s\u00fcnk az, hogy vajon megalapozottak-e azok a f\u00e9lelmek, hogy az automatiz\u00e1lt, robotiz\u00e1lt \u00e9s digit\u00e1lis megold\u00e1sok \u2013 amelyek egy adatvez\u00e9relt h\u00e1l\u00f3zatba szervezik a v\u00e1llalatok m\u0171k\u00f6d\u00e9s\u00e9t, \u00fagynevezett kiber-fizikai rendszereket l\u00e9trehozva \u2013 \u00e1tveszik az emberi er\u0151forr\u00e1s hely\u00e9t, vagy pedig ink\u00e1bb \u00e1talak\u00edtj\u00e1k az emberi munk\u00e1t, \u00e9s tov\u00e1bbra is helyet biztos\u00edtanak a termel\u00e9s hum\u00e1n szerepl\u0151inek.<\/p>\n<p><strong>S. Z.: Milyen tudom\u00e1nyter\u00fcleteken zajlik, milyen tudom\u00e1nyter\u00fcleteket kapcsol \u00f6ssze a kutat\u00e1s?<\/strong><\/p>\n<p><strong>Sz. L.:<\/strong> A kutat\u00e1s alapvet\u0151en a gazdas\u00e1gtudom\u00e1nyok dom\u00e9nium\u00e1n bel\u00fcl a menedzsmenttudom\u00e1nyok szakter\u00fclet\u00e9hez tartozik, hiszen els\u0151sorban abb\u00f3l a szempontb\u00f3l vizsg\u00e1ljuk a k\u00e9rd\u00e9st, hogy az Ipar 4.0 \u00faj technol\u00f3gi\u00e1i alapj\u00e1n milyen javaslatokat fogalmazhatunk meg a v\u00e1llalatok vezet\u0151i sz\u00e1m\u00e1ra, akik els\u0151sorban a v\u00e1llalatn\u00e1l dolgoz\u00f3 alkalmazottak\u00e9rt felelnek. A t\u00e9ma jelleg\u00e9b\u0151l ad\u00f3d\u00f3an azonban a digit\u00e1lis megold\u00e1sokat m\u0171szaki, technol\u00f3giai szemsz\u00f6gb\u0151l is vizsg\u00e1lni fogjuk.<\/p>\n<p><strong>S. Z.: Milyen relevanci\u00e1val b\u00edrnak, milyen ter\u00fcleteken alkalmazhat\u00f3k a projekt v\u00e1rhat\u00f3 eredm\u00e9nyei?<\/strong><\/p>\n<p><strong>Sz. L.: <\/strong>A projekt v\u00e1rhat\u00f3 eredm\u00e9nyei a gazdas\u00e1g egyik alapvet\u0151 k\u00e9rd\u00e9s\u00e9nek megv\u00e1laszol\u00e1s\u00e1hoz k\u00edv\u00e1nnak t\u00e1mpontot ny\u00fajtani: vajon a digit\u00e1lis megold\u00e1sok hogyan fogj\u00e1k befoly\u00e1solni a gazdas\u00e1g szerepl\u0151inek munk\u00e1j\u00e1t, valamint a termel\u0151v\u00e1llalatok vezet\u0151inek d\u00f6nt\u00e9seit?<\/p>\n<p style=\"text-align: center;\"><strong>***<\/strong><\/p>\n<p>Tov\u00e1bbi mikrointerj\u00fak:<\/p>\n<p><a href=\"https:\/\/news.ubbcluj.ro\/hu\/bbte-science-mikrointerjuk-1-canprim-az-onkologiai-kozpontokban-kezelt-elsodleges-egeszsegugyi-ellatasban-reszesitett-pacienseknel-jelentkezo-distressz-nyomon-kovetese-degi-laszlo-csaba\/\">BBTE Science: Mikrointerj\u00fak 1. CANPRIM \u2013 Az onkol\u00f3giai k\u00f6zpontokban kezelt, els\u0151dleges eg\u00e9szs\u00e9g\u00fcgyi ell\u00e1t\u00e1sban r\u00e9szes\u00edtett p\u00e1ciensekn\u00e9l jelentkez\u0151 distressz nyomon k\u00f6vet\u00e9se (D\u00e9gi L\u00e1szl\u00f3 Csaba)<\/a><\/p>\n<p><a href=\"https:\/\/news.ubbcluj.ro\/hu\/bbte-science-mikrointerjuk-2-a-szovetregeneralast-es-kronikus-gyulladast-kontrollalo-szemelyre-szabott-intelligens-matrixok-barabas-reka-bartha-vari-hajnal\/\">BBTE Science: Mikrointerj\u00fak 2. A sz\u00f6vetregener\u00e1l\u00e1st \u00e9s kr\u00f3nikus gyullad\u00e1st kontroll\u00e1l\u00f3, szem\u00e9lyre szabott, intelligens m\u00e1trixok (Barab\u00e1s R\u00e9ka \u2013 Bartha-V\u00e1ri Hajnal)<\/a><\/p>\n<p><a href=\"https:\/\/news.ubbcluj.ro\/hu\/bbte-science-mikrointerjuk-3-egy-funkcionalis-jellegeken-alapulo-orszagos-kockazatelemzesi-protokoll-kidolgazasa-az-invazios-novenyfajok-korai-kiszuresere-fenesi-annamaria\/\">BBTE Science: Mikrointerj\u00fak 3. Egy funkcion\u00e1lis jellegeken alapul\u00f3 orsz\u00e1gos kock\u00e1zatelemz\u00e9si protokoll kidolg\u00e1z\u00e1sa az inv\u00e1zi\u00f3s n\u00f6v\u00e9nyfajok korai kisz\u0171r\u00e9s\u00e9re (Fenesi Annam\u00e1ria)<\/a><\/p>\n","protected":false},"excerpt":{"rendered":"<p>Projekt t\u00edpusa: TE (Fiatal kutat\u00f3csoport l\u00e9trej\u00f6tt\u00e9t t\u00e1mogat\u00f3 projekt) Projekt c\u00edme: Negyedik ipari forradalom: az Ipar 4.0 t\u00edpus\u00fa ipari alkalmaz\u00e1sok bevezet\u00e9s\u00e9nek kih\u00edv\u00e1sai k\u00f6z\u00e9p- \u00e9s kelet-eur\u00f3pai termel\u0151v\u00e1llalatokn\u00e1l [A patra revolu\u021bie industrial\u0103: solu\u021bionarea provoc\u0103rilor implement\u0103rii tehnologiilor de tip Industrie 4.0 la companii de &hellip;<\/p>\n<p class=\"read-more\"> <a class=\"more-link\" href=\"https:\/\/news.ubbcluj.ro\/hu\/bbte-science-mikrointerjuk-4-negyedik-ipari-forradalom-az-ipar-4-0-tipusu-ipari-alkalmazasok-bevezetesenek-kihivasai-kozep-es-kelet-europai-termelovallalatoknal-szasz-levente\/\"> <span class=\"screen-reader-text\">BBTE Science: Mikrointerj\u00fak 4. Negyedik ipari forradalom: az Ipar 4.0 t\u00edpus\u00fa ipari alkalmaz\u00e1sok bevezet\u00e9s\u00e9nek kih\u00edv\u00e1sai k\u00f6z\u00e9p- \u00e9s kelet-eur\u00f3pai termel\u0151v\u00e1llalatokn\u00e1l (Sz\u00e1sz Levente)<\/span> Tov\u00e1bb &raquo;<\/a><\/p>\n","protected":false},"author":9,"featured_media":4732,"comment_status":"closed","ping_status":"closed","sticky":false,"template":"","format":"standard","meta":{"footnotes":""},"categories":[6],"tags":[],"yoast_head":"<!-- This site is optimized with the Yoast SEO plugin v21.9.1 - https:\/\/yoast.com\/wordpress\/plugins\/seo\/ -->\n<title>BBTE Science: Mikrointerj\u00fak 4. Negyedik ipari forradalom: az Ipar 4.0 t\u00edpus\u00fa ipari alkalmaz\u00e1sok bevezet\u00e9s\u00e9nek kih\u00edv\u00e1sai k\u00f6z\u00e9p- \u00e9s kelet-eur\u00f3pai termel\u0151v\u00e1llalatokn\u00e1l (Sz\u00e1sz Levente) - Kommunik\u00e1ci\u00f3 \u00e9s PR iroda<\/title>\n<meta name=\"robots\" content=\"index, follow, max-snippet:-1, max-image-preview:large, max-video-preview:-1\" \/>\n<link rel=\"canonical\" href=\"https:\/\/news.ubbcluj.ro\/hu\/bbte-science-mikrointerjuk-4-negyedik-ipari-forradalom-az-ipar-4-0-tipusu-ipari-alkalmazasok-bevezetesenek-kihivasai-kozep-es-kelet-europai-termelovallalatoknal-szasz-levente\/\" \/>\n<meta property=\"og:locale\" content=\"hu_HU\" \/>\n<meta property=\"og:type\" content=\"article\" \/>\n<meta property=\"og:title\" content=\"BBTE Science: Mikrointerj\u00fak 4. Negyedik ipari forradalom: az Ipar 4.0 t\u00edpus\u00fa ipari alkalmaz\u00e1sok bevezet\u00e9s\u00e9nek kih\u00edv\u00e1sai k\u00f6z\u00e9p- \u00e9s kelet-eur\u00f3pai termel\u0151v\u00e1llalatokn\u00e1l (Sz\u00e1sz Levente) - Kommunik\u00e1ci\u00f3 \u00e9s PR iroda\" \/>\n<meta property=\"og:description\" content=\"Projekt t\u00edpusa: TE (Fiatal kutat\u00f3csoport l\u00e9trej\u00f6tt\u00e9t t\u00e1mogat\u00f3 projekt) Projekt c\u00edme: Negyedik ipari forradalom: az Ipar 4.0 t\u00edpus\u00fa ipari alkalmaz\u00e1sok bevezet\u00e9s\u00e9nek kih\u00edv\u00e1sai k\u00f6z\u00e9p- \u00e9s kelet-eur\u00f3pai termel\u0151v\u00e1llalatokn\u00e1l [A patra revolu\u021bie industrial\u0103: solu\u021bionarea provoc\u0103rilor implement\u0103rii tehnologiilor de tip Industrie 4.0 la companii de &hellip; BBTE Science: Mikrointerj\u00fak 4. Negyedik ipari forradalom: az Ipar 4.0 t\u00edpus\u00fa ipari alkalmaz\u00e1sok bevezet\u00e9s\u00e9nek kih\u00edv\u00e1sai k\u00f6z\u00e9p- \u00e9s kelet-eur\u00f3pai termel\u0151v\u00e1llalatokn\u00e1l (Sz\u00e1sz Levente) Tov\u00e1bb &raquo;\" \/>\n<meta property=\"og:url\" content=\"https:\/\/news.ubbcluj.ro\/hu\/bbte-science-mikrointerjuk-4-negyedik-ipari-forradalom-az-ipar-4-0-tipusu-ipari-alkalmazasok-bevezetesenek-kihivasai-kozep-es-kelet-europai-termelovallalatoknal-szasz-levente\/\" \/>\n<meta property=\"og:site_name\" content=\"Kommunik\u00e1ci\u00f3 \u00e9s PR iroda\" \/>\n<meta property=\"article:published_time\" content=\"2020-12-14T12:41:10+00:00\" \/>\n<meta property=\"article:modified_time\" content=\"2020-12-14T14:57:33+00:00\" \/>\n<meta property=\"og:image\" content=\"https:\/\/news.ubbcluj.ro\/hu\/wp-content\/uploads\/2020\/12\/bbtescience_facebook-03-e1607428809347.png\" \/>\n\t<meta property=\"og:image:width\" content=\"1080\" \/>\n\t<meta property=\"og:image:height\" content=\"988\" \/>\n\t<meta property=\"og:image:type\" content=\"image\/png\" \/>\n<meta name=\"author\" content=\"Bilibok Ren\u00e1ta\" \/>\n<meta name=\"twitter:card\" content=\"summary_large_image\" \/>\n<meta name=\"twitter:label1\" content=\"Szerz\u0151:\" \/>\n\t<meta name=\"twitter:data1\" content=\"Bilibok Ren\u00e1ta\" \/>\n\t<meta name=\"twitter:label2\" content=\"Becs\u00fclt olvas\u00e1si id\u0151\" \/>\n\t<meta name=\"twitter:data2\" content=\"3 perc\" \/>\n<script type=\"application\/ld+json\" class=\"yoast-schema-graph\">{\"@context\":\"https:\/\/schema.org\",\"@graph\":[{\"@type\":\"WebPage\",\"@id\":\"https:\/\/news.ubbcluj.ro\/hu\/bbte-science-mikrointerjuk-4-negyedik-ipari-forradalom-az-ipar-4-0-tipusu-ipari-alkalmazasok-bevezetesenek-kihivasai-kozep-es-kelet-europai-termelovallalatoknal-szasz-levente\/\",\"url\":\"https:\/\/news.ubbcluj.ro\/hu\/bbte-science-mikrointerjuk-4-negyedik-ipari-forradalom-az-ipar-4-0-tipusu-ipari-alkalmazasok-bevezetesenek-kihivasai-kozep-es-kelet-europai-termelovallalatoknal-szasz-levente\/\",\"name\":\"BBTE Science: Mikrointerj\u00fak 4. Negyedik ipari forradalom: az Ipar 4.0 t\u00edpus\u00fa ipari alkalmaz\u00e1sok bevezet\u00e9s\u00e9nek kih\u00edv\u00e1sai k\u00f6z\u00e9p- \u00e9s kelet-eur\u00f3pai termel\u0151v\u00e1llalatokn\u00e1l (Sz\u00e1sz Levente) - Kommunik\u00e1ci\u00f3 \u00e9s PR iroda\",\"isPartOf\":{\"@id\":\"https:\/\/news.ubbcluj.ro\/hu\/#website\"},\"datePublished\":\"2020-12-14T12:41:10+00:00\",\"dateModified\":\"2020-12-14T14:57:33+00:00\",\"author\":{\"@id\":\"https:\/\/news.ubbcluj.ro\/hu\/#\/schema\/person\/0768248bd5e1ed05f87b7be96b4c3d9c\"},\"breadcrumb\":{\"@id\":\"https:\/\/news.ubbcluj.ro\/hu\/bbte-science-mikrointerjuk-4-negyedik-ipari-forradalom-az-ipar-4-0-tipusu-ipari-alkalmazasok-bevezetesenek-kihivasai-kozep-es-kelet-europai-termelovallalatoknal-szasz-levente\/#breadcrumb\"},\"inLanguage\":\"hu\",\"potentialAction\":[{\"@type\":\"ReadAction\",\"target\":[\"https:\/\/news.ubbcluj.ro\/hu\/bbte-science-mikrointerjuk-4-negyedik-ipari-forradalom-az-ipar-4-0-tipusu-ipari-alkalmazasok-bevezetesenek-kihivasai-kozep-es-kelet-europai-termelovallalatoknal-szasz-levente\/\"]}]},{\"@type\":\"BreadcrumbList\",\"@id\":\"https:\/\/news.ubbcluj.ro\/hu\/bbte-science-mikrointerjuk-4-negyedik-ipari-forradalom-az-ipar-4-0-tipusu-ipari-alkalmazasok-bevezetesenek-kihivasai-kozep-es-kelet-europai-termelovallalatoknal-szasz-levente\/#breadcrumb\",\"itemListElement\":[{\"@type\":\"ListItem\",\"position\":1,\"name\":\"Home\",\"item\":\"https:\/\/news.ubbcluj.ro\/hu\/\"},{\"@type\":\"ListItem\",\"position\":2,\"name\":\"BBTE Science: Mikrointerj\u00fak 4. Negyedik ipari forradalom: az Ipar 4.0 t\u00edpus\u00fa ipari alkalmaz\u00e1sok bevezet\u00e9s\u00e9nek kih\u00edv\u00e1sai k\u00f6z\u00e9p- \u00e9s kelet-eur\u00f3pai termel\u0151v\u00e1llalatokn\u00e1l (Sz\u00e1sz Levente)\"}]},{\"@type\":\"WebSite\",\"@id\":\"https:\/\/news.ubbcluj.ro\/hu\/#website\",\"url\":\"https:\/\/news.ubbcluj.ro\/hu\/\",\"name\":\"Kommunik\u00e1ci\u00f3 \u00e9s PR iroda\",\"description\":\"Babe\u0219-Bolyai Tudom\u00e1negyetem\",\"potentialAction\":[{\"@type\":\"SearchAction\",\"target\":{\"@type\":\"EntryPoint\",\"urlTemplate\":\"https:\/\/news.ubbcluj.ro\/hu\/?s={search_term_string}\"},\"query-input\":\"required name=search_term_string\"}],\"inLanguage\":\"hu\"},{\"@type\":\"Person\",\"@id\":\"https:\/\/news.ubbcluj.ro\/hu\/#\/schema\/person\/0768248bd5e1ed05f87b7be96b4c3d9c\",\"name\":\"Bilibok Ren\u00e1ta\",\"url\":\"https:\/\/news.ubbcluj.ro\/hu\/author\/renata-bilibok\/\"}]}<\/script>\n<!-- \/ Yoast SEO plugin. -->","yoast_head_json":{"title":"BBTE Science: Mikrointerj\u00fak 4. Negyedik ipari forradalom: az Ipar 4.0 t\u00edpus\u00fa ipari alkalmaz\u00e1sok bevezet\u00e9s\u00e9nek kih\u00edv\u00e1sai k\u00f6z\u00e9p- \u00e9s kelet-eur\u00f3pai termel\u0151v\u00e1llalatokn\u00e1l (Sz\u00e1sz Levente) - Kommunik\u00e1ci\u00f3 \u00e9s PR iroda","robots":{"index":"index","follow":"follow","max-snippet":"max-snippet:-1","max-image-preview":"max-image-preview:large","max-video-preview":"max-video-preview:-1"},"canonical":"https:\/\/news.ubbcluj.ro\/hu\/bbte-science-mikrointerjuk-4-negyedik-ipari-forradalom-az-ipar-4-0-tipusu-ipari-alkalmazasok-bevezetesenek-kihivasai-kozep-es-kelet-europai-termelovallalatoknal-szasz-levente\/","og_locale":"hu_HU","og_type":"article","og_title":"BBTE Science: Mikrointerj\u00fak 4. Negyedik ipari forradalom: az Ipar 4.0 t\u00edpus\u00fa ipari alkalmaz\u00e1sok bevezet\u00e9s\u00e9nek kih\u00edv\u00e1sai k\u00f6z\u00e9p- \u00e9s kelet-eur\u00f3pai termel\u0151v\u00e1llalatokn\u00e1l (Sz\u00e1sz Levente) - Kommunik\u00e1ci\u00f3 \u00e9s PR iroda","og_description":"Projekt t\u00edpusa: TE (Fiatal kutat\u00f3csoport l\u00e9trej\u00f6tt\u00e9t t\u00e1mogat\u00f3 projekt) Projekt c\u00edme: Negyedik ipari forradalom: az Ipar 4.0 t\u00edpus\u00fa ipari alkalmaz\u00e1sok bevezet\u00e9s\u00e9nek kih\u00edv\u00e1sai k\u00f6z\u00e9p- \u00e9s kelet-eur\u00f3pai termel\u0151v\u00e1llalatokn\u00e1l [A patra revolu\u021bie industrial\u0103: solu\u021bionarea provoc\u0103rilor implement\u0103rii tehnologiilor de tip Industrie 4.0 la companii de &hellip; BBTE Science: Mikrointerj\u00fak 4. Negyedik ipari forradalom: az Ipar 4.0 t\u00edpus\u00fa ipari alkalmaz\u00e1sok bevezet\u00e9s\u00e9nek kih\u00edv\u00e1sai k\u00f6z\u00e9p- \u00e9s kelet-eur\u00f3pai termel\u0151v\u00e1llalatokn\u00e1l (Sz\u00e1sz Levente) Tov\u00e1bb &raquo;","og_url":"https:\/\/news.ubbcluj.ro\/hu\/bbte-science-mikrointerjuk-4-negyedik-ipari-forradalom-az-ipar-4-0-tipusu-ipari-alkalmazasok-bevezetesenek-kihivasai-kozep-es-kelet-europai-termelovallalatoknal-szasz-levente\/","og_site_name":"Kommunik\u00e1ci\u00f3 \u00e9s PR iroda","article_published_time":"2020-12-14T12:41:10+00:00","article_modified_time":"2020-12-14T14:57:33+00:00","og_image":[{"width":1080,"height":988,"url":"https:\/\/news.ubbcluj.ro\/hu\/wp-content\/uploads\/2020\/12\/bbtescience_facebook-03-e1607428809347.png","type":"image\/png"}],"author":"Bilibok Ren\u00e1ta","twitter_card":"summary_large_image","twitter_misc":{"Szerz\u0151:":"Bilibok Ren\u00e1ta","Becs\u00fclt olvas\u00e1si id\u0151":"3 perc"},"schema":{"@context":"https:\/\/schema.org","@graph":[{"@type":"WebPage","@id":"https:\/\/news.ubbcluj.ro\/hu\/bbte-science-mikrointerjuk-4-negyedik-ipari-forradalom-az-ipar-4-0-tipusu-ipari-alkalmazasok-bevezetesenek-kihivasai-kozep-es-kelet-europai-termelovallalatoknal-szasz-levente\/","url":"https:\/\/news.ubbcluj.ro\/hu\/bbte-science-mikrointerjuk-4-negyedik-ipari-forradalom-az-ipar-4-0-tipusu-ipari-alkalmazasok-bevezetesenek-kihivasai-kozep-es-kelet-europai-termelovallalatoknal-szasz-levente\/","name":"BBTE Science: Mikrointerj\u00fak 4. Negyedik ipari forradalom: az Ipar 4.0 t\u00edpus\u00fa ipari alkalmaz\u00e1sok bevezet\u00e9s\u00e9nek kih\u00edv\u00e1sai k\u00f6z\u00e9p- \u00e9s kelet-eur\u00f3pai termel\u0151v\u00e1llalatokn\u00e1l (Sz\u00e1sz Levente) - Kommunik\u00e1ci\u00f3 \u00e9s PR iroda","isPartOf":{"@id":"https:\/\/news.ubbcluj.ro\/hu\/#website"},"datePublished":"2020-12-14T12:41:10+00:00","dateModified":"2020-12-14T14:57:33+00:00","author":{"@id":"https:\/\/news.ubbcluj.ro\/hu\/#\/schema\/person\/0768248bd5e1ed05f87b7be96b4c3d9c"},"breadcrumb":{"@id":"https:\/\/news.ubbcluj.ro\/hu\/bbte-science-mikrointerjuk-4-negyedik-ipari-forradalom-az-ipar-4-0-tipusu-ipari-alkalmazasok-bevezetesenek-kihivasai-kozep-es-kelet-europai-termelovallalatoknal-szasz-levente\/#breadcrumb"},"inLanguage":"hu","potentialAction":[{"@type":"ReadAction","target":["https:\/\/news.ubbcluj.ro\/hu\/bbte-science-mikrointerjuk-4-negyedik-ipari-forradalom-az-ipar-4-0-tipusu-ipari-alkalmazasok-bevezetesenek-kihivasai-kozep-es-kelet-europai-termelovallalatoknal-szasz-levente\/"]}]},{"@type":"BreadcrumbList","@id":"https:\/\/news.ubbcluj.ro\/hu\/bbte-science-mikrointerjuk-4-negyedik-ipari-forradalom-az-ipar-4-0-tipusu-ipari-alkalmazasok-bevezetesenek-kihivasai-kozep-es-kelet-europai-termelovallalatoknal-szasz-levente\/#breadcrumb","itemListElement":[{"@type":"ListItem","position":1,"name":"Home","item":"https:\/\/news.ubbcluj.ro\/hu\/"},{"@type":"ListItem","position":2,"name":"BBTE Science: Mikrointerj\u00fak 4. Negyedik ipari forradalom: az Ipar 4.0 t\u00edpus\u00fa ipari alkalmaz\u00e1sok bevezet\u00e9s\u00e9nek kih\u00edv\u00e1sai k\u00f6z\u00e9p- \u00e9s kelet-eur\u00f3pai termel\u0151v\u00e1llalatokn\u00e1l (Sz\u00e1sz Levente)"}]},{"@type":"WebSite","@id":"https:\/\/news.ubbcluj.ro\/hu\/#website","url":"https:\/\/news.ubbcluj.ro\/hu\/","name":"Kommunik\u00e1ci\u00f3 \u00e9s PR iroda","description":"Babe\u0219-Bolyai Tudom\u00e1negyetem","potentialAction":[{"@type":"SearchAction","target":{"@type":"EntryPoint","urlTemplate":"https:\/\/news.ubbcluj.ro\/hu\/?s={search_term_string}"},"query-input":"required name=search_term_string"}],"inLanguage":"hu"},{"@type":"Person","@id":"https:\/\/news.ubbcluj.ro\/hu\/#\/schema\/person\/0768248bd5e1ed05f87b7be96b4c3d9c","name":"Bilibok Ren\u00e1ta","url":"https:\/\/news.ubbcluj.ro\/hu\/author\/renata-bilibok\/"}]}},"_links":{"self":[{"href":"https:\/\/news.ubbcluj.ro\/hu\/wp-json\/wp\/v2\/posts\/4746"}],"collection":[{"href":"https:\/\/news.ubbcluj.ro\/hu\/wp-json\/wp\/v2\/posts"}],"about":[{"href":"https:\/\/news.ubbcluj.ro\/hu\/wp-json\/wp\/v2\/types\/post"}],"author":[{"embeddable":true,"href":"https:\/\/news.ubbcluj.ro\/hu\/wp-json\/wp\/v2\/users\/9"}],"replies":[{"embeddable":true,"href":"https:\/\/news.ubbcluj.ro\/hu\/wp-json\/wp\/v2\/comments?post=4746"}],"version-history":[{"count":2,"href":"https:\/\/news.ubbcluj.ro\/hu\/wp-json\/wp\/v2\/posts\/4746\/revisions"}],"predecessor-version":[{"id":4748,"href":"https:\/\/news.ubbcluj.ro\/hu\/wp-json\/wp\/v2\/posts\/4746\/revisions\/4748"}],"wp:featuredmedia":[{"embeddable":true,"href":"https:\/\/news.ubbcluj.ro\/hu\/wp-json\/wp\/v2\/media\/4732"}],"wp:attachment":[{"href":"https:\/\/news.ubbcluj.ro\/hu\/wp-json\/wp\/v2\/media?parent=4746"}],"wp:term":[{"taxonomy":"category","embeddable":true,"href":"https:\/\/news.ubbcluj.ro\/hu\/wp-json\/wp\/v2\/categories?post=4746"},{"taxonomy":"post_tag","embeddable":true,"href":"https:\/\/news.ubbcluj.ro\/hu\/wp-json\/wp\/v2\/tags?post=4746"}],"curies":[{"name":"wp","href":"https:\/\/api.w.org\/{rel}","templated":true}]}}