{"id":4892,"date":"2021-03-04T08:19:15","date_gmt":"2021-03-04T06:19:15","guid":{"rendered":"https:\/\/news.ubbcluj.ro\/hu\/?p=4892"},"modified":"2021-03-04T08:19:15","modified_gmt":"2021-03-04T06:19:15","slug":"a-bbte-kivalosagi-dijjal-jutalmazta-munkatarsai-kiemelkedo-oktatasi-kutatasi-innovacios-es-adminisztrativ-tevekenyseget","status":"publish","type":"post","link":"https:\/\/news.ubbcluj.ro\/hu\/a-bbte-kivalosagi-dijjal-jutalmazta-munkatarsai-kiemelkedo-oktatasi-kutatasi-innovacios-es-adminisztrativ-tevekenyseget\/","title":{"rendered":"A BBTE kiv\u00e1l\u00f3s\u00e1gi d\u00edjjal jutalmazta munkat\u00e1rsai kiemelked\u0151 oktat\u00e1si, kutat\u00e1si, innov\u00e1ci\u00f3s \u00e9s adminisztrat\u00edv tev\u00e9kenys\u00e9g\u00e9t"},"content":{"rendered":"<p>A Babe\u0219\u2013Bolyai Tudom\u00e1nyegyetem 2021-ben is kiv\u00e1l\u00f3s\u00e1gi d\u00edjjal jutalmazta azokat a munkat\u00e1rsait, akik a 2019\/2020-as egyetemi tan\u00e9vben kiemelked\u0151 teljes\u00edtm\u00e9nyt ny\u00fajtottak az oktat\u00e1s, a kutat\u00e1s, az innov\u00e1ci\u00f3 vagy az \u00fcgyvitel ter\u00fclet\u00e9n.<\/p>\n<p>A BBTE Magyar Tagozat\u00e1n kiv\u00e1l\u00f3s\u00e1gi d\u00edjban r\u00e9szes\u00fcltek:<\/p>\n<ol>\n<li><strong>Oktat\u00e1si kiv\u00e1l\u00f3s\u00e1gi d\u00edj<\/strong><\/li>\n<\/ol>\n<ul>\n<li style=\"list-style-type: none;\">\n<ul>\n<li>R\u00e1cz B\u00e9la adjunktus, K\u00f6zgazdas\u00e1g- \u00e9s Gazd\u00e1lkod\u00e1studom\u00e1nyi Kar<\/li>\n<li>Fekete Mikl\u00f3s adjunktus, Reform\u00e1tus Tan\u00e1rk\u00e9pz\u0151 \u00e9s Zenem\u0171v\u00e9szeti Kar<\/li>\n<li>Andr\u00e1s Szabolcs adjunktus, R\u00f3mai Katolikus Teol\u00f3gia Kar<\/li>\n<\/ul>\n<\/li>\n<\/ul>\n<ol start=\"2\">\n<li><strong>Kiv\u00e1l\u00f3s\u00e1g a nemzetk\u00f6zi kutat\u00e1sban<\/strong>\n<ul>\n<li>Krist\u00e1ly S\u00e1ndor egyetemi tan\u00e1r, K\u00f6zgazdas\u00e1g- \u00e9s Gazd\u00e1lkod\u00e1studom\u00e1nyi Kar<\/li>\n<li>Baricz \u00c1rp\u00e1d egyetemi tan\u00e1r, K\u00f6zgazdas\u00e1g \u00e9s Gazd\u00e1lkod\u00e1studom\u00e1nyi Kar<\/li>\n<\/ul>\n<\/li>\n<\/ol>\n<ol>\n<li><strong>Kutat\u00e1si kiv\u00e1l\u00f3s\u00e1gi d\u00edj<\/strong><\/li>\n<\/ol>\n<ul>\n<li style=\"list-style-type: none;\">\n<ul>\n<li>Hartel Tibor docens, Biol\u00f3gia \u00e9s Geol\u00f3gia Kar<\/li>\n<li>Mih\u00e1lycsa Erika adjunktus, B\u00f6lcs\u00e9szettudom\u00e1nyi Kar<\/li>\n<li>Ben\u0151 Attila egyetemi tan\u00e1r, B\u00f6lcs\u00e9szettudom\u00e1nyi Kar<\/li>\n<li>Krist\u00e1ly S\u00e1ndor egyetemi tan\u00e1r, K\u00f6zgazdas\u00e1g- \u00e9s Gazd\u00e1lkod\u00e1studom\u00e1nyi Kar<\/li>\n<li>S\u00e1ndor J\u00f3zsef egyetemi tan\u00e1r, Testnevel\u00e9s \u00e9s Sport Kar<\/li>\n<li>Ol\u00e1h Zolt\u00e1n docens, R\u00f3mai Katolikus Teol\u00f3gia Kar<\/li>\n<li>B\u00e1tori Anna docens, Sz\u00ednh\u00e1z \u00e9s Film Kar<\/li>\n<\/ul>\n<\/li>\n<\/ul>\n<ol start=\"4\">\n<li><strong>Innovat\u00edv \u00e9s kultur\u00e1lis t\u00e1rsadalmi tev\u00e9kenys\u00e9gek<\/strong>\n<ul>\n<li>So\u00f3s Anna docens, Matematika \u00e9s Informatika Kar<\/li>\n<li>J\u00e1rai-Szab\u00f3 Ferenc docens, Fizika Kar<\/li>\n<li>Benedek J\u00f3zsef egyetemi tan\u00e1r, F\u00f6ldrajz Kar<\/li>\n<li>R\u00fcsz-Fogarasi Enik\u0151 egyetemi tan\u00e1r, T\u00f6rt\u00e9nelem \u00e9s Filoz\u00f3fia Kar<\/li>\n<li>Antal Imola docens, Szociol\u00f3gia \u00e9s Szoci\u00e1lismunk\u00e1s-k\u00e9pz\u0151 Kar<\/li>\n<li>Sz\u00e1sz Levente egyetemi tan\u00e1r, K\u00f6zgazdas\u00e1g- \u00e9s Gazd\u00e1lkod\u00e1studom\u00e1nyi Kar<\/li>\n<li>Mikl\u00f3s No\u00e9mi adjunktus, Reform\u00e1tus Tan\u00e1rk\u00e9pz\u0151 \u00e9s Zenem\u0171v\u00e9szeti Kar<\/li>\n<li>Holl\u00f3 L\u00e1szl\u00f3 egyetemi tan\u00e1r, R\u00f3mai Katolikus Teol\u00f3gia Kar<\/li>\n<\/ul>\n<\/li>\n<li><strong>Kiv\u00e1l\u00f3s\u00e1g az adminisztrat\u00edv tev\u00e9kenys\u00e9gekben<\/strong>\n<ul>\n<li>R\u00e9ti Tam\u00e1s, a BBTE magyar tagozat\u00e9rt felel\u0151s f\u0151titk\u00e1rhelyettese<\/li>\n<\/ul>\n<\/li>\n<\/ol>\n<p>A d\u00edjazottaknak gratul\u00e1lunk, tov\u00e1bbi eredm\u00e9nyes munk\u00e1t k\u00edv\u00e1nunk!<\/p>\n<p>&nbsp;<\/p>\n<p>&nbsp;<\/p>\n","protected":false},"excerpt":{"rendered":"<p>A Babe\u0219\u2013Bolyai Tudom\u00e1nyegyetem 2021-ben is kiv\u00e1l\u00f3s\u00e1gi d\u00edjjal jutalmazta azokat a munkat\u00e1rsait, akik a 2019\/2020-as egyetemi tan\u00e9vben kiemelked\u0151 teljes\u00edtm\u00e9nyt ny\u00fajtottak az oktat\u00e1s, a kutat\u00e1s, az innov\u00e1ci\u00f3 vagy az \u00fcgyvitel ter\u00fclet\u00e9n. A BBTE Magyar Tagozat\u00e1n kiv\u00e1l\u00f3s\u00e1gi d\u00edjban r\u00e9szes\u00fcltek: Oktat\u00e1si kiv\u00e1l\u00f3s\u00e1gi d\u00edj R\u00e1cz &hellip;<\/p>\n<p class=\"read-more\"> <a class=\"more-link\" href=\"https:\/\/news.ubbcluj.ro\/hu\/a-bbte-kivalosagi-dijjal-jutalmazta-munkatarsai-kiemelkedo-oktatasi-kutatasi-innovacios-es-adminisztrativ-tevekenyseget\/\"> <span class=\"screen-reader-text\">A BBTE kiv\u00e1l\u00f3s\u00e1gi d\u00edjjal jutalmazta munkat\u00e1rsai kiemelked\u0151 oktat\u00e1si, kutat\u00e1si, innov\u00e1ci\u00f3s \u00e9s adminisztrat\u00edv tev\u00e9kenys\u00e9g\u00e9t<\/span> Tov\u00e1bb &raquo;<\/a><\/p>\n","protected":false},"author":9,"featured_media":4871,"comment_status":"closed","ping_status":"closed","sticky":false,"template":"","format":"standard","meta":{"footnotes":""},"categories":[6,7],"tags":[],"yoast_head":"<!-- This site is optimized with the Yoast SEO plugin v21.9.1 - https:\/\/yoast.com\/wordpress\/plugins\/seo\/ -->\n<title>A BBTE kiv\u00e1l\u00f3s\u00e1gi d\u00edjjal jutalmazta munkat\u00e1rsai kiemelked\u0151 oktat\u00e1si, kutat\u00e1si, innov\u00e1ci\u00f3s \u00e9s adminisztrat\u00edv tev\u00e9kenys\u00e9g\u00e9t - Kommunik\u00e1ci\u00f3 \u00e9s PR iroda<\/title>\n<meta name=\"robots\" content=\"index, follow, max-snippet:-1, max-image-preview:large, max-video-preview:-1\" \/>\n<link rel=\"canonical\" href=\"https:\/\/news.ubbcluj.ro\/hu\/a-bbte-kivalosagi-dijjal-jutalmazta-munkatarsai-kiemelkedo-oktatasi-kutatasi-innovacios-es-adminisztrativ-tevekenyseget\/\" \/>\n<meta property=\"og:locale\" content=\"hu_HU\" \/>\n<meta property=\"og:type\" content=\"article\" \/>\n<meta property=\"og:title\" content=\"A BBTE kiv\u00e1l\u00f3s\u00e1gi d\u00edjjal jutalmazta munkat\u00e1rsai kiemelked\u0151 oktat\u00e1si, kutat\u00e1si, innov\u00e1ci\u00f3s \u00e9s adminisztrat\u00edv tev\u00e9kenys\u00e9g\u00e9t - Kommunik\u00e1ci\u00f3 \u00e9s PR iroda\" \/>\n<meta property=\"og:description\" content=\"A Babe\u0219\u2013Bolyai Tudom\u00e1nyegyetem 2021-ben is kiv\u00e1l\u00f3s\u00e1gi d\u00edjjal jutalmazta azokat a munkat\u00e1rsait, akik a 2019\/2020-as egyetemi tan\u00e9vben kiemelked\u0151 teljes\u00edtm\u00e9nyt ny\u00fajtottak az oktat\u00e1s, a kutat\u00e1s, az innov\u00e1ci\u00f3 vagy az \u00fcgyvitel ter\u00fclet\u00e9n. A BBTE Magyar Tagozat\u00e1n kiv\u00e1l\u00f3s\u00e1gi d\u00edjban r\u00e9szes\u00fcltek: Oktat\u00e1si kiv\u00e1l\u00f3s\u00e1gi d\u00edj R\u00e1cz &hellip; A BBTE kiv\u00e1l\u00f3s\u00e1gi d\u00edjjal jutalmazta munkat\u00e1rsai kiemelked\u0151 oktat\u00e1si, kutat\u00e1si, innov\u00e1ci\u00f3s \u00e9s adminisztrat\u00edv tev\u00e9kenys\u00e9g\u00e9t Tov\u00e1bb &raquo;\" \/>\n<meta property=\"og:url\" content=\"https:\/\/news.ubbcluj.ro\/hu\/a-bbte-kivalosagi-dijjal-jutalmazta-munkatarsai-kiemelkedo-oktatasi-kutatasi-innovacios-es-adminisztrativ-tevekenyseget\/\" \/>\n<meta property=\"og:site_name\" content=\"Kommunik\u00e1ci\u00f3 \u00e9s PR iroda\" \/>\n<meta property=\"article:published_time\" content=\"2021-03-04T06:19:15+00:00\" \/>\n<meta property=\"og:image\" content=\"https:\/\/news.ubbcluj.ro\/hu\/wp-content\/uploads\/2021\/02\/UBB5749-300x300-1.jpg\" \/>\n\t<meta property=\"og:image:width\" content=\"300\" \/>\n\t<meta property=\"og:image:height\" content=\"300\" \/>\n\t<meta property=\"og:image:type\" content=\"image\/jpeg\" \/>\n<meta name=\"author\" content=\"Bilibok Ren\u00e1ta\" \/>\n<meta name=\"twitter:card\" content=\"summary_large_image\" \/>\n<meta name=\"twitter:label1\" content=\"Szerz\u0151:\" \/>\n\t<meta name=\"twitter:data1\" content=\"Bilibok Ren\u00e1ta\" \/>\n\t<meta name=\"twitter:label2\" content=\"Becs\u00fclt olvas\u00e1si id\u0151\" \/>\n\t<meta name=\"twitter:data2\" content=\"2 perc\" \/>\n<script type=\"application\/ld+json\" class=\"yoast-schema-graph\">{\"@context\":\"https:\/\/schema.org\",\"@graph\":[{\"@type\":\"WebPage\",\"@id\":\"https:\/\/news.ubbcluj.ro\/hu\/a-bbte-kivalosagi-dijjal-jutalmazta-munkatarsai-kiemelkedo-oktatasi-kutatasi-innovacios-es-adminisztrativ-tevekenyseget\/\",\"url\":\"https:\/\/news.ubbcluj.ro\/hu\/a-bbte-kivalosagi-dijjal-jutalmazta-munkatarsai-kiemelkedo-oktatasi-kutatasi-innovacios-es-adminisztrativ-tevekenyseget\/\",\"name\":\"A BBTE kiv\u00e1l\u00f3s\u00e1gi d\u00edjjal jutalmazta munkat\u00e1rsai kiemelked\u0151 oktat\u00e1si, kutat\u00e1si, innov\u00e1ci\u00f3s \u00e9s adminisztrat\u00edv tev\u00e9kenys\u00e9g\u00e9t - Kommunik\u00e1ci\u00f3 \u00e9s PR iroda\",\"isPartOf\":{\"@id\":\"https:\/\/news.ubbcluj.ro\/hu\/#website\"},\"datePublished\":\"2021-03-04T06:19:15+00:00\",\"dateModified\":\"2021-03-04T06:19:15+00:00\",\"author\":{\"@id\":\"https:\/\/news.ubbcluj.ro\/hu\/#\/schema\/person\/0768248bd5e1ed05f87b7be96b4c3d9c\"},\"breadcrumb\":{\"@id\":\"https:\/\/news.ubbcluj.ro\/hu\/a-bbte-kivalosagi-dijjal-jutalmazta-munkatarsai-kiemelkedo-oktatasi-kutatasi-innovacios-es-adminisztrativ-tevekenyseget\/#breadcrumb\"},\"inLanguage\":\"hu\",\"potentialAction\":[{\"@type\":\"ReadAction\",\"target\":[\"https:\/\/news.ubbcluj.ro\/hu\/a-bbte-kivalosagi-dijjal-jutalmazta-munkatarsai-kiemelkedo-oktatasi-kutatasi-innovacios-es-adminisztrativ-tevekenyseget\/\"]}]},{\"@type\":\"BreadcrumbList\",\"@id\":\"https:\/\/news.ubbcluj.ro\/hu\/a-bbte-kivalosagi-dijjal-jutalmazta-munkatarsai-kiemelkedo-oktatasi-kutatasi-innovacios-es-adminisztrativ-tevekenyseget\/#breadcrumb\",\"itemListElement\":[{\"@type\":\"ListItem\",\"position\":1,\"name\":\"Home\",\"item\":\"https:\/\/news.ubbcluj.ro\/hu\/\"},{\"@type\":\"ListItem\",\"position\":2,\"name\":\"A BBTE kiv\u00e1l\u00f3s\u00e1gi d\u00edjjal jutalmazta munkat\u00e1rsai kiemelked\u0151 oktat\u00e1si, kutat\u00e1si, innov\u00e1ci\u00f3s \u00e9s adminisztrat\u00edv tev\u00e9kenys\u00e9g\u00e9t\"}]},{\"@type\":\"WebSite\",\"@id\":\"https:\/\/news.ubbcluj.ro\/hu\/#website\",\"url\":\"https:\/\/news.ubbcluj.ro\/hu\/\",\"name\":\"Kommunik\u00e1ci\u00f3 \u00e9s PR iroda\",\"description\":\"Babe\u0219-Bolyai Tudom\u00e1negyetem\",\"potentialAction\":[{\"@type\":\"SearchAction\",\"target\":{\"@type\":\"EntryPoint\",\"urlTemplate\":\"https:\/\/news.ubbcluj.ro\/hu\/?s={search_term_string}\"},\"query-input\":\"required name=search_term_string\"}],\"inLanguage\":\"hu\"},{\"@type\":\"Person\",\"@id\":\"https:\/\/news.ubbcluj.ro\/hu\/#\/schema\/person\/0768248bd5e1ed05f87b7be96b4c3d9c\",\"name\":\"Bilibok Ren\u00e1ta\",\"url\":\"https:\/\/news.ubbcluj.ro\/hu\/author\/renata-bilibok\/\"}]}<\/script>\n<!-- \/ Yoast SEO plugin. -->","yoast_head_json":{"title":"A BBTE kiv\u00e1l\u00f3s\u00e1gi d\u00edjjal jutalmazta munkat\u00e1rsai kiemelked\u0151 oktat\u00e1si, kutat\u00e1si, innov\u00e1ci\u00f3s \u00e9s adminisztrat\u00edv tev\u00e9kenys\u00e9g\u00e9t - Kommunik\u00e1ci\u00f3 \u00e9s PR iroda","robots":{"index":"index","follow":"follow","max-snippet":"max-snippet:-1","max-image-preview":"max-image-preview:large","max-video-preview":"max-video-preview:-1"},"canonical":"https:\/\/news.ubbcluj.ro\/hu\/a-bbte-kivalosagi-dijjal-jutalmazta-munkatarsai-kiemelkedo-oktatasi-kutatasi-innovacios-es-adminisztrativ-tevekenyseget\/","og_locale":"hu_HU","og_type":"article","og_title":"A BBTE kiv\u00e1l\u00f3s\u00e1gi d\u00edjjal jutalmazta munkat\u00e1rsai kiemelked\u0151 oktat\u00e1si, kutat\u00e1si, innov\u00e1ci\u00f3s \u00e9s adminisztrat\u00edv tev\u00e9kenys\u00e9g\u00e9t - Kommunik\u00e1ci\u00f3 \u00e9s PR iroda","og_description":"A Babe\u0219\u2013Bolyai Tudom\u00e1nyegyetem 2021-ben is kiv\u00e1l\u00f3s\u00e1gi d\u00edjjal jutalmazta azokat a munkat\u00e1rsait, akik a 2019\/2020-as egyetemi tan\u00e9vben kiemelked\u0151 teljes\u00edtm\u00e9nyt ny\u00fajtottak az oktat\u00e1s, a kutat\u00e1s, az innov\u00e1ci\u00f3 vagy az \u00fcgyvitel ter\u00fclet\u00e9n. A BBTE Magyar Tagozat\u00e1n kiv\u00e1l\u00f3s\u00e1gi d\u00edjban r\u00e9szes\u00fcltek: Oktat\u00e1si kiv\u00e1l\u00f3s\u00e1gi d\u00edj R\u00e1cz &hellip; A BBTE kiv\u00e1l\u00f3s\u00e1gi d\u00edjjal jutalmazta munkat\u00e1rsai kiemelked\u0151 oktat\u00e1si, kutat\u00e1si, innov\u00e1ci\u00f3s \u00e9s adminisztrat\u00edv tev\u00e9kenys\u00e9g\u00e9t Tov\u00e1bb &raquo;","og_url":"https:\/\/news.ubbcluj.ro\/hu\/a-bbte-kivalosagi-dijjal-jutalmazta-munkatarsai-kiemelkedo-oktatasi-kutatasi-innovacios-es-adminisztrativ-tevekenyseget\/","og_site_name":"Kommunik\u00e1ci\u00f3 \u00e9s PR iroda","article_published_time":"2021-03-04T06:19:15+00:00","og_image":[{"width":300,"height":300,"url":"https:\/\/news.ubbcluj.ro\/hu\/wp-content\/uploads\/2021\/02\/UBB5749-300x300-1.jpg","type":"image\/jpeg"}],"author":"Bilibok Ren\u00e1ta","twitter_card":"summary_large_image","twitter_misc":{"Szerz\u0151:":"Bilibok Ren\u00e1ta","Becs\u00fclt olvas\u00e1si id\u0151":"2 perc"},"schema":{"@context":"https:\/\/schema.org","@graph":[{"@type":"WebPage","@id":"https:\/\/news.ubbcluj.ro\/hu\/a-bbte-kivalosagi-dijjal-jutalmazta-munkatarsai-kiemelkedo-oktatasi-kutatasi-innovacios-es-adminisztrativ-tevekenyseget\/","url":"https:\/\/news.ubbcluj.ro\/hu\/a-bbte-kivalosagi-dijjal-jutalmazta-munkatarsai-kiemelkedo-oktatasi-kutatasi-innovacios-es-adminisztrativ-tevekenyseget\/","name":"A BBTE kiv\u00e1l\u00f3s\u00e1gi d\u00edjjal jutalmazta munkat\u00e1rsai kiemelked\u0151 oktat\u00e1si, kutat\u00e1si, innov\u00e1ci\u00f3s \u00e9s adminisztrat\u00edv tev\u00e9kenys\u00e9g\u00e9t - Kommunik\u00e1ci\u00f3 \u00e9s PR iroda","isPartOf":{"@id":"https:\/\/news.ubbcluj.ro\/hu\/#website"},"datePublished":"2021-03-04T06:19:15+00:00","dateModified":"2021-03-04T06:19:15+00:00","author":{"@id":"https:\/\/news.ubbcluj.ro\/hu\/#\/schema\/person\/0768248bd5e1ed05f87b7be96b4c3d9c"},"breadcrumb":{"@id":"https:\/\/news.ubbcluj.ro\/hu\/a-bbte-kivalosagi-dijjal-jutalmazta-munkatarsai-kiemelkedo-oktatasi-kutatasi-innovacios-es-adminisztrativ-tevekenyseget\/#breadcrumb"},"inLanguage":"hu","potentialAction":[{"@type":"ReadAction","target":["https:\/\/news.ubbcluj.ro\/hu\/a-bbte-kivalosagi-dijjal-jutalmazta-munkatarsai-kiemelkedo-oktatasi-kutatasi-innovacios-es-adminisztrativ-tevekenyseget\/"]}]},{"@type":"BreadcrumbList","@id":"https:\/\/news.ubbcluj.ro\/hu\/a-bbte-kivalosagi-dijjal-jutalmazta-munkatarsai-kiemelkedo-oktatasi-kutatasi-innovacios-es-adminisztrativ-tevekenyseget\/#breadcrumb","itemListElement":[{"@type":"ListItem","position":1,"name":"Home","item":"https:\/\/news.ubbcluj.ro\/hu\/"},{"@type":"ListItem","position":2,"name":"A BBTE kiv\u00e1l\u00f3s\u00e1gi d\u00edjjal jutalmazta munkat\u00e1rsai kiemelked\u0151 oktat\u00e1si, kutat\u00e1si, innov\u00e1ci\u00f3s \u00e9s adminisztrat\u00edv tev\u00e9kenys\u00e9g\u00e9t"}]},{"@type":"WebSite","@id":"https:\/\/news.ubbcluj.ro\/hu\/#website","url":"https:\/\/news.ubbcluj.ro\/hu\/","name":"Kommunik\u00e1ci\u00f3 \u00e9s PR iroda","description":"Babe\u0219-Bolyai Tudom\u00e1negyetem","potentialAction":[{"@type":"SearchAction","target":{"@type":"EntryPoint","urlTemplate":"https:\/\/news.ubbcluj.ro\/hu\/?s={search_term_string}"},"query-input":"required name=search_term_string"}],"inLanguage":"hu"},{"@type":"Person","@id":"https:\/\/news.ubbcluj.ro\/hu\/#\/schema\/person\/0768248bd5e1ed05f87b7be96b4c3d9c","name":"Bilibok Ren\u00e1ta","url":"https:\/\/news.ubbcluj.ro\/hu\/author\/renata-bilibok\/"}]}},"_links":{"self":[{"href":"https:\/\/news.ubbcluj.ro\/hu\/wp-json\/wp\/v2\/posts\/4892"}],"collection":[{"href":"https:\/\/news.ubbcluj.ro\/hu\/wp-json\/wp\/v2\/posts"}],"about":[{"href":"https:\/\/news.ubbcluj.ro\/hu\/wp-json\/wp\/v2\/types\/post"}],"author":[{"embeddable":true,"href":"https:\/\/news.ubbcluj.ro\/hu\/wp-json\/wp\/v2\/users\/9"}],"replies":[{"embeddable":true,"href":"https:\/\/news.ubbcluj.ro\/hu\/wp-json\/wp\/v2\/comments?post=4892"}],"version-history":[{"count":2,"href":"https:\/\/news.ubbcluj.ro\/hu\/wp-json\/wp\/v2\/posts\/4892\/revisions"}],"predecessor-version":[{"id":4894,"href":"https:\/\/news.ubbcluj.ro\/hu\/wp-json\/wp\/v2\/posts\/4892\/revisions\/4894"}],"wp:featuredmedia":[{"embeddable":true,"href":"https:\/\/news.ubbcluj.ro\/hu\/wp-json\/wp\/v2\/media\/4871"}],"wp:attachment":[{"href":"https:\/\/news.ubbcluj.ro\/hu\/wp-json\/wp\/v2\/media?parent=4892"}],"wp:term":[{"taxonomy":"category","embeddable":true,"href":"https:\/\/news.ubbcluj.ro\/hu\/wp-json\/wp\/v2\/categories?post=4892"},{"taxonomy":"post_tag","embeddable":true,"href":"https:\/\/news.ubbcluj.ro\/hu\/wp-json\/wp\/v2\/tags?post=4892"}],"curies":[{"name":"wp","href":"https:\/\/api.w.org\/{rel}","templated":true}]}}