{"id":4920,"date":"2021-03-10T12:45:36","date_gmt":"2021-03-10T10:45:36","guid":{"rendered":"https:\/\/news.ubbcluj.ro\/hu\/?p=4920"},"modified":"2021-03-10T12:49:07","modified_gmt":"2021-03-10T10:49:07","slug":"akademiai-strategiai-szovetsegre-lep-a-bbte-es-a-transylvanian-institute-of-neuroscience","status":"publish","type":"post","link":"https:\/\/news.ubbcluj.ro\/hu\/akademiai-strategiai-szovetsegre-lep-a-bbte-es-a-transylvanian-institute-of-neuroscience\/","title":{"rendered":"Akad\u00e9miai strat\u00e9giai sz\u00f6vets\u00e9gre l\u00e9p a BBTE \u00e9s a Transylvanian Institute of Neuroscience"},"content":{"rendered":"<p>A kolozsv\u00e1ri Babe\u0219\u2013Bolyai Tudom\u00e1nyegyetem (BBTE) rektora, dr. Daniel David egyetemi tan\u00e1r \u00e9s dr. Raul Mure\u0219an, a Transylvanian Institute of Neuroscience eln\u00f6ke a mai napon, 2021. m\u00e1rcius 10-\u00e9n akad\u00e9miai strat\u00e9giai sz\u00f6vets\u00e9gi egyezm\u00e9nyt \u00edrt al\u00e1.<\/p>\n<p><em>\u201eA BBTE nyitott a min\u0151s\u00e9gi tudom\u00e1nyos egy\u00fcttm\u0171k\u00f6d\u00e9sekre, amelyek hozz\u00e1adott \u00e9rt\u00e9ket k\u00e9pviselnek a partnerek \u00e9s a v\u00e1ros\/orsz\u00e1g sz\u00e1m\u00e1ra. A Transylvanian Institute of Neuroscience (TINS) orsz\u00e1gos \u00e9s nemzetk\u00f6zi szint\u0171 cs\u00facskutat\u00f3k csoportja, amely m\u00e1r az eddigiekben is hozz\u00e1j\u00e1rult ahhoz, hogy Rom\u00e1nia felker\u00fclj\u00f6n a tudom\u00e1nyter\u00fclet t\u00e9rk\u00e9p\u00e9re. A BBTE (k\u00fcl\u00f6n\u00f6sen az Eg\u00e9szs\u00e9g\u00fcgyi Akad\u00e9miai Iskola r\u00e9v\u00e9n &#8211; a klinikai kognit\u00edv idegtudom\u00e1nyokban \u00e9s a M\u00e9rn\u00f6ki \u00e9s m\u0171szaki tudom\u00e1nyi iskola mesters\u00e9ges intelligenci\u00e1ban folytatott kutat\u00e1sai r\u00e9v\u00e9n) \u00e9s a TINS t\u00f6rekv\u00e9seinek strat\u00e9giai \u00f6sszehangol\u00e1sa \u00e1ltal\u200b megnyitjuk egym\u00e1s sz\u00e1m\u00e1ra tudom\u00e1nyos infrastrukt\u00far\u00e1nkat, biztos\u00edtjuk a tud\u00f3sok mobilit\u00e1s\u00e1t (ide\u00e9rtve a kett\u0151s int\u00e9zm\u00e9nyi affili\u00e1ci\u00f3t is), \u00e9s koordin\u00e1lni fogjuk az oktat\u00e1si programokat (pl. egy mesteri k\u00e9pz\u00e9si program m\u00e1r el\u0151k\u00e9sz\u00edt\u00e9s alatt \u00e1ll), valamint a kutat\u00e1si tev\u00e9kenys\u00e9geket \u00e9s a t\u00e1rsadalommal fenntartott kapcsolatot. A BBTE \u00e9s a TINS k\u00f6z\u00f6tt m\u00e1r szoros egy\u00fcttm\u0171k\u00f6d\u00e9s van \u2013 n\u00e9mely TINS-kutat\u00f3 a BBTE munkat\u00e1rsa is, esetenk\u00e9nt maga is BBTE-alumnus \u2013, azonban rem\u00e9lem, hogy az \u00faj keret m\u00e9g \u00f6sszehangoltabb\u00e1 \u00e9s er\u0151sebb\u00e9 teszi a kapcsolatot\u201d<\/em> \u2013 nyilatkozta a BBTE rektora.<\/p>\n<p>A TINS eln\u00f6ke, dr. Raul Mure\u0219an \u00fagy v\u00e9li, <em>\u201ea TINS \u200b\u200ba BBTE-vel folytatott strat\u00e9giai egy\u00fcttm\u0171k\u00f6d\u00e9s r\u00e9v\u00e9n jelent\u0151s l\u00e9p\u00e9st tesz akad\u00e9miai poz\u00edci\u00f3j\u00e1nak megszil\u00e1rd\u00edt\u00e1sa fel\u00e9. Az \u00fatt\u00f6r\u0151 kutat\u00e1s nem v\u00e9gezhet\u0151 megfelel\u0151 emberi er\u0151forr\u00e1sok n\u00e9lk\u00fcl, ez pedig sz\u00fcks\u00e9gszer\u0171en mag\u00e1ban foglalja a vezet\u0151 tudom\u00e1nyos int\u00e9zm\u00e9nyekkel, p\u00e9ld\u00e1ul a BBTE-vel val\u00f3 szoros egy\u00fcttm\u0171k\u00f6d\u00e9st. A kutat\u00f3int\u00e9zetek \u00e9s az egyetemek k\u00f6z\u00f6tti egy\u00fcttm\u0171k\u00f6d\u00e9s modellj\u00e9t nagy sikerrel alkalmazz\u00e1k Eur\u00f3p\u00e1ban, kiemelked\u0151 p\u00e9lda erre N\u00e9metorsz\u00e1g, ahol a Max Planck int\u00e9zetek, amelyek tal\u00e1n a leger\u0151sebb eur\u00f3pai kutat\u00e1si egys\u00e9gek, de nem jogosultak tudom\u00e1nyos fokozatot biztos\u00edtani, ez\u00e9rt szorosan egy\u00fcttm\u0171k\u00f6dnek a n\u00e9met egyetemekkel, k\u00f6z\u00f6s doktori programokat m\u0171k\u00f6dtetnek (IMPRS), emberi er\u0151forr\u00e1sok cser\u00e9je zajlik, k\u00f6z\u00f6s oktat\u00e1si \u00e9s kutat\u00e1si programok vannak, stb. Ezt a bev\u00e1lt gyakorlatot alkalmazzuk Rom\u00e1ni\u00e1ban is; a BBTE \u00e9s a TINS \u200b\u200bk\u00f6z\u00f6tti strat\u00e9giai egy\u00fcttm\u0171k\u00f6d\u00e9s mindk\u00e9t int\u00e9zm\u00e9ny sz\u00e1m\u00e1ra el\u0151ny\u00f6s lesz, komplementarit\u00e1suk cs\u00facseredm\u00e9nyek gyorsabb \u00e9s hat\u00e9konyabb el\u00e9r\u00e9s\u00e9hez vezet. Az er\u0151forr\u00e1sok tematikus ter\u00fcletekre val\u00f3 \u00f6sszpontos\u00edt\u00e1sa, mint p\u00e9ld\u00e1ul az idegtudom\u00e1ny \u00e9s a mesters\u00e9ges intelligencia, a legjobb garancia a nemzetk\u00f6zi versenyk\u00e9pess\u00e9g biztos\u00edt\u00e1s\u00e1ra. Ez a partners\u00e9g orsz\u00e1gszinten hasonl\u00f3 kezdem\u00e9nyez\u00e9sek modellj\u00e9v\u00e9 is v\u00e1lhat, \u00e9s kell is, hogy v\u00e1ljon.\u201d<\/em><\/p>\n<p>A TINS (<a href=\"https:\/\/tins.ro\/\">https:\/\/tins.ro\/<\/a>) egy mag\u00e1n kutat\u00f3int\u00e9zet, amelyet az idegtudom\u00e1ny ter\u00fclet\u00e9n tev\u00e9kenyked\u0151 kutat\u00f3k alap\u00edtottak. F\u0151 k\u00fcldet\u00e9se az idegtudom\u00e1ny kutat\u00e1s\u00e1nak el\u0151mozd\u00edt\u00e1sa az eg\u00e9szs\u00e9ges \u00e9s a beteg agy neuron\u00e1lis \u00e1ramk\u00f6rei dinamik\u00e1j\u00e1nak tanulm\u00e1nyoz\u00e1s\u00e1val. A TINS emellett\u200b\u200ba kognit\u00edv tudom\u00e1nyok \u00e9s a biol\u00f3giailag inspir\u00e1lt mesters\u00e9ges intelligencia kutat\u00e1s\u00e1ra \u00f6sszpontos\u00edt. Jelenleg az int\u00e9zet sz\u00e1mos kutat\u00f3laborat\u00f3riumot m\u0171k\u00f6dtet, amelyek kiv\u00e9teles k\u00eds\u00e9rleti \u00e9s sz\u00e1m\u00edt\u00e1si infrastrukt\u00far\u00e1val rendelkeznek. A TINS \u200b\u200ba rangos nemzetk\u00f6zi ny\u00e1ri iskola, a Transylvanian Experimental Neuroscience Summer School (TENSS \u2013 <a href=\"https:\/\/tenss.ro\">https:\/\/tenss.ro<\/a>) szervez\u0151je.<\/p>\n<p>&nbsp;<\/p>\n","protected":false},"excerpt":{"rendered":"<p>A kolozsv\u00e1ri Babe\u0219\u2013Bolyai Tudom\u00e1nyegyetem (BBTE) rektora, dr. Daniel David egyetemi tan\u00e1r \u00e9s dr. Raul Mure\u0219an, a Transylvanian Institute of Neuroscience eln\u00f6ke a mai napon, 2021. m\u00e1rcius 10-\u00e9n akad\u00e9miai strat\u00e9giai sz\u00f6vets\u00e9gi egyezm\u00e9nyt \u00edrt al\u00e1. \u201eA BBTE nyitott a min\u0151s\u00e9gi tudom\u00e1nyos egy\u00fcttm\u0171k\u00f6d\u00e9sekre, &hellip;<\/p>\n<p class=\"read-more\"> <a class=\"more-link\" href=\"https:\/\/news.ubbcluj.ro\/hu\/akademiai-strategiai-szovetsegre-lep-a-bbte-es-a-transylvanian-institute-of-neuroscience\/\"> <span class=\"screen-reader-text\">Akad\u00e9miai strat\u00e9giai sz\u00f6vets\u00e9gre l\u00e9p a BBTE \u00e9s a Transylvanian Institute of Neuroscience<\/span> Tov\u00e1bb &raquo;<\/a><\/p>\n","protected":false},"author":9,"featured_media":4921,"comment_status":"closed","ping_status":"closed","sticky":false,"template":"","format":"standard","meta":{"footnotes":""},"categories":[6,7],"tags":[],"yoast_head":"<!-- This site is optimized with the Yoast SEO plugin v21.9.1 - https:\/\/yoast.com\/wordpress\/plugins\/seo\/ -->\n<title>Akad\u00e9miai strat\u00e9giai sz\u00f6vets\u00e9gre l\u00e9p a BBTE \u00e9s a Transylvanian Institute of Neuroscience - Kommunik\u00e1ci\u00f3 \u00e9s PR iroda<\/title>\n<meta name=\"robots\" content=\"index, follow, max-snippet:-1, max-image-preview:large, max-video-preview:-1\" \/>\n<link rel=\"canonical\" href=\"https:\/\/news.ubbcluj.ro\/hu\/akademiai-strategiai-szovetsegre-lep-a-bbte-es-a-transylvanian-institute-of-neuroscience\/\" \/>\n<meta property=\"og:locale\" content=\"hu_HU\" \/>\n<meta property=\"og:type\" content=\"article\" \/>\n<meta property=\"og:title\" content=\"Akad\u00e9miai strat\u00e9giai sz\u00f6vets\u00e9gre l\u00e9p a BBTE \u00e9s a Transylvanian Institute of Neuroscience - Kommunik\u00e1ci\u00f3 \u00e9s PR iroda\" \/>\n<meta property=\"og:description\" content=\"A kolozsv\u00e1ri Babe\u0219\u2013Bolyai Tudom\u00e1nyegyetem (BBTE) rektora, dr. Daniel David egyetemi tan\u00e1r \u00e9s dr. Raul Mure\u0219an, a Transylvanian Institute of Neuroscience eln\u00f6ke a mai napon, 2021. m\u00e1rcius 10-\u00e9n akad\u00e9miai strat\u00e9giai sz\u00f6vets\u00e9gi egyezm\u00e9nyt \u00edrt al\u00e1. \u201eA BBTE nyitott a min\u0151s\u00e9gi tudom\u00e1nyos egy\u00fcttm\u0171k\u00f6d\u00e9sekre, &hellip; Akad\u00e9miai strat\u00e9giai sz\u00f6vets\u00e9gre l\u00e9p a BBTE \u00e9s a Transylvanian Institute of Neuroscience Tov\u00e1bb &raquo;\" \/>\n<meta property=\"og:url\" content=\"https:\/\/news.ubbcluj.ro\/hu\/akademiai-strategiai-szovetsegre-lep-a-bbte-es-a-transylvanian-institute-of-neuroscience\/\" \/>\n<meta property=\"og:site_name\" content=\"Kommunik\u00e1ci\u00f3 \u00e9s PR iroda\" \/>\n<meta property=\"article:published_time\" content=\"2021-03-10T10:45:36+00:00\" \/>\n<meta property=\"article:modified_time\" content=\"2021-03-10T10:49:07+00:00\" \/>\n<meta property=\"og:image\" content=\"https:\/\/news.ubbcluj.ro\/hu\/wp-content\/uploads\/2021\/03\/Picture-1-300x300-1.png\" \/>\n\t<meta property=\"og:image:width\" content=\"300\" \/>\n\t<meta property=\"og:image:height\" content=\"300\" \/>\n\t<meta property=\"og:image:type\" content=\"image\/png\" \/>\n<meta name=\"author\" content=\"Bilibok Ren\u00e1ta\" \/>\n<meta name=\"twitter:card\" content=\"summary_large_image\" \/>\n<meta name=\"twitter:label1\" content=\"Szerz\u0151:\" \/>\n\t<meta name=\"twitter:data1\" content=\"Bilibok Ren\u00e1ta\" \/>\n\t<meta name=\"twitter:label2\" content=\"Becs\u00fclt olvas\u00e1si id\u0151\" \/>\n\t<meta name=\"twitter:data2\" content=\"4 perc\" \/>\n<script type=\"application\/ld+json\" class=\"yoast-schema-graph\">{\"@context\":\"https:\/\/schema.org\",\"@graph\":[{\"@type\":\"WebPage\",\"@id\":\"https:\/\/news.ubbcluj.ro\/hu\/akademiai-strategiai-szovetsegre-lep-a-bbte-es-a-transylvanian-institute-of-neuroscience\/\",\"url\":\"https:\/\/news.ubbcluj.ro\/hu\/akademiai-strategiai-szovetsegre-lep-a-bbte-es-a-transylvanian-institute-of-neuroscience\/\",\"name\":\"Akad\u00e9miai strat\u00e9giai sz\u00f6vets\u00e9gre l\u00e9p a BBTE \u00e9s a Transylvanian Institute of Neuroscience - Kommunik\u00e1ci\u00f3 \u00e9s PR iroda\",\"isPartOf\":{\"@id\":\"https:\/\/news.ubbcluj.ro\/hu\/#website\"},\"datePublished\":\"2021-03-10T10:45:36+00:00\",\"dateModified\":\"2021-03-10T10:49:07+00:00\",\"author\":{\"@id\":\"https:\/\/news.ubbcluj.ro\/hu\/#\/schema\/person\/0768248bd5e1ed05f87b7be96b4c3d9c\"},\"breadcrumb\":{\"@id\":\"https:\/\/news.ubbcluj.ro\/hu\/akademiai-strategiai-szovetsegre-lep-a-bbte-es-a-transylvanian-institute-of-neuroscience\/#breadcrumb\"},\"inLanguage\":\"hu\",\"potentialAction\":[{\"@type\":\"ReadAction\",\"target\":[\"https:\/\/news.ubbcluj.ro\/hu\/akademiai-strategiai-szovetsegre-lep-a-bbte-es-a-transylvanian-institute-of-neuroscience\/\"]}]},{\"@type\":\"BreadcrumbList\",\"@id\":\"https:\/\/news.ubbcluj.ro\/hu\/akademiai-strategiai-szovetsegre-lep-a-bbte-es-a-transylvanian-institute-of-neuroscience\/#breadcrumb\",\"itemListElement\":[{\"@type\":\"ListItem\",\"position\":1,\"name\":\"Home\",\"item\":\"https:\/\/news.ubbcluj.ro\/hu\/\"},{\"@type\":\"ListItem\",\"position\":2,\"name\":\"Akad\u00e9miai strat\u00e9giai sz\u00f6vets\u00e9gre l\u00e9p a BBTE \u00e9s a Transylvanian Institute of Neuroscience\"}]},{\"@type\":\"WebSite\",\"@id\":\"https:\/\/news.ubbcluj.ro\/hu\/#website\",\"url\":\"https:\/\/news.ubbcluj.ro\/hu\/\",\"name\":\"Kommunik\u00e1ci\u00f3 \u00e9s PR iroda\",\"description\":\"Babe\u0219-Bolyai Tudom\u00e1negyetem\",\"potentialAction\":[{\"@type\":\"SearchAction\",\"target\":{\"@type\":\"EntryPoint\",\"urlTemplate\":\"https:\/\/news.ubbcluj.ro\/hu\/?s={search_term_string}\"},\"query-input\":\"required name=search_term_string\"}],\"inLanguage\":\"hu\"},{\"@type\":\"Person\",\"@id\":\"https:\/\/news.ubbcluj.ro\/hu\/#\/schema\/person\/0768248bd5e1ed05f87b7be96b4c3d9c\",\"name\":\"Bilibok Ren\u00e1ta\",\"url\":\"https:\/\/news.ubbcluj.ro\/hu\/author\/renata-bilibok\/\"}]}<\/script>\n<!-- \/ Yoast SEO plugin. -->","yoast_head_json":{"title":"Akad\u00e9miai strat\u00e9giai sz\u00f6vets\u00e9gre l\u00e9p a BBTE \u00e9s a Transylvanian Institute of Neuroscience - Kommunik\u00e1ci\u00f3 \u00e9s PR iroda","robots":{"index":"index","follow":"follow","max-snippet":"max-snippet:-1","max-image-preview":"max-image-preview:large","max-video-preview":"max-video-preview:-1"},"canonical":"https:\/\/news.ubbcluj.ro\/hu\/akademiai-strategiai-szovetsegre-lep-a-bbte-es-a-transylvanian-institute-of-neuroscience\/","og_locale":"hu_HU","og_type":"article","og_title":"Akad\u00e9miai strat\u00e9giai sz\u00f6vets\u00e9gre l\u00e9p a BBTE \u00e9s a Transylvanian Institute of Neuroscience - Kommunik\u00e1ci\u00f3 \u00e9s PR iroda","og_description":"A kolozsv\u00e1ri Babe\u0219\u2013Bolyai Tudom\u00e1nyegyetem (BBTE) rektora, dr. Daniel David egyetemi tan\u00e1r \u00e9s dr. Raul Mure\u0219an, a Transylvanian Institute of Neuroscience eln\u00f6ke a mai napon, 2021. m\u00e1rcius 10-\u00e9n akad\u00e9miai strat\u00e9giai sz\u00f6vets\u00e9gi egyezm\u00e9nyt \u00edrt al\u00e1. \u201eA BBTE nyitott a min\u0151s\u00e9gi tudom\u00e1nyos egy\u00fcttm\u0171k\u00f6d\u00e9sekre, &hellip; Akad\u00e9miai strat\u00e9giai sz\u00f6vets\u00e9gre l\u00e9p a BBTE \u00e9s a Transylvanian Institute of Neuroscience Tov\u00e1bb &raquo;","og_url":"https:\/\/news.ubbcluj.ro\/hu\/akademiai-strategiai-szovetsegre-lep-a-bbte-es-a-transylvanian-institute-of-neuroscience\/","og_site_name":"Kommunik\u00e1ci\u00f3 \u00e9s PR iroda","article_published_time":"2021-03-10T10:45:36+00:00","article_modified_time":"2021-03-10T10:49:07+00:00","og_image":[{"width":300,"height":300,"url":"https:\/\/news.ubbcluj.ro\/hu\/wp-content\/uploads\/2021\/03\/Picture-1-300x300-1.png","type":"image\/png"}],"author":"Bilibok Ren\u00e1ta","twitter_card":"summary_large_image","twitter_misc":{"Szerz\u0151:":"Bilibok Ren\u00e1ta","Becs\u00fclt olvas\u00e1si id\u0151":"4 perc"},"schema":{"@context":"https:\/\/schema.org","@graph":[{"@type":"WebPage","@id":"https:\/\/news.ubbcluj.ro\/hu\/akademiai-strategiai-szovetsegre-lep-a-bbte-es-a-transylvanian-institute-of-neuroscience\/","url":"https:\/\/news.ubbcluj.ro\/hu\/akademiai-strategiai-szovetsegre-lep-a-bbte-es-a-transylvanian-institute-of-neuroscience\/","name":"Akad\u00e9miai strat\u00e9giai sz\u00f6vets\u00e9gre l\u00e9p a BBTE \u00e9s a Transylvanian Institute of Neuroscience - Kommunik\u00e1ci\u00f3 \u00e9s PR iroda","isPartOf":{"@id":"https:\/\/news.ubbcluj.ro\/hu\/#website"},"datePublished":"2021-03-10T10:45:36+00:00","dateModified":"2021-03-10T10:49:07+00:00","author":{"@id":"https:\/\/news.ubbcluj.ro\/hu\/#\/schema\/person\/0768248bd5e1ed05f87b7be96b4c3d9c"},"breadcrumb":{"@id":"https:\/\/news.ubbcluj.ro\/hu\/akademiai-strategiai-szovetsegre-lep-a-bbte-es-a-transylvanian-institute-of-neuroscience\/#breadcrumb"},"inLanguage":"hu","potentialAction":[{"@type":"ReadAction","target":["https:\/\/news.ubbcluj.ro\/hu\/akademiai-strategiai-szovetsegre-lep-a-bbte-es-a-transylvanian-institute-of-neuroscience\/"]}]},{"@type":"BreadcrumbList","@id":"https:\/\/news.ubbcluj.ro\/hu\/akademiai-strategiai-szovetsegre-lep-a-bbte-es-a-transylvanian-institute-of-neuroscience\/#breadcrumb","itemListElement":[{"@type":"ListItem","position":1,"name":"Home","item":"https:\/\/news.ubbcluj.ro\/hu\/"},{"@type":"ListItem","position":2,"name":"Akad\u00e9miai strat\u00e9giai sz\u00f6vets\u00e9gre l\u00e9p a BBTE \u00e9s a Transylvanian Institute of Neuroscience"}]},{"@type":"WebSite","@id":"https:\/\/news.ubbcluj.ro\/hu\/#website","url":"https:\/\/news.ubbcluj.ro\/hu\/","name":"Kommunik\u00e1ci\u00f3 \u00e9s PR iroda","description":"Babe\u0219-Bolyai Tudom\u00e1negyetem","potentialAction":[{"@type":"SearchAction","target":{"@type":"EntryPoint","urlTemplate":"https:\/\/news.ubbcluj.ro\/hu\/?s={search_term_string}"},"query-input":"required name=search_term_string"}],"inLanguage":"hu"},{"@type":"Person","@id":"https:\/\/news.ubbcluj.ro\/hu\/#\/schema\/person\/0768248bd5e1ed05f87b7be96b4c3d9c","name":"Bilibok Ren\u00e1ta","url":"https:\/\/news.ubbcluj.ro\/hu\/author\/renata-bilibok\/"}]}},"_links":{"self":[{"href":"https:\/\/news.ubbcluj.ro\/hu\/wp-json\/wp\/v2\/posts\/4920"}],"collection":[{"href":"https:\/\/news.ubbcluj.ro\/hu\/wp-json\/wp\/v2\/posts"}],"about":[{"href":"https:\/\/news.ubbcluj.ro\/hu\/wp-json\/wp\/v2\/types\/post"}],"author":[{"embeddable":true,"href":"https:\/\/news.ubbcluj.ro\/hu\/wp-json\/wp\/v2\/users\/9"}],"replies":[{"embeddable":true,"href":"https:\/\/news.ubbcluj.ro\/hu\/wp-json\/wp\/v2\/comments?post=4920"}],"version-history":[{"count":4,"href":"https:\/\/news.ubbcluj.ro\/hu\/wp-json\/wp\/v2\/posts\/4920\/revisions"}],"predecessor-version":[{"id":4925,"href":"https:\/\/news.ubbcluj.ro\/hu\/wp-json\/wp\/v2\/posts\/4920\/revisions\/4925"}],"wp:featuredmedia":[{"embeddable":true,"href":"https:\/\/news.ubbcluj.ro\/hu\/wp-json\/wp\/v2\/media\/4921"}],"wp:attachment":[{"href":"https:\/\/news.ubbcluj.ro\/hu\/wp-json\/wp\/v2\/media?parent=4920"}],"wp:term":[{"taxonomy":"category","embeddable":true,"href":"https:\/\/news.ubbcluj.ro\/hu\/wp-json\/wp\/v2\/categories?post=4920"},{"taxonomy":"post_tag","embeddable":true,"href":"https:\/\/news.ubbcluj.ro\/hu\/wp-json\/wp\/v2\/tags?post=4920"}],"curies":[{"name":"wp","href":"https:\/\/api.w.org\/{rel}","templated":true}]}}