{"id":6041,"date":"2023-03-01T15:18:53","date_gmt":"2023-03-01T13:18:53","guid":{"rendered":"https:\/\/news.ubbcluj.ro\/hu\/?p=6041"},"modified":"2023-03-02T08:48:22","modified_gmt":"2023-03-02T06:48:22","slug":"egy-racionalis-es-kellemes-tavaszert","status":"publish","type":"post","link":"https:\/\/news.ubbcluj.ro\/hu\/egy-racionalis-es-kellemes-tavaszert\/","title":{"rendered":"Egy racion\u00e1lis \u00e9s kellemes tavasz\u00e9rt!"},"content":{"rendered":"<p>Kedves Koll\u00e9g\u00e1k!<\/p>\n<p>A tavasz ebben az \u00e9vben sem mentes a bonyodalmakt\u00f3l. H\u00e1bor\u00fas h\u00edrekkel, \u00a0t\u00e1rsadalmi-gazdas\u00e1gi \u00a0\u00a0fesz\u00fclts\u00e9gekkel \u00a0\u00a0\u00e9s t\u00f6rv\u00e9nym\u00f3dos\u00edt\u00e1sokkal\u00a0\u00a0 terhelt.\u00a0\u00a0 Ahogyan\u00a0\u00a0 azt\u00a0\u00a0 pszichol\u00f3gusk\u00e9nt m\u00e1r\u00a0\u00a0 t\u00f6bbsz\u00f6r, \u00a0\u00a0k\u00fcl\u00f6nb\u00f6z\u0151\u00a0\u00a0 kontextusokban\u00a0\u00a0 felvetettem,\u00a0\u00a0 fontos \u00e9szben tartani, hogy nem az esem\u00e9nyek (a bonyodalmak) szabj\u00e1k meg pszichol\u00f3giai (viselked\u00e9si \u00e9s \u00e9rzelmi) reakci\u00f3inkat, hanem a hozz\u00e1juk\u00a0\u00a0 val\u00f3\u00a0\u00a0 viszonyul\u00e1sunk,\u00a0\u00a0 az\u00a0\u00a0 ahogyan\u00a0\u00a0 ezeket\u00a0\u00a0 \u00e9rtelmezz\u00fck, ahogyan\u00a0\u00a0 r\u00f3luk \u00a0gondolkodunk.\u00a0\u00a0 Lelki\u00a0\u00a0 j\u00f3l\u00e9t\u00fcnk \u00e9rdek\u00e9ben\u00a0\u00a0 azt javaslom,\u00a0\u00a0 hogy\u00a0\u00a0 ebben\u00a0\u00a0 a\u00a0\u00a0 neh\u00e9z\u00a0\u00a0 peri\u00f3dusban a\u00a0\u00a0 szem\u00e9lyes \u00e9rt\u00e9keinket\u00a0\u00a0 el\u0151sz\u00f6r\u00a0\u00a0 is\u00a0\u00a0 egy\u00e9rtelm\u0171en,\u00a0\u00a0 de rugalmasan\u00a0\u00a0 hat\u00e1rozzuk meg\u00a0\u00a0 \u00e9s\u00a0\u00a0 ne\u00a0\u00a0 mereven\u00a0\u00a0 (pl.\u00a0\u00a0 \u201ejobb lenne\u201d \u00a0vagy\u00a0\u00a0 \u201eszeretn\u00e9m\u201d \u00a0a \u201emusz\u00e1j\u201d helyett).\u00a0\u00a0 Engedj\u00fck,\u00a0\u00a0 hogy\u00a0\u00a0 ezek az\u00a0\u00a0 \u00e9rt\u00e9kek\u00a0\u00a0 sz\u00ednes\u00edts\u00e9k \u00e9let\u00fcnket, hogy a negat\u00edvumokat ne katasztrof\u00e1lis sz\u00ednben l\u00e1ssuk, hogy\u00a0\u00a0 a\u00a0\u00a0 frusztr\u00e1ci\u00f3t\u00a0\u00a0 jobban\u00a0\u00a0 t\u0171rj\u00fck, hogy\u00a0\u00a0 elfogadjuk,\u00a0\u00a0 amin\u00a0\u00a0 nem v\u00e1ltoztathatunk, \u00a0mik\u00f6zben \u00a0\u00a0saj\u00e1t \u00e9rt\u00e9keinknek megfelel\u0151en alternat\u00edv\u00e1kat is keres\u00fcnk. \u00cdgy \u00e9p\u00edthetj\u00fck magunk saj\u00e1t j\u00f3l\u00e9t\u00fcnket, an\u00e9lk\u00fcl, \u00a0hogy \u00a0\u00a0azt \u00a0\u00a0enged\u00e9ly\u00fcnk \u00a0\u00a0n\u00e9lk\u00fcl \u00a0\u00a0b\u00e1rki \u00a0\u00a0vagy \u00a0\u00a0b\u00e1rmi befoly\u00e1solhatn\u00e1! Naps\u00fct\u00e9ses tavaszt k\u00edv\u00e1nok mindenkinek \u00e9s boldog m\u00e1rcius 8-\u00e1t a h\u00f6lgyeknek!<\/p>\n","protected":false},"excerpt":{"rendered":"<p>Kedves Koll\u00e9g\u00e1k! A tavasz ebben az \u00e9vben sem mentes a bonyodalmakt\u00f3l. H\u00e1bor\u00fas h\u00edrekkel, \u00a0t\u00e1rsadalmi-gazdas\u00e1gi \u00a0\u00a0fesz\u00fclts\u00e9gekkel \u00a0\u00a0\u00e9s t\u00f6rv\u00e9nym\u00f3dos\u00edt\u00e1sokkal\u00a0\u00a0 terhelt.\u00a0\u00a0 Ahogyan\u00a0\u00a0 azt\u00a0\u00a0 pszichol\u00f3gusk\u00e9nt m\u00e1r\u00a0\u00a0 t\u00f6bbsz\u00f6r, \u00a0\u00a0k\u00fcl\u00f6nb\u00f6z\u0151\u00a0\u00a0 kontextusokban\u00a0\u00a0 felvetettem,\u00a0\u00a0 fontos \u00e9szben tartani, hogy nem az esem\u00e9nyek (a bonyodalmak) szabj\u00e1k meg pszichol\u00f3giai (viselked\u00e9si \u00e9s &hellip;<\/p>\n<p class=\"read-more\"> <a class=\"more-link\" href=\"https:\/\/news.ubbcluj.ro\/hu\/egy-racionalis-es-kellemes-tavaszert\/\"> <span class=\"screen-reader-text\">Egy racion\u00e1lis \u00e9s kellemes tavasz\u00e9rt!<\/span> Tov\u00e1bb &raquo;<\/a><\/p>\n","protected":false},"author":9,"featured_media":5882,"comment_status":"closed","ping_status":"closed","sticky":false,"template":"","format":"standard","meta":{"footnotes":""},"categories":[6],"tags":[],"yoast_head":"<!-- This site is optimized with the Yoast SEO plugin v21.9.1 - https:\/\/yoast.com\/wordpress\/plugins\/seo\/ -->\n<title>Egy racion\u00e1lis \u00e9s kellemes tavasz\u00e9rt! - Kommunik\u00e1ci\u00f3 \u00e9s PR iroda<\/title>\n<meta name=\"robots\" content=\"index, follow, max-snippet:-1, max-image-preview:large, max-video-preview:-1\" \/>\n<link rel=\"canonical\" href=\"https:\/\/news.ubbcluj.ro\/hu\/egy-racionalis-es-kellemes-tavaszert\/\" \/>\n<meta property=\"og:locale\" content=\"hu_HU\" \/>\n<meta property=\"og:type\" content=\"article\" \/>\n<meta property=\"og:title\" content=\"Egy racion\u00e1lis \u00e9s kellemes tavasz\u00e9rt! - Kommunik\u00e1ci\u00f3 \u00e9s PR iroda\" \/>\n<meta property=\"og:description\" content=\"Kedves Koll\u00e9g\u00e1k! A tavasz ebben az \u00e9vben sem mentes a bonyodalmakt\u00f3l. H\u00e1bor\u00fas h\u00edrekkel, \u00a0t\u00e1rsadalmi-gazdas\u00e1gi \u00a0\u00a0fesz\u00fclts\u00e9gekkel \u00a0\u00a0\u00e9s t\u00f6rv\u00e9nym\u00f3dos\u00edt\u00e1sokkal\u00a0\u00a0 terhelt.\u00a0\u00a0 Ahogyan\u00a0\u00a0 azt\u00a0\u00a0 pszichol\u00f3gusk\u00e9nt m\u00e1r\u00a0\u00a0 t\u00f6bbsz\u00f6r, \u00a0\u00a0k\u00fcl\u00f6nb\u00f6z\u0151\u00a0\u00a0 kontextusokban\u00a0\u00a0 felvetettem,\u00a0\u00a0 fontos \u00e9szben tartani, hogy nem az esem\u00e9nyek (a bonyodalmak) szabj\u00e1k meg pszichol\u00f3giai (viselked\u00e9si \u00e9s &hellip; Egy racion\u00e1lis \u00e9s kellemes tavasz\u00e9rt! Tov\u00e1bb &raquo;\" \/>\n<meta property=\"og:url\" content=\"https:\/\/news.ubbcluj.ro\/hu\/egy-racionalis-es-kellemes-tavaszert\/\" \/>\n<meta property=\"og:site_name\" content=\"Kommunik\u00e1ci\u00f3 \u00e9s PR iroda\" \/>\n<meta property=\"article:published_time\" content=\"2023-03-01T13:18:53+00:00\" \/>\n<meta property=\"article:modified_time\" content=\"2023-03-02T06:48:22+00:00\" \/>\n<meta property=\"og:image\" content=\"https:\/\/news.ubbcluj.ro\/hu\/wp-content\/uploads\/2022\/10\/stema-200x200-1.jpg\" \/>\n\t<meta property=\"og:image:width\" content=\"200\" \/>\n\t<meta property=\"og:image:height\" content=\"200\" \/>\n\t<meta property=\"og:image:type\" content=\"image\/jpeg\" \/>\n<meta name=\"author\" content=\"Bilibok Ren\u00e1ta\" \/>\n<meta name=\"twitter:card\" content=\"summary_large_image\" \/>\n<meta name=\"twitter:label1\" content=\"Szerz\u0151:\" \/>\n\t<meta name=\"twitter:data1\" content=\"Bilibok Ren\u00e1ta\" \/>\n\t<meta name=\"twitter:label2\" content=\"Becs\u00fclt olvas\u00e1si id\u0151\" \/>\n\t<meta name=\"twitter:data2\" content=\"1 perc\" \/>\n<script type=\"application\/ld+json\" class=\"yoast-schema-graph\">{\"@context\":\"https:\/\/schema.org\",\"@graph\":[{\"@type\":\"WebPage\",\"@id\":\"https:\/\/news.ubbcluj.ro\/hu\/egy-racionalis-es-kellemes-tavaszert\/\",\"url\":\"https:\/\/news.ubbcluj.ro\/hu\/egy-racionalis-es-kellemes-tavaszert\/\",\"name\":\"Egy racion\u00e1lis \u00e9s kellemes tavasz\u00e9rt! - Kommunik\u00e1ci\u00f3 \u00e9s PR iroda\",\"isPartOf\":{\"@id\":\"https:\/\/news.ubbcluj.ro\/hu\/#website\"},\"datePublished\":\"2023-03-01T13:18:53+00:00\",\"dateModified\":\"2023-03-02T06:48:22+00:00\",\"author\":{\"@id\":\"https:\/\/news.ubbcluj.ro\/hu\/#\/schema\/person\/0768248bd5e1ed05f87b7be96b4c3d9c\"},\"breadcrumb\":{\"@id\":\"https:\/\/news.ubbcluj.ro\/hu\/egy-racionalis-es-kellemes-tavaszert\/#breadcrumb\"},\"inLanguage\":\"hu\",\"potentialAction\":[{\"@type\":\"ReadAction\",\"target\":[\"https:\/\/news.ubbcluj.ro\/hu\/egy-racionalis-es-kellemes-tavaszert\/\"]}]},{\"@type\":\"BreadcrumbList\",\"@id\":\"https:\/\/news.ubbcluj.ro\/hu\/egy-racionalis-es-kellemes-tavaszert\/#breadcrumb\",\"itemListElement\":[{\"@type\":\"ListItem\",\"position\":1,\"name\":\"Home\",\"item\":\"https:\/\/news.ubbcluj.ro\/hu\/\"},{\"@type\":\"ListItem\",\"position\":2,\"name\":\"Egy racion\u00e1lis \u00e9s kellemes tavasz\u00e9rt!\"}]},{\"@type\":\"WebSite\",\"@id\":\"https:\/\/news.ubbcluj.ro\/hu\/#website\",\"url\":\"https:\/\/news.ubbcluj.ro\/hu\/\",\"name\":\"Kommunik\u00e1ci\u00f3 \u00e9s PR iroda\",\"description\":\"Babe\u0219-Bolyai Tudom\u00e1negyetem\",\"potentialAction\":[{\"@type\":\"SearchAction\",\"target\":{\"@type\":\"EntryPoint\",\"urlTemplate\":\"https:\/\/news.ubbcluj.ro\/hu\/?s={search_term_string}\"},\"query-input\":\"required name=search_term_string\"}],\"inLanguage\":\"hu\"},{\"@type\":\"Person\",\"@id\":\"https:\/\/news.ubbcluj.ro\/hu\/#\/schema\/person\/0768248bd5e1ed05f87b7be96b4c3d9c\",\"name\":\"Bilibok Ren\u00e1ta\",\"url\":\"https:\/\/news.ubbcluj.ro\/hu\/author\/renata-bilibok\/\"}]}<\/script>\n<!-- \/ Yoast SEO plugin. -->","yoast_head_json":{"title":"Egy racion\u00e1lis \u00e9s kellemes tavasz\u00e9rt! - Kommunik\u00e1ci\u00f3 \u00e9s PR iroda","robots":{"index":"index","follow":"follow","max-snippet":"max-snippet:-1","max-image-preview":"max-image-preview:large","max-video-preview":"max-video-preview:-1"},"canonical":"https:\/\/news.ubbcluj.ro\/hu\/egy-racionalis-es-kellemes-tavaszert\/","og_locale":"hu_HU","og_type":"article","og_title":"Egy racion\u00e1lis \u00e9s kellemes tavasz\u00e9rt! - Kommunik\u00e1ci\u00f3 \u00e9s PR iroda","og_description":"Kedves Koll\u00e9g\u00e1k! A tavasz ebben az \u00e9vben sem mentes a bonyodalmakt\u00f3l. H\u00e1bor\u00fas h\u00edrekkel, \u00a0t\u00e1rsadalmi-gazdas\u00e1gi \u00a0\u00a0fesz\u00fclts\u00e9gekkel \u00a0\u00a0\u00e9s t\u00f6rv\u00e9nym\u00f3dos\u00edt\u00e1sokkal\u00a0\u00a0 terhelt.\u00a0\u00a0 Ahogyan\u00a0\u00a0 azt\u00a0\u00a0 pszichol\u00f3gusk\u00e9nt m\u00e1r\u00a0\u00a0 t\u00f6bbsz\u00f6r, \u00a0\u00a0k\u00fcl\u00f6nb\u00f6z\u0151\u00a0\u00a0 kontextusokban\u00a0\u00a0 felvetettem,\u00a0\u00a0 fontos \u00e9szben tartani, hogy nem az esem\u00e9nyek (a bonyodalmak) szabj\u00e1k meg pszichol\u00f3giai (viselked\u00e9si \u00e9s &hellip; Egy racion\u00e1lis \u00e9s kellemes tavasz\u00e9rt! Tov\u00e1bb &raquo;","og_url":"https:\/\/news.ubbcluj.ro\/hu\/egy-racionalis-es-kellemes-tavaszert\/","og_site_name":"Kommunik\u00e1ci\u00f3 \u00e9s PR iroda","article_published_time":"2023-03-01T13:18:53+00:00","article_modified_time":"2023-03-02T06:48:22+00:00","og_image":[{"width":200,"height":200,"url":"https:\/\/news.ubbcluj.ro\/hu\/wp-content\/uploads\/2022\/10\/stema-200x200-1.jpg","type":"image\/jpeg"}],"author":"Bilibok Ren\u00e1ta","twitter_card":"summary_large_image","twitter_misc":{"Szerz\u0151:":"Bilibok Ren\u00e1ta","Becs\u00fclt olvas\u00e1si id\u0151":"1 perc"},"schema":{"@context":"https:\/\/schema.org","@graph":[{"@type":"WebPage","@id":"https:\/\/news.ubbcluj.ro\/hu\/egy-racionalis-es-kellemes-tavaszert\/","url":"https:\/\/news.ubbcluj.ro\/hu\/egy-racionalis-es-kellemes-tavaszert\/","name":"Egy racion\u00e1lis \u00e9s kellemes tavasz\u00e9rt! - Kommunik\u00e1ci\u00f3 \u00e9s PR iroda","isPartOf":{"@id":"https:\/\/news.ubbcluj.ro\/hu\/#website"},"datePublished":"2023-03-01T13:18:53+00:00","dateModified":"2023-03-02T06:48:22+00:00","author":{"@id":"https:\/\/news.ubbcluj.ro\/hu\/#\/schema\/person\/0768248bd5e1ed05f87b7be96b4c3d9c"},"breadcrumb":{"@id":"https:\/\/news.ubbcluj.ro\/hu\/egy-racionalis-es-kellemes-tavaszert\/#breadcrumb"},"inLanguage":"hu","potentialAction":[{"@type":"ReadAction","target":["https:\/\/news.ubbcluj.ro\/hu\/egy-racionalis-es-kellemes-tavaszert\/"]}]},{"@type":"BreadcrumbList","@id":"https:\/\/news.ubbcluj.ro\/hu\/egy-racionalis-es-kellemes-tavaszert\/#breadcrumb","itemListElement":[{"@type":"ListItem","position":1,"name":"Home","item":"https:\/\/news.ubbcluj.ro\/hu\/"},{"@type":"ListItem","position":2,"name":"Egy racion\u00e1lis \u00e9s kellemes tavasz\u00e9rt!"}]},{"@type":"WebSite","@id":"https:\/\/news.ubbcluj.ro\/hu\/#website","url":"https:\/\/news.ubbcluj.ro\/hu\/","name":"Kommunik\u00e1ci\u00f3 \u00e9s PR iroda","description":"Babe\u0219-Bolyai Tudom\u00e1negyetem","potentialAction":[{"@type":"SearchAction","target":{"@type":"EntryPoint","urlTemplate":"https:\/\/news.ubbcluj.ro\/hu\/?s={search_term_string}"},"query-input":"required name=search_term_string"}],"inLanguage":"hu"},{"@type":"Person","@id":"https:\/\/news.ubbcluj.ro\/hu\/#\/schema\/person\/0768248bd5e1ed05f87b7be96b4c3d9c","name":"Bilibok Ren\u00e1ta","url":"https:\/\/news.ubbcluj.ro\/hu\/author\/renata-bilibok\/"}]}},"_links":{"self":[{"href":"https:\/\/news.ubbcluj.ro\/hu\/wp-json\/wp\/v2\/posts\/6041"}],"collection":[{"href":"https:\/\/news.ubbcluj.ro\/hu\/wp-json\/wp\/v2\/posts"}],"about":[{"href":"https:\/\/news.ubbcluj.ro\/hu\/wp-json\/wp\/v2\/types\/post"}],"author":[{"embeddable":true,"href":"https:\/\/news.ubbcluj.ro\/hu\/wp-json\/wp\/v2\/users\/9"}],"replies":[{"embeddable":true,"href":"https:\/\/news.ubbcluj.ro\/hu\/wp-json\/wp\/v2\/comments?post=6041"}],"version-history":[{"count":3,"href":"https:\/\/news.ubbcluj.ro\/hu\/wp-json\/wp\/v2\/posts\/6041\/revisions"}],"predecessor-version":[{"id":6046,"href":"https:\/\/news.ubbcluj.ro\/hu\/wp-json\/wp\/v2\/posts\/6041\/revisions\/6046"}],"wp:featuredmedia":[{"embeddable":true,"href":"https:\/\/news.ubbcluj.ro\/hu\/wp-json\/wp\/v2\/media\/5882"}],"wp:attachment":[{"href":"https:\/\/news.ubbcluj.ro\/hu\/wp-json\/wp\/v2\/media?parent=6041"}],"wp:term":[{"taxonomy":"category","embeddable":true,"href":"https:\/\/news.ubbcluj.ro\/hu\/wp-json\/wp\/v2\/categories?post=6041"},{"taxonomy":"post_tag","embeddable":true,"href":"https:\/\/news.ubbcluj.ro\/hu\/wp-json\/wp\/v2\/tags?post=6041"}],"curies":[{"name":"wp","href":"https:\/\/api.w.org\/{rel}","templated":true}]}}