{"id":6196,"date":"2023-05-23T15:39:40","date_gmt":"2023-05-23T12:39:40","guid":{"rendered":"https:\/\/news.ubbcluj.ro\/hu\/?p=6196"},"modified":"2023-05-23T15:39:40","modified_gmt":"2023-05-23T12:39:40","slug":"a-bbte-hat-eve-elso-a-romaniai-egyetemek-kozott-az-erasmus-programra-lehivott-osszegek-tekinteteben","status":"publish","type":"post","link":"https:\/\/news.ubbcluj.ro\/hu\/a-bbte-hat-eve-elso-a-romaniai-egyetemek-kozott-az-erasmus-programra-lehivott-osszegek-tekinteteben\/","title":{"rendered":"A BBTE hat \u00e9ve els\u0151 a rom\u00e1niai egyetemek k\u00f6z\u00f6tt az Erasmus programra leh\u00edvott \u00f6sszegek tekintet\u00e9ben"},"content":{"rendered":"<p style=\"text-align: right;\"><em>Kolozsv\u00e1r, 2023. m\u00e1jus 23.<\/em><\/p>\n<p>A kolozsv\u00e1ri Babe\u0219\u2013Bolyai Tudom\u00e1nyegyetem hatodik \u00e9ve els\u0151 a rom\u00e1niai egyetemek k\u00f6z\u00f6tt az Erasmus mobilit\u00e1si programra leh\u00edvott \u00f6sszegek tekintet\u00e9ben.<\/p>\n<p>A 2023-ban beny\u00fajtott p\u00e1ly\u00e1zatokb\u00f3l a BBTE t\u00f6bb mint 5,8 milli\u00f3 eur\u00f3 t\u00e1mogat\u00e1sban r\u00e9szes\u00fcl, ebb\u0151l a keretb\u0151l biztos\u00edtja az egyetem a k\u00f6zel 50 intenz\u00edv mobilit\u00e1si program keret\u00e9t, az 1700 hallgat\u00f3i mobilit\u00e1st, szakmai gyakorlatot, valamint 800 oktat\u00f3i \u00e9s szem\u00e9lyzeti mobilit\u00e1st (staff training).<\/p>\n<p><em>\u201eAz Erasmus program l\u00e9nyeg\u00e9ben a nemzetk\u00f6ziesed\u00e9st seg\u00edti a k\u00e9tir\u00e1ny\u00fa mobilit\u00e1ssal: keretet biztos\u00edt a BBTE k\u00f6z\u00f6ss\u00e9g\u00e9nek k\u00fclf\u00f6ldi kiutaz\u00e1sokra, valamint a k\u00fclf\u00f6ldi akad\u00e9miai k\u00f6z\u00f6ss\u00e9gek vend\u00e9g\u00fcl l\u00e1t\u00e1s\u00e1ra a BBTE-n<\/em><em>;<\/em><em> ezek a mozg\u00e1sok k\u00e9pezik a tudom\u00e1nyos egy\u00fcttm\u0171k\u00f6d\u00e9s alapj\u00e1t, illetve el\u0151seg\u00edtik az \u00faj\u00edt\u00e1shoz sz\u00fcks\u00e9ges kreativit\u00e1st. Az a t\u00e9ny, hogy a BBTE m\u00e1r hat \u00e9ve orsz\u00e1gszinten vezet\u0151, teljesen \u00e9rthet\u0151 egy vil\u00e1gsz\u00ednvonal\u00fa egyetem eset\u00e9ben, amelyet a 2021-es f\u00fcggetlen QS-rangsor is al\u00e1t\u00e1maszt\u201d<\/em> \u2013 nyilatkozta dr. Daniel David egyetemi tan\u00e1r, a BBTE rektora.<\/p>\n<p>Az elm\u00falt 11 \u00e9vben a BBTE k\u00fcl\u00f6nb\u00f6z\u0151 nemzetk\u00f6ziesed\u00e9st szolg\u00e1l\u00f3 projektekben mintegy 40 milli\u00f3 eur\u00f3t nyert el.<\/p>\n","protected":false},"excerpt":{"rendered":"<p>Kolozsv\u00e1r, 2023. m\u00e1jus 23. A kolozsv\u00e1ri Babe\u0219\u2013Bolyai Tudom\u00e1nyegyetem hatodik \u00e9ve els\u0151 a rom\u00e1niai egyetemek k\u00f6z\u00f6tt az Erasmus mobilit\u00e1si programra leh\u00edvott \u00f6sszegek tekintet\u00e9ben. A 2023-ban beny\u00fajtott p\u00e1ly\u00e1zatokb\u00f3l a BBTE t\u00f6bb mint 5,8 milli\u00f3 eur\u00f3 t\u00e1mogat\u00e1sban r\u00e9szes\u00fcl, ebb\u0151l a keretb\u0151l biztos\u00edtja az &hellip;<\/p>\n<p class=\"read-more\"> <a class=\"more-link\" href=\"https:\/\/news.ubbcluj.ro\/hu\/a-bbte-hat-eve-elso-a-romaniai-egyetemek-kozott-az-erasmus-programra-lehivott-osszegek-tekinteteben\/\"> <span class=\"screen-reader-text\">A BBTE hat \u00e9ve els\u0151 a rom\u00e1niai egyetemek k\u00f6z\u00f6tt az Erasmus programra leh\u00edvott \u00f6sszegek tekintet\u00e9ben<\/span> Tov\u00e1bb &raquo;<\/a><\/p>\n","protected":false},"author":9,"featured_media":5478,"comment_status":"closed","ping_status":"closed","sticky":false,"template":"","format":"standard","meta":{"footnotes":""},"categories":[6,7],"tags":[],"yoast_head":"<!-- This site is optimized with the Yoast SEO plugin v21.9.1 - https:\/\/yoast.com\/wordpress\/plugins\/seo\/ -->\n<title>A BBTE hat \u00e9ve els\u0151 a rom\u00e1niai egyetemek k\u00f6z\u00f6tt az Erasmus programra leh\u00edvott \u00f6sszegek tekintet\u00e9ben - Kommunik\u00e1ci\u00f3 \u00e9s PR iroda<\/title>\n<meta name=\"robots\" content=\"index, follow, max-snippet:-1, max-image-preview:large, max-video-preview:-1\" \/>\n<link rel=\"canonical\" href=\"https:\/\/news.ubbcluj.ro\/hu\/a-bbte-hat-eve-elso-a-romaniai-egyetemek-kozott-az-erasmus-programra-lehivott-osszegek-tekinteteben\/\" \/>\n<meta property=\"og:locale\" content=\"hu_HU\" \/>\n<meta property=\"og:type\" content=\"article\" \/>\n<meta property=\"og:title\" content=\"A BBTE hat \u00e9ve els\u0151 a rom\u00e1niai egyetemek k\u00f6z\u00f6tt az Erasmus programra leh\u00edvott \u00f6sszegek tekintet\u00e9ben - Kommunik\u00e1ci\u00f3 \u00e9s PR iroda\" \/>\n<meta property=\"og:description\" content=\"Kolozsv\u00e1r, 2023. m\u00e1jus 23. A kolozsv\u00e1ri Babe\u0219\u2013Bolyai Tudom\u00e1nyegyetem hatodik \u00e9ve els\u0151 a rom\u00e1niai egyetemek k\u00f6z\u00f6tt az Erasmus mobilit\u00e1si programra leh\u00edvott \u00f6sszegek tekintet\u00e9ben. A 2023-ban beny\u00fajtott p\u00e1ly\u00e1zatokb\u00f3l a BBTE t\u00f6bb mint 5,8 milli\u00f3 eur\u00f3 t\u00e1mogat\u00e1sban r\u00e9szes\u00fcl, ebb\u0151l a keretb\u0151l biztos\u00edtja az &hellip; A BBTE hat \u00e9ve els\u0151 a rom\u00e1niai egyetemek k\u00f6z\u00f6tt az Erasmus programra leh\u00edvott \u00f6sszegek tekintet\u00e9ben Tov\u00e1bb &raquo;\" \/>\n<meta property=\"og:url\" content=\"https:\/\/news.ubbcluj.ro\/hu\/a-bbte-hat-eve-elso-a-romaniai-egyetemek-kozott-az-erasmus-programra-lehivott-osszegek-tekinteteben\/\" \/>\n<meta property=\"og:site_name\" content=\"Kommunik\u00e1ci\u00f3 \u00e9s PR iroda\" \/>\n<meta property=\"article:published_time\" content=\"2023-05-23T12:39:40+00:00\" \/>\n<meta property=\"og:image\" content=\"https:\/\/news.ubbcluj.ro\/hu\/wp-content\/uploads\/2022\/03\/Universitatea-Babes-Bolyai-300x300-1.jpg\" \/>\n\t<meta property=\"og:image:width\" content=\"300\" \/>\n\t<meta property=\"og:image:height\" content=\"300\" \/>\n\t<meta property=\"og:image:type\" content=\"image\/jpeg\" \/>\n<meta name=\"author\" content=\"Bilibok Ren\u00e1ta\" \/>\n<meta name=\"twitter:card\" content=\"summary_large_image\" \/>\n<meta name=\"twitter:label1\" content=\"Szerz\u0151:\" \/>\n\t<meta name=\"twitter:data1\" content=\"Bilibok Ren\u00e1ta\" \/>\n\t<meta name=\"twitter:label2\" content=\"Becs\u00fclt olvas\u00e1si id\u0151\" \/>\n\t<meta name=\"twitter:data2\" content=\"1 perc\" \/>\n<script type=\"application\/ld+json\" class=\"yoast-schema-graph\">{\"@context\":\"https:\/\/schema.org\",\"@graph\":[{\"@type\":\"WebPage\",\"@id\":\"https:\/\/news.ubbcluj.ro\/hu\/a-bbte-hat-eve-elso-a-romaniai-egyetemek-kozott-az-erasmus-programra-lehivott-osszegek-tekinteteben\/\",\"url\":\"https:\/\/news.ubbcluj.ro\/hu\/a-bbte-hat-eve-elso-a-romaniai-egyetemek-kozott-az-erasmus-programra-lehivott-osszegek-tekinteteben\/\",\"name\":\"A BBTE hat \u00e9ve els\u0151 a rom\u00e1niai egyetemek k\u00f6z\u00f6tt az Erasmus programra leh\u00edvott \u00f6sszegek tekintet\u00e9ben - Kommunik\u00e1ci\u00f3 \u00e9s PR iroda\",\"isPartOf\":{\"@id\":\"https:\/\/news.ubbcluj.ro\/hu\/#website\"},\"datePublished\":\"2023-05-23T12:39:40+00:00\",\"dateModified\":\"2023-05-23T12:39:40+00:00\",\"author\":{\"@id\":\"https:\/\/news.ubbcluj.ro\/hu\/#\/schema\/person\/0768248bd5e1ed05f87b7be96b4c3d9c\"},\"breadcrumb\":{\"@id\":\"https:\/\/news.ubbcluj.ro\/hu\/a-bbte-hat-eve-elso-a-romaniai-egyetemek-kozott-az-erasmus-programra-lehivott-osszegek-tekinteteben\/#breadcrumb\"},\"inLanguage\":\"hu\",\"potentialAction\":[{\"@type\":\"ReadAction\",\"target\":[\"https:\/\/news.ubbcluj.ro\/hu\/a-bbte-hat-eve-elso-a-romaniai-egyetemek-kozott-az-erasmus-programra-lehivott-osszegek-tekinteteben\/\"]}]},{\"@type\":\"BreadcrumbList\",\"@id\":\"https:\/\/news.ubbcluj.ro\/hu\/a-bbte-hat-eve-elso-a-romaniai-egyetemek-kozott-az-erasmus-programra-lehivott-osszegek-tekinteteben\/#breadcrumb\",\"itemListElement\":[{\"@type\":\"ListItem\",\"position\":1,\"name\":\"Home\",\"item\":\"https:\/\/news.ubbcluj.ro\/hu\/\"},{\"@type\":\"ListItem\",\"position\":2,\"name\":\"A BBTE hat \u00e9ve els\u0151 a rom\u00e1niai egyetemek k\u00f6z\u00f6tt az Erasmus programra leh\u00edvott \u00f6sszegek tekintet\u00e9ben\"}]},{\"@type\":\"WebSite\",\"@id\":\"https:\/\/news.ubbcluj.ro\/hu\/#website\",\"url\":\"https:\/\/news.ubbcluj.ro\/hu\/\",\"name\":\"Kommunik\u00e1ci\u00f3 \u00e9s PR iroda\",\"description\":\"Babe\u0219-Bolyai Tudom\u00e1negyetem\",\"potentialAction\":[{\"@type\":\"SearchAction\",\"target\":{\"@type\":\"EntryPoint\",\"urlTemplate\":\"https:\/\/news.ubbcluj.ro\/hu\/?s={search_term_string}\"},\"query-input\":\"required name=search_term_string\"}],\"inLanguage\":\"hu\"},{\"@type\":\"Person\",\"@id\":\"https:\/\/news.ubbcluj.ro\/hu\/#\/schema\/person\/0768248bd5e1ed05f87b7be96b4c3d9c\",\"name\":\"Bilibok Ren\u00e1ta\",\"url\":\"https:\/\/news.ubbcluj.ro\/hu\/author\/renata-bilibok\/\"}]}<\/script>\n<!-- \/ Yoast SEO plugin. -->","yoast_head_json":{"title":"A BBTE hat \u00e9ve els\u0151 a rom\u00e1niai egyetemek k\u00f6z\u00f6tt az Erasmus programra leh\u00edvott \u00f6sszegek tekintet\u00e9ben - Kommunik\u00e1ci\u00f3 \u00e9s PR iroda","robots":{"index":"index","follow":"follow","max-snippet":"max-snippet:-1","max-image-preview":"max-image-preview:large","max-video-preview":"max-video-preview:-1"},"canonical":"https:\/\/news.ubbcluj.ro\/hu\/a-bbte-hat-eve-elso-a-romaniai-egyetemek-kozott-az-erasmus-programra-lehivott-osszegek-tekinteteben\/","og_locale":"hu_HU","og_type":"article","og_title":"A BBTE hat \u00e9ve els\u0151 a rom\u00e1niai egyetemek k\u00f6z\u00f6tt az Erasmus programra leh\u00edvott \u00f6sszegek tekintet\u00e9ben - Kommunik\u00e1ci\u00f3 \u00e9s PR iroda","og_description":"Kolozsv\u00e1r, 2023. m\u00e1jus 23. A kolozsv\u00e1ri Babe\u0219\u2013Bolyai Tudom\u00e1nyegyetem hatodik \u00e9ve els\u0151 a rom\u00e1niai egyetemek k\u00f6z\u00f6tt az Erasmus mobilit\u00e1si programra leh\u00edvott \u00f6sszegek tekintet\u00e9ben. A 2023-ban beny\u00fajtott p\u00e1ly\u00e1zatokb\u00f3l a BBTE t\u00f6bb mint 5,8 milli\u00f3 eur\u00f3 t\u00e1mogat\u00e1sban r\u00e9szes\u00fcl, ebb\u0151l a keretb\u0151l biztos\u00edtja az &hellip; A BBTE hat \u00e9ve els\u0151 a rom\u00e1niai egyetemek k\u00f6z\u00f6tt az Erasmus programra leh\u00edvott \u00f6sszegek tekintet\u00e9ben Tov\u00e1bb &raquo;","og_url":"https:\/\/news.ubbcluj.ro\/hu\/a-bbte-hat-eve-elso-a-romaniai-egyetemek-kozott-az-erasmus-programra-lehivott-osszegek-tekinteteben\/","og_site_name":"Kommunik\u00e1ci\u00f3 \u00e9s PR iroda","article_published_time":"2023-05-23T12:39:40+00:00","og_image":[{"width":300,"height":300,"url":"https:\/\/news.ubbcluj.ro\/hu\/wp-content\/uploads\/2022\/03\/Universitatea-Babes-Bolyai-300x300-1.jpg","type":"image\/jpeg"}],"author":"Bilibok Ren\u00e1ta","twitter_card":"summary_large_image","twitter_misc":{"Szerz\u0151:":"Bilibok Ren\u00e1ta","Becs\u00fclt olvas\u00e1si id\u0151":"1 perc"},"schema":{"@context":"https:\/\/schema.org","@graph":[{"@type":"WebPage","@id":"https:\/\/news.ubbcluj.ro\/hu\/a-bbte-hat-eve-elso-a-romaniai-egyetemek-kozott-az-erasmus-programra-lehivott-osszegek-tekinteteben\/","url":"https:\/\/news.ubbcluj.ro\/hu\/a-bbte-hat-eve-elso-a-romaniai-egyetemek-kozott-az-erasmus-programra-lehivott-osszegek-tekinteteben\/","name":"A BBTE hat \u00e9ve els\u0151 a rom\u00e1niai egyetemek k\u00f6z\u00f6tt az Erasmus programra leh\u00edvott \u00f6sszegek tekintet\u00e9ben - Kommunik\u00e1ci\u00f3 \u00e9s PR iroda","isPartOf":{"@id":"https:\/\/news.ubbcluj.ro\/hu\/#website"},"datePublished":"2023-05-23T12:39:40+00:00","dateModified":"2023-05-23T12:39:40+00:00","author":{"@id":"https:\/\/news.ubbcluj.ro\/hu\/#\/schema\/person\/0768248bd5e1ed05f87b7be96b4c3d9c"},"breadcrumb":{"@id":"https:\/\/news.ubbcluj.ro\/hu\/a-bbte-hat-eve-elso-a-romaniai-egyetemek-kozott-az-erasmus-programra-lehivott-osszegek-tekinteteben\/#breadcrumb"},"inLanguage":"hu","potentialAction":[{"@type":"ReadAction","target":["https:\/\/news.ubbcluj.ro\/hu\/a-bbte-hat-eve-elso-a-romaniai-egyetemek-kozott-az-erasmus-programra-lehivott-osszegek-tekinteteben\/"]}]},{"@type":"BreadcrumbList","@id":"https:\/\/news.ubbcluj.ro\/hu\/a-bbte-hat-eve-elso-a-romaniai-egyetemek-kozott-az-erasmus-programra-lehivott-osszegek-tekinteteben\/#breadcrumb","itemListElement":[{"@type":"ListItem","position":1,"name":"Home","item":"https:\/\/news.ubbcluj.ro\/hu\/"},{"@type":"ListItem","position":2,"name":"A BBTE hat \u00e9ve els\u0151 a rom\u00e1niai egyetemek k\u00f6z\u00f6tt az Erasmus programra leh\u00edvott \u00f6sszegek tekintet\u00e9ben"}]},{"@type":"WebSite","@id":"https:\/\/news.ubbcluj.ro\/hu\/#website","url":"https:\/\/news.ubbcluj.ro\/hu\/","name":"Kommunik\u00e1ci\u00f3 \u00e9s PR iroda","description":"Babe\u0219-Bolyai Tudom\u00e1negyetem","potentialAction":[{"@type":"SearchAction","target":{"@type":"EntryPoint","urlTemplate":"https:\/\/news.ubbcluj.ro\/hu\/?s={search_term_string}"},"query-input":"required name=search_term_string"}],"inLanguage":"hu"},{"@type":"Person","@id":"https:\/\/news.ubbcluj.ro\/hu\/#\/schema\/person\/0768248bd5e1ed05f87b7be96b4c3d9c","name":"Bilibok Ren\u00e1ta","url":"https:\/\/news.ubbcluj.ro\/hu\/author\/renata-bilibok\/"}]}},"_links":{"self":[{"href":"https:\/\/news.ubbcluj.ro\/hu\/wp-json\/wp\/v2\/posts\/6196"}],"collection":[{"href":"https:\/\/news.ubbcluj.ro\/hu\/wp-json\/wp\/v2\/posts"}],"about":[{"href":"https:\/\/news.ubbcluj.ro\/hu\/wp-json\/wp\/v2\/types\/post"}],"author":[{"embeddable":true,"href":"https:\/\/news.ubbcluj.ro\/hu\/wp-json\/wp\/v2\/users\/9"}],"replies":[{"embeddable":true,"href":"https:\/\/news.ubbcluj.ro\/hu\/wp-json\/wp\/v2\/comments?post=6196"}],"version-history":[{"count":1,"href":"https:\/\/news.ubbcluj.ro\/hu\/wp-json\/wp\/v2\/posts\/6196\/revisions"}],"predecessor-version":[{"id":6197,"href":"https:\/\/news.ubbcluj.ro\/hu\/wp-json\/wp\/v2\/posts\/6196\/revisions\/6197"}],"wp:featuredmedia":[{"embeddable":true,"href":"https:\/\/news.ubbcluj.ro\/hu\/wp-json\/wp\/v2\/media\/5478"}],"wp:attachment":[{"href":"https:\/\/news.ubbcluj.ro\/hu\/wp-json\/wp\/v2\/media?parent=6196"}],"wp:term":[{"taxonomy":"category","embeddable":true,"href":"https:\/\/news.ubbcluj.ro\/hu\/wp-json\/wp\/v2\/categories?post=6196"},{"taxonomy":"post_tag","embeddable":true,"href":"https:\/\/news.ubbcluj.ro\/hu\/wp-json\/wp\/v2\/tags?post=6196"}],"curies":[{"name":"wp","href":"https:\/\/api.w.org\/{rel}","templated":true}]}}