{"id":6434,"date":"2023-12-12T16:08:10","date_gmt":"2023-12-12T14:08:10","guid":{"rendered":"https:\/\/news.ubbcluj.ro\/hu\/?p=6434"},"modified":"2023-12-12T16:08:10","modified_gmt":"2023-12-12T14:08:10","slug":"a-bbte-rektoranak-uzenete-a-teli-unnepekre","status":"publish","type":"post","link":"https:\/\/news.ubbcluj.ro\/hu\/a-bbte-rektoranak-uzenete-a-teli-unnepekre\/","title":{"rendered":"A BBTE Rektor\u00e1nak \u00fczenete a t\u00e9li \u00fcnnepekre"},"content":{"rendered":"<p><strong>Egy hitelesebb \u00e9let\u00e9rt!<\/strong><\/p>\n<p><strong>\u00a0<\/strong><\/p>\n<p>Amint azt a rektori mand\u00e1tumom alatt minden \u00e9vben megtettem, most az el\u0151tt\u00fcnk \u00e1ll\u00f3 t\u00e9li \u00fcnnepk\u00f6r k\u00f6zeledt\u00e9vel igyekszem olyan \u00fczenettel fordulni egyetemi k\u00f6z\u00f6ss\u00e9g\u00fcnkh\u00f6z, amelynek pszichoter\u00e1pi\u00e1s \u00e9s\/vagy szem\u00e9lyis\u00e9gfejleszt\u00e9st seg\u00edt\u0151 pszichol\u00f3giai funkci\u00f3i is vannak. Sz\u00e1momra ez egyben a h\u00e1laad\u00e1s gyakorl\u00e1sa is a hitelesebb \u00e9let ir\u00e1nti elk\u00f6telezetts\u00e9gb\u0151l fakad\u00f3an, \u00e9s ezt pr\u00f3b\u00e1lom k\u00f6zvet\u00edteni az al\u00e1bbi kar\u00e1csonyi \u00fczenettel is.<\/p>\n<p>A kognit\u00edv viselked\u00e9ster\u00e1pia pozit\u00edv pszichol\u00f3gi\u00e1j\u00e1b\u00f3l kiindulva \u00fagy gondolom, hogy n\u00e9gy dolog lehet seg\u00edts\u00e9g\u00fcnkre abban, hogy ment\u00e1lisan \u00e9s fizikailag eg\u00e9szs\u00e9gesebbek legy\u00fcnk, \u00e9s ez\u00e1ltal min\u00e9l hitelesebb \u00e9letet \u00e9lhess\u00fcnk. A hiteles \u00e9let ism\u00e9rve, hogy kellemes, j\u00f3 \u00e9s \u00e9rtelmes\/jelent\u0151s\u00e9gteljes, megb\u00e9k\u00e9lve a m\u00falttal, el\u00e9gedetten a jelennel \u00e9s der\u0171l\u00e1t\u00f3n tekintve a j\u00f6v\u0151be. Term\u00e9szetesen sz\u00e1mtalan pszichol\u00f3giai t\u00e9nyez\u0151 is hozz\u00e1j\u00e1rul a hiteles \u00e9letvitelhez, de ez a n\u00e9gy a legfontosabbak k\u00f6z\u00e9 tartozik, amelyeket rengeteg pszichol\u00f3giai tanulm\u00e1ny is al\u00e1t\u00e1maszt, \u00e9s amelyek kiv\u00e1l\u00f3an illeszkednek a t\u00e9li \u00fcnnepk\u00f6r kontextus\u00e1ba. Vegy\u00fck szem\u00fcgyre teh\u00e1t ezeket r\u00f6viden, majd alkalmazzuk \u0151ket a saj\u00e1t \u00e9let\u00fcnkre, hogy min\u00e9l hitelesebben \u00e9lhess\u00fck meg azt.<\/p>\n<p>Az <strong>\u00e9rtelmes \u00e9let<\/strong> arra vonatkozik, hogy van egy gondolkod\u00e1sm\u00f3dunk (\u201emindset\u201d), amelyet 2-3 szem\u00e9lyesen vallott sarkalatos \u00e9rt\u00e9k hat\u00e1roz meg, amelyek \u00e9let\u00fcnk legjelent\u0151sebb r\u00e9sz\u00e9t \u00e1tsz\u00f6vik (abb\u00f3l, amit tesz\u00fcnk). Egyszer\u0171en fogalmazva, az \u00e9rt\u00e9k arra utal, amit a t\u00e1rsadalom j\u00f3nak tart (pl. \u201ecsal\u00e1d\u201d, \u201ekarrier\u201d, \u201emunka\u201d, \u201e\u00f6nzetlens\u00e9g\u201d stb.). Teh\u00e1t, tudatos\u00edtanunk kell ezeket a sarkalatos szem\u00e9lyes \u00e9rt\u00e9keket, \u00e9s meg kell val\u00f3s\u00edtanunk a saj\u00e1t \u00e9let\u00fcnkben is!<\/p>\n<p>A <strong>h\u00e1la, elismer\u00e9s<\/strong> arra a pszichol\u00f3giai folyamatra utal, amelynek sor\u00e1n megbecs\u00fcl\u00e9st tan\u00fas\u00edtunk mindaz ir\u00e1nt, amink van \u00e9s\/vagy amit el\u0151nyk\u00e9nt kaptunk, de megbecs\u00fclj\u00fck azt a \u201ehat\u00e1st kiv\u00e1lt\u00f3 t\u00e9nyez\u0151t\u201d is, amelynek (f\u0151k\u00e9nt sz\u00e1nd\u00e9kos) szerepe volt abban, amink van\/amiben r\u00e9szes\u00fclt\u00fcnk. Az \u201e\u00e1gens\u201d lehet spiritu\u00e1lis, emberi vagy term\u00e9szeti jelleg\u0171. Ahhoz azonban, hogy hat\u00e9kony \u00e9s hiteles legyen, a megbecs\u00fcl\u00e9snek (1) megfelel\u0151en indokoltnak kell lennie, \u00e9s (2) intraperszon\u00e1lisan (pl. gondolatban\/szem\u00e9lyes napl\u00f3ban stb.) \u00e9s interperszon\u00e1lisan (pl. sz\u00f3beli kommunik\u00e1ci\u00f3, levelek stb.) kell megnyilv\u00e1nulnia, nem pedig csak szubjekt\u00edv m\u00f3don. A h\u00e1la \u00e9s elismer\u00e9s teh\u00e1t kifejezhet\u0151 gondolatban, \u00edrott napl\u00f3\/lev\u00e9l form\u00e1j\u00e1ban, \u00e9s ami a legjobb, k\u00f6zvetlen\u00fcl k\u00f6z\u00f6lhet\u0151 az \u00e9rintett szem\u00e9lyekkel (pl. \u201eK\u00f6sz\u00f6n\u00f6m X-nek Y-t\u201d).<\/p>\n<p>A <strong>megbocs\u00e1t\u00e1s<\/strong> arra a pszichol\u00f3giai folyamatra utal, amelynek sor\u00e1n olyan magatart\u00e1st tan\u00fas\u00edtunk, amely azzal kezd\u0151dik, hogy elfogadjuk, ha valaki megb\u00e1ntott minket, \u00e9s tudatosan kiegyens\u00falyozott pozit\u00edv v\u00e1laszokat adunk annak a szem\u00e9lynek. Az elfogad\u00e1s nem azt jelenti, hogy egyet\u00e9rt\u00fcnk egy realit\u00e1ssal, hanem azt, hogy elismerj\u00fck annak l\u00e9tez\u00e9s\u00e9t. A kulcssz\u00f3, amelyet gondolatban ki kell mondanunk, \u00e9s lehet\u0151s\u00e9g szerint k\u00f6z\u00f6ln\u00fcnk kell az \u00e9rintett szem\u00e9llyel: \u201eMegbocs\u00e1tok neked!\u201d. N\u00e9ha a megbocs\u00e1t\u00e1st a saj\u00e1t magunk ir\u00e1ny\u00e1ba is meg kell fogalmaznunk, a \u201eMegbocs\u00e1tok magamnak!\u201d kijelent\u00e9ssel. V\u00e9g\u00fcl ismerj\u00fck fel a m\u00e1sok ellen elk\u00f6vetett t\u00e9ved\u00e9seink hat\u00e1s\u00e1t is, \u00e9s ha lehets\u00e9ges, k\u00e9rj\u00fcnk bocs\u00e1natot azokt\u00f3l, akiket megb\u00e1ntottunk \u2013 a kulcssz\u00f3 itt is ez: \u201eBocs\u00e1ss meg nekem!\u201d; \u00e9s megt\u00f6rt\u00e9nhet, hogy bizonyos szem\u00e9lyek nem bocs\u00e1tanak meg nek\u00fcnk, de mi nyugodtabbak maradunk, hogy ebben a tekintetben mindent megtett\u00fcnk, amit csak meg lehetett tenni.<\/p>\n<p>Az <strong>egy\u00fctt\u00e9rz\u00e9s<\/strong> arra a pszichol\u00f3giai folyamatra utal, amelynek r\u00e9v\u00e9n pozit\u00edv hozz\u00e1\u00e1ll\u00e1ssal fordulunk \u00f6nmagunkhoz \u00e9s\/vagy m\u00e1sokhoz, \u00e9s nem felt\u00e9tlen\u00fcl ahhoz, amit tesznek, \u00e1ltal\u00e1ban \u00e9s f\u0151k\u00e9nt a (sz\u00e1munkra vagy m\u00e1sok sz\u00e1m\u00e1ra) problematikus helyzetekben. Az egy\u00fctt\u00e9rz\u00e9s teh\u00e1t t\u00f6bb mint emp\u00e1tia \u00e9s altruizmus, \u00e9s ki kell fejezni sz\u00f3ban \u00e9s magatart\u00e1sban (k\u00fcl\u00f6n\u00f6sen t\u00e1mogat\u00f3 \u00e9s pozit\u00edv meger\u0151s\u00edt\u0151 viselked\u00e9sm\u00f3dokon kereszt\u00fcl).<\/p>\n<p>&nbsp;<\/p>\n<p>A t\u00e9li \u00fcnnepek, vall\u00e1si \u00e9s\/vagy az \u00fajrakezd\u00e9s lehet\u0151s\u00e9g\u00e9t hordoz\u00f3 jelent\u00e9s\u00fckkel, kiv\u00e1l\u00f3 keretet biztos\u00edtanak arra, hogy ezeket a pszichol\u00f3giai \u201egondolkod\u00e1sm\u00f3dokat\u201d (attit\u0171d\u00f6ket) racion\u00e1lis (rugalmas, nem merev) m\u00f3don gyakoroljuk \u00e9s v\u00e1llaljuk, ami nemcsak a ment\u00e1lis \u00e9s fizikai eg\u00e9szs\u00e9g\u00fcnkre, hanem a hitelesebb \u00e9letvitel\u00fcnkre is pozit\u00edv hat\u00e1ssal van. Aj\u00e1nlom a hasonl\u00f3 hozz\u00e1\u00e1ll\u00e1s alkalmaz\u00e1s\u00e1t, amikor pszichol\u00f3giai probl\u00e9m\u00e1ink vannak, ak\u00e1r havonta is, megel\u0151z\u0151 \u00e9s szem\u00e9lyis\u00e9gfejleszt\u0151 m\u00f3dszerk\u00e9nt. Arra b\u00e1tor\u00edtom \u00d6n\u00f6ket, hogy ebben a h\u00f3napban is, a k\u00f6zelg\u0151 t\u00e9li \u00fcnnepek alkalm\u00e1val, ez legyen a hozz\u00e1\u00e1ll\u00e1sunk, hogy a 2024-es esztend\u0151t a lehet\u0151 legjobban kezdhess\u00fck el pszichol\u00f3giai szempontb\u00f3l, \u00e9s \u00e9rezhess\u00fck azt, hogy hiteles \u00e9letet \u00e9l\u00fcnk!<\/p>\n<p>&nbsp;<\/p>\n<p><strong>\u00c1ldott kar\u00e1csonyt! Boldog \u00faj \u00e9vet! Kellemes, b\u00e9k\u00e9s t\u00e9li \u00fcnnepeket!<\/strong><\/p>\n<p><strong>Dr. Daniel David pszichol\u00f3gus, egyetemi tan\u00e1r<\/strong><\/p>\n<p>a BBTE rektora<\/p>\n<p>a Rom\u00e1n Akad\u00e9mia \u00e9s az Eur\u00f3pai Tudom\u00e1nyos Akad\u00e9mia (Academia Europaea) tagja<\/p>\n<p><img loading=\"lazy\" decoding=\"async\" class=\"aligncenter wp-image-6435 size-full\" src=\"https:\/\/news.ubbcluj.ro\/hu\/wp-content\/uploads\/2023\/12\/square_dd-koszonto_hu.png\" alt=\"\" width=\"810\" height=\"810\" data-id=\"6435\" srcset=\"https:\/\/news.ubbcluj.ro\/hu\/wp-content\/uploads\/2023\/12\/square_dd-koszonto_hu.png 810w, https:\/\/news.ubbcluj.ro\/hu\/wp-content\/uploads\/2023\/12\/square_dd-koszonto_hu-300x300.png 300w, https:\/\/news.ubbcluj.ro\/hu\/wp-content\/uploads\/2023\/12\/square_dd-koszonto_hu-200x200.png 200w, https:\/\/news.ubbcluj.ro\/hu\/wp-content\/uploads\/2023\/12\/square_dd-koszonto_hu-768x768.png 768w, https:\/\/news.ubbcluj.ro\/hu\/wp-content\/uploads\/2023\/12\/square_dd-koszonto_hu-150x150.png 150w, https:\/\/news.ubbcluj.ro\/hu\/wp-content\/uploads\/2023\/12\/square_dd-koszonto_hu-100x100.png 100w, https:\/\/news.ubbcluj.ro\/hu\/wp-content\/uploads\/2023\/12\/square_dd-koszonto_hu-450x450.png 450w, https:\/\/news.ubbcluj.ro\/hu\/wp-content\/uploads\/2023\/12\/square_dd-koszonto_hu-600x600.png 600w\" sizes=\"(max-width: 810px) 100vw, 810px\" \/><\/p>\n<p>&nbsp;<\/p>\n","protected":false},"excerpt":{"rendered":"<p>Egy hitelesebb \u00e9let\u00e9rt! \u00a0 Amint azt a rektori mand\u00e1tumom alatt minden \u00e9vben megtettem, most az el\u0151tt\u00fcnk \u00e1ll\u00f3 t\u00e9li \u00fcnnepk\u00f6r k\u00f6zeledt\u00e9vel igyekszem olyan \u00fczenettel fordulni egyetemi k\u00f6z\u00f6ss\u00e9g\u00fcnkh\u00f6z, amelynek pszichoter\u00e1pi\u00e1s \u00e9s\/vagy szem\u00e9lyis\u00e9gfejleszt\u00e9st seg\u00edt\u0151 pszichol\u00f3giai funkci\u00f3i is vannak. Sz\u00e1momra ez egyben a h\u00e1laad\u00e1s &hellip;<\/p>\n<p class=\"read-more\"> <a class=\"more-link\" href=\"https:\/\/news.ubbcluj.ro\/hu\/a-bbte-rektoranak-uzenete-a-teli-unnepekre\/\"> <span class=\"screen-reader-text\">A BBTE Rektor\u00e1nak \u00fczenete a t\u00e9li \u00fcnnepekre<\/span> Tov\u00e1bb &raquo;<\/a><\/p>\n","protected":false},"author":9,"featured_media":6435,"comment_status":"closed","ping_status":"closed","sticky":false,"template":"","format":"standard","meta":{"footnotes":""},"categories":[17,6],"tags":[],"yoast_head":"<!-- This site is optimized with the Yoast SEO plugin v21.9.1 - https:\/\/yoast.com\/wordpress\/plugins\/seo\/ -->\n<title>A BBTE Rektor\u00e1nak \u00fczenete a t\u00e9li \u00fcnnepekre - Kommunik\u00e1ci\u00f3 \u00e9s PR iroda<\/title>\n<meta name=\"robots\" content=\"index, follow, max-snippet:-1, max-image-preview:large, max-video-preview:-1\" \/>\n<link rel=\"canonical\" href=\"https:\/\/news.ubbcluj.ro\/hu\/a-bbte-rektoranak-uzenete-a-teli-unnepekre\/\" \/>\n<meta property=\"og:locale\" content=\"hu_HU\" \/>\n<meta property=\"og:type\" content=\"article\" \/>\n<meta property=\"og:title\" content=\"A BBTE Rektor\u00e1nak \u00fczenete a t\u00e9li \u00fcnnepekre - Kommunik\u00e1ci\u00f3 \u00e9s PR iroda\" \/>\n<meta property=\"og:description\" content=\"Egy hitelesebb \u00e9let\u00e9rt! \u00a0 Amint azt a rektori mand\u00e1tumom alatt minden \u00e9vben megtettem, most az el\u0151tt\u00fcnk \u00e1ll\u00f3 t\u00e9li \u00fcnnepk\u00f6r k\u00f6zeledt\u00e9vel igyekszem olyan \u00fczenettel fordulni egyetemi k\u00f6z\u00f6ss\u00e9g\u00fcnkh\u00f6z, amelynek pszichoter\u00e1pi\u00e1s \u00e9s\/vagy szem\u00e9lyis\u00e9gfejleszt\u00e9st seg\u00edt\u0151 pszichol\u00f3giai funkci\u00f3i is vannak. Sz\u00e1momra ez egyben a h\u00e1laad\u00e1s &hellip; A BBTE Rektor\u00e1nak \u00fczenete a t\u00e9li \u00fcnnepekre Tov\u00e1bb &raquo;\" \/>\n<meta property=\"og:url\" content=\"https:\/\/news.ubbcluj.ro\/hu\/a-bbte-rektoranak-uzenete-a-teli-unnepekre\/\" \/>\n<meta property=\"og:site_name\" content=\"Kommunik\u00e1ci\u00f3 \u00e9s PR iroda\" \/>\n<meta property=\"article:published_time\" content=\"2023-12-12T14:08:10+00:00\" \/>\n<meta property=\"og:image\" content=\"https:\/\/news.ubbcluj.ro\/hu\/wp-content\/uploads\/2023\/12\/square_dd-koszonto_hu.png\" \/>\n\t<meta property=\"og:image:width\" content=\"810\" \/>\n\t<meta property=\"og:image:height\" content=\"810\" \/>\n\t<meta property=\"og:image:type\" content=\"image\/png\" \/>\n<meta name=\"author\" content=\"Bilibok Ren\u00e1ta\" \/>\n<meta name=\"twitter:card\" content=\"summary_large_image\" \/>\n<meta name=\"twitter:label1\" content=\"Szerz\u0151:\" \/>\n\t<meta name=\"twitter:data1\" content=\"Bilibok Ren\u00e1ta\" \/>\n\t<meta name=\"twitter:label2\" content=\"Becs\u00fclt olvas\u00e1si id\u0151\" \/>\n\t<meta name=\"twitter:data2\" content=\"4 perc\" \/>\n<script type=\"application\/ld+json\" class=\"yoast-schema-graph\">{\"@context\":\"https:\/\/schema.org\",\"@graph\":[{\"@type\":\"WebPage\",\"@id\":\"https:\/\/news.ubbcluj.ro\/hu\/a-bbte-rektoranak-uzenete-a-teli-unnepekre\/\",\"url\":\"https:\/\/news.ubbcluj.ro\/hu\/a-bbte-rektoranak-uzenete-a-teli-unnepekre\/\",\"name\":\"A BBTE Rektor\u00e1nak \u00fczenete a t\u00e9li \u00fcnnepekre - Kommunik\u00e1ci\u00f3 \u00e9s PR iroda\",\"isPartOf\":{\"@id\":\"https:\/\/news.ubbcluj.ro\/hu\/#website\"},\"datePublished\":\"2023-12-12T14:08:10+00:00\",\"dateModified\":\"2023-12-12T14:08:10+00:00\",\"author\":{\"@id\":\"https:\/\/news.ubbcluj.ro\/hu\/#\/schema\/person\/0768248bd5e1ed05f87b7be96b4c3d9c\"},\"breadcrumb\":{\"@id\":\"https:\/\/news.ubbcluj.ro\/hu\/a-bbte-rektoranak-uzenete-a-teli-unnepekre\/#breadcrumb\"},\"inLanguage\":\"hu\",\"potentialAction\":[{\"@type\":\"ReadAction\",\"target\":[\"https:\/\/news.ubbcluj.ro\/hu\/a-bbte-rektoranak-uzenete-a-teli-unnepekre\/\"]}]},{\"@type\":\"BreadcrumbList\",\"@id\":\"https:\/\/news.ubbcluj.ro\/hu\/a-bbte-rektoranak-uzenete-a-teli-unnepekre\/#breadcrumb\",\"itemListElement\":[{\"@type\":\"ListItem\",\"position\":1,\"name\":\"Home\",\"item\":\"https:\/\/news.ubbcluj.ro\/hu\/\"},{\"@type\":\"ListItem\",\"position\":2,\"name\":\"A BBTE Rektor\u00e1nak \u00fczenete a t\u00e9li \u00fcnnepekre\"}]},{\"@type\":\"WebSite\",\"@id\":\"https:\/\/news.ubbcluj.ro\/hu\/#website\",\"url\":\"https:\/\/news.ubbcluj.ro\/hu\/\",\"name\":\"Kommunik\u00e1ci\u00f3 \u00e9s PR iroda\",\"description\":\"Babe\u0219-Bolyai Tudom\u00e1negyetem\",\"potentialAction\":[{\"@type\":\"SearchAction\",\"target\":{\"@type\":\"EntryPoint\",\"urlTemplate\":\"https:\/\/news.ubbcluj.ro\/hu\/?s={search_term_string}\"},\"query-input\":\"required name=search_term_string\"}],\"inLanguage\":\"hu\"},{\"@type\":\"Person\",\"@id\":\"https:\/\/news.ubbcluj.ro\/hu\/#\/schema\/person\/0768248bd5e1ed05f87b7be96b4c3d9c\",\"name\":\"Bilibok Ren\u00e1ta\",\"url\":\"https:\/\/news.ubbcluj.ro\/hu\/author\/renata-bilibok\/\"}]}<\/script>\n<!-- \/ Yoast SEO plugin. -->","yoast_head_json":{"title":"A BBTE Rektor\u00e1nak \u00fczenete a t\u00e9li \u00fcnnepekre - Kommunik\u00e1ci\u00f3 \u00e9s PR iroda","robots":{"index":"index","follow":"follow","max-snippet":"max-snippet:-1","max-image-preview":"max-image-preview:large","max-video-preview":"max-video-preview:-1"},"canonical":"https:\/\/news.ubbcluj.ro\/hu\/a-bbte-rektoranak-uzenete-a-teli-unnepekre\/","og_locale":"hu_HU","og_type":"article","og_title":"A BBTE Rektor\u00e1nak \u00fczenete a t\u00e9li \u00fcnnepekre - Kommunik\u00e1ci\u00f3 \u00e9s PR iroda","og_description":"Egy hitelesebb \u00e9let\u00e9rt! \u00a0 Amint azt a rektori mand\u00e1tumom alatt minden \u00e9vben megtettem, most az el\u0151tt\u00fcnk \u00e1ll\u00f3 t\u00e9li \u00fcnnepk\u00f6r k\u00f6zeledt\u00e9vel igyekszem olyan \u00fczenettel fordulni egyetemi k\u00f6z\u00f6ss\u00e9g\u00fcnkh\u00f6z, amelynek pszichoter\u00e1pi\u00e1s \u00e9s\/vagy szem\u00e9lyis\u00e9gfejleszt\u00e9st seg\u00edt\u0151 pszichol\u00f3giai funkci\u00f3i is vannak. Sz\u00e1momra ez egyben a h\u00e1laad\u00e1s &hellip; A BBTE Rektor\u00e1nak \u00fczenete a t\u00e9li \u00fcnnepekre Tov\u00e1bb &raquo;","og_url":"https:\/\/news.ubbcluj.ro\/hu\/a-bbte-rektoranak-uzenete-a-teli-unnepekre\/","og_site_name":"Kommunik\u00e1ci\u00f3 \u00e9s PR iroda","article_published_time":"2023-12-12T14:08:10+00:00","og_image":[{"width":810,"height":810,"url":"https:\/\/news.ubbcluj.ro\/hu\/wp-content\/uploads\/2023\/12\/square_dd-koszonto_hu.png","type":"image\/png"}],"author":"Bilibok Ren\u00e1ta","twitter_card":"summary_large_image","twitter_misc":{"Szerz\u0151:":"Bilibok Ren\u00e1ta","Becs\u00fclt olvas\u00e1si id\u0151":"4 perc"},"schema":{"@context":"https:\/\/schema.org","@graph":[{"@type":"WebPage","@id":"https:\/\/news.ubbcluj.ro\/hu\/a-bbte-rektoranak-uzenete-a-teli-unnepekre\/","url":"https:\/\/news.ubbcluj.ro\/hu\/a-bbte-rektoranak-uzenete-a-teli-unnepekre\/","name":"A BBTE Rektor\u00e1nak \u00fczenete a t\u00e9li \u00fcnnepekre - Kommunik\u00e1ci\u00f3 \u00e9s PR iroda","isPartOf":{"@id":"https:\/\/news.ubbcluj.ro\/hu\/#website"},"datePublished":"2023-12-12T14:08:10+00:00","dateModified":"2023-12-12T14:08:10+00:00","author":{"@id":"https:\/\/news.ubbcluj.ro\/hu\/#\/schema\/person\/0768248bd5e1ed05f87b7be96b4c3d9c"},"breadcrumb":{"@id":"https:\/\/news.ubbcluj.ro\/hu\/a-bbte-rektoranak-uzenete-a-teli-unnepekre\/#breadcrumb"},"inLanguage":"hu","potentialAction":[{"@type":"ReadAction","target":["https:\/\/news.ubbcluj.ro\/hu\/a-bbte-rektoranak-uzenete-a-teli-unnepekre\/"]}]},{"@type":"BreadcrumbList","@id":"https:\/\/news.ubbcluj.ro\/hu\/a-bbte-rektoranak-uzenete-a-teli-unnepekre\/#breadcrumb","itemListElement":[{"@type":"ListItem","position":1,"name":"Home","item":"https:\/\/news.ubbcluj.ro\/hu\/"},{"@type":"ListItem","position":2,"name":"A BBTE Rektor\u00e1nak \u00fczenete a t\u00e9li \u00fcnnepekre"}]},{"@type":"WebSite","@id":"https:\/\/news.ubbcluj.ro\/hu\/#website","url":"https:\/\/news.ubbcluj.ro\/hu\/","name":"Kommunik\u00e1ci\u00f3 \u00e9s PR iroda","description":"Babe\u0219-Bolyai Tudom\u00e1negyetem","potentialAction":[{"@type":"SearchAction","target":{"@type":"EntryPoint","urlTemplate":"https:\/\/news.ubbcluj.ro\/hu\/?s={search_term_string}"},"query-input":"required name=search_term_string"}],"inLanguage":"hu"},{"@type":"Person","@id":"https:\/\/news.ubbcluj.ro\/hu\/#\/schema\/person\/0768248bd5e1ed05f87b7be96b4c3d9c","name":"Bilibok Ren\u00e1ta","url":"https:\/\/news.ubbcluj.ro\/hu\/author\/renata-bilibok\/"}]}},"_links":{"self":[{"href":"https:\/\/news.ubbcluj.ro\/hu\/wp-json\/wp\/v2\/posts\/6434"}],"collection":[{"href":"https:\/\/news.ubbcluj.ro\/hu\/wp-json\/wp\/v2\/posts"}],"about":[{"href":"https:\/\/news.ubbcluj.ro\/hu\/wp-json\/wp\/v2\/types\/post"}],"author":[{"embeddable":true,"href":"https:\/\/news.ubbcluj.ro\/hu\/wp-json\/wp\/v2\/users\/9"}],"replies":[{"embeddable":true,"href":"https:\/\/news.ubbcluj.ro\/hu\/wp-json\/wp\/v2\/comments?post=6434"}],"version-history":[{"count":1,"href":"https:\/\/news.ubbcluj.ro\/hu\/wp-json\/wp\/v2\/posts\/6434\/revisions"}],"predecessor-version":[{"id":6436,"href":"https:\/\/news.ubbcluj.ro\/hu\/wp-json\/wp\/v2\/posts\/6434\/revisions\/6436"}],"wp:featuredmedia":[{"embeddable":true,"href":"https:\/\/news.ubbcluj.ro\/hu\/wp-json\/wp\/v2\/media\/6435"}],"wp:attachment":[{"href":"https:\/\/news.ubbcluj.ro\/hu\/wp-json\/wp\/v2\/media?parent=6434"}],"wp:term":[{"taxonomy":"category","embeddable":true,"href":"https:\/\/news.ubbcluj.ro\/hu\/wp-json\/wp\/v2\/categories?post=6434"},{"taxonomy":"post_tag","embeddable":true,"href":"https:\/\/news.ubbcluj.ro\/hu\/wp-json\/wp\/v2\/tags?post=6434"}],"curies":[{"name":"wp","href":"https:\/\/api.w.org\/{rel}","templated":true}]}}