{"id":6701,"date":"2024-06-26T10:56:35","date_gmt":"2024-06-26T07:56:35","guid":{"rendered":"https:\/\/news.ubbcluj.ro\/hu\/?p=6701"},"modified":"2024-06-26T10:56:35","modified_gmt":"2024-06-26T07:56:35","slug":"a-bbte-orszagszinten-az-elso-europaban-a-275-vilagszinten-a-755-helyet-foglalja-el-a-vilag-egyetemeinek-legjelentosebb-amerikai-rangsoraban","status":"publish","type":"post","link":"https:\/\/news.ubbcluj.ro\/hu\/a-bbte-orszagszinten-az-elso-europaban-a-275-vilagszinten-a-755-helyet-foglalja-el-a-vilag-egyetemeinek-legjelentosebb-amerikai-rangsoraban\/","title":{"rendered":"A BBTE orsz\u00e1gszinten az els\u0151, Eur\u00f3p\u00e1ban a 275., vil\u00e1gszinten a 755. helyet foglalja el a vil\u00e1g egyetemeinek legjelent\u0151sebb amerikai rangsor\u00e1ban"},"content":{"rendered":"<p style=\"text-align: right;\"><em>Kolozsv\u00e1r, 2024. j\u00fanius 26<\/em><em>.<\/em><\/p>\n<p>A Babe\u0219\u2013Bolyai Tudom\u00e1nyegyetem (BBTE) orsz\u00e1gszinten az els\u0151, Eur\u00f3p\u00e1ban a 275., vil\u00e1gszinten a 755. helyet foglalja el a vil\u00e1g egyetemeinek legjelent\u0151sebb amerikai rangsor\u00e1ban, a U.S. News 2024-2025-ben (<a href=\"https:\/\/www.usnews.com\/education\/best-global-universities\/romania\">https:\/\/www.usnews.com\/education\/best-global-universities\/romania<\/a>). Az Egyes\u00fclt \u00c1llamokban az oktat\u00e1si d\u00f6nt\u00e9sek tekintet\u00e9ben kiemelked\u0151 helyet elfoglal\u00f3 rangsor nemzetk\u00f6zi szinten is nagy jelent\u0151s\u00e9ggel b\u00edr, mivel az orsz\u00e1gos egyetemi metarangsorok is figyelembe veszik.<\/p>\n<p>A vil\u00e1g els\u0151 1000 egyeteme k\u00f6z\u00f6tt 3 m\u00e1sik rom\u00e1niai egyetem szerepel: a brass\u00f3i Transilvania Egyetem (880.), a bukaresti Carol Davila Orvosi \u00e9s Gy\u00f3gyszer\u00e9szeti Egyetem (909.), valamint a Bukaresti Egyetem (977.). Az orsz\u00e1g m\u00e1s egyetemei az 1000. hely ut\u00e1n helyezkednek el.<\/p>\n<p>A BBTE \u00e1ltal\u00e1nos szinten az orsz\u00e1gb\u00f3l a legmagasabb helyez\u00e9st foglalta el, a tudom\u00e1nyter\u00fcletek szintj\u00e9n ugyancsak a legt\u00f6bb ter\u00fcleten szerepel. A U.S. News felsorol\u00e1s\u00e1t k\u00f6vetve:<\/p>\n<ul>\n<li>K\u00e9mia: nemzetk\u00f6zi szinten 759., orsz\u00e1gos szinten 2. helyez\u00e9s;<\/li>\n<li>M\u00e9rn\u00f6ki tudom\u00e1nyok: nemzetk\u00f6zi szinten 499., orsz\u00e1gos szinten 1. helyez\u00e9s;<\/li>\n<li>K\u00f6rnyezettudom\u00e1nyok-\u00f6kol\u00f3gia: nemzetk\u00f6zi szinten 512., orsz\u00e1gos szinten 1. helyez\u00e9s;<\/li>\n<li>Geol\u00f3giai Tudom\u00e1nyok: nemzetk\u00f6zi szinten 464., orsz\u00e1gos szinten 2. helyez\u00e9s;<\/li>\n<li>Anyagtudom\u00e1nyok: nemzetk\u00f6zi szinten 996., orsz\u00e1gos szinten 4. helyez\u00e9s;<\/li>\n<li>Matematika: nemzetk\u00f6zi szinten 55., orsz\u00e1gos szinten 1. helyez\u00e9s;<\/li>\n<li>Fizikai k\u00e9mia: nemzetk\u00f6zi szinten 712., orsz\u00e1gos szinten 2. helyez\u00e9s;<\/li>\n<li>Fizika: nemzetk\u00f6zi szinten 410., orsz\u00e1gos szinten 5. helyez\u00e9s;<\/li>\n<li>Pszichi\u00e1tria\/pszichol\u00f3gia: nemzetk\u00f6zi szinten 383., orsz\u00e1gos szinten 1. helyez\u00e9s (az egyetlen rom\u00e1niai egyetem a rangsorban)<\/li>\n<li>T\u00e1rsadalomtudom\u00e1nyok \u00e9s K\u00f6zeg\u00e9szs\u00e9g: nemzetk\u00f6zi szinten 553., orsz\u00e1gos szinten 1. helyez\u00e9s.<\/li>\n<\/ul>\n<p><strong><em>\u201eA brit QS rangsor a vil\u00e1g legismertebb egyetemi rangsora, a U.S. News pedig a legjelent\u0151sebb, legmegb\u00edzhat\u00f3bb rangsor az Amerikai Egyes\u00fclt \u00c1llamokban. A BBTE mindk\u00e9t rangsorban a legmagasabb helyez\u00e9st \u00e9rte el a rom\u00e1niai egyetemek k\u00f6z\u00fcl (755. hely a U.S. News rangsor\u00e1ban, 781-790. a QS-ben). \u00d6r\u00fcl\u00f6k az \u00e1ltal\u00e1nos eredm\u00e9nynek \u00e9s a szakter\u00fcleteken el\u00e9rt eredm\u00e9nyeknek is, hiszen siker\u00fcl nemzetk\u00f6zi szinten is l\u00e1that\u00f3 poz\u00edci\u00f3t elfoglalni, orsz\u00e1gszinten az els\u0151 helyet el\u00e9rni olyan ter\u00fcleteken, amelyeket nemr\u00e9g alapoztunk meg \u00e9s dolgoztunk ki a BBTE-n: a M\u00e9rn\u00f6ki \u00e9s M\u0171szaki Tudom\u00e1nyok ter\u00fclet\u00e9n (M\u00e9rn\u00f6ki Tudom\u00e1nyok), illetve az Eg\u00e9szs\u00e9g- \u00e9s Orvostudom\u00e1nyok ter\u00fclet\u00e9n (a ment\u00e1lis eg\u00e9szs\u00e9gre \u00e9s zavarokra, valamint a k\u00f6zeg\u00e9szs\u00e9gre f\u00f3kusz\u00e1l\u00f3 t\u00e1rgyak \u00e1ltal, amelyek kulcsfontoss\u00e1g\u00faak a BBTE Eg\u00e9szs\u00e9g\u00fcgyi Iskol\u00e1j\u00e1nak BBTEMed programja keret\u00e9ben: <a href=\"https:\/\/ubbmed.ubbcluj.ro\/\">https:\/\/ubbmed.ubbcluj.ro\/<\/a>). Szeretn\u00e9m azonban ism\u00e9t kiemelni, hogy a BBTE-n \u00fagy tekintj\u00fck: ezek a rangsorok nem teljesek, hiszen nem fedik le marad\u00e9ktalanul az egyetemek teljes\u00edtm\u00e9ny\u00e9t; mindazon\u00e1ltal t\u00e1j\u00e9koz\u00f3d\u00e1si pontokat k\u00e9peznek, sok m\u00e1s szemponttal egy\u00fctt, amelyeket komplex egyetemi politik\u00e1ink kidolgoz\u00e1s\u00e1ban figyelembe vesz\u00fcnk. \u00c1tfog\u00f3 k\u00edn\u00e1lat\u00fa egyetemk\u00e9nt a BBTE olyan rangsorokban teljes\u00edt a legjobban, amelyek komplex szempontok alapj\u00e1n vizsg\u00e1lj\u00e1k az eredm\u00e9nyeket, s ezt az \u00e1tfog\u00f3 k\u00edn\u00e1latot nem m\u00e9rik pontosan a specifikusabb mutat\u00f3kra alapoz\u00f3 rangsorok (mint pl. a Sanghaji Lista). A rangsorok korl\u00e1tait tudatos\u00edtva a BBTE \u2013 komoly \u00e9s felel\u0151s int\u00e9zm\u00e9nyk\u00e9nt \u2013 azokat veszi figyelembe, amelyek megb\u00edzhat\u00f3ak (szerepelnek az orsz\u00e1gos metarangsorokban, \u00e9s nemzetk\u00f6zi szinten is hivatkoz\u00e1s\u00e9rt\u00e9k\u0171ek), s nem n\u00e9pszer\u0171s\u00edti a perif\u00e9rikus rangsorokat, amelyek r\u00e9szleges vagy egyenesen gyan\u00fas mutat\u00f3kra alapoznak (s mag\u00e1t sem n\u00e9pszer\u0171s\u00edti a hasonl\u00f3 rangsorokban elfoglalt poz\u00edci\u00f3ja \u00e1ltal). Nem is tett\u00fck volna sz\u00f3v\u00e1 ezt a dolgot, ha nem \u00e9szlelt\u00fcnk volna egyre t\u00f6bb f\u00e9lre\u00e9rt\u00e9st az egyetemi rangsorok \u00e1ltal k\u00edn\u00e1lt inform\u00e1ci\u00f3k helyes haszn\u00e1lat\u00e1nak tekintet\u00e9ben az orsz\u00e1gos k\u00f6zbesz\u00e9dben. Rem\u00e9lem, hogy ez a hozz\u00e1sz\u00f3l\u00e1s tan\u00edt\u00f3 jelleg\u0171 lesz, nem csup\u00e1n az akad\u00e9miai szerepl\u0151k sz\u00e1m\u00e1ra (akiket esetleg \u00e9rinthet), hanem a sz\u00e9lesebb k\u00f6z\u00f6ns\u00e9g sz\u00e1m\u00e1ra is\u201d<\/em><\/strong> \u2013 nyilatkozta dr. Daniel David egyetemi tan\u00e1r, pszichol\u00f3gus, a BBTE rektora.<\/p>\n<p>A U.S. News Best Global Universities (https:\/\/clarivate.com\/news\/u-s-news-releases-2024-2025-best-global-universities-rankings\/) az egyetemeket nemcsak az akad\u00e9miai teljes\u00edtm\u00e9ny\u00fck szerint \u00e9rt\u00e9keli, hanem glob\u00e1lis \u00e9s region\u00e1lis h\u00edrnev\u00fck, meg\u00edt\u00e9l\u00e9s\u00fck alapj\u00e1n is. Az \u00e1ltal\u00e1nos rangsor olyan mutat\u00f3kat vesz figyelembe, mint a publik\u00e1ci\u00f3k, id\u00e9zetts\u00e9g \u00e9s nemzetk\u00f6zi egy\u00fcttm\u0171k\u00f6d\u00e9sek; az 51 szakter\u00fcleti rangsor mindegyik\u00e9nek megvan a maga s\u00falyoz\u00e1sa az adott ter\u00fcleten v\u00e9gzett tudom\u00e1nyos kutat\u00e1si teljes\u00edtm\u00e9ny alapj\u00e1n (How U.S. News Calculated the Best Global Universities Rankings [usnews.com]).<\/p>\n","protected":false},"excerpt":{"rendered":"<p>Kolozsv\u00e1r, 2024. j\u00fanius 26. A Babe\u0219\u2013Bolyai Tudom\u00e1nyegyetem (BBTE) orsz\u00e1gszinten az els\u0151, Eur\u00f3p\u00e1ban a 275., vil\u00e1gszinten a 755. helyet foglalja el a vil\u00e1g egyetemeinek legjelent\u0151sebb amerikai rangsor\u00e1ban, a U.S. News 2024-2025-ben (https:\/\/www.usnews.com\/education\/best-global-universities\/romania). Az Egyes\u00fclt \u00c1llamokban az oktat\u00e1si d\u00f6nt\u00e9sek tekintet\u00e9ben kiemelked\u0151 helyet &hellip;<\/p>\n<p class=\"read-more\"> <a class=\"more-link\" href=\"https:\/\/news.ubbcluj.ro\/hu\/a-bbte-orszagszinten-az-elso-europaban-a-275-vilagszinten-a-755-helyet-foglalja-el-a-vilag-egyetemeinek-legjelentosebb-amerikai-rangsoraban\/\"> <span class=\"screen-reader-text\">A BBTE orsz\u00e1gszinten az els\u0151, Eur\u00f3p\u00e1ban a 275., vil\u00e1gszinten a 755. helyet foglalja el a vil\u00e1g egyetemeinek legjelent\u0151sebb amerikai rangsor\u00e1ban<\/span> Tov\u00e1bb &raquo;<\/a><\/p>\n","protected":false},"author":9,"featured_media":5478,"comment_status":"closed","ping_status":"closed","sticky":false,"template":"","format":"standard","meta":{"footnotes":""},"categories":[6,7],"tags":[],"yoast_head":"<!-- This site is optimized with the Yoast SEO plugin v21.9.1 - https:\/\/yoast.com\/wordpress\/plugins\/seo\/ -->\n<title>A BBTE orsz\u00e1gszinten az els\u0151, Eur\u00f3p\u00e1ban a 275., vil\u00e1gszinten a 755. helyet foglalja el a vil\u00e1g egyetemeinek legjelent\u0151sebb amerikai rangsor\u00e1ban - Kommunik\u00e1ci\u00f3 \u00e9s PR iroda<\/title>\n<meta name=\"robots\" content=\"index, follow, max-snippet:-1, max-image-preview:large, max-video-preview:-1\" \/>\n<link rel=\"canonical\" href=\"https:\/\/news.ubbcluj.ro\/hu\/a-bbte-orszagszinten-az-elso-europaban-a-275-vilagszinten-a-755-helyet-foglalja-el-a-vilag-egyetemeinek-legjelentosebb-amerikai-rangsoraban\/\" \/>\n<meta property=\"og:locale\" content=\"hu_HU\" \/>\n<meta property=\"og:type\" content=\"article\" \/>\n<meta property=\"og:title\" content=\"A BBTE orsz\u00e1gszinten az els\u0151, Eur\u00f3p\u00e1ban a 275., vil\u00e1gszinten a 755. helyet foglalja el a vil\u00e1g egyetemeinek legjelent\u0151sebb amerikai rangsor\u00e1ban - Kommunik\u00e1ci\u00f3 \u00e9s PR iroda\" \/>\n<meta property=\"og:description\" content=\"Kolozsv\u00e1r, 2024. j\u00fanius 26. A Babe\u0219\u2013Bolyai Tudom\u00e1nyegyetem (BBTE) orsz\u00e1gszinten az els\u0151, Eur\u00f3p\u00e1ban a 275., vil\u00e1gszinten a 755. helyet foglalja el a vil\u00e1g egyetemeinek legjelent\u0151sebb amerikai rangsor\u00e1ban, a U.S. News 2024-2025-ben (https:\/\/www.usnews.com\/education\/best-global-universities\/romania). Az Egyes\u00fclt \u00c1llamokban az oktat\u00e1si d\u00f6nt\u00e9sek tekintet\u00e9ben kiemelked\u0151 helyet &hellip; A BBTE orsz\u00e1gszinten az els\u0151, Eur\u00f3p\u00e1ban a 275., vil\u00e1gszinten a 755. helyet foglalja el a vil\u00e1g egyetemeinek legjelent\u0151sebb amerikai rangsor\u00e1ban Tov\u00e1bb &raquo;\" \/>\n<meta property=\"og:url\" content=\"https:\/\/news.ubbcluj.ro\/hu\/a-bbte-orszagszinten-az-elso-europaban-a-275-vilagszinten-a-755-helyet-foglalja-el-a-vilag-egyetemeinek-legjelentosebb-amerikai-rangsoraban\/\" \/>\n<meta property=\"og:site_name\" content=\"Kommunik\u00e1ci\u00f3 \u00e9s PR iroda\" \/>\n<meta property=\"article:published_time\" content=\"2024-06-26T07:56:35+00:00\" \/>\n<meta property=\"og:image\" content=\"https:\/\/news.ubbcluj.ro\/hu\/wp-content\/uploads\/2022\/03\/Universitatea-Babes-Bolyai-300x300-1.jpg\" \/>\n\t<meta property=\"og:image:width\" content=\"300\" \/>\n\t<meta property=\"og:image:height\" content=\"300\" \/>\n\t<meta property=\"og:image:type\" content=\"image\/jpeg\" \/>\n<meta name=\"author\" content=\"Bilibok Ren\u00e1ta\" \/>\n<meta name=\"twitter:card\" content=\"summary_large_image\" \/>\n<meta name=\"twitter:label1\" content=\"Szerz\u0151:\" \/>\n\t<meta name=\"twitter:data1\" content=\"Bilibok Ren\u00e1ta\" \/>\n\t<meta name=\"twitter:label2\" content=\"Becs\u00fclt olvas\u00e1si id\u0151\" \/>\n\t<meta name=\"twitter:data2\" content=\"4 perc\" \/>\n<script type=\"application\/ld+json\" class=\"yoast-schema-graph\">{\"@context\":\"https:\/\/schema.org\",\"@graph\":[{\"@type\":\"WebPage\",\"@id\":\"https:\/\/news.ubbcluj.ro\/hu\/a-bbte-orszagszinten-az-elso-europaban-a-275-vilagszinten-a-755-helyet-foglalja-el-a-vilag-egyetemeinek-legjelentosebb-amerikai-rangsoraban\/\",\"url\":\"https:\/\/news.ubbcluj.ro\/hu\/a-bbte-orszagszinten-az-elso-europaban-a-275-vilagszinten-a-755-helyet-foglalja-el-a-vilag-egyetemeinek-legjelentosebb-amerikai-rangsoraban\/\",\"name\":\"A BBTE orsz\u00e1gszinten az els\u0151, Eur\u00f3p\u00e1ban a 275., vil\u00e1gszinten a 755. helyet foglalja el a vil\u00e1g egyetemeinek legjelent\u0151sebb amerikai rangsor\u00e1ban - Kommunik\u00e1ci\u00f3 \u00e9s PR iroda\",\"isPartOf\":{\"@id\":\"https:\/\/news.ubbcluj.ro\/hu\/#website\"},\"datePublished\":\"2024-06-26T07:56:35+00:00\",\"dateModified\":\"2024-06-26T07:56:35+00:00\",\"author\":{\"@id\":\"https:\/\/news.ubbcluj.ro\/hu\/#\/schema\/person\/0768248bd5e1ed05f87b7be96b4c3d9c\"},\"breadcrumb\":{\"@id\":\"https:\/\/news.ubbcluj.ro\/hu\/a-bbte-orszagszinten-az-elso-europaban-a-275-vilagszinten-a-755-helyet-foglalja-el-a-vilag-egyetemeinek-legjelentosebb-amerikai-rangsoraban\/#breadcrumb\"},\"inLanguage\":\"hu\",\"potentialAction\":[{\"@type\":\"ReadAction\",\"target\":[\"https:\/\/news.ubbcluj.ro\/hu\/a-bbte-orszagszinten-az-elso-europaban-a-275-vilagszinten-a-755-helyet-foglalja-el-a-vilag-egyetemeinek-legjelentosebb-amerikai-rangsoraban\/\"]}]},{\"@type\":\"BreadcrumbList\",\"@id\":\"https:\/\/news.ubbcluj.ro\/hu\/a-bbte-orszagszinten-az-elso-europaban-a-275-vilagszinten-a-755-helyet-foglalja-el-a-vilag-egyetemeinek-legjelentosebb-amerikai-rangsoraban\/#breadcrumb\",\"itemListElement\":[{\"@type\":\"ListItem\",\"position\":1,\"name\":\"Home\",\"item\":\"https:\/\/news.ubbcluj.ro\/hu\/\"},{\"@type\":\"ListItem\",\"position\":2,\"name\":\"A BBTE orsz\u00e1gszinten az els\u0151, Eur\u00f3p\u00e1ban a 275., vil\u00e1gszinten a 755. helyet foglalja el a vil\u00e1g egyetemeinek legjelent\u0151sebb amerikai rangsor\u00e1ban\"}]},{\"@type\":\"WebSite\",\"@id\":\"https:\/\/news.ubbcluj.ro\/hu\/#website\",\"url\":\"https:\/\/news.ubbcluj.ro\/hu\/\",\"name\":\"Kommunik\u00e1ci\u00f3 \u00e9s PR iroda\",\"description\":\"Babe\u0219-Bolyai Tudom\u00e1negyetem\",\"potentialAction\":[{\"@type\":\"SearchAction\",\"target\":{\"@type\":\"EntryPoint\",\"urlTemplate\":\"https:\/\/news.ubbcluj.ro\/hu\/?s={search_term_string}\"},\"query-input\":\"required name=search_term_string\"}],\"inLanguage\":\"hu\"},{\"@type\":\"Person\",\"@id\":\"https:\/\/news.ubbcluj.ro\/hu\/#\/schema\/person\/0768248bd5e1ed05f87b7be96b4c3d9c\",\"name\":\"Bilibok Ren\u00e1ta\",\"url\":\"https:\/\/news.ubbcluj.ro\/hu\/author\/renata-bilibok\/\"}]}<\/script>\n<!-- \/ Yoast SEO plugin. -->","yoast_head_json":{"title":"A BBTE orsz\u00e1gszinten az els\u0151, Eur\u00f3p\u00e1ban a 275., vil\u00e1gszinten a 755. helyet foglalja el a vil\u00e1g egyetemeinek legjelent\u0151sebb amerikai rangsor\u00e1ban - Kommunik\u00e1ci\u00f3 \u00e9s PR iroda","robots":{"index":"index","follow":"follow","max-snippet":"max-snippet:-1","max-image-preview":"max-image-preview:large","max-video-preview":"max-video-preview:-1"},"canonical":"https:\/\/news.ubbcluj.ro\/hu\/a-bbte-orszagszinten-az-elso-europaban-a-275-vilagszinten-a-755-helyet-foglalja-el-a-vilag-egyetemeinek-legjelentosebb-amerikai-rangsoraban\/","og_locale":"hu_HU","og_type":"article","og_title":"A BBTE orsz\u00e1gszinten az els\u0151, Eur\u00f3p\u00e1ban a 275., vil\u00e1gszinten a 755. helyet foglalja el a vil\u00e1g egyetemeinek legjelent\u0151sebb amerikai rangsor\u00e1ban - Kommunik\u00e1ci\u00f3 \u00e9s PR iroda","og_description":"Kolozsv\u00e1r, 2024. j\u00fanius 26. A Babe\u0219\u2013Bolyai Tudom\u00e1nyegyetem (BBTE) orsz\u00e1gszinten az els\u0151, Eur\u00f3p\u00e1ban a 275., vil\u00e1gszinten a 755. helyet foglalja el a vil\u00e1g egyetemeinek legjelent\u0151sebb amerikai rangsor\u00e1ban, a U.S. News 2024-2025-ben (https:\/\/www.usnews.com\/education\/best-global-universities\/romania). Az Egyes\u00fclt \u00c1llamokban az oktat\u00e1si d\u00f6nt\u00e9sek tekintet\u00e9ben kiemelked\u0151 helyet &hellip; A BBTE orsz\u00e1gszinten az els\u0151, Eur\u00f3p\u00e1ban a 275., vil\u00e1gszinten a 755. helyet foglalja el a vil\u00e1g egyetemeinek legjelent\u0151sebb amerikai rangsor\u00e1ban Tov\u00e1bb &raquo;","og_url":"https:\/\/news.ubbcluj.ro\/hu\/a-bbte-orszagszinten-az-elso-europaban-a-275-vilagszinten-a-755-helyet-foglalja-el-a-vilag-egyetemeinek-legjelentosebb-amerikai-rangsoraban\/","og_site_name":"Kommunik\u00e1ci\u00f3 \u00e9s PR iroda","article_published_time":"2024-06-26T07:56:35+00:00","og_image":[{"width":300,"height":300,"url":"https:\/\/news.ubbcluj.ro\/hu\/wp-content\/uploads\/2022\/03\/Universitatea-Babes-Bolyai-300x300-1.jpg","type":"image\/jpeg"}],"author":"Bilibok Ren\u00e1ta","twitter_card":"summary_large_image","twitter_misc":{"Szerz\u0151:":"Bilibok Ren\u00e1ta","Becs\u00fclt olvas\u00e1si id\u0151":"4 perc"},"schema":{"@context":"https:\/\/schema.org","@graph":[{"@type":"WebPage","@id":"https:\/\/news.ubbcluj.ro\/hu\/a-bbte-orszagszinten-az-elso-europaban-a-275-vilagszinten-a-755-helyet-foglalja-el-a-vilag-egyetemeinek-legjelentosebb-amerikai-rangsoraban\/","url":"https:\/\/news.ubbcluj.ro\/hu\/a-bbte-orszagszinten-az-elso-europaban-a-275-vilagszinten-a-755-helyet-foglalja-el-a-vilag-egyetemeinek-legjelentosebb-amerikai-rangsoraban\/","name":"A BBTE orsz\u00e1gszinten az els\u0151, Eur\u00f3p\u00e1ban a 275., vil\u00e1gszinten a 755. helyet foglalja el a vil\u00e1g egyetemeinek legjelent\u0151sebb amerikai rangsor\u00e1ban - Kommunik\u00e1ci\u00f3 \u00e9s PR iroda","isPartOf":{"@id":"https:\/\/news.ubbcluj.ro\/hu\/#website"},"datePublished":"2024-06-26T07:56:35+00:00","dateModified":"2024-06-26T07:56:35+00:00","author":{"@id":"https:\/\/news.ubbcluj.ro\/hu\/#\/schema\/person\/0768248bd5e1ed05f87b7be96b4c3d9c"},"breadcrumb":{"@id":"https:\/\/news.ubbcluj.ro\/hu\/a-bbte-orszagszinten-az-elso-europaban-a-275-vilagszinten-a-755-helyet-foglalja-el-a-vilag-egyetemeinek-legjelentosebb-amerikai-rangsoraban\/#breadcrumb"},"inLanguage":"hu","potentialAction":[{"@type":"ReadAction","target":["https:\/\/news.ubbcluj.ro\/hu\/a-bbte-orszagszinten-az-elso-europaban-a-275-vilagszinten-a-755-helyet-foglalja-el-a-vilag-egyetemeinek-legjelentosebb-amerikai-rangsoraban\/"]}]},{"@type":"BreadcrumbList","@id":"https:\/\/news.ubbcluj.ro\/hu\/a-bbte-orszagszinten-az-elso-europaban-a-275-vilagszinten-a-755-helyet-foglalja-el-a-vilag-egyetemeinek-legjelentosebb-amerikai-rangsoraban\/#breadcrumb","itemListElement":[{"@type":"ListItem","position":1,"name":"Home","item":"https:\/\/news.ubbcluj.ro\/hu\/"},{"@type":"ListItem","position":2,"name":"A BBTE orsz\u00e1gszinten az els\u0151, Eur\u00f3p\u00e1ban a 275., vil\u00e1gszinten a 755. helyet foglalja el a vil\u00e1g egyetemeinek legjelent\u0151sebb amerikai rangsor\u00e1ban"}]},{"@type":"WebSite","@id":"https:\/\/news.ubbcluj.ro\/hu\/#website","url":"https:\/\/news.ubbcluj.ro\/hu\/","name":"Kommunik\u00e1ci\u00f3 \u00e9s PR iroda","description":"Babe\u0219-Bolyai Tudom\u00e1negyetem","potentialAction":[{"@type":"SearchAction","target":{"@type":"EntryPoint","urlTemplate":"https:\/\/news.ubbcluj.ro\/hu\/?s={search_term_string}"},"query-input":"required name=search_term_string"}],"inLanguage":"hu"},{"@type":"Person","@id":"https:\/\/news.ubbcluj.ro\/hu\/#\/schema\/person\/0768248bd5e1ed05f87b7be96b4c3d9c","name":"Bilibok Ren\u00e1ta","url":"https:\/\/news.ubbcluj.ro\/hu\/author\/renata-bilibok\/"}]}},"_links":{"self":[{"href":"https:\/\/news.ubbcluj.ro\/hu\/wp-json\/wp\/v2\/posts\/6701"}],"collection":[{"href":"https:\/\/news.ubbcluj.ro\/hu\/wp-json\/wp\/v2\/posts"}],"about":[{"href":"https:\/\/news.ubbcluj.ro\/hu\/wp-json\/wp\/v2\/types\/post"}],"author":[{"embeddable":true,"href":"https:\/\/news.ubbcluj.ro\/hu\/wp-json\/wp\/v2\/users\/9"}],"replies":[{"embeddable":true,"href":"https:\/\/news.ubbcluj.ro\/hu\/wp-json\/wp\/v2\/comments?post=6701"}],"version-history":[{"count":1,"href":"https:\/\/news.ubbcluj.ro\/hu\/wp-json\/wp\/v2\/posts\/6701\/revisions"}],"predecessor-version":[{"id":6702,"href":"https:\/\/news.ubbcluj.ro\/hu\/wp-json\/wp\/v2\/posts\/6701\/revisions\/6702"}],"wp:featuredmedia":[{"embeddable":true,"href":"https:\/\/news.ubbcluj.ro\/hu\/wp-json\/wp\/v2\/media\/5478"}],"wp:attachment":[{"href":"https:\/\/news.ubbcluj.ro\/hu\/wp-json\/wp\/v2\/media?parent=6701"}],"wp:term":[{"taxonomy":"category","embeddable":true,"href":"https:\/\/news.ubbcluj.ro\/hu\/wp-json\/wp\/v2\/categories?post=6701"},{"taxonomy":"post_tag","embeddable":true,"href":"https:\/\/news.ubbcluj.ro\/hu\/wp-json\/wp\/v2\/tags?post=6701"}],"curies":[{"name":"wp","href":"https:\/\/api.w.org\/{rel}","templated":true}]}}