{"id":6994,"date":"2025-04-14T11:20:34","date_gmt":"2025-04-14T08:20:34","guid":{"rendered":"https:\/\/news.ubbcluj.ro\/hu\/?p=6994"},"modified":"2025-04-14T11:20:34","modified_gmt":"2025-04-14T08:20:34","slug":"a-bbte-kozossege-megrendulten-ertesult-egyetemunk-diszdoktora-mario-vargas-llosa-halalarol","status":"publish","type":"post","link":"https:\/\/news.ubbcluj.ro\/hu\/a-bbte-kozossege-megrendulten-ertesult-egyetemunk-diszdoktora-mario-vargas-llosa-halalarol\/","title":{"rendered":"A BBTE k\u00f6z\u00f6ss\u00e9ge megrend\u00fclten \u00e9rtes\u00fclt egyetem\u00fcnk d\u00edszdoktora, Mario Vargas Llosa hal\u00e1l\u00e1r\u00f3l"},"content":{"rendered":"<p>A BBTE k\u00f6z\u00f6ss\u00e9ge szeg\u00e9nyebb lett, mivel vas\u00e1rnap, 2025. \u00e1prilis 13-\u00e1n elvesz\u00edtette egy rendk\u00edv\u00fcl \u00e9rt\u00e9kes tagj\u00e1t, Mario Vargas Llosa \u00edr\u00f3t, akit 2010-ben Nobel-d\u00edjjal t\u00fcntettek ki, \u00e9s 2013-ban egyetem\u00fcnk d\u00edszdoktorr\u00e1 avatta<\/p>\n<p>Mario Vargas Llosa 1936. m\u00e1rcius 28-\u00e1n sz\u00fcletett a perui Arequip\u00e1ban, gyermekkor\u00e1t \u00e9desanyj\u00e1val \u00e9s anyai nagysz\u00fcleivel Bol\u00edvi\u00e1ban t\u00f6lt\u00f6tte. Katonai iskol\u00e1ban folytatta tanulm\u00e1nyait, majd az egyetemet a limai San Marcos egyetemen v\u00e9gezte. Alapk\u00e9pz\u00e9sen irodalmat tanult, majd a madridi Complutense Egyetemen filoz\u00f3fi\u00e1b\u00f3l \u00e9s b\u00f6lcs\u00e9szettudom\u00e1nyokb\u00f3l doktor\u00e1lt.<\/p>\n<p>Franciaorsz\u00e1gban spanyoltan\u00e1rk\u00e9nt, majd \u00fajs\u00e1g\u00edr\u00f3k\u00e9nt tev\u00e9kenykedett, t\u00f6bb amerikai \u00e9s eur\u00f3pai egyetemen tan\u00edtott. Munk\u00e1ss\u00e1ga t\u00f6bb, mint 50 m\u0171vel gazdag\u00edtotta az egyetemes kult\u00far\u00e1t. Ezeket t\u00f6bb, mint 30 nyelvre ford\u00edtott\u00e1k, \u00e9s rangos elismer\u00e9sekkel \u00e9s d\u00edjakkal jutalmazt\u00e1k (a latin-amerikai irodalmi Nobel-d\u00edjk\u00e9nt sz\u00e1mon tartott Cervantes-d\u00edjat, A n\u00e9met k\u00f6nyvszakma b\u00e9ked\u00edjat \u00e9s a R\u00f3mulo Gallegos-d\u00edjat is elnyerte).<\/p>\n<p>A vil\u00e1g sz\u00e1mos egyetem\u00e9nek d\u00edszdoktora volt: 1994-ben a Yale, 1999-ben a Harvard, 2001-ben a limai San Marcos, 2005-ben a Sorbonne egyetem t\u0171ntette ki d\u00edszdoktori c\u00edmmel. 1975-ben a Perui Tudom\u00e1nyos Akad\u00e9mia tagja lett, 1994-ben pedig a Spanyol Tudom\u00e1nyos Akad\u00e9mi\u00e1\u00e9.<\/p>\n<p>2010-ben elnyerte az irodalmi Nobel-d\u00edjat, 2023-ban a Francia Tudom\u00e1nyos Akad\u00e9mia tagja lett, an\u00e9lk\u00fcl, hogy m\u0171vei k\u00f6z\u00fcl b\u00e1rmelyik francia nyelven sz\u00fcletett volna.<\/p>\n<p>2013-ban d\u00edszdoktork\u00e9nt a BBTE k\u00f6z\u00f6ss\u00e9g\u00e9nek tagja lett. Egyetem\u00fcnk egy\u00fctt\u00e9rez a gy\u00e1szol\u00f3 csal\u00e1ddal.<\/p>\n<p><img loading=\"lazy\" decoding=\"async\" class=\"wp-image-6995 size-large aligncenter\" src=\"https:\/\/news.ubbcluj.ro\/hu\/wp-content\/uploads\/2025\/04\/DSC_2557-1024x1024.jpg\" alt=\"\" width=\"605\" height=\"605\" data-id=\"6995\" srcset=\"https:\/\/news.ubbcluj.ro\/hu\/wp-content\/uploads\/2025\/04\/DSC_2557-1024x1024.jpg 1024w, https:\/\/news.ubbcluj.ro\/hu\/wp-content\/uploads\/2025\/04\/DSC_2557-300x300.jpg 300w, https:\/\/news.ubbcluj.ro\/hu\/wp-content\/uploads\/2025\/04\/DSC_2557-200x200.jpg 200w, https:\/\/news.ubbcluj.ro\/hu\/wp-content\/uploads\/2025\/04\/DSC_2557-768x768.jpg 768w, https:\/\/news.ubbcluj.ro\/hu\/wp-content\/uploads\/2025\/04\/DSC_2557-150x150.jpg 150w, https:\/\/news.ubbcluj.ro\/hu\/wp-content\/uploads\/2025\/04\/DSC_2557-100x100.jpg 100w, https:\/\/news.ubbcluj.ro\/hu\/wp-content\/uploads\/2025\/04\/DSC_2557-450x450.jpg 450w, https:\/\/news.ubbcluj.ro\/hu\/wp-content\/uploads\/2025\/04\/DSC_2557-600x600.jpg 600w, https:\/\/news.ubbcluj.ro\/hu\/wp-content\/uploads\/2025\/04\/DSC_2557-900x900.jpg 900w, https:\/\/news.ubbcluj.ro\/hu\/wp-content\/uploads\/2025\/04\/DSC_2557.jpg 1102w\" sizes=\"(max-width: 605px) 100vw, 605px\" \/><\/p>\n","protected":false},"excerpt":{"rendered":"<p>A BBTE k\u00f6z\u00f6ss\u00e9ge szeg\u00e9nyebb lett, mivel vas\u00e1rnap, 2025. \u00e1prilis 13-\u00e1n elvesz\u00edtette egy rendk\u00edv\u00fcl \u00e9rt\u00e9kes tagj\u00e1t, Mario Vargas Llosa \u00edr\u00f3t, akit 2010-ben Nobel-d\u00edjjal t\u00fcntettek ki, \u00e9s 2013-ban egyetem\u00fcnk d\u00edszdoktorr\u00e1 avatta Mario Vargas Llosa 1936. m\u00e1rcius 28-\u00e1n sz\u00fcletett a perui Arequip\u00e1ban, gyermekkor\u00e1t &hellip;<\/p>\n<p class=\"read-more\"> <a class=\"more-link\" href=\"https:\/\/news.ubbcluj.ro\/hu\/a-bbte-kozossege-megrendulten-ertesult-egyetemunk-diszdoktora-mario-vargas-llosa-halalarol\/\"> <span class=\"screen-reader-text\">A BBTE k\u00f6z\u00f6ss\u00e9ge megrend\u00fclten \u00e9rtes\u00fclt egyetem\u00fcnk d\u00edszdoktora, Mario Vargas Llosa hal\u00e1l\u00e1r\u00f3l<\/span> Tov\u00e1bb &raquo;<\/a><\/p>\n","protected":false},"author":9,"featured_media":6995,"comment_status":"closed","ping_status":"closed","sticky":false,"template":"","format":"standard","meta":{"footnotes":""},"categories":[6,7],"tags":[],"yoast_head":"<!-- This site is optimized with the Yoast SEO plugin v21.9.1 - https:\/\/yoast.com\/wordpress\/plugins\/seo\/ -->\n<title>A BBTE k\u00f6z\u00f6ss\u00e9ge megrend\u00fclten \u00e9rtes\u00fclt egyetem\u00fcnk d\u00edszdoktora, Mario Vargas Llosa hal\u00e1l\u00e1r\u00f3l - Kommunik\u00e1ci\u00f3 \u00e9s PR iroda<\/title>\n<meta name=\"robots\" content=\"index, follow, max-snippet:-1, max-image-preview:large, max-video-preview:-1\" \/>\n<link rel=\"canonical\" href=\"https:\/\/news.ubbcluj.ro\/hu\/a-bbte-kozossege-megrendulten-ertesult-egyetemunk-diszdoktora-mario-vargas-llosa-halalarol\/\" \/>\n<meta property=\"og:locale\" content=\"hu_HU\" \/>\n<meta property=\"og:type\" content=\"article\" \/>\n<meta property=\"og:title\" content=\"A BBTE k\u00f6z\u00f6ss\u00e9ge megrend\u00fclten \u00e9rtes\u00fclt egyetem\u00fcnk d\u00edszdoktora, Mario Vargas Llosa hal\u00e1l\u00e1r\u00f3l - Kommunik\u00e1ci\u00f3 \u00e9s PR iroda\" \/>\n<meta property=\"og:description\" content=\"A BBTE k\u00f6z\u00f6ss\u00e9ge szeg\u00e9nyebb lett, mivel vas\u00e1rnap, 2025. \u00e1prilis 13-\u00e1n elvesz\u00edtette egy rendk\u00edv\u00fcl \u00e9rt\u00e9kes tagj\u00e1t, Mario Vargas Llosa \u00edr\u00f3t, akit 2010-ben Nobel-d\u00edjjal t\u00fcntettek ki, \u00e9s 2013-ban egyetem\u00fcnk d\u00edszdoktorr\u00e1 avatta Mario Vargas Llosa 1936. m\u00e1rcius 28-\u00e1n sz\u00fcletett a perui Arequip\u00e1ban, gyermekkor\u00e1t &hellip; A BBTE k\u00f6z\u00f6ss\u00e9ge megrend\u00fclten \u00e9rtes\u00fclt egyetem\u00fcnk d\u00edszdoktora, Mario Vargas Llosa hal\u00e1l\u00e1r\u00f3l Tov\u00e1bb &raquo;\" \/>\n<meta property=\"og:url\" content=\"https:\/\/news.ubbcluj.ro\/hu\/a-bbte-kozossege-megrendulten-ertesult-egyetemunk-diszdoktora-mario-vargas-llosa-halalarol\/\" \/>\n<meta property=\"og:site_name\" content=\"Kommunik\u00e1ci\u00f3 \u00e9s PR iroda\" \/>\n<meta property=\"article:published_time\" content=\"2025-04-14T08:20:34+00:00\" \/>\n<meta property=\"og:image\" content=\"https:\/\/news.ubbcluj.ro\/hu\/wp-content\/uploads\/2025\/04\/DSC_2557.jpg\" \/>\n\t<meta property=\"og:image:width\" content=\"1102\" \/>\n\t<meta property=\"og:image:height\" content=\"1102\" \/>\n\t<meta property=\"og:image:type\" content=\"image\/jpeg\" \/>\n<meta name=\"author\" content=\"Bilibok Ren\u00e1ta\" \/>\n<meta name=\"twitter:card\" content=\"summary_large_image\" \/>\n<meta name=\"twitter:label1\" content=\"Szerz\u0151:\" \/>\n\t<meta name=\"twitter:data1\" content=\"Bilibok Ren\u00e1ta\" \/>\n\t<meta name=\"twitter:label2\" content=\"Becs\u00fclt olvas\u00e1si id\u0151\" \/>\n\t<meta name=\"twitter:data2\" content=\"2 perc\" \/>\n<script type=\"application\/ld+json\" class=\"yoast-schema-graph\">{\"@context\":\"https:\/\/schema.org\",\"@graph\":[{\"@type\":\"WebPage\",\"@id\":\"https:\/\/news.ubbcluj.ro\/hu\/a-bbte-kozossege-megrendulten-ertesult-egyetemunk-diszdoktora-mario-vargas-llosa-halalarol\/\",\"url\":\"https:\/\/news.ubbcluj.ro\/hu\/a-bbte-kozossege-megrendulten-ertesult-egyetemunk-diszdoktora-mario-vargas-llosa-halalarol\/\",\"name\":\"A BBTE k\u00f6z\u00f6ss\u00e9ge megrend\u00fclten \u00e9rtes\u00fclt egyetem\u00fcnk d\u00edszdoktora, Mario Vargas Llosa hal\u00e1l\u00e1r\u00f3l - Kommunik\u00e1ci\u00f3 \u00e9s PR iroda\",\"isPartOf\":{\"@id\":\"https:\/\/news.ubbcluj.ro\/hu\/#website\"},\"datePublished\":\"2025-04-14T08:20:34+00:00\",\"dateModified\":\"2025-04-14T08:20:34+00:00\",\"author\":{\"@id\":\"https:\/\/news.ubbcluj.ro\/hu\/#\/schema\/person\/0768248bd5e1ed05f87b7be96b4c3d9c\"},\"breadcrumb\":{\"@id\":\"https:\/\/news.ubbcluj.ro\/hu\/a-bbte-kozossege-megrendulten-ertesult-egyetemunk-diszdoktora-mario-vargas-llosa-halalarol\/#breadcrumb\"},\"inLanguage\":\"hu\",\"potentialAction\":[{\"@type\":\"ReadAction\",\"target\":[\"https:\/\/news.ubbcluj.ro\/hu\/a-bbte-kozossege-megrendulten-ertesult-egyetemunk-diszdoktora-mario-vargas-llosa-halalarol\/\"]}]},{\"@type\":\"BreadcrumbList\",\"@id\":\"https:\/\/news.ubbcluj.ro\/hu\/a-bbte-kozossege-megrendulten-ertesult-egyetemunk-diszdoktora-mario-vargas-llosa-halalarol\/#breadcrumb\",\"itemListElement\":[{\"@type\":\"ListItem\",\"position\":1,\"name\":\"Home\",\"item\":\"https:\/\/news.ubbcluj.ro\/hu\/\"},{\"@type\":\"ListItem\",\"position\":2,\"name\":\"A BBTE k\u00f6z\u00f6ss\u00e9ge megrend\u00fclten \u00e9rtes\u00fclt egyetem\u00fcnk d\u00edszdoktora, Mario Vargas Llosa hal\u00e1l\u00e1r\u00f3l\"}]},{\"@type\":\"WebSite\",\"@id\":\"https:\/\/news.ubbcluj.ro\/hu\/#website\",\"url\":\"https:\/\/news.ubbcluj.ro\/hu\/\",\"name\":\"Kommunik\u00e1ci\u00f3 \u00e9s PR iroda\",\"description\":\"Babe\u0219-Bolyai Tudom\u00e1negyetem\",\"potentialAction\":[{\"@type\":\"SearchAction\",\"target\":{\"@type\":\"EntryPoint\",\"urlTemplate\":\"https:\/\/news.ubbcluj.ro\/hu\/?s={search_term_string}\"},\"query-input\":\"required name=search_term_string\"}],\"inLanguage\":\"hu\"},{\"@type\":\"Person\",\"@id\":\"https:\/\/news.ubbcluj.ro\/hu\/#\/schema\/person\/0768248bd5e1ed05f87b7be96b4c3d9c\",\"name\":\"Bilibok Ren\u00e1ta\",\"url\":\"https:\/\/news.ubbcluj.ro\/hu\/author\/renata-bilibok\/\"}]}<\/script>\n<!-- \/ Yoast SEO plugin. -->","yoast_head_json":{"title":"A BBTE k\u00f6z\u00f6ss\u00e9ge megrend\u00fclten \u00e9rtes\u00fclt egyetem\u00fcnk d\u00edszdoktora, Mario Vargas Llosa hal\u00e1l\u00e1r\u00f3l - Kommunik\u00e1ci\u00f3 \u00e9s PR iroda","robots":{"index":"index","follow":"follow","max-snippet":"max-snippet:-1","max-image-preview":"max-image-preview:large","max-video-preview":"max-video-preview:-1"},"canonical":"https:\/\/news.ubbcluj.ro\/hu\/a-bbte-kozossege-megrendulten-ertesult-egyetemunk-diszdoktora-mario-vargas-llosa-halalarol\/","og_locale":"hu_HU","og_type":"article","og_title":"A BBTE k\u00f6z\u00f6ss\u00e9ge megrend\u00fclten \u00e9rtes\u00fclt egyetem\u00fcnk d\u00edszdoktora, Mario Vargas Llosa hal\u00e1l\u00e1r\u00f3l - Kommunik\u00e1ci\u00f3 \u00e9s PR iroda","og_description":"A BBTE k\u00f6z\u00f6ss\u00e9ge szeg\u00e9nyebb lett, mivel vas\u00e1rnap, 2025. \u00e1prilis 13-\u00e1n elvesz\u00edtette egy rendk\u00edv\u00fcl \u00e9rt\u00e9kes tagj\u00e1t, Mario Vargas Llosa \u00edr\u00f3t, akit 2010-ben Nobel-d\u00edjjal t\u00fcntettek ki, \u00e9s 2013-ban egyetem\u00fcnk d\u00edszdoktorr\u00e1 avatta Mario Vargas Llosa 1936. m\u00e1rcius 28-\u00e1n sz\u00fcletett a perui Arequip\u00e1ban, gyermekkor\u00e1t &hellip; A BBTE k\u00f6z\u00f6ss\u00e9ge megrend\u00fclten \u00e9rtes\u00fclt egyetem\u00fcnk d\u00edszdoktora, Mario Vargas Llosa hal\u00e1l\u00e1r\u00f3l Tov\u00e1bb &raquo;","og_url":"https:\/\/news.ubbcluj.ro\/hu\/a-bbte-kozossege-megrendulten-ertesult-egyetemunk-diszdoktora-mario-vargas-llosa-halalarol\/","og_site_name":"Kommunik\u00e1ci\u00f3 \u00e9s PR iroda","article_published_time":"2025-04-14T08:20:34+00:00","og_image":[{"width":1102,"height":1102,"url":"https:\/\/news.ubbcluj.ro\/hu\/wp-content\/uploads\/2025\/04\/DSC_2557.jpg","type":"image\/jpeg"}],"author":"Bilibok Ren\u00e1ta","twitter_card":"summary_large_image","twitter_misc":{"Szerz\u0151:":"Bilibok Ren\u00e1ta","Becs\u00fclt olvas\u00e1si id\u0151":"2 perc"},"schema":{"@context":"https:\/\/schema.org","@graph":[{"@type":"WebPage","@id":"https:\/\/news.ubbcluj.ro\/hu\/a-bbte-kozossege-megrendulten-ertesult-egyetemunk-diszdoktora-mario-vargas-llosa-halalarol\/","url":"https:\/\/news.ubbcluj.ro\/hu\/a-bbte-kozossege-megrendulten-ertesult-egyetemunk-diszdoktora-mario-vargas-llosa-halalarol\/","name":"A BBTE k\u00f6z\u00f6ss\u00e9ge megrend\u00fclten \u00e9rtes\u00fclt egyetem\u00fcnk d\u00edszdoktora, Mario Vargas Llosa hal\u00e1l\u00e1r\u00f3l - Kommunik\u00e1ci\u00f3 \u00e9s PR iroda","isPartOf":{"@id":"https:\/\/news.ubbcluj.ro\/hu\/#website"},"datePublished":"2025-04-14T08:20:34+00:00","dateModified":"2025-04-14T08:20:34+00:00","author":{"@id":"https:\/\/news.ubbcluj.ro\/hu\/#\/schema\/person\/0768248bd5e1ed05f87b7be96b4c3d9c"},"breadcrumb":{"@id":"https:\/\/news.ubbcluj.ro\/hu\/a-bbte-kozossege-megrendulten-ertesult-egyetemunk-diszdoktora-mario-vargas-llosa-halalarol\/#breadcrumb"},"inLanguage":"hu","potentialAction":[{"@type":"ReadAction","target":["https:\/\/news.ubbcluj.ro\/hu\/a-bbte-kozossege-megrendulten-ertesult-egyetemunk-diszdoktora-mario-vargas-llosa-halalarol\/"]}]},{"@type":"BreadcrumbList","@id":"https:\/\/news.ubbcluj.ro\/hu\/a-bbte-kozossege-megrendulten-ertesult-egyetemunk-diszdoktora-mario-vargas-llosa-halalarol\/#breadcrumb","itemListElement":[{"@type":"ListItem","position":1,"name":"Home","item":"https:\/\/news.ubbcluj.ro\/hu\/"},{"@type":"ListItem","position":2,"name":"A BBTE k\u00f6z\u00f6ss\u00e9ge megrend\u00fclten \u00e9rtes\u00fclt egyetem\u00fcnk d\u00edszdoktora, Mario Vargas Llosa hal\u00e1l\u00e1r\u00f3l"}]},{"@type":"WebSite","@id":"https:\/\/news.ubbcluj.ro\/hu\/#website","url":"https:\/\/news.ubbcluj.ro\/hu\/","name":"Kommunik\u00e1ci\u00f3 \u00e9s PR iroda","description":"Babe\u0219-Bolyai Tudom\u00e1negyetem","potentialAction":[{"@type":"SearchAction","target":{"@type":"EntryPoint","urlTemplate":"https:\/\/news.ubbcluj.ro\/hu\/?s={search_term_string}"},"query-input":"required name=search_term_string"}],"inLanguage":"hu"},{"@type":"Person","@id":"https:\/\/news.ubbcluj.ro\/hu\/#\/schema\/person\/0768248bd5e1ed05f87b7be96b4c3d9c","name":"Bilibok Ren\u00e1ta","url":"https:\/\/news.ubbcluj.ro\/hu\/author\/renata-bilibok\/"}]}},"_links":{"self":[{"href":"https:\/\/news.ubbcluj.ro\/hu\/wp-json\/wp\/v2\/posts\/6994"}],"collection":[{"href":"https:\/\/news.ubbcluj.ro\/hu\/wp-json\/wp\/v2\/posts"}],"about":[{"href":"https:\/\/news.ubbcluj.ro\/hu\/wp-json\/wp\/v2\/types\/post"}],"author":[{"embeddable":true,"href":"https:\/\/news.ubbcluj.ro\/hu\/wp-json\/wp\/v2\/users\/9"}],"replies":[{"embeddable":true,"href":"https:\/\/news.ubbcluj.ro\/hu\/wp-json\/wp\/v2\/comments?post=6994"}],"version-history":[{"count":1,"href":"https:\/\/news.ubbcluj.ro\/hu\/wp-json\/wp\/v2\/posts\/6994\/revisions"}],"predecessor-version":[{"id":6996,"href":"https:\/\/news.ubbcluj.ro\/hu\/wp-json\/wp\/v2\/posts\/6994\/revisions\/6996"}],"wp:featuredmedia":[{"embeddable":true,"href":"https:\/\/news.ubbcluj.ro\/hu\/wp-json\/wp\/v2\/media\/6995"}],"wp:attachment":[{"href":"https:\/\/news.ubbcluj.ro\/hu\/wp-json\/wp\/v2\/media?parent=6994"}],"wp:term":[{"taxonomy":"category","embeddable":true,"href":"https:\/\/news.ubbcluj.ro\/hu\/wp-json\/wp\/v2\/categories?post=6994"},{"taxonomy":"post_tag","embeddable":true,"href":"https:\/\/news.ubbcluj.ro\/hu\/wp-json\/wp\/v2\/tags?post=6994"}],"curies":[{"name":"wp","href":"https:\/\/api.w.org\/{rel}","templated":true}]}}