{"id":7055,"date":"2025-05-29T23:27:03","date_gmt":"2025-05-29T20:27:03","guid":{"rendered":"https:\/\/news.ubbcluj.ro\/hu\/?p=7055"},"modified":"2025-05-29T23:27:03","modified_gmt":"2025-05-29T20:27:03","slug":"a-bbte-hivatalosan-megnyitotta-az-orvos-es-egeszsegtudomanyi-kart","status":"publish","type":"post","link":"https:\/\/news.ubbcluj.ro\/hu\/a-bbte-hivatalosan-megnyitotta-az-orvos-es-egeszsegtudomanyi-kart\/","title":{"rendered":"A BBTE hivatalosan megnyitotta az Orvos- \u00e9s Eg\u00e9szs\u00e9gtudom\u00e1nyi Kart"},"content":{"rendered":"<p style=\"text-align: right;\"><em>Kolozsv\u00e1r, 2025. 05. 29.<\/em><\/p>\n<p>A kolozsv\u00e1ri Babe\u015f\u2013Bolyai Tudom\u00e1nyegyetem (BBTE) cs\u00fct\u00f6rt\u00f6k\u00f6n, 2025. m\u00e1jus 29-\u00e9n hivatalosan megnyitotta 23. kar\u00e1t, az Orvos- \u00e9s Eg\u00e9szs\u00e9gtudom\u00e1nyi Kart. A megnyit\u00f3n jelen volt dr. Daniel David egyetemi tan\u00e1r, pszichol\u00f3gus, oktat\u00e1si \u00e9s kutat\u00e1si miniszter, az orvosi szakter\u00fclet neves k\u00e9pvisel\u0151i Kolozsv\u00e1rr\u00f3l \u00e9s Bukarestb\u0151l, valamint a bukaresti Carol Davila Orvosi \u00e9s Gy\u00f3gyszer\u00e9szeti Egyetem k\u00e9pvisel\u0151i.<\/p>\n<p>A BBTE leg\u00fajabb kara az eg\u00e9szs\u00e9gtudom\u00e1nyok ter\u00fclet\u00e9n folytatott oktat\u00e1s \u00e9s kutat\u00e1s hagyom\u00e1ny\u00e1t folytatja, az int\u00e9zm\u00e9ny c\u00e9lja, hogy t\u00e1mogassa az orvostudom\u00e1nyi tev\u00e9kenys\u00e9geket, semmik\u00e9pp nem k\u00edv\u00e1n versengeni az orvosi egyetemekkel.<\/p>\n<p><em><strong>\u201eEgyetem\u00fcnk \u00faj kara az el\u0151dint\u00e9zm\u00e9ny\u00fcnk \u00e1tfog\u00f3 szervezeti hagyom\u00e1nyait \u00e9s \u00f6r\u00f6ks\u00e9g\u00e9t \u00e1ll\u00edtja helyre, a vil\u00e1g vezet\u0151 egyetemeivel \u00f6sszhangban. A BBTE k\u00f6z\u00f6ss\u00e9g\u00e9ben m\u00e1r jelenleg is sz\u00e1mos eg\u00e9szs\u00e9g\u00fcgyi \u00e9s orvosi szakember tev\u00e9kenykedik \u2013 \u00e1lland\u00f3 oktat\u00f3k, hat\u00e1rozott id\u0151re alkalmazott vagy egy\u00fcttm\u0171k\u00f6d\u0151 partnerek \u2013, ez stabil alapot biztos\u00edt sz\u00e1munkra az elindul\u00e1shoz\u201d<\/strong><\/em> \u2013 fejtette ki dr. Adrian Petru\u0219el egyetemi tan\u00e1r, a BBTE ideiglenes rektora.<\/p>\n<p>Dr. Mark\u00f3 B\u00e1lint egyetemi tan\u00e1r, a Magyar Tagozat vezet\u0151je, a BBTE oktat\u00e1s\u00e9rt\u2013curriculum\u00e9rt, versenyk\u00e9pess\u00e9g\u00e9rt, valamint a kihelyezett tagozatok\u00e9rt felel\u0151s rektorhelyettese, a BBTEMed strat\u00e9giai program koordin\u00e1tora kifejtette: <em><strong>\u201eEz nem egy \u00fat kezdete, csak tov\u00e1bbi l\u00e9p\u00e9seket tesz\u00fcnk azon az \u00faton, amelyen egyetem\u00fcnk a BBTEMed program \u00e1ltal elindult. Az \u00faj kar tov\u00e1bb fejleszti ezt, a m\u00e1r l\u00e9tez\u0151 szakokt\u00f3l indulunk, \u00e9s \u00faj programokat dolgozunk ki, amelyek a t\u00e1rsadalom fontos probl\u00e9m\u00e1ira keresnek megold\u00e1sokat.\u201d<\/strong><\/em><\/p>\n<p>Dr. Daniel David egyetemi tan\u00e1r, pszichol\u00f3gus, oktat\u00e1si \u00e9s kutat\u00e1si miniszter, a BBTE megv\u00e1lasztott rektora az \u00faj kar sz\u00fcks\u00e9gess\u00e9g\u00e9re \u00e9s jelent\u0151s\u00e9g\u00e9re h\u00edvta fel a figyelmet: <em><strong>\u201eEzzel a l\u00e9p\u00e9ssel a BBTE-n is megval\u00f3sul, ami a nemzetk\u00f6zi akad\u00e9miai szf\u00e9r\u00e1ban term\u00e9szetes, \u00e9s \u00edgy az egyetem lefedi az \u00f6sszes jelent\u0151s tudom\u00e1nyter\u00fcletet \u2013 ahogy azt m\u00e1r 2020 \u00f3ta tervezz\u00fck, hiszen a vil\u00e1gon alig tal\u00e1lunk olyan elismert, \u00e1tfog\u00f3 k\u00edn\u00e1lat\u00fa egyetemet, amelynek ne lenne orvosbiol\u00f3giai komponense \u2013 ahol sokat publik\u00e1lnak \u00e9s sokat hivatkoznak \u2013, amely a maga rendj\u00e9n a l\u00e1that\u00f3s\u00e1gban \u00e9s a nemzetk\u00f6zi rangsorokban is megmutatkozik. Egy\u00e9rtelm\u0171, hogy a BBTE mint \u00e1tfog\u00f3 k\u00edn\u00e1lat\u00fa egyetem, az orsz\u00e1g legnagyobb akad\u00e9miai k\u00f6z\u00f6ss\u00e9ge olyan teret k\u00edn\u00e1l, amelyben az orvosi k\u00e9pz\u00e9s interdiszciplin\u00e1ris jellege a legink\u00e1bb \u00e9rv\u00e9nyes\u00fclhet \u00e9s fejl\u0151dhet.\u201d<\/strong><\/em><\/p>\n<p><em><strong>\u201eAzt szeretn\u00e9m, ha az \u00faj kar interdiszciplin\u00e1risan fejl\u0151dhetne, ha olyan programok m\u0171k\u00f6dhetn\u00e9nek itt, amelyek a min\u0151s\u00e9g szempontjainak tesznek eleget, nem a mennyis\u00e9gi szempontoknak, s ahol a k\u00e9pz\u00e9s alapj\u00e1t a kutat\u00e1si \u2013 fejleszt\u00e9si \u2013 innov\u00e1ci\u00f3s tev\u00e9kenys\u00e9g adja. Ez\u00e1ltal a karr\u00f3l rendk\u00edv\u00fcl j\u00f3l felk\u00e9sz\u00fclt hum\u00e1n er\u0151forr\u00e1s l\u00e9phet ki, grantokhoz f\u00e9rhetnek hozz\u00e1, n\u00f6vekedhet a nemzetk\u00f6zi l\u00e1that\u00f3s\u00e1g \u00e9s az id\u00e9zetts\u00e9g\u201d<\/strong><\/em> \u2013 f\u0171zte hozz\u00e1 dr. Daniel David.<\/p>\n<p>A m\u00e1r l\u00e9tez\u0151, orvosi profil\u00fa szakokra a felv\u00e9telit az adott k\u00e9pz\u00e9si programok eset\u00e9ben meghat\u00e1rozott krit\u00e9riumok szerint szervezik meg; ezek a szempontok el\u00e9rhet\u0151k az illet\u00e9kes karok honlapj\u00e1n. A becs\u00fclt beiskol\u00e1z\u00e1si keretsz\u00e1m k\u00f6r\u00fclbel\u00fcl 400 hely, \u00e9s a felv\u00e9telt nyert hallgat\u00f3k a 2025\u20132026-os tan\u00e9vt\u0151l kezd\u0151d\u0151en a BBTE Orvos- \u00e9s Eg\u00e9szs\u00e9gtudom\u00e1nyi Kar\u00e1n folytatj\u00e1k tanulm\u00e1nyaikat.<\/p>\n<p>Az orvostudom\u00e1nyok hagyom\u00e1nya a BBTE-n m\u00e1r 1775\/1776-ban, az Universitas Claudiopolitana (Kolozsv\u00e1ri Egyetem) elindul\u00e1s\u00e1val megalapoz\u00f3dott, \u00e9s folytat\u00f3dott a k\u00e9s\u0151bbi magyar, majd rom\u00e1n tannyelv\u0171 egyetemen eg\u00e9szen 1948-ig, amikor a kommunista reformok sor\u00e1n az orvosibiol\u00f3giai komponenst lev\u00e1lasztott\u00e1k a BBTE-r\u0151l (akkor Victor Babe\u0219 Egyetem). A BBTE a Kolozsv\u00e1ri Egyetem jogut\u00f3dja, \u00e9s \u00edgy tov\u00e1bb\u00f6r\u00f6k\u00edti annak hagyom\u00e1nyait is, ez\u00e9rt m\u00e1r 2020-ban l\u00e9trehozta az Eg\u00e9szs\u00e9gtudom\u00e1nyi Iskol\u00e1t (School of Health), amely 2022-ben szintet l\u00e9pett, amikor l\u00e9trej\u00f6tt az UBB School of Health \u2013 UBBMed (https:\/\/ubbmed.ubbcluj.ro\/). A 2025-ben megalap\u00edtott Orvosi \u00e9s Eg\u00e9szs\u00e9gtudom\u00e1nyi Kar \u00edgy a BBTEMed k\u00f6zponti egys\u00e9g\u00e9v\u00e9 v\u00e1lik.<\/p>\n<p>&nbsp;<\/p>\n","protected":false},"excerpt":{"rendered":"<p>Kolozsv\u00e1r, 2025. 05. 29. A kolozsv\u00e1ri Babe\u015f\u2013Bolyai Tudom\u00e1nyegyetem (BBTE) cs\u00fct\u00f6rt\u00f6k\u00f6n, 2025. m\u00e1jus 29-\u00e9n hivatalosan megnyitotta 23. kar\u00e1t, az Orvos- \u00e9s Eg\u00e9szs\u00e9gtudom\u00e1nyi Kart. A megnyit\u00f3n jelen volt dr. Daniel David egyetemi tan\u00e1r, pszichol\u00f3gus, oktat\u00e1si \u00e9s kutat\u00e1si miniszter, az orvosi szakter\u00fclet neves &hellip;<\/p>\n<p class=\"read-more\"> <a class=\"more-link\" href=\"https:\/\/news.ubbcluj.ro\/hu\/a-bbte-hivatalosan-megnyitotta-az-orvos-es-egeszsegtudomanyi-kart\/\"> <span class=\"screen-reader-text\">A BBTE hivatalosan megnyitotta az Orvos- \u00e9s Eg\u00e9szs\u00e9gtudom\u00e1nyi Kart<\/span> Tov\u00e1bb &raquo;<\/a><\/p>\n","protected":false},"author":9,"featured_media":7012,"comment_status":"closed","ping_status":"closed","sticky":false,"template":"","format":"standard","meta":{"footnotes":""},"categories":[6,7],"tags":[],"yoast_head":"<!-- This site is optimized with the Yoast SEO plugin v21.9.1 - https:\/\/yoast.com\/wordpress\/plugins\/seo\/ -->\n<title>A BBTE hivatalosan megnyitotta az Orvos- \u00e9s Eg\u00e9szs\u00e9gtudom\u00e1nyi Kart - Kommunik\u00e1ci\u00f3 \u00e9s PR iroda<\/title>\n<meta name=\"robots\" content=\"index, follow, max-snippet:-1, max-image-preview:large, max-video-preview:-1\" \/>\n<link rel=\"canonical\" href=\"https:\/\/news.ubbcluj.ro\/hu\/a-bbte-hivatalosan-megnyitotta-az-orvos-es-egeszsegtudomanyi-kart\/\" \/>\n<meta property=\"og:locale\" content=\"hu_HU\" \/>\n<meta property=\"og:type\" content=\"article\" \/>\n<meta property=\"og:title\" content=\"A BBTE hivatalosan megnyitotta az Orvos- \u00e9s Eg\u00e9szs\u00e9gtudom\u00e1nyi Kart - Kommunik\u00e1ci\u00f3 \u00e9s PR iroda\" \/>\n<meta property=\"og:description\" content=\"Kolozsv\u00e1r, 2025. 05. 29. A kolozsv\u00e1ri Babe\u015f\u2013Bolyai Tudom\u00e1nyegyetem (BBTE) cs\u00fct\u00f6rt\u00f6k\u00f6n, 2025. m\u00e1jus 29-\u00e9n hivatalosan megnyitotta 23. kar\u00e1t, az Orvos- \u00e9s Eg\u00e9szs\u00e9gtudom\u00e1nyi Kart. A megnyit\u00f3n jelen volt dr. Daniel David egyetemi tan\u00e1r, pszichol\u00f3gus, oktat\u00e1si \u00e9s kutat\u00e1si miniszter, az orvosi szakter\u00fclet neves &hellip; A BBTE hivatalosan megnyitotta az Orvos- \u00e9s Eg\u00e9szs\u00e9gtudom\u00e1nyi Kart Tov\u00e1bb &raquo;\" \/>\n<meta property=\"og:url\" content=\"https:\/\/news.ubbcluj.ro\/hu\/a-bbte-hivatalosan-megnyitotta-az-orvos-es-egeszsegtudomanyi-kart\/\" \/>\n<meta property=\"og:site_name\" content=\"Kommunik\u00e1ci\u00f3 \u00e9s PR iroda\" \/>\n<meta property=\"article:published_time\" content=\"2025-05-29T20:27:03+00:00\" \/>\n<meta property=\"og:image\" content=\"https:\/\/news.ubbcluj.ro\/hu\/wp-content\/uploads\/2025\/04\/orvosi-e1745508371161.png\" \/>\n\t<meta property=\"og:image:width\" content=\"348\" \/>\n\t<meta property=\"og:image:height\" content=\"289\" \/>\n\t<meta property=\"og:image:type\" content=\"image\/png\" \/>\n<meta name=\"author\" content=\"Bilibok Ren\u00e1ta\" \/>\n<meta name=\"twitter:card\" content=\"summary_large_image\" \/>\n<meta name=\"twitter:label1\" content=\"Szerz\u0151:\" \/>\n\t<meta name=\"twitter:data1\" content=\"Bilibok Ren\u00e1ta\" \/>\n\t<meta name=\"twitter:label2\" content=\"Becs\u00fclt olvas\u00e1si id\u0151\" \/>\n\t<meta name=\"twitter:data2\" content=\"4 perc\" \/>\n<script type=\"application\/ld+json\" class=\"yoast-schema-graph\">{\"@context\":\"https:\/\/schema.org\",\"@graph\":[{\"@type\":\"WebPage\",\"@id\":\"https:\/\/news.ubbcluj.ro\/hu\/a-bbte-hivatalosan-megnyitotta-az-orvos-es-egeszsegtudomanyi-kart\/\",\"url\":\"https:\/\/news.ubbcluj.ro\/hu\/a-bbte-hivatalosan-megnyitotta-az-orvos-es-egeszsegtudomanyi-kart\/\",\"name\":\"A BBTE hivatalosan megnyitotta az Orvos- \u00e9s Eg\u00e9szs\u00e9gtudom\u00e1nyi Kart - Kommunik\u00e1ci\u00f3 \u00e9s PR iroda\",\"isPartOf\":{\"@id\":\"https:\/\/news.ubbcluj.ro\/hu\/#website\"},\"datePublished\":\"2025-05-29T20:27:03+00:00\",\"dateModified\":\"2025-05-29T20:27:03+00:00\",\"author\":{\"@id\":\"https:\/\/news.ubbcluj.ro\/hu\/#\/schema\/person\/0768248bd5e1ed05f87b7be96b4c3d9c\"},\"breadcrumb\":{\"@id\":\"https:\/\/news.ubbcluj.ro\/hu\/a-bbte-hivatalosan-megnyitotta-az-orvos-es-egeszsegtudomanyi-kart\/#breadcrumb\"},\"inLanguage\":\"hu\",\"potentialAction\":[{\"@type\":\"ReadAction\",\"target\":[\"https:\/\/news.ubbcluj.ro\/hu\/a-bbte-hivatalosan-megnyitotta-az-orvos-es-egeszsegtudomanyi-kart\/\"]}]},{\"@type\":\"BreadcrumbList\",\"@id\":\"https:\/\/news.ubbcluj.ro\/hu\/a-bbte-hivatalosan-megnyitotta-az-orvos-es-egeszsegtudomanyi-kart\/#breadcrumb\",\"itemListElement\":[{\"@type\":\"ListItem\",\"position\":1,\"name\":\"Home\",\"item\":\"https:\/\/news.ubbcluj.ro\/hu\/\"},{\"@type\":\"ListItem\",\"position\":2,\"name\":\"A BBTE hivatalosan megnyitotta az Orvos- \u00e9s Eg\u00e9szs\u00e9gtudom\u00e1nyi Kart\"}]},{\"@type\":\"WebSite\",\"@id\":\"https:\/\/news.ubbcluj.ro\/hu\/#website\",\"url\":\"https:\/\/news.ubbcluj.ro\/hu\/\",\"name\":\"Kommunik\u00e1ci\u00f3 \u00e9s PR iroda\",\"description\":\"Babe\u0219-Bolyai Tudom\u00e1negyetem\",\"potentialAction\":[{\"@type\":\"SearchAction\",\"target\":{\"@type\":\"EntryPoint\",\"urlTemplate\":\"https:\/\/news.ubbcluj.ro\/hu\/?s={search_term_string}\"},\"query-input\":\"required name=search_term_string\"}],\"inLanguage\":\"hu\"},{\"@type\":\"Person\",\"@id\":\"https:\/\/news.ubbcluj.ro\/hu\/#\/schema\/person\/0768248bd5e1ed05f87b7be96b4c3d9c\",\"name\":\"Bilibok Ren\u00e1ta\",\"url\":\"https:\/\/news.ubbcluj.ro\/hu\/author\/renata-bilibok\/\"}]}<\/script>\n<!-- \/ Yoast SEO plugin. -->","yoast_head_json":{"title":"A BBTE hivatalosan megnyitotta az Orvos- \u00e9s Eg\u00e9szs\u00e9gtudom\u00e1nyi Kart - Kommunik\u00e1ci\u00f3 \u00e9s PR iroda","robots":{"index":"index","follow":"follow","max-snippet":"max-snippet:-1","max-image-preview":"max-image-preview:large","max-video-preview":"max-video-preview:-1"},"canonical":"https:\/\/news.ubbcluj.ro\/hu\/a-bbte-hivatalosan-megnyitotta-az-orvos-es-egeszsegtudomanyi-kart\/","og_locale":"hu_HU","og_type":"article","og_title":"A BBTE hivatalosan megnyitotta az Orvos- \u00e9s Eg\u00e9szs\u00e9gtudom\u00e1nyi Kart - Kommunik\u00e1ci\u00f3 \u00e9s PR iroda","og_description":"Kolozsv\u00e1r, 2025. 05. 29. A kolozsv\u00e1ri Babe\u015f\u2013Bolyai Tudom\u00e1nyegyetem (BBTE) cs\u00fct\u00f6rt\u00f6k\u00f6n, 2025. m\u00e1jus 29-\u00e9n hivatalosan megnyitotta 23. kar\u00e1t, az Orvos- \u00e9s Eg\u00e9szs\u00e9gtudom\u00e1nyi Kart. A megnyit\u00f3n jelen volt dr. Daniel David egyetemi tan\u00e1r, pszichol\u00f3gus, oktat\u00e1si \u00e9s kutat\u00e1si miniszter, az orvosi szakter\u00fclet neves &hellip; A BBTE hivatalosan megnyitotta az Orvos- \u00e9s Eg\u00e9szs\u00e9gtudom\u00e1nyi Kart Tov\u00e1bb &raquo;","og_url":"https:\/\/news.ubbcluj.ro\/hu\/a-bbte-hivatalosan-megnyitotta-az-orvos-es-egeszsegtudomanyi-kart\/","og_site_name":"Kommunik\u00e1ci\u00f3 \u00e9s PR iroda","article_published_time":"2025-05-29T20:27:03+00:00","og_image":[{"width":348,"height":289,"url":"https:\/\/news.ubbcluj.ro\/hu\/wp-content\/uploads\/2025\/04\/orvosi-e1745508371161.png","type":"image\/png"}],"author":"Bilibok Ren\u00e1ta","twitter_card":"summary_large_image","twitter_misc":{"Szerz\u0151:":"Bilibok Ren\u00e1ta","Becs\u00fclt olvas\u00e1si id\u0151":"4 perc"},"schema":{"@context":"https:\/\/schema.org","@graph":[{"@type":"WebPage","@id":"https:\/\/news.ubbcluj.ro\/hu\/a-bbte-hivatalosan-megnyitotta-az-orvos-es-egeszsegtudomanyi-kart\/","url":"https:\/\/news.ubbcluj.ro\/hu\/a-bbte-hivatalosan-megnyitotta-az-orvos-es-egeszsegtudomanyi-kart\/","name":"A BBTE hivatalosan megnyitotta az Orvos- \u00e9s Eg\u00e9szs\u00e9gtudom\u00e1nyi Kart - Kommunik\u00e1ci\u00f3 \u00e9s PR iroda","isPartOf":{"@id":"https:\/\/news.ubbcluj.ro\/hu\/#website"},"datePublished":"2025-05-29T20:27:03+00:00","dateModified":"2025-05-29T20:27:03+00:00","author":{"@id":"https:\/\/news.ubbcluj.ro\/hu\/#\/schema\/person\/0768248bd5e1ed05f87b7be96b4c3d9c"},"breadcrumb":{"@id":"https:\/\/news.ubbcluj.ro\/hu\/a-bbte-hivatalosan-megnyitotta-az-orvos-es-egeszsegtudomanyi-kart\/#breadcrumb"},"inLanguage":"hu","potentialAction":[{"@type":"ReadAction","target":["https:\/\/news.ubbcluj.ro\/hu\/a-bbte-hivatalosan-megnyitotta-az-orvos-es-egeszsegtudomanyi-kart\/"]}]},{"@type":"BreadcrumbList","@id":"https:\/\/news.ubbcluj.ro\/hu\/a-bbte-hivatalosan-megnyitotta-az-orvos-es-egeszsegtudomanyi-kart\/#breadcrumb","itemListElement":[{"@type":"ListItem","position":1,"name":"Home","item":"https:\/\/news.ubbcluj.ro\/hu\/"},{"@type":"ListItem","position":2,"name":"A BBTE hivatalosan megnyitotta az Orvos- \u00e9s Eg\u00e9szs\u00e9gtudom\u00e1nyi Kart"}]},{"@type":"WebSite","@id":"https:\/\/news.ubbcluj.ro\/hu\/#website","url":"https:\/\/news.ubbcluj.ro\/hu\/","name":"Kommunik\u00e1ci\u00f3 \u00e9s PR iroda","description":"Babe\u0219-Bolyai Tudom\u00e1negyetem","potentialAction":[{"@type":"SearchAction","target":{"@type":"EntryPoint","urlTemplate":"https:\/\/news.ubbcluj.ro\/hu\/?s={search_term_string}"},"query-input":"required name=search_term_string"}],"inLanguage":"hu"},{"@type":"Person","@id":"https:\/\/news.ubbcluj.ro\/hu\/#\/schema\/person\/0768248bd5e1ed05f87b7be96b4c3d9c","name":"Bilibok Ren\u00e1ta","url":"https:\/\/news.ubbcluj.ro\/hu\/author\/renata-bilibok\/"}]}},"_links":{"self":[{"href":"https:\/\/news.ubbcluj.ro\/hu\/wp-json\/wp\/v2\/posts\/7055"}],"collection":[{"href":"https:\/\/news.ubbcluj.ro\/hu\/wp-json\/wp\/v2\/posts"}],"about":[{"href":"https:\/\/news.ubbcluj.ro\/hu\/wp-json\/wp\/v2\/types\/post"}],"author":[{"embeddable":true,"href":"https:\/\/news.ubbcluj.ro\/hu\/wp-json\/wp\/v2\/users\/9"}],"replies":[{"embeddable":true,"href":"https:\/\/news.ubbcluj.ro\/hu\/wp-json\/wp\/v2\/comments?post=7055"}],"version-history":[{"count":1,"href":"https:\/\/news.ubbcluj.ro\/hu\/wp-json\/wp\/v2\/posts\/7055\/revisions"}],"predecessor-version":[{"id":7056,"href":"https:\/\/news.ubbcluj.ro\/hu\/wp-json\/wp\/v2\/posts\/7055\/revisions\/7056"}],"wp:featuredmedia":[{"embeddable":true,"href":"https:\/\/news.ubbcluj.ro\/hu\/wp-json\/wp\/v2\/media\/7012"}],"wp:attachment":[{"href":"https:\/\/news.ubbcluj.ro\/hu\/wp-json\/wp\/v2\/media?parent=7055"}],"wp:term":[{"taxonomy":"category","embeddable":true,"href":"https:\/\/news.ubbcluj.ro\/hu\/wp-json\/wp\/v2\/categories?post=7055"},{"taxonomy":"post_tag","embeddable":true,"href":"https:\/\/news.ubbcluj.ro\/hu\/wp-json\/wp\/v2\/tags?post=7055"}],"curies":[{"name":"wp","href":"https:\/\/api.w.org\/{rel}","templated":true}]}}