{"id":7123,"date":"2025-08-18T13:06:56","date_gmt":"2025-08-18T10:06:56","guid":{"rendered":"https:\/\/news.ubbcluj.ro\/hu\/?p=7123"},"modified":"2025-08-19T13:47:29","modified_gmt":"2025-08-19T10:47:29","slug":"a-bbte-jelentos-osszegeket-fektet-az-oktatas-minosegenek-es-a-diakok-joletenek-javitasaba","status":"publish","type":"post","link":"https:\/\/news.ubbcluj.ro\/hu\/a-bbte-jelentos-osszegeket-fektet-az-oktatas-minosegenek-es-a-diakok-joletenek-javitasaba\/","title":{"rendered":"A BBTE jelent\u0151s \u00f6sszegeket fektet az oktat\u00e1s min\u0151s\u00e9g\u00e9nek \u00e9s a di\u00e1kok j\u00f3l\u00e9t\u00e9nek jav\u00edt\u00e1s\u00e1ba"},"content":{"rendered":"<p style=\"text-align: right;\"><em>Kolozsv\u00e1r, 2025. 08. 18.<\/em><\/p>\n<p>A Babe\u0219\u2013Bolyai Tudom\u00e1nyegyetem (BBTE), amely 2016-t\u00f3l kezd\u0151d\u0151en minden \u00e9vben vezeti az orsz\u00e1gos metarangsorokat, az elm\u00falt 3 \u00e9vben t\u00f6bb mint 564 milli\u00f3 lejt ford\u00edtott kutat\u00e1s-fejleszt\u00e9si-innov\u00e1ci\u00f3s tev\u00e9kenys\u00e9gekre, \u00e9s az elm\u00falt \u00e9vekben elnyert \u00e9s megval\u00f3s\u00edtott hazai vagy k\u00fclf\u00f6ldi finansz\u00edroz\u00e1ssal megval\u00f3sult kutat\u00e1si projektek k\u00f6lts\u00e9gei nyom\u00e1n jelent\u0151s \u00f6sszegeket kell visszakapnia. \u00c9rdemes azt is megeml\u00edteni, hogy a BBTE a rom\u00e1niai egyetemek k\u00f6z\u00f6tt orsz\u00e1gosan vezet a kutat\u00e1si projektekre a Horizon Europe programban elnyert nemzetk\u00f6zi t\u00e1mogat\u00e1sok ter\u00e9n.<\/p>\n<p>A k\u00f6lts\u00e9gvet\u00e9si elemz\u00e9s arra is r\u00e1mutat, hogy a BBTE folyamatosan n\u00f6vekv\u0151 m\u00e9rt\u00e9kben vonja be a saj\u00e1t bev\u00e9teleit az oktat\u00e1s min\u0151s\u00e9g\u00e9nek \u00e9s a hallgat\u00f3k j\u00f3l\u00e9t\u00e9nek jav\u00edt\u00e1s\u00e1ba, anyagilag is, illetve a tanulm\u00e1nyi, szakmai gyakorlati \u00e9s elsz\u00e1ll\u00e1sol\u00e1si felt\u00e9telek tekintet\u00e9ben.<\/p>\n<p>A 2022\u20132024 k\u00f6z\u00f6tti id\u0151szakban az Oktat\u00e1si Miniszt\u00e9rium k\u00f6lts\u00e9gvet\u00e9s\u00e9b\u0151l k\u00fcl\u00f6nf\u00e9le beruh\u00e1z\u00e1sok megval\u00f3s\u00edt\u00e1s\u00e1ra kapott juttat\u00e1sok mintegy 10 milli\u00f3 lejt tettek ki, az egyetem \u00e1ltal a k\u00f6lts\u00e9gvet\u00e9sen k\u00edv\u00fcli alapokb\u00f3l fedezett \u00f6sszegek pedig meghaladt\u00e1k a 85 milli\u00f3 lejt. A beruh\u00e1z\u00e1sok egy\u00e9rtelm\u0171en a BBTE hallgat\u00f3i, oktat\u00f3i \u00e9s kutat\u00f3i k\u00f6z\u00f6ss\u00e9g\u00e9nek k\u00edn\u00e1lt tanulm\u00e1nyi felt\u00e9telek jav\u00edt\u00e1s\u00e1t \u00e9s k\u00e9nyelmi szint n\u00f6vel\u00e9s\u00e9t c\u00e9lozt\u00e1k. A beruh\u00e1z\u00e1sok jelent\u0151s r\u00e9sze az oktat\u00e1si, gyakorlati tev\u00e9kenys\u00e9gekhez, kutat\u00e1si projektekhez \u00e9s elsz\u00e1ll\u00e1sol\u00e1shoz haszn\u00e1lt helyis\u00e9gek korszer\u0171s\u00edt\u00e9s\u00e9t, b\u0151v\u00edt\u00e9s\u00e9t \u00e9s megszerz\u00e9s\u00e9t seg\u00edtette.<\/p>\n<p><strong><em>\u201eA sz\u00f3ban forg\u00f3 terek egy r\u00e9sze kor\u00e1bban teljesen m\u00e1s c\u00e9lt szolg\u00e1lt, \u00edgy nyilv\u00e1nval\u00f3an sz\u00fcks\u00e9ges volt, hogy ezeket oktat\u00e1si t\u00e9rr\u00e9 alak\u00edtsuk, ami id\u0151t \u00e9s p\u00e9nzt is ig\u00e9nyelt. A karok sz\u00e9khely\u00e9r\u0151l, gyakorl\u00f3- \u00e9s kutat\u00f3k\u00f6zpontokr\u00f3l, hallgat\u00f3k \u00e9s oktat\u00f3k sz\u00e1m\u00e1ra kialak\u00edtott bentlak\u00e1sokr\u00f3l \u00e9s sz\u00e1ll\u00e1shelyekr\u0151l, valamint z\u00f6ld energia haszn\u00e1lat\u00e1ba t\u00f6rt\u00e9n\u0151 beruh\u00e1z\u00e1sokr\u00f3l van itt sz\u00f3. Ezek a beruh\u00e1z\u00e1soknak term\u00e9szetesen r\u00f6vid t\u00e1von meglehet\u0151sen er\u0151s hat\u00e1st gyakorolnak az egyetemi k\u00f6lts\u00e9gvet\u00e9sre, ak\u00e1rcsak b\u00e1rmely ter\u00fcleten, azonban a strat\u00e9gia az oktat\u00e1si folyamat hossz\u00fa t\u00e1v\u00fa fejleszt\u00e9s\u00e9t c\u00e9lozza, \u00e9s a pozit\u00edv hat\u00e1sok id\u0151vel l\u00e1that\u00f3ak lesznek. N\u00e9h\u00e1ny ezek k\u00f6z\u00fcl m\u00e1r most is tapasztalhat\u00f3\u201d<\/em><\/strong> \u2013 nyilatkozta a BBTE vezet\u0151s\u00e9ge.<\/p>\n<p>Ezek mellett a BBTE figyelemrem\u00e9lt\u00f3 \u00f6sszegeket ford\u00edtott a hallgat\u00f3i anyagi t\u00e1mogat\u00e1s\u00e1ra is. A 2022\u20132024 k\u00f6z\u00f6tti id\u0151szakban az egyetem k\u00f6zel 290 milli\u00f3 lejt k\u00f6lt\u00f6tt hallgat\u00f3i \u00f6szt\u00f6nd\u00edjakra, ebb\u0151l t\u00f6bb mint 40 milli\u00f3 lej saj\u00e1t forr\u00e1sb\u00f3l sz\u00e1rmazott. A nevezett id\u0151szakban a hallgat\u00f3knak ny\u00fajtott szoci\u00e1lis t\u00e1mogat\u00e1sra a BBTE t\u00f6bb, mint 27,5 milli\u00f3 lejt k\u00f6lt\u00f6tt, ebb\u0151l t\u00f6bb mint 18 milli\u00f3 lejt az egyetem fedezett saj\u00e1t forr\u00e1saib\u00f3l, a k\u00f6lts\u00e9gvet\u00e9si el\u0151ir\u00e1nyzatok pedig nem haladt\u00e1k meg a 9 milli\u00f3 lejt.<\/p>\n<p><strong><em>\u201eEzekb\u0151l az alapokb\u00f3l l\u00e1that\u00f3, hogy a BBTE p\u00e9nz\u00fcgyi szerepv\u00e1llal\u00e1sa val\u00f3ban jelent\u0151s m\u00e9rt\u00e9k\u0171 volt a megl\u00e9v\u0151 sz\u00ednvonal fenntart\u00e1sa, s\u0151t emel\u00e9se \u00e9rdek\u00e9ben. A BBTE teh\u00e1t t\u00edzszer annyi p\u00e9nzt fektetett be saj\u00e1t forr\u00e1saib\u00f3l, mint amennyit az \u00e1llami k\u00f6lts\u00e9gvet\u00e9sb\u0151l kapott. Az \u00f6sszegek egy r\u00e9sz\u00e9t fokozatosan visszakapjuk a FEN \u00e9s PNRR t\u00edpus\u00fa projektek finansz\u00edroz\u00e1si szerz\u0151d\u00e9sei \u00e9rtelm\u00e9ben. Nem elveszett vagy kidobott p\u00e9nzr\u0151l van sz\u00f3, hanem olyan \u00f6sszegekr\u0151l, amelyeket a BBTE szerz\u0151d\u00e9sek alapj\u00e1n \u00e9s egy hat\u00e1rozott c\u00e9llal megel\u0151legezett: az oktat\u00e1si tev\u00e9kenys\u00e9g min\u0151s\u00e9g\u00e9nek jav\u00edt\u00e1sa, a hallgat\u00f3k \u00e9letsz\u00ednvonal\u00e1nak \u00e9s el\u00e9gedetts\u00e9g\u00e9nek n\u00f6vel\u00e9se, valamint a kutat\u00e1si \u00e9s innov\u00e1ci\u00f3s tev\u00e9kenys\u00e9g k\u00f6vetkezetes fejleszt\u00e9se \u00e9rdek\u00e9ben\u201d<\/em> <\/strong>\u2013 fejtette ki a BBTE vezet\u0151s\u00e9ge.<\/p>\n<p><img loading=\"lazy\" decoding=\"async\" class=\"alignnone wp-image-7125 size-large\" src=\"https:\/\/news.ubbcluj.ro\/hu\/wp-content\/uploads\/2025\/08\/BBTE-koltsegvetes-abra-1024x1024.jpg\" alt=\"\" width=\"605\" height=\"605\" data-id=\"7125\" srcset=\"https:\/\/news.ubbcluj.ro\/hu\/wp-content\/uploads\/2025\/08\/BBTE-koltsegvetes-abra-1024x1024.jpg 1024w, https:\/\/news.ubbcluj.ro\/hu\/wp-content\/uploads\/2025\/08\/BBTE-koltsegvetes-abra-300x300.jpg 300w, https:\/\/news.ubbcluj.ro\/hu\/wp-content\/uploads\/2025\/08\/BBTE-koltsegvetes-abra-200x200.jpg 200w, https:\/\/news.ubbcluj.ro\/hu\/wp-content\/uploads\/2025\/08\/BBTE-koltsegvetes-abra-768x768.jpg 768w, https:\/\/news.ubbcluj.ro\/hu\/wp-content\/uploads\/2025\/08\/BBTE-koltsegvetes-abra-150x150.jpg 150w, https:\/\/news.ubbcluj.ro\/hu\/wp-content\/uploads\/2025\/08\/BBTE-koltsegvetes-abra-100x100.jpg 100w, https:\/\/news.ubbcluj.ro\/hu\/wp-content\/uploads\/2025\/08\/BBTE-koltsegvetes-abra-450x450.jpg 450w, https:\/\/news.ubbcluj.ro\/hu\/wp-content\/uploads\/2025\/08\/BBTE-koltsegvetes-abra-600x600.jpg 600w, https:\/\/news.ubbcluj.ro\/hu\/wp-content\/uploads\/2025\/08\/BBTE-koltsegvetes-abra-900x900.jpg 900w, https:\/\/news.ubbcluj.ro\/hu\/wp-content\/uploads\/2025\/08\/BBTE-koltsegvetes-abra.jpg 1115w\" sizes=\"(max-width: 605px) 100vw, 605px\" \/> <img loading=\"lazy\" decoding=\"async\" class=\"alignnone wp-image-7126 size-large\" src=\"https:\/\/news.ubbcluj.ro\/hu\/wp-content\/uploads\/2025\/08\/BBTE-kutatas-es-osztondijak-abra-1024x1024.jpg\" alt=\"\" width=\"605\" height=\"605\" data-id=\"7126\" srcset=\"https:\/\/news.ubbcluj.ro\/hu\/wp-content\/uploads\/2025\/08\/BBTE-kutatas-es-osztondijak-abra-1024x1024.jpg 1024w, https:\/\/news.ubbcluj.ro\/hu\/wp-content\/uploads\/2025\/08\/BBTE-kutatas-es-osztondijak-abra-300x300.jpg 300w, https:\/\/news.ubbcluj.ro\/hu\/wp-content\/uploads\/2025\/08\/BBTE-kutatas-es-osztondijak-abra-200x200.jpg 200w, https:\/\/news.ubbcluj.ro\/hu\/wp-content\/uploads\/2025\/08\/BBTE-kutatas-es-osztondijak-abra-768x768.jpg 768w, https:\/\/news.ubbcluj.ro\/hu\/wp-content\/uploads\/2025\/08\/BBTE-kutatas-es-osztondijak-abra-150x150.jpg 150w, https:\/\/news.ubbcluj.ro\/hu\/wp-content\/uploads\/2025\/08\/BBTE-kutatas-es-osztondijak-abra-100x100.jpg 100w, https:\/\/news.ubbcluj.ro\/hu\/wp-content\/uploads\/2025\/08\/BBTE-kutatas-es-osztondijak-abra-450x450.jpg 450w, https:\/\/news.ubbcluj.ro\/hu\/wp-content\/uploads\/2025\/08\/BBTE-kutatas-es-osztondijak-abra-600x600.jpg 600w, https:\/\/news.ubbcluj.ro\/hu\/wp-content\/uploads\/2025\/08\/BBTE-kutatas-es-osztondijak-abra-900x900.jpg 900w, https:\/\/news.ubbcluj.ro\/hu\/wp-content\/uploads\/2025\/08\/BBTE-kutatas-es-osztondijak-abra.jpg 1115w\" sizes=\"(max-width: 605px) 100vw, 605px\" \/><\/p>\n","protected":false},"excerpt":{"rendered":"<p>Kolozsv\u00e1r, 2025. 08. 18. A Babe\u0219\u2013Bolyai Tudom\u00e1nyegyetem (BBTE), amely 2016-t\u00f3l kezd\u0151d\u0151en minden \u00e9vben vezeti az orsz\u00e1gos metarangsorokat, az elm\u00falt 3 \u00e9vben t\u00f6bb mint 564 milli\u00f3 lejt ford\u00edtott kutat\u00e1s-fejleszt\u00e9si-innov\u00e1ci\u00f3s tev\u00e9kenys\u00e9gekre, \u00e9s az elm\u00falt \u00e9vekben elnyert \u00e9s megval\u00f3s\u00edtott hazai vagy k\u00fclf\u00f6ldi finansz\u00edroz\u00e1ssal &hellip;<\/p>\n<p class=\"read-more\"> <a class=\"more-link\" href=\"https:\/\/news.ubbcluj.ro\/hu\/a-bbte-jelentos-osszegeket-fektet-az-oktatas-minosegenek-es-a-diakok-joletenek-javitasaba\/\"> <span class=\"screen-reader-text\">A BBTE jelent\u0151s \u00f6sszegeket fektet az oktat\u00e1s min\u0151s\u00e9g\u00e9nek \u00e9s a di\u00e1kok j\u00f3l\u00e9t\u00e9nek jav\u00edt\u00e1s\u00e1ba<\/span> Tov\u00e1bb &raquo;<\/a><\/p>\n","protected":false},"author":9,"featured_media":5478,"comment_status":"closed","ping_status":"closed","sticky":false,"template":"","format":"standard","meta":{"footnotes":""},"categories":[6,7],"tags":[],"yoast_head":"<!-- This site is optimized with the Yoast SEO plugin v21.9.1 - https:\/\/yoast.com\/wordpress\/plugins\/seo\/ -->\n<title>A BBTE jelent\u0151s \u00f6sszegeket fektet az oktat\u00e1s min\u0151s\u00e9g\u00e9nek \u00e9s a di\u00e1kok j\u00f3l\u00e9t\u00e9nek jav\u00edt\u00e1s\u00e1ba - Kommunik\u00e1ci\u00f3 \u00e9s PR iroda<\/title>\n<meta name=\"robots\" content=\"index, follow, max-snippet:-1, max-image-preview:large, max-video-preview:-1\" \/>\n<link rel=\"canonical\" href=\"https:\/\/news.ubbcluj.ro\/hu\/a-bbte-jelentos-osszegeket-fektet-az-oktatas-minosegenek-es-a-diakok-joletenek-javitasaba\/\" \/>\n<meta property=\"og:locale\" content=\"hu_HU\" \/>\n<meta property=\"og:type\" content=\"article\" \/>\n<meta property=\"og:title\" content=\"A BBTE jelent\u0151s \u00f6sszegeket fektet az oktat\u00e1s min\u0151s\u00e9g\u00e9nek \u00e9s a di\u00e1kok j\u00f3l\u00e9t\u00e9nek jav\u00edt\u00e1s\u00e1ba - Kommunik\u00e1ci\u00f3 \u00e9s PR iroda\" \/>\n<meta property=\"og:description\" content=\"Kolozsv\u00e1r, 2025. 08. 18. A Babe\u0219\u2013Bolyai Tudom\u00e1nyegyetem (BBTE), amely 2016-t\u00f3l kezd\u0151d\u0151en minden \u00e9vben vezeti az orsz\u00e1gos metarangsorokat, az elm\u00falt 3 \u00e9vben t\u00f6bb mint 564 milli\u00f3 lejt ford\u00edtott kutat\u00e1s-fejleszt\u00e9si-innov\u00e1ci\u00f3s tev\u00e9kenys\u00e9gekre, \u00e9s az elm\u00falt \u00e9vekben elnyert \u00e9s megval\u00f3s\u00edtott hazai vagy k\u00fclf\u00f6ldi finansz\u00edroz\u00e1ssal &hellip; A BBTE jelent\u0151s \u00f6sszegeket fektet az oktat\u00e1s min\u0151s\u00e9g\u00e9nek \u00e9s a di\u00e1kok j\u00f3l\u00e9t\u00e9nek jav\u00edt\u00e1s\u00e1ba Tov\u00e1bb &raquo;\" \/>\n<meta property=\"og:url\" content=\"https:\/\/news.ubbcluj.ro\/hu\/a-bbte-jelentos-osszegeket-fektet-az-oktatas-minosegenek-es-a-diakok-joletenek-javitasaba\/\" \/>\n<meta property=\"og:site_name\" content=\"Kommunik\u00e1ci\u00f3 \u00e9s PR iroda\" \/>\n<meta property=\"article:published_time\" content=\"2025-08-18T10:06:56+00:00\" \/>\n<meta property=\"article:modified_time\" content=\"2025-08-19T10:47:29+00:00\" \/>\n<meta property=\"og:image\" content=\"https:\/\/news.ubbcluj.ro\/hu\/wp-content\/uploads\/2022\/03\/Universitatea-Babes-Bolyai-300x300-1.jpg\" \/>\n\t<meta property=\"og:image:width\" content=\"300\" \/>\n\t<meta property=\"og:image:height\" content=\"300\" \/>\n\t<meta property=\"og:image:type\" content=\"image\/jpeg\" \/>\n<meta name=\"author\" content=\"Bilibok Ren\u00e1ta\" \/>\n<meta name=\"twitter:card\" content=\"summary_large_image\" \/>\n<meta name=\"twitter:label1\" content=\"Szerz\u0151:\" \/>\n\t<meta name=\"twitter:data1\" content=\"Bilibok Ren\u00e1ta\" \/>\n\t<meta name=\"twitter:label2\" content=\"Becs\u00fclt olvas\u00e1si id\u0151\" \/>\n\t<meta name=\"twitter:data2\" content=\"4 perc\" \/>\n<script type=\"application\/ld+json\" class=\"yoast-schema-graph\">{\"@context\":\"https:\/\/schema.org\",\"@graph\":[{\"@type\":\"WebPage\",\"@id\":\"https:\/\/news.ubbcluj.ro\/hu\/a-bbte-jelentos-osszegeket-fektet-az-oktatas-minosegenek-es-a-diakok-joletenek-javitasaba\/\",\"url\":\"https:\/\/news.ubbcluj.ro\/hu\/a-bbte-jelentos-osszegeket-fektet-az-oktatas-minosegenek-es-a-diakok-joletenek-javitasaba\/\",\"name\":\"A BBTE jelent\u0151s \u00f6sszegeket fektet az oktat\u00e1s min\u0151s\u00e9g\u00e9nek \u00e9s a di\u00e1kok j\u00f3l\u00e9t\u00e9nek jav\u00edt\u00e1s\u00e1ba - Kommunik\u00e1ci\u00f3 \u00e9s PR iroda\",\"isPartOf\":{\"@id\":\"https:\/\/news.ubbcluj.ro\/hu\/#website\"},\"datePublished\":\"2025-08-18T10:06:56+00:00\",\"dateModified\":\"2025-08-19T10:47:29+00:00\",\"author\":{\"@id\":\"https:\/\/news.ubbcluj.ro\/hu\/#\/schema\/person\/0768248bd5e1ed05f87b7be96b4c3d9c\"},\"breadcrumb\":{\"@id\":\"https:\/\/news.ubbcluj.ro\/hu\/a-bbte-jelentos-osszegeket-fektet-az-oktatas-minosegenek-es-a-diakok-joletenek-javitasaba\/#breadcrumb\"},\"inLanguage\":\"hu\",\"potentialAction\":[{\"@type\":\"ReadAction\",\"target\":[\"https:\/\/news.ubbcluj.ro\/hu\/a-bbte-jelentos-osszegeket-fektet-az-oktatas-minosegenek-es-a-diakok-joletenek-javitasaba\/\"]}]},{\"@type\":\"BreadcrumbList\",\"@id\":\"https:\/\/news.ubbcluj.ro\/hu\/a-bbte-jelentos-osszegeket-fektet-az-oktatas-minosegenek-es-a-diakok-joletenek-javitasaba\/#breadcrumb\",\"itemListElement\":[{\"@type\":\"ListItem\",\"position\":1,\"name\":\"Home\",\"item\":\"https:\/\/news.ubbcluj.ro\/hu\/\"},{\"@type\":\"ListItem\",\"position\":2,\"name\":\"A BBTE jelent\u0151s \u00f6sszegeket fektet az oktat\u00e1s min\u0151s\u00e9g\u00e9nek \u00e9s a di\u00e1kok j\u00f3l\u00e9t\u00e9nek jav\u00edt\u00e1s\u00e1ba\"}]},{\"@type\":\"WebSite\",\"@id\":\"https:\/\/news.ubbcluj.ro\/hu\/#website\",\"url\":\"https:\/\/news.ubbcluj.ro\/hu\/\",\"name\":\"Kommunik\u00e1ci\u00f3 \u00e9s PR iroda\",\"description\":\"Babe\u0219-Bolyai Tudom\u00e1negyetem\",\"potentialAction\":[{\"@type\":\"SearchAction\",\"target\":{\"@type\":\"EntryPoint\",\"urlTemplate\":\"https:\/\/news.ubbcluj.ro\/hu\/?s={search_term_string}\"},\"query-input\":\"required name=search_term_string\"}],\"inLanguage\":\"hu\"},{\"@type\":\"Person\",\"@id\":\"https:\/\/news.ubbcluj.ro\/hu\/#\/schema\/person\/0768248bd5e1ed05f87b7be96b4c3d9c\",\"name\":\"Bilibok Ren\u00e1ta\",\"url\":\"https:\/\/news.ubbcluj.ro\/hu\/author\/renata-bilibok\/\"}]}<\/script>\n<!-- \/ Yoast SEO plugin. -->","yoast_head_json":{"title":"A BBTE jelent\u0151s \u00f6sszegeket fektet az oktat\u00e1s min\u0151s\u00e9g\u00e9nek \u00e9s a di\u00e1kok j\u00f3l\u00e9t\u00e9nek jav\u00edt\u00e1s\u00e1ba - Kommunik\u00e1ci\u00f3 \u00e9s PR iroda","robots":{"index":"index","follow":"follow","max-snippet":"max-snippet:-1","max-image-preview":"max-image-preview:large","max-video-preview":"max-video-preview:-1"},"canonical":"https:\/\/news.ubbcluj.ro\/hu\/a-bbte-jelentos-osszegeket-fektet-az-oktatas-minosegenek-es-a-diakok-joletenek-javitasaba\/","og_locale":"hu_HU","og_type":"article","og_title":"A BBTE jelent\u0151s \u00f6sszegeket fektet az oktat\u00e1s min\u0151s\u00e9g\u00e9nek \u00e9s a di\u00e1kok j\u00f3l\u00e9t\u00e9nek jav\u00edt\u00e1s\u00e1ba - Kommunik\u00e1ci\u00f3 \u00e9s PR iroda","og_description":"Kolozsv\u00e1r, 2025. 08. 18. A Babe\u0219\u2013Bolyai Tudom\u00e1nyegyetem (BBTE), amely 2016-t\u00f3l kezd\u0151d\u0151en minden \u00e9vben vezeti az orsz\u00e1gos metarangsorokat, az elm\u00falt 3 \u00e9vben t\u00f6bb mint 564 milli\u00f3 lejt ford\u00edtott kutat\u00e1s-fejleszt\u00e9si-innov\u00e1ci\u00f3s tev\u00e9kenys\u00e9gekre, \u00e9s az elm\u00falt \u00e9vekben elnyert \u00e9s megval\u00f3s\u00edtott hazai vagy k\u00fclf\u00f6ldi finansz\u00edroz\u00e1ssal &hellip; A BBTE jelent\u0151s \u00f6sszegeket fektet az oktat\u00e1s min\u0151s\u00e9g\u00e9nek \u00e9s a di\u00e1kok j\u00f3l\u00e9t\u00e9nek jav\u00edt\u00e1s\u00e1ba Tov\u00e1bb &raquo;","og_url":"https:\/\/news.ubbcluj.ro\/hu\/a-bbte-jelentos-osszegeket-fektet-az-oktatas-minosegenek-es-a-diakok-joletenek-javitasaba\/","og_site_name":"Kommunik\u00e1ci\u00f3 \u00e9s PR iroda","article_published_time":"2025-08-18T10:06:56+00:00","article_modified_time":"2025-08-19T10:47:29+00:00","og_image":[{"width":300,"height":300,"url":"https:\/\/news.ubbcluj.ro\/hu\/wp-content\/uploads\/2022\/03\/Universitatea-Babes-Bolyai-300x300-1.jpg","type":"image\/jpeg"}],"author":"Bilibok Ren\u00e1ta","twitter_card":"summary_large_image","twitter_misc":{"Szerz\u0151:":"Bilibok Ren\u00e1ta","Becs\u00fclt olvas\u00e1si id\u0151":"4 perc"},"schema":{"@context":"https:\/\/schema.org","@graph":[{"@type":"WebPage","@id":"https:\/\/news.ubbcluj.ro\/hu\/a-bbte-jelentos-osszegeket-fektet-az-oktatas-minosegenek-es-a-diakok-joletenek-javitasaba\/","url":"https:\/\/news.ubbcluj.ro\/hu\/a-bbte-jelentos-osszegeket-fektet-az-oktatas-minosegenek-es-a-diakok-joletenek-javitasaba\/","name":"A BBTE jelent\u0151s \u00f6sszegeket fektet az oktat\u00e1s min\u0151s\u00e9g\u00e9nek \u00e9s a di\u00e1kok j\u00f3l\u00e9t\u00e9nek jav\u00edt\u00e1s\u00e1ba - Kommunik\u00e1ci\u00f3 \u00e9s PR iroda","isPartOf":{"@id":"https:\/\/news.ubbcluj.ro\/hu\/#website"},"datePublished":"2025-08-18T10:06:56+00:00","dateModified":"2025-08-19T10:47:29+00:00","author":{"@id":"https:\/\/news.ubbcluj.ro\/hu\/#\/schema\/person\/0768248bd5e1ed05f87b7be96b4c3d9c"},"breadcrumb":{"@id":"https:\/\/news.ubbcluj.ro\/hu\/a-bbte-jelentos-osszegeket-fektet-az-oktatas-minosegenek-es-a-diakok-joletenek-javitasaba\/#breadcrumb"},"inLanguage":"hu","potentialAction":[{"@type":"ReadAction","target":["https:\/\/news.ubbcluj.ro\/hu\/a-bbte-jelentos-osszegeket-fektet-az-oktatas-minosegenek-es-a-diakok-joletenek-javitasaba\/"]}]},{"@type":"BreadcrumbList","@id":"https:\/\/news.ubbcluj.ro\/hu\/a-bbte-jelentos-osszegeket-fektet-az-oktatas-minosegenek-es-a-diakok-joletenek-javitasaba\/#breadcrumb","itemListElement":[{"@type":"ListItem","position":1,"name":"Home","item":"https:\/\/news.ubbcluj.ro\/hu\/"},{"@type":"ListItem","position":2,"name":"A BBTE jelent\u0151s \u00f6sszegeket fektet az oktat\u00e1s min\u0151s\u00e9g\u00e9nek \u00e9s a di\u00e1kok j\u00f3l\u00e9t\u00e9nek jav\u00edt\u00e1s\u00e1ba"}]},{"@type":"WebSite","@id":"https:\/\/news.ubbcluj.ro\/hu\/#website","url":"https:\/\/news.ubbcluj.ro\/hu\/","name":"Kommunik\u00e1ci\u00f3 \u00e9s PR iroda","description":"Babe\u0219-Bolyai Tudom\u00e1negyetem","potentialAction":[{"@type":"SearchAction","target":{"@type":"EntryPoint","urlTemplate":"https:\/\/news.ubbcluj.ro\/hu\/?s={search_term_string}"},"query-input":"required name=search_term_string"}],"inLanguage":"hu"},{"@type":"Person","@id":"https:\/\/news.ubbcluj.ro\/hu\/#\/schema\/person\/0768248bd5e1ed05f87b7be96b4c3d9c","name":"Bilibok Ren\u00e1ta","url":"https:\/\/news.ubbcluj.ro\/hu\/author\/renata-bilibok\/"}]}},"_links":{"self":[{"href":"https:\/\/news.ubbcluj.ro\/hu\/wp-json\/wp\/v2\/posts\/7123"}],"collection":[{"href":"https:\/\/news.ubbcluj.ro\/hu\/wp-json\/wp\/v2\/posts"}],"about":[{"href":"https:\/\/news.ubbcluj.ro\/hu\/wp-json\/wp\/v2\/types\/post"}],"author":[{"embeddable":true,"href":"https:\/\/news.ubbcluj.ro\/hu\/wp-json\/wp\/v2\/users\/9"}],"replies":[{"embeddable":true,"href":"https:\/\/news.ubbcluj.ro\/hu\/wp-json\/wp\/v2\/comments?post=7123"}],"version-history":[{"count":2,"href":"https:\/\/news.ubbcluj.ro\/hu\/wp-json\/wp\/v2\/posts\/7123\/revisions"}],"predecessor-version":[{"id":7127,"href":"https:\/\/news.ubbcluj.ro\/hu\/wp-json\/wp\/v2\/posts\/7123\/revisions\/7127"}],"wp:featuredmedia":[{"embeddable":true,"href":"https:\/\/news.ubbcluj.ro\/hu\/wp-json\/wp\/v2\/media\/5478"}],"wp:attachment":[{"href":"https:\/\/news.ubbcluj.ro\/hu\/wp-json\/wp\/v2\/media?parent=7123"}],"wp:term":[{"taxonomy":"category","embeddable":true,"href":"https:\/\/news.ubbcluj.ro\/hu\/wp-json\/wp\/v2\/categories?post=7123"},{"taxonomy":"post_tag","embeddable":true,"href":"https:\/\/news.ubbcluj.ro\/hu\/wp-json\/wp\/v2\/tags?post=7123"}],"curies":[{"name":"wp","href":"https:\/\/api.w.org\/{rel}","templated":true}]}}