{"id":7135,"date":"2025-08-26T10:46:42","date_gmt":"2025-08-26T07:46:42","guid":{"rendered":"https:\/\/news.ubbcluj.ro\/hu\/?p=7135"},"modified":"2025-08-26T10:46:42","modified_gmt":"2025-08-26T07:46:42","slug":"pontositasok-az-a-bbte-altal-az-egyetemi-oktatas-szamara-vegzett-infrastrukturalis-beszerzesekkel-kapcsolatban","status":"publish","type":"post","link":"https:\/\/news.ubbcluj.ro\/hu\/pontositasok-az-a-bbte-altal-az-egyetemi-oktatas-szamara-vegzett-infrastrukturalis-beszerzesekkel-kapcsolatban\/","title":{"rendered":"Pontos\u00edt\u00e1sok az a BBTE \u00e1ltal az egyetemi oktat\u00e1s sz\u00e1m\u00e1ra v\u00e9gzett infrastruktur\u00e1lis beszerz\u00e9sekkel kapcsolatban"},"content":{"rendered":"<p style=\"text-align: right;\"><em>Kolozsv\u00e1r, 2025. 08. 25.<\/em><\/p>\n<p>Tekintettel a kiemelt \u00e9rdekl\u0151d\u00e9sre, amely a kolozsv\u00e1ri Babe\u0219\u2013Bolyai Tudom\u00e1nyegyetem (BBTE) \u00e1ltal a 2021\u20132024 k\u00f6z\u00f6tti id\u0151szakban, <strong><u>saj\u00e1t bev\u00e9telekb\u0151l \u2013 nem pedig \u00e1llami k\u00f6lts\u00e9gvet\u00e9si forr\u00e1sokb\u00f3l<\/u><\/strong> v\u00e9gzett beszerz\u00e9seket \u00f6vezi, a nyilv\u00e1noss\u00e1g lehet\u0151 legpontosabb \u00e9s legteljesebb k\u00f6r\u0171 t\u00e1j\u00e9koztat\u00e1sa \u00e9rdek\u00e9ben a k\u00f6vetkez\u0151 pontos\u00edt\u00e1sokat k\u00f6z\u00f6lj\u00fck:<\/p>\n<ul>\n<li>A BBTE Rom\u00e1nia legnagyobb egyetemi k\u00f6z\u00f6ss\u00e9ge, t\u00f6bb mint 50 000 hallgat\u00f3val, oktat\u00f3 \u00e9s kutat\u00f3, valamint adminisztrat\u00edv szem\u00e9lyzettel.<\/li>\n<li>Egyetem\u00fcnk az elm\u00falt 12 \u00e9vben (azaz a 2021 el\u0151tti \u00e9s ut\u00e1ni id\u0151szakban) t\u00f6bbsz\u00f6r is j\u00f3v\u00e1hagy\u00e1st k\u00e9rt az oktat\u00e1shoz, valamint a hallgat\u00f3ink elsz\u00e1ll\u00e1sol\u00e1s\u00e1hoz sz\u00fcks\u00e9ges infrastrukt\u00fara b\u0151v\u00edt\u00e9s\u00e9re (az els\u0151 ilyen t\u00edpus\u00fa beszerz\u00e9s 2013-ban t\u00f6rt\u00e9nt).<\/li>\n<li>A BBTE vezet\u0151s\u00e9ge \u00e1ltal kidolgozott strat\u00e9giai fejleszt\u00e9si terv c\u00e9lja, hogy a BBTE a rendelkez\u00e9s\u00e9re \u00e1ll\u00f3 er\u0151forr\u00e1sokat els\u0151sorban az oktat\u00e1si tev\u00e9kenys\u00e9g min\u0151s\u00e9g\u00e9nek jav\u00edt\u00e1s\u00e1ra haszn\u00e1lja fel, \u00e9s az egyetemi infrastrukt\u00far\u00e1j\u00e1t a BBTE k\u00f6z\u00f6ss\u00e9ge (hallgat\u00f3k, oktat\u00f3, kutat\u00f3 \u00e9s kiseg\u00edt\u0151 szem\u00e9lyzet) \u00e9rdek\u00e9ben fejlessze. A BBTE vezet\u0151s\u00e9ge felismerte az oktat\u00e1sra \u00e9s kutat\u00e1sra sz\u00e1nt terek b\u0151v\u00edt\u00e9s\u00e9nek s\u00fcrg\u0151s, elengedhetetlen volt\u00e1t, mivel a hallgat\u00f3k l\u00e9tsz\u00e1ma n\u00f6vekedett, \u00e9s a strat\u00e9giai terv \u00e9rtelm\u00e9ben vezet\u0151s\u00e9g figyelembe vette a k\u00f6z\u00f6ss\u00e9g \u00e1ltal elv\u00e1rt oktat\u00e1si \u00e9s infrastruktur\u00e1lis sz\u00ednvonalat.<\/li>\n<li>2021-ben a BBTE egy nyilv\u00e1nos \u00e9s \u00e1tl\u00e1that\u00f3 ad\u00e1sv\u00e9teli elj\u00e1r\u00e1s keret\u00e9ben v\u00e1s\u00e1rolta meg a <strong>Z\u00e1polya\/General Traian Mo\u0219oiu utca 10-12. sz\u00e1m<\/strong> alatt tal\u00e1lhat\u00f3 \u00e9p\u00fcletet.<\/li>\n<li>A beszerz\u00e9s <strong><u>az egyetem saj\u00e1t forr\u00e1saib\u00f3l<\/u><\/strong>, \u00e1tl\u00e1that\u00f3 m\u00f3don, minden jogszab\u00e1lyi el\u0151\u00edr\u00e1snak megfelel\u0151en, a BBTE Szen\u00e1tus\u00e1nak \u00e9s Rom\u00e1nia Korm\u00e1ny\u00e1nak j\u00f3v\u00e1hagy\u00e1s\u00e1val t\u00f6rt\u00e9nt, hiszen az ilyen jelleg\u0171 beszerz\u00e9sekhez korm\u00e1nyhat\u00e1rozati j\u00f3v\u00e1hagy\u00e1s sz\u00fcks\u00e9ges. A folyamatr\u00f3l a BBTE sajt\u00f3k\u00f6zlem\u00e9nyeiben is besz\u00e1molt a nyilv\u00e1noss\u00e1g el\u0151tt.<\/li>\n<li>Tekintettel arra, hogy egyetem\u00fcnk k\u00f6z\u00f6ss\u00e9g\u00e9nek fejl\u0151d\u00e9se megk\u00edv\u00e1nta, az \u00e9p\u00fcletet azzal a vil\u00e1gos, \u00e1tl\u00e1that\u00f3, \u00e9s v\u00e1llalt c\u00e9llal v\u00e1s\u00e1roltuk meg, hogy az oktat\u00e1si tereket b\u0151v\u00edts\u00fck, hogy \u00faj sz\u00e9khelyet kapjon a Jogtudom\u00e1nyi Kar, mivel a tev\u00e9kenys\u00e9g olyan terekben zajlott, amelyek nem feleltek meg a sz\u00fcks\u00e9gleteknek.<\/li>\n<li>A BBTE a Region\u00e1lis Operat\u00edv Program (POR) keret\u00e9ben az egyetemek rendelkez\u00e9sre bocs\u00e1tott forr\u00e1sokhoz is folyamodott, \u00e9s a t\u00e1mogat\u00e1st elnyert <em>C2 t\u00edpus\u00fa \u00e9p\u00fcletek \u00e1talak\u00edt\u00e1sa, rehabilit\u00e1ci\u00f3ja, bels\u0151 v\u00e1ltoztat\u00e1sok, ezek rendeltet\u00e9s\u00e9nek megv\u00e1ltoztat\u00e1sa sz\u00e1llod\u00e1b\u00f3l oktat\u00e1si terekk\u00e9<\/em> projekthez 2024. okt\u00f3ber 9-\u00e9n al\u00e1\u00edrta a t\u00e1mogat\u00e1si szerz\u0151d\u00e9st, amelyet az \u00c9szaknyugati Region\u00e1lis Fejleszt\u00e9si \u00dcgyn\u00f6ks\u00e9ghez ny\u00fajtott be az \u00c9szaknyugati Region\u00e1lis Program 2021\u20132027 PRNV\/99\/PRNV_P6\/OP4\/RSO4.2\/PRNV_A22 \u2013 PRNV\/2023\/623\/1 \u2013 Oktat\u00e1si infrastrukt\u00fara fejleszt\u00e9se az egyetemi oktat\u00e1sban c. felh\u00edv\u00e1s keret\u00e9ben.<\/li>\n<li>A projekt \u00e1ltal\u00e1nos c\u00e9lkit\u0171z\u00e9se \u00e9ppen egy korszer\u0171, versenyk\u00e9pes oktat\u00e1si infrastrukt\u00fara fejleszt\u00e9se volt, e c\u00e9l \u00e9rdek\u00e9ben t\u00f6rt\u00e9nt a Z\u00e1polya\/General Traian Mo\u0219oiu utca 10-12. sz\u00e1m alatt tal\u00e1lhat\u00f3 \u00e9p\u00fclet fel\u00faj\u00edt\u00e1sa, a szerkezet \u00e1talak\u00edt\u00e1sa, az \u00faj funkci\u00f3 kialak\u00edt\u00e1sa \u00e9s felszerel\u00e9se, az oktat\u00e1si infrastrukt\u00fara jav\u00edt\u00e1sa \u00e9s fejleszt\u00e9se r\u00e9v\u00e9n, oktat\u00e1si terek \u00e9s adminisztrat\u00edv l\u00e9tes\u00edtm\u00e9nyek l\u00e9trehoz\u00e1sa \u00e1ltal a megl\u00e9v\u0151 \u00e9p\u00fcletben.<\/li>\n<li>A t\u00e1mogat\u00e1si szerz\u0151d\u00e9s \u00f6ssz\u00e9rt\u00e9ke 32 855 946,41 lej, ebb\u0151l az elsz\u00e1molhat\u00f3 vissza nem t\u00e9r\u00edtend\u0151 \u00f6sszeg 31 721 219,6 lej.<\/li>\n<li>Az \u00faj helysz\u00edn min\u0151s\u00e9gi felt\u00e9teleket, valamint befogad\u00f3 tereket biztos\u00edt az oktat\u00e1si folyamathoz, bele\u00e9rtve a t\u00e1voktat\u00e1st \u00e9s az online oktat\u00e1st is, valamint az ezekhez kapcsol\u00f3d\u00f3 tev\u00e9kenys\u00e9gekhez. A fels\u0151oktat\u00e1si int\u00e9zm\u00e9nyek oktat\u00e1si infrastrukt\u00far\u00e1j\u00e1nak fejleszt\u00e9s\u00e9be t\u00f6rt\u00e9n\u0151 beruh\u00e1z\u00e1sok seg\u00edtenek a szem\u00e9lyes fejl\u0151d\u00e9st, a t\u00e1rsadalmi koh\u00e9zi\u00f3t \u00e9s a fenntarthat\u00f3 fejl\u0151d\u00e9st t\u00e1mogat\u00f3 tanul\u00e1si k\u00f6rnyezet biztos\u00edt\u00e1s\u00e1hoz.<\/li>\n<\/ul>\n<p>Ugyanebben a kontextusban hagyta j\u00f3v\u00e1 a BBTE Szen\u00e1tusa 2021 v\u00e9g\u00e9n a <strong>M\u00e9hes\/Septimiu Albini utca 12. sz\u00e1m<\/strong> alatt tal\u00e1lhat\u00f3 \u00e9p\u00fclet megv\u00e1s\u00e1rl\u00e1s\u00e1t. Ezt egyetem\u00fcnk egyik legn\u00e9pesebb kar\u00e1nak, a t\u00f6bb mint 4000 hallgat\u00f3t sz\u00e1ml\u00e1l\u00f3 Politika-, K\u00f6zigazgat\u00e1s- \u00e9s Kommunik\u00e1ci\u00f3tudom\u00e1nyi Karnak sz\u00e1ntak.<\/p>\n<ul>\n<li>A beszerz\u00e9si elj\u00e1r\u00e1s 2022-ben fejez\u0151d\u00f6tt be; a t\u00e9r szint\u00e9n a korszer\u0171 oktat\u00e1si terek kialak\u00edt\u00e1s\u00e1t, illetve b\u0151v\u00edt\u00e9s\u00e9t szolg\u00e1lja.<\/li>\n<li>A beszerz\u00e9shez sz\u00fcks\u00e9ges forr\u00e1sokat <strong><u>a BBTE ugyancsak saj\u00e1t bev\u00e9teleib\u0151l fedezte<\/u><\/strong>, \u00e9s a beszerz\u00e9st nyilv\u00e1nosan, \u00e1tl\u00e1that\u00f3an \u00e9s a hat\u00e1lyos jogszab\u00e1lyok betart\u00e1s\u00e1val hajtotta v\u00e9gre. A BBTE err\u0151l a folyamatr\u00f3l is besz\u00e1molt a nyilv\u00e1noss\u00e1g el\u0151tt a sajt\u00f3k\u00f6zlem\u00e9nyeiben.<\/li>\n<li>Az \u00faj \u00e9p\u00fclet korszer\u0171s\u00edt\u00e9se \u00e9s a modern oktat\u00e1si \u00e9s kutat\u00e1si terek kialak\u00edt\u00e1sa els\u0151sorban saj\u00e1t forr\u00e1sokb\u00f3l t\u00f6rt\u00e9nik; a folyamat c\u00e9lja, hogy c\u00e9lja korszer\u0171 helysz\u00edn j\u00f6hessen l\u00e9tre az oktat\u00e1si \u00e9s tev\u00e9kenys\u00e9gek, az interdiszciplin\u00e1ris egy\u00fcttm\u0171k\u00f6d\u00e9sek, a szakmai gyakorlatokhoz sz\u00e1m\u00e1ra, folyamatosan szem el\u0151tt tartva a fejl\u0151d\u0151 egyetemi k\u00f6z\u00f6ss\u00e9g ig\u00e9nyeit.<\/li>\n<\/ul>\n<p>A kolozsv\u00e1ri Babe\u0219\u2013Bolyai Tudom\u00e1nyegyetemnek, Rom\u00e1nia m\u00e1s nagy egyetemeihez hasonl\u00f3an tov\u00e1bbra is olyan terekre van sz\u00fcks\u00e9ge, amelyekben biztos\u00edthatja a hallgat\u00f3knak a min\u0151s\u00e9gi oktat\u00e1st \u00e9s lakhat\u00e1st, a kutat\u00f3k sz\u00e1m\u00e1ra a legmagasabb sz\u00ednvonal\u00fa l\u00e9tes\u00edtm\u00e9nyeket, az adminisztrat\u00edv szem\u00e9lyzet sz\u00e1m\u00e1ra pedig a megfelel\u0151 munkak\u00f6r\u00fclm\u00e9nyeket. Tekintettel arra, hogy Rom\u00e1ni\u00e1ban a fels\u0151oktat\u00e1si k\u00f6zeg folyamatosan t\u00f6rekszik a sz\u00ednvonal emel\u00e9s\u00e9re, illetve igyekszik igazodni a vil\u00e1g nagy egyetemeinek standardjaihoz, ezek a beruh\u00e1z\u00e1sok nemcsak sz\u00fcks\u00e9gesek, hanem k\u00f6telez\u0151ek is.<\/p>\n","protected":false},"excerpt":{"rendered":"<p>Kolozsv\u00e1r, 2025. 08. 25. Tekintettel a kiemelt \u00e9rdekl\u0151d\u00e9sre, amely a kolozsv\u00e1ri Babe\u0219\u2013Bolyai Tudom\u00e1nyegyetem (BBTE) \u00e1ltal a 2021\u20132024 k\u00f6z\u00f6tti id\u0151szakban, saj\u00e1t bev\u00e9telekb\u0151l \u2013 nem pedig \u00e1llami k\u00f6lts\u00e9gvet\u00e9si forr\u00e1sokb\u00f3l v\u00e9gzett beszerz\u00e9seket \u00f6vezi, a nyilv\u00e1noss\u00e1g lehet\u0151 legpontosabb \u00e9s legteljesebb k\u00f6r\u0171 t\u00e1j\u00e9koztat\u00e1sa \u00e9rdek\u00e9ben a &hellip;<\/p>\n<p class=\"read-more\"> <a class=\"more-link\" href=\"https:\/\/news.ubbcluj.ro\/hu\/pontositasok-az-a-bbte-altal-az-egyetemi-oktatas-szamara-vegzett-infrastrukturalis-beszerzesekkel-kapcsolatban\/\"> <span class=\"screen-reader-text\">Pontos\u00edt\u00e1sok az a BBTE \u00e1ltal az egyetemi oktat\u00e1s sz\u00e1m\u00e1ra v\u00e9gzett infrastruktur\u00e1lis beszerz\u00e9sekkel kapcsolatban<\/span> Tov\u00e1bb &raquo;<\/a><\/p>\n","protected":false},"author":9,"featured_media":7064,"comment_status":"closed","ping_status":"closed","sticky":false,"template":"","format":"standard","meta":{"footnotes":""},"categories":[6,7],"tags":[],"yoast_head":"<!-- This site is optimized with the Yoast SEO plugin v21.9.1 - https:\/\/yoast.com\/wordpress\/plugins\/seo\/ -->\n<title>Pontos\u00edt\u00e1sok az a BBTE \u00e1ltal az egyetemi oktat\u00e1s sz\u00e1m\u00e1ra v\u00e9gzett infrastruktur\u00e1lis beszerz\u00e9sekkel kapcsolatban - Kommunik\u00e1ci\u00f3 \u00e9s PR iroda<\/title>\n<meta name=\"robots\" content=\"index, follow, max-snippet:-1, max-image-preview:large, max-video-preview:-1\" \/>\n<link rel=\"canonical\" href=\"https:\/\/news.ubbcluj.ro\/hu\/pontositasok-az-a-bbte-altal-az-egyetemi-oktatas-szamara-vegzett-infrastrukturalis-beszerzesekkel-kapcsolatban\/\" \/>\n<meta property=\"og:locale\" content=\"hu_HU\" \/>\n<meta property=\"og:type\" content=\"article\" \/>\n<meta property=\"og:title\" content=\"Pontos\u00edt\u00e1sok az a BBTE \u00e1ltal az egyetemi oktat\u00e1s sz\u00e1m\u00e1ra v\u00e9gzett infrastruktur\u00e1lis beszerz\u00e9sekkel kapcsolatban - Kommunik\u00e1ci\u00f3 \u00e9s PR iroda\" \/>\n<meta property=\"og:description\" content=\"Kolozsv\u00e1r, 2025. 08. 25. Tekintettel a kiemelt \u00e9rdekl\u0151d\u00e9sre, amely a kolozsv\u00e1ri Babe\u0219\u2013Bolyai Tudom\u00e1nyegyetem (BBTE) \u00e1ltal a 2021\u20132024 k\u00f6z\u00f6tti id\u0151szakban, saj\u00e1t bev\u00e9telekb\u0151l \u2013 nem pedig \u00e1llami k\u00f6lts\u00e9gvet\u00e9si forr\u00e1sokb\u00f3l v\u00e9gzett beszerz\u00e9seket \u00f6vezi, a nyilv\u00e1noss\u00e1g lehet\u0151 legpontosabb \u00e9s legteljesebb k\u00f6r\u0171 t\u00e1j\u00e9koztat\u00e1sa \u00e9rdek\u00e9ben a &hellip; Pontos\u00edt\u00e1sok az a BBTE \u00e1ltal az egyetemi oktat\u00e1s sz\u00e1m\u00e1ra v\u00e9gzett infrastruktur\u00e1lis beszerz\u00e9sekkel kapcsolatban Tov\u00e1bb &raquo;\" \/>\n<meta property=\"og:url\" content=\"https:\/\/news.ubbcluj.ro\/hu\/pontositasok-az-a-bbte-altal-az-egyetemi-oktatas-szamara-vegzett-infrastrukturalis-beszerzesekkel-kapcsolatban\/\" \/>\n<meta property=\"og:site_name\" content=\"Kommunik\u00e1ci\u00f3 \u00e9s PR iroda\" \/>\n<meta property=\"article:published_time\" content=\"2025-08-26T07:46:42+00:00\" \/>\n<meta property=\"og:image\" content=\"https:\/\/news.ubbcluj.ro\/hu\/wp-content\/uploads\/2025\/06\/download-1.jpg\" \/>\n\t<meta property=\"og:image:width\" content=\"2048\" \/>\n\t<meta property=\"og:image:height\" content=\"1360\" \/>\n\t<meta property=\"og:image:type\" content=\"image\/jpeg\" \/>\n<meta name=\"author\" content=\"Bilibok Ren\u00e1ta\" \/>\n<meta name=\"twitter:card\" content=\"summary_large_image\" \/>\n<meta name=\"twitter:label1\" content=\"Szerz\u0151:\" \/>\n\t<meta name=\"twitter:data1\" content=\"Bilibok Ren\u00e1ta\" \/>\n\t<meta name=\"twitter:label2\" content=\"Becs\u00fclt olvas\u00e1si id\u0151\" \/>\n\t<meta name=\"twitter:data2\" content=\"4 perc\" \/>\n<script type=\"application\/ld+json\" class=\"yoast-schema-graph\">{\"@context\":\"https:\/\/schema.org\",\"@graph\":[{\"@type\":\"WebPage\",\"@id\":\"https:\/\/news.ubbcluj.ro\/hu\/pontositasok-az-a-bbte-altal-az-egyetemi-oktatas-szamara-vegzett-infrastrukturalis-beszerzesekkel-kapcsolatban\/\",\"url\":\"https:\/\/news.ubbcluj.ro\/hu\/pontositasok-az-a-bbte-altal-az-egyetemi-oktatas-szamara-vegzett-infrastrukturalis-beszerzesekkel-kapcsolatban\/\",\"name\":\"Pontos\u00edt\u00e1sok az a BBTE \u00e1ltal az egyetemi oktat\u00e1s sz\u00e1m\u00e1ra v\u00e9gzett infrastruktur\u00e1lis beszerz\u00e9sekkel kapcsolatban - Kommunik\u00e1ci\u00f3 \u00e9s PR iroda\",\"isPartOf\":{\"@id\":\"https:\/\/news.ubbcluj.ro\/hu\/#website\"},\"datePublished\":\"2025-08-26T07:46:42+00:00\",\"dateModified\":\"2025-08-26T07:46:42+00:00\",\"author\":{\"@id\":\"https:\/\/news.ubbcluj.ro\/hu\/#\/schema\/person\/0768248bd5e1ed05f87b7be96b4c3d9c\"},\"breadcrumb\":{\"@id\":\"https:\/\/news.ubbcluj.ro\/hu\/pontositasok-az-a-bbte-altal-az-egyetemi-oktatas-szamara-vegzett-infrastrukturalis-beszerzesekkel-kapcsolatban\/#breadcrumb\"},\"inLanguage\":\"hu\",\"potentialAction\":[{\"@type\":\"ReadAction\",\"target\":[\"https:\/\/news.ubbcluj.ro\/hu\/pontositasok-az-a-bbte-altal-az-egyetemi-oktatas-szamara-vegzett-infrastrukturalis-beszerzesekkel-kapcsolatban\/\"]}]},{\"@type\":\"BreadcrumbList\",\"@id\":\"https:\/\/news.ubbcluj.ro\/hu\/pontositasok-az-a-bbte-altal-az-egyetemi-oktatas-szamara-vegzett-infrastrukturalis-beszerzesekkel-kapcsolatban\/#breadcrumb\",\"itemListElement\":[{\"@type\":\"ListItem\",\"position\":1,\"name\":\"Home\",\"item\":\"https:\/\/news.ubbcluj.ro\/hu\/\"},{\"@type\":\"ListItem\",\"position\":2,\"name\":\"Pontos\u00edt\u00e1sok az a BBTE \u00e1ltal az egyetemi oktat\u00e1s sz\u00e1m\u00e1ra v\u00e9gzett infrastruktur\u00e1lis beszerz\u00e9sekkel kapcsolatban\"}]},{\"@type\":\"WebSite\",\"@id\":\"https:\/\/news.ubbcluj.ro\/hu\/#website\",\"url\":\"https:\/\/news.ubbcluj.ro\/hu\/\",\"name\":\"Kommunik\u00e1ci\u00f3 \u00e9s PR iroda\",\"description\":\"Babe\u0219-Bolyai Tudom\u00e1negyetem\",\"potentialAction\":[{\"@type\":\"SearchAction\",\"target\":{\"@type\":\"EntryPoint\",\"urlTemplate\":\"https:\/\/news.ubbcluj.ro\/hu\/?s={search_term_string}\"},\"query-input\":\"required name=search_term_string\"}],\"inLanguage\":\"hu\"},{\"@type\":\"Person\",\"@id\":\"https:\/\/news.ubbcluj.ro\/hu\/#\/schema\/person\/0768248bd5e1ed05f87b7be96b4c3d9c\",\"name\":\"Bilibok Ren\u00e1ta\",\"url\":\"https:\/\/news.ubbcluj.ro\/hu\/author\/renata-bilibok\/\"}]}<\/script>\n<!-- \/ Yoast SEO plugin. -->","yoast_head_json":{"title":"Pontos\u00edt\u00e1sok az a BBTE \u00e1ltal az egyetemi oktat\u00e1s sz\u00e1m\u00e1ra v\u00e9gzett infrastruktur\u00e1lis beszerz\u00e9sekkel kapcsolatban - Kommunik\u00e1ci\u00f3 \u00e9s PR iroda","robots":{"index":"index","follow":"follow","max-snippet":"max-snippet:-1","max-image-preview":"max-image-preview:large","max-video-preview":"max-video-preview:-1"},"canonical":"https:\/\/news.ubbcluj.ro\/hu\/pontositasok-az-a-bbte-altal-az-egyetemi-oktatas-szamara-vegzett-infrastrukturalis-beszerzesekkel-kapcsolatban\/","og_locale":"hu_HU","og_type":"article","og_title":"Pontos\u00edt\u00e1sok az a BBTE \u00e1ltal az egyetemi oktat\u00e1s sz\u00e1m\u00e1ra v\u00e9gzett infrastruktur\u00e1lis beszerz\u00e9sekkel kapcsolatban - Kommunik\u00e1ci\u00f3 \u00e9s PR iroda","og_description":"Kolozsv\u00e1r, 2025. 08. 25. Tekintettel a kiemelt \u00e9rdekl\u0151d\u00e9sre, amely a kolozsv\u00e1ri Babe\u0219\u2013Bolyai Tudom\u00e1nyegyetem (BBTE) \u00e1ltal a 2021\u20132024 k\u00f6z\u00f6tti id\u0151szakban, saj\u00e1t bev\u00e9telekb\u0151l \u2013 nem pedig \u00e1llami k\u00f6lts\u00e9gvet\u00e9si forr\u00e1sokb\u00f3l v\u00e9gzett beszerz\u00e9seket \u00f6vezi, a nyilv\u00e1noss\u00e1g lehet\u0151 legpontosabb \u00e9s legteljesebb k\u00f6r\u0171 t\u00e1j\u00e9koztat\u00e1sa \u00e9rdek\u00e9ben a &hellip; Pontos\u00edt\u00e1sok az a BBTE \u00e1ltal az egyetemi oktat\u00e1s sz\u00e1m\u00e1ra v\u00e9gzett infrastruktur\u00e1lis beszerz\u00e9sekkel kapcsolatban Tov\u00e1bb &raquo;","og_url":"https:\/\/news.ubbcluj.ro\/hu\/pontositasok-az-a-bbte-altal-az-egyetemi-oktatas-szamara-vegzett-infrastrukturalis-beszerzesekkel-kapcsolatban\/","og_site_name":"Kommunik\u00e1ci\u00f3 \u00e9s PR iroda","article_published_time":"2025-08-26T07:46:42+00:00","og_image":[{"width":2048,"height":1360,"url":"https:\/\/news.ubbcluj.ro\/hu\/wp-content\/uploads\/2025\/06\/download-1.jpg","type":"image\/jpeg"}],"author":"Bilibok Ren\u00e1ta","twitter_card":"summary_large_image","twitter_misc":{"Szerz\u0151:":"Bilibok Ren\u00e1ta","Becs\u00fclt olvas\u00e1si id\u0151":"4 perc"},"schema":{"@context":"https:\/\/schema.org","@graph":[{"@type":"WebPage","@id":"https:\/\/news.ubbcluj.ro\/hu\/pontositasok-az-a-bbte-altal-az-egyetemi-oktatas-szamara-vegzett-infrastrukturalis-beszerzesekkel-kapcsolatban\/","url":"https:\/\/news.ubbcluj.ro\/hu\/pontositasok-az-a-bbte-altal-az-egyetemi-oktatas-szamara-vegzett-infrastrukturalis-beszerzesekkel-kapcsolatban\/","name":"Pontos\u00edt\u00e1sok az a BBTE \u00e1ltal az egyetemi oktat\u00e1s sz\u00e1m\u00e1ra v\u00e9gzett infrastruktur\u00e1lis beszerz\u00e9sekkel kapcsolatban - Kommunik\u00e1ci\u00f3 \u00e9s PR iroda","isPartOf":{"@id":"https:\/\/news.ubbcluj.ro\/hu\/#website"},"datePublished":"2025-08-26T07:46:42+00:00","dateModified":"2025-08-26T07:46:42+00:00","author":{"@id":"https:\/\/news.ubbcluj.ro\/hu\/#\/schema\/person\/0768248bd5e1ed05f87b7be96b4c3d9c"},"breadcrumb":{"@id":"https:\/\/news.ubbcluj.ro\/hu\/pontositasok-az-a-bbte-altal-az-egyetemi-oktatas-szamara-vegzett-infrastrukturalis-beszerzesekkel-kapcsolatban\/#breadcrumb"},"inLanguage":"hu","potentialAction":[{"@type":"ReadAction","target":["https:\/\/news.ubbcluj.ro\/hu\/pontositasok-az-a-bbte-altal-az-egyetemi-oktatas-szamara-vegzett-infrastrukturalis-beszerzesekkel-kapcsolatban\/"]}]},{"@type":"BreadcrumbList","@id":"https:\/\/news.ubbcluj.ro\/hu\/pontositasok-az-a-bbte-altal-az-egyetemi-oktatas-szamara-vegzett-infrastrukturalis-beszerzesekkel-kapcsolatban\/#breadcrumb","itemListElement":[{"@type":"ListItem","position":1,"name":"Home","item":"https:\/\/news.ubbcluj.ro\/hu\/"},{"@type":"ListItem","position":2,"name":"Pontos\u00edt\u00e1sok az a BBTE \u00e1ltal az egyetemi oktat\u00e1s sz\u00e1m\u00e1ra v\u00e9gzett infrastruktur\u00e1lis beszerz\u00e9sekkel kapcsolatban"}]},{"@type":"WebSite","@id":"https:\/\/news.ubbcluj.ro\/hu\/#website","url":"https:\/\/news.ubbcluj.ro\/hu\/","name":"Kommunik\u00e1ci\u00f3 \u00e9s PR iroda","description":"Babe\u0219-Bolyai Tudom\u00e1negyetem","potentialAction":[{"@type":"SearchAction","target":{"@type":"EntryPoint","urlTemplate":"https:\/\/news.ubbcluj.ro\/hu\/?s={search_term_string}"},"query-input":"required name=search_term_string"}],"inLanguage":"hu"},{"@type":"Person","@id":"https:\/\/news.ubbcluj.ro\/hu\/#\/schema\/person\/0768248bd5e1ed05f87b7be96b4c3d9c","name":"Bilibok Ren\u00e1ta","url":"https:\/\/news.ubbcluj.ro\/hu\/author\/renata-bilibok\/"}]}},"_links":{"self":[{"href":"https:\/\/news.ubbcluj.ro\/hu\/wp-json\/wp\/v2\/posts\/7135"}],"collection":[{"href":"https:\/\/news.ubbcluj.ro\/hu\/wp-json\/wp\/v2\/posts"}],"about":[{"href":"https:\/\/news.ubbcluj.ro\/hu\/wp-json\/wp\/v2\/types\/post"}],"author":[{"embeddable":true,"href":"https:\/\/news.ubbcluj.ro\/hu\/wp-json\/wp\/v2\/users\/9"}],"replies":[{"embeddable":true,"href":"https:\/\/news.ubbcluj.ro\/hu\/wp-json\/wp\/v2\/comments?post=7135"}],"version-history":[{"count":1,"href":"https:\/\/news.ubbcluj.ro\/hu\/wp-json\/wp\/v2\/posts\/7135\/revisions"}],"predecessor-version":[{"id":7136,"href":"https:\/\/news.ubbcluj.ro\/hu\/wp-json\/wp\/v2\/posts\/7135\/revisions\/7136"}],"wp:featuredmedia":[{"embeddable":true,"href":"https:\/\/news.ubbcluj.ro\/hu\/wp-json\/wp\/v2\/media\/7064"}],"wp:attachment":[{"href":"https:\/\/news.ubbcluj.ro\/hu\/wp-json\/wp\/v2\/media?parent=7135"}],"wp:term":[{"taxonomy":"category","embeddable":true,"href":"https:\/\/news.ubbcluj.ro\/hu\/wp-json\/wp\/v2\/categories?post=7135"},{"taxonomy":"post_tag","embeddable":true,"href":"https:\/\/news.ubbcluj.ro\/hu\/wp-json\/wp\/v2\/tags?post=7135"}],"curies":[{"name":"wp","href":"https:\/\/api.w.org\/{rel}","templated":true}]}}