{"id":7265,"date":"2026-01-14T11:05:24","date_gmt":"2026-01-14T09:05:24","guid":{"rendered":"https:\/\/news.ubbcluj.ro\/hu\/?p=7265"},"modified":"2026-01-14T11:05:24","modified_gmt":"2026-01-14T09:05:24","slug":"a-bbte-jelenlegi-hallgatoit-nem-erinti-a-tandijak-modositasa","status":"publish","type":"post","link":"https:\/\/news.ubbcluj.ro\/hu\/a-bbte-jelenlegi-hallgatoit-nem-erinti-a-tandijak-modositasa\/","title":{"rendered":"A BBTE jelenlegi hallgat\u00f3it nem \u00e9rinti a tand\u00edjak m\u00f3dos\u00edt\u00e1sa"},"content":{"rendered":"<p style=\"text-align: right;\"><em>2026. janu\u00e1r 14.<\/em><\/p>\n<p data-start=\"107\" data-end=\"241\">A kolozsv\u00e1ri Babe\u0219\u2013Bolyai Tudom\u00e1nyegyetem (BBTE) jelenlegi hallgat\u00f3it semmilyen form\u00e1ban nem \u00e9rinti a felv\u00e9teli d\u00edjak \u00e9s a tand\u00edjak emel\u00e9se.<\/p>\n<p data-start=\"243\" data-end=\"782\">A 2026\u20132027-es egyetemi tan\u00e9vt\u0151l kezd\u0151d\u0151en \u2013 a jogszab\u00e1lyi el\u0151\u00edr\u00e1sokkal \u00f6sszhangban, illetve a Rom\u00e1nia Oktat\u00e1si \u00e9s Kutat\u00e1si Miniszt\u00e9riuma \u00e9s az \u00e1llami egyetemek k\u00f6z\u00f6tt megk\u00f6t\u00f6tt int\u00e9zm\u00e9nyi szerz\u0151d\u00e9s \u00e9rtelm\u00e9ben \u2013 a felv\u00e9teli, tanulm\u00e1nyi \u00e9s z\u00e1r\u00f3vizsga-d\u00edjakat az egyetem a k\u00f6lts\u00e9gvet\u00e9si forr\u00e1sokkal \u00f6sszhangban hat\u00e1rozza meg. Az \u00faj d\u00edjak azokra a hallgat\u00f3kra vonatkoznak majd, akik id\u00e9n \u0151sszel kezdik meg tanulm\u00e1nyaikat els\u0151 \u00e9ven. Az egyetem felv\u00e9teliz\u0151, leend\u0151 hallgat\u00f3k id\u0151ben \u00e9rtes\u00fclnek az \u00faj d\u00edjakr\u00f3l, \u00e9s az inform\u00e1ci\u00f3k teljes ismeret\u00e9ben hozhatnak d\u00f6nt\u00e9st.<\/p>\n<p data-start=\"784\" data-end=\"1484\">A BBTE a COVID\u201319 vil\u00e1gj\u00e1rv\u00e1ny id\u0151szaka \u00f3ta a felv\u00e9teli d\u00edjakat \u00e9s tand\u00edjakat a lehet\u0151 legalacsonyabb szinten tartotta, hogy ne jelentsenek t\u00f6bbletterhet a hallgat\u00f3k \u00e9s csal\u00e1djaik sz\u00e1m\u00e1ra. Az egyetem folyamatosan arra t\u00f6rekedett, hogy t\u00e1mogassa a hallgat\u00f3kat, \u00e9s megk\u00f6nny\u00edtse az oktat\u00e1shoz val\u00f3 hozz\u00e1f\u00e9r\u00e9st. A h\u00e1tr\u00e1nyos helyzet\u0171 hallgat\u00f3k t\u00e1mogat\u00e1s\u00e1t szolg\u00e1l\u00f3 szoci\u00e1lis \u00f6szt\u00f6nd\u00edjakon, valamint a teljes\u00edtm\u00e9ny- \u00e9s \u00e9rdem\u00f6szt\u00f6nd\u00edjak mellett a Babe\u0219\u2013Bolyai Tudom\u00e1nyegyetem minden \u00e9vben t\u00e1mogat\u00e1sokat \u00e9s k\u00fcl\u00f6nleges \u00f6szt\u00f6nd\u00edjakat biztos\u00edt saj\u00e1t k\u00f6lts\u00e9gvet\u00e9s\u00e9b\u0151l tudom\u00e1nyos, sport- vagy kultur\u00e1lis-m\u0171v\u00e9szeti tev\u00e9kenys\u00e9gekhez, amelyek a k\u00fcl\u00f6nb\u00f6z\u0151 ter\u00fcleteken kiemelked\u0151en teljes\u00edt\u0151 hallgat\u00f3k munk\u00e1j\u00e1t t\u00e1mogatj\u00e1k.<\/p>\n<p data-start=\"1486\" data-end=\"1842\">Hangs\u00falyozzuk, hogy a hallgat\u00f3k t\u00f6rv\u00e9nyes k\u00e9pvisel\u0151ivel kari szinten, valamint az egyetem vezet\u0151tan\u00e1cs\u00e1ban is megvitattuk azokat a jogi \u00e9s k\u00f6lts\u00e9gvet\u00e9si megfontol\u00e1sokat, amelyek az \u00faj \u00f6sszegek megszab\u00e1s\u00e1nak alapj\u00e1t k\u00e9pezik. Minden kar megfogalmazta m\u00f3dos\u00edt\u00e1si javaslatait, ezeket a kari tan\u00e1cs j\u00f3v\u00e1hagyta, \u00e9s a Szen\u00e1tus egy j\u00f6v\u0151beli \u00fcl\u00e9s\u00e9n vitatj\u00e1k meg \u00e9s szavazz\u00e1k meg.<\/p>\n<p data-start=\"1844\" data-end=\"1862\"><strong data-start=\"1844\" data-end=\"1862\">\u00d6sszegz\u00e9sk\u00e9nt:<\/strong><\/p>\n<ul>\n<li data-start=\"1866\" data-end=\"2042\">A felv\u00e9teli, beiskol\u00e1z\u00e1si \u00e9s a tanulm\u00e1nyok lez\u00e1r\u00e1s\u00e1hoz kapcsol\u00f3d\u00f3 d\u00edjakat a fels\u0151oktat\u00e1si int\u00e9zm\u00e9nyek m\u0171k\u00f6d\u00e9s\u00e9t \u00e9s tev\u00e9kenys\u00e9g\u00e9t szab\u00e1lyoz\u00f3 jogszab\u00e1lyok alapj\u00e1n hat\u00e1rozz\u00e1k meg.<\/li>\n<li data-start=\"2045\" data-end=\"2264\">A BBTE \u00faj d\u00edjszab\u00e1lyzata a 2026\u20132027-es egyetemi tan\u00e9vt\u0151l l\u00e9p \u00e9rv\u00e9nybe, \u00e9s kiz\u00e1r\u00f3lag azokra a hallgat\u00f3kra vonatkozik, akik a 2026\u20132027-es tan\u00e9vt\u0151l kezd\u0151d\u0151en lesznek az egyetem hallgat\u00f3i. A jelenlegi hallgat\u00f3kat nem \u00e9rinti a d\u00edjak m\u00f3dos\u00edt\u00e1sa.<\/li>\n<li data-start=\"2267\" data-end=\"2458\" data-is-last-node=\"\">A BBTE tov\u00e1bbra is teljes\u00edtm\u00e9ny-, \u00e9rdem- \u00e9s szoci\u00e1lis \u00f6szt\u00f6nd\u00edjakkal t\u00e1mogatja hallgat\u00f3it, valamint tudom\u00e1nyos kutat\u00e1si c\u00e9l\u00fa k\u00fcl\u00f6nleges \u00f6szt\u00f6nd\u00edjak \u00e9s t\u00e1mogat\u00e1sokat biztos\u00edt saj\u00e1t forr\u00e1sb\u00f3l.<\/li>\n<\/ul>\n","protected":false},"excerpt":{"rendered":"<p>2026. janu\u00e1r 14. A kolozsv\u00e1ri Babe\u0219\u2013Bolyai Tudom\u00e1nyegyetem (BBTE) jelenlegi hallgat\u00f3it semmilyen form\u00e1ban nem \u00e9rinti a felv\u00e9teli d\u00edjak \u00e9s a tand\u00edjak emel\u00e9se. A 2026\u20132027-es egyetemi tan\u00e9vt\u0151l kezd\u0151d\u0151en \u2013 a jogszab\u00e1lyi el\u0151\u00edr\u00e1sokkal \u00f6sszhangban, illetve a Rom\u00e1nia Oktat\u00e1si \u00e9s Kutat\u00e1si Miniszt\u00e9riuma \u00e9s az &hellip;<\/p>\n<p class=\"read-more\"> <a class=\"more-link\" href=\"https:\/\/news.ubbcluj.ro\/hu\/a-bbte-jelenlegi-hallgatoit-nem-erinti-a-tandijak-modositasa\/\"> <span class=\"screen-reader-text\">A BBTE jelenlegi hallgat\u00f3it nem \u00e9rinti a tand\u00edjak m\u00f3dos\u00edt\u00e1sa<\/span> Tov\u00e1bb &raquo;<\/a><\/p>\n","protected":false},"author":9,"featured_media":7266,"comment_status":"closed","ping_status":"closed","sticky":false,"template":"","format":"standard","meta":{"footnotes":""},"categories":[6,7],"tags":[],"yoast_head":"<!-- This site is optimized with the Yoast SEO plugin v21.9.1 - https:\/\/yoast.com\/wordpress\/plugins\/seo\/ -->\n<title>A BBTE jelenlegi hallgat\u00f3it nem \u00e9rinti a tand\u00edjak m\u00f3dos\u00edt\u00e1sa - Kommunik\u00e1ci\u00f3 \u00e9s PR iroda<\/title>\n<meta name=\"robots\" content=\"index, follow, max-snippet:-1, max-image-preview:large, max-video-preview:-1\" \/>\n<link rel=\"canonical\" href=\"https:\/\/news.ubbcluj.ro\/hu\/a-bbte-jelenlegi-hallgatoit-nem-erinti-a-tandijak-modositasa\/\" \/>\n<meta property=\"og:locale\" content=\"hu_HU\" \/>\n<meta property=\"og:type\" content=\"article\" \/>\n<meta property=\"og:title\" content=\"A BBTE jelenlegi hallgat\u00f3it nem \u00e9rinti a tand\u00edjak m\u00f3dos\u00edt\u00e1sa - Kommunik\u00e1ci\u00f3 \u00e9s PR iroda\" \/>\n<meta property=\"og:description\" content=\"2026. janu\u00e1r 14. A kolozsv\u00e1ri Babe\u0219\u2013Bolyai Tudom\u00e1nyegyetem (BBTE) jelenlegi hallgat\u00f3it semmilyen form\u00e1ban nem \u00e9rinti a felv\u00e9teli d\u00edjak \u00e9s a tand\u00edjak emel\u00e9se. A 2026\u20132027-es egyetemi tan\u00e9vt\u0151l kezd\u0151d\u0151en \u2013 a jogszab\u00e1lyi el\u0151\u00edr\u00e1sokkal \u00f6sszhangban, illetve a Rom\u00e1nia Oktat\u00e1si \u00e9s Kutat\u00e1si Miniszt\u00e9riuma \u00e9s az &hellip; A BBTE jelenlegi hallgat\u00f3it nem \u00e9rinti a tand\u00edjak m\u00f3dos\u00edt\u00e1sa Tov\u00e1bb &raquo;\" \/>\n<meta property=\"og:url\" content=\"https:\/\/news.ubbcluj.ro\/hu\/a-bbte-jelenlegi-hallgatoit-nem-erinti-a-tandijak-modositasa\/\" \/>\n<meta property=\"og:site_name\" content=\"Kommunik\u00e1ci\u00f3 \u00e9s PR iroda\" \/>\n<meta property=\"article:published_time\" content=\"2026-01-14T09:05:24+00:00\" \/>\n<meta property=\"og:image\" content=\"https:\/\/news.ubbcluj.ro\/hu\/wp-content\/uploads\/2026\/01\/cladire2-300x300-1.jpg\" \/>\n\t<meta property=\"og:image:width\" content=\"300\" \/>\n\t<meta property=\"og:image:height\" content=\"300\" \/>\n\t<meta property=\"og:image:type\" content=\"image\/jpeg\" \/>\n<meta name=\"author\" content=\"Bilibok Ren\u00e1ta\" \/>\n<meta name=\"twitter:card\" content=\"summary_large_image\" \/>\n<meta name=\"twitter:label1\" content=\"Szerz\u0151:\" \/>\n\t<meta name=\"twitter:data1\" content=\"Bilibok Ren\u00e1ta\" \/>\n\t<meta name=\"twitter:label2\" content=\"Becs\u00fclt olvas\u00e1si id\u0151\" \/>\n\t<meta name=\"twitter:data2\" content=\"2 perc\" \/>\n<script type=\"application\/ld+json\" class=\"yoast-schema-graph\">{\"@context\":\"https:\/\/schema.org\",\"@graph\":[{\"@type\":\"WebPage\",\"@id\":\"https:\/\/news.ubbcluj.ro\/hu\/a-bbte-jelenlegi-hallgatoit-nem-erinti-a-tandijak-modositasa\/\",\"url\":\"https:\/\/news.ubbcluj.ro\/hu\/a-bbte-jelenlegi-hallgatoit-nem-erinti-a-tandijak-modositasa\/\",\"name\":\"A BBTE jelenlegi hallgat\u00f3it nem \u00e9rinti a tand\u00edjak m\u00f3dos\u00edt\u00e1sa - Kommunik\u00e1ci\u00f3 \u00e9s PR iroda\",\"isPartOf\":{\"@id\":\"https:\/\/news.ubbcluj.ro\/hu\/#website\"},\"datePublished\":\"2026-01-14T09:05:24+00:00\",\"dateModified\":\"2026-01-14T09:05:24+00:00\",\"author\":{\"@id\":\"https:\/\/news.ubbcluj.ro\/hu\/#\/schema\/person\/0768248bd5e1ed05f87b7be96b4c3d9c\"},\"breadcrumb\":{\"@id\":\"https:\/\/news.ubbcluj.ro\/hu\/a-bbte-jelenlegi-hallgatoit-nem-erinti-a-tandijak-modositasa\/#breadcrumb\"},\"inLanguage\":\"hu\",\"potentialAction\":[{\"@type\":\"ReadAction\",\"target\":[\"https:\/\/news.ubbcluj.ro\/hu\/a-bbte-jelenlegi-hallgatoit-nem-erinti-a-tandijak-modositasa\/\"]}]},{\"@type\":\"BreadcrumbList\",\"@id\":\"https:\/\/news.ubbcluj.ro\/hu\/a-bbte-jelenlegi-hallgatoit-nem-erinti-a-tandijak-modositasa\/#breadcrumb\",\"itemListElement\":[{\"@type\":\"ListItem\",\"position\":1,\"name\":\"Home\",\"item\":\"https:\/\/news.ubbcluj.ro\/hu\/\"},{\"@type\":\"ListItem\",\"position\":2,\"name\":\"A BBTE jelenlegi hallgat\u00f3it nem \u00e9rinti a tand\u00edjak m\u00f3dos\u00edt\u00e1sa\"}]},{\"@type\":\"WebSite\",\"@id\":\"https:\/\/news.ubbcluj.ro\/hu\/#website\",\"url\":\"https:\/\/news.ubbcluj.ro\/hu\/\",\"name\":\"Kommunik\u00e1ci\u00f3 \u00e9s PR iroda\",\"description\":\"Babe\u0219-Bolyai Tudom\u00e1negyetem\",\"potentialAction\":[{\"@type\":\"SearchAction\",\"target\":{\"@type\":\"EntryPoint\",\"urlTemplate\":\"https:\/\/news.ubbcluj.ro\/hu\/?s={search_term_string}\"},\"query-input\":\"required name=search_term_string\"}],\"inLanguage\":\"hu\"},{\"@type\":\"Person\",\"@id\":\"https:\/\/news.ubbcluj.ro\/hu\/#\/schema\/person\/0768248bd5e1ed05f87b7be96b4c3d9c\",\"name\":\"Bilibok Ren\u00e1ta\",\"url\":\"https:\/\/news.ubbcluj.ro\/hu\/author\/renata-bilibok\/\"}]}<\/script>\n<!-- \/ Yoast SEO plugin. -->","yoast_head_json":{"title":"A BBTE jelenlegi hallgat\u00f3it nem \u00e9rinti a tand\u00edjak m\u00f3dos\u00edt\u00e1sa - Kommunik\u00e1ci\u00f3 \u00e9s PR iroda","robots":{"index":"index","follow":"follow","max-snippet":"max-snippet:-1","max-image-preview":"max-image-preview:large","max-video-preview":"max-video-preview:-1"},"canonical":"https:\/\/news.ubbcluj.ro\/hu\/a-bbte-jelenlegi-hallgatoit-nem-erinti-a-tandijak-modositasa\/","og_locale":"hu_HU","og_type":"article","og_title":"A BBTE jelenlegi hallgat\u00f3it nem \u00e9rinti a tand\u00edjak m\u00f3dos\u00edt\u00e1sa - Kommunik\u00e1ci\u00f3 \u00e9s PR iroda","og_description":"2026. janu\u00e1r 14. A kolozsv\u00e1ri Babe\u0219\u2013Bolyai Tudom\u00e1nyegyetem (BBTE) jelenlegi hallgat\u00f3it semmilyen form\u00e1ban nem \u00e9rinti a felv\u00e9teli d\u00edjak \u00e9s a tand\u00edjak emel\u00e9se. A 2026\u20132027-es egyetemi tan\u00e9vt\u0151l kezd\u0151d\u0151en \u2013 a jogszab\u00e1lyi el\u0151\u00edr\u00e1sokkal \u00f6sszhangban, illetve a Rom\u00e1nia Oktat\u00e1si \u00e9s Kutat\u00e1si Miniszt\u00e9riuma \u00e9s az &hellip; A BBTE jelenlegi hallgat\u00f3it nem \u00e9rinti a tand\u00edjak m\u00f3dos\u00edt\u00e1sa Tov\u00e1bb &raquo;","og_url":"https:\/\/news.ubbcluj.ro\/hu\/a-bbte-jelenlegi-hallgatoit-nem-erinti-a-tandijak-modositasa\/","og_site_name":"Kommunik\u00e1ci\u00f3 \u00e9s PR iroda","article_published_time":"2026-01-14T09:05:24+00:00","og_image":[{"width":300,"height":300,"url":"https:\/\/news.ubbcluj.ro\/hu\/wp-content\/uploads\/2026\/01\/cladire2-300x300-1.jpg","type":"image\/jpeg"}],"author":"Bilibok Ren\u00e1ta","twitter_card":"summary_large_image","twitter_misc":{"Szerz\u0151:":"Bilibok Ren\u00e1ta","Becs\u00fclt olvas\u00e1si id\u0151":"2 perc"},"schema":{"@context":"https:\/\/schema.org","@graph":[{"@type":"WebPage","@id":"https:\/\/news.ubbcluj.ro\/hu\/a-bbte-jelenlegi-hallgatoit-nem-erinti-a-tandijak-modositasa\/","url":"https:\/\/news.ubbcluj.ro\/hu\/a-bbte-jelenlegi-hallgatoit-nem-erinti-a-tandijak-modositasa\/","name":"A BBTE jelenlegi hallgat\u00f3it nem \u00e9rinti a tand\u00edjak m\u00f3dos\u00edt\u00e1sa - Kommunik\u00e1ci\u00f3 \u00e9s PR iroda","isPartOf":{"@id":"https:\/\/news.ubbcluj.ro\/hu\/#website"},"datePublished":"2026-01-14T09:05:24+00:00","dateModified":"2026-01-14T09:05:24+00:00","author":{"@id":"https:\/\/news.ubbcluj.ro\/hu\/#\/schema\/person\/0768248bd5e1ed05f87b7be96b4c3d9c"},"breadcrumb":{"@id":"https:\/\/news.ubbcluj.ro\/hu\/a-bbte-jelenlegi-hallgatoit-nem-erinti-a-tandijak-modositasa\/#breadcrumb"},"inLanguage":"hu","potentialAction":[{"@type":"ReadAction","target":["https:\/\/news.ubbcluj.ro\/hu\/a-bbte-jelenlegi-hallgatoit-nem-erinti-a-tandijak-modositasa\/"]}]},{"@type":"BreadcrumbList","@id":"https:\/\/news.ubbcluj.ro\/hu\/a-bbte-jelenlegi-hallgatoit-nem-erinti-a-tandijak-modositasa\/#breadcrumb","itemListElement":[{"@type":"ListItem","position":1,"name":"Home","item":"https:\/\/news.ubbcluj.ro\/hu\/"},{"@type":"ListItem","position":2,"name":"A BBTE jelenlegi hallgat\u00f3it nem \u00e9rinti a tand\u00edjak m\u00f3dos\u00edt\u00e1sa"}]},{"@type":"WebSite","@id":"https:\/\/news.ubbcluj.ro\/hu\/#website","url":"https:\/\/news.ubbcluj.ro\/hu\/","name":"Kommunik\u00e1ci\u00f3 \u00e9s PR iroda","description":"Babe\u0219-Bolyai Tudom\u00e1negyetem","potentialAction":[{"@type":"SearchAction","target":{"@type":"EntryPoint","urlTemplate":"https:\/\/news.ubbcluj.ro\/hu\/?s={search_term_string}"},"query-input":"required name=search_term_string"}],"inLanguage":"hu"},{"@type":"Person","@id":"https:\/\/news.ubbcluj.ro\/hu\/#\/schema\/person\/0768248bd5e1ed05f87b7be96b4c3d9c","name":"Bilibok Ren\u00e1ta","url":"https:\/\/news.ubbcluj.ro\/hu\/author\/renata-bilibok\/"}]}},"_links":{"self":[{"href":"https:\/\/news.ubbcluj.ro\/hu\/wp-json\/wp\/v2\/posts\/7265"}],"collection":[{"href":"https:\/\/news.ubbcluj.ro\/hu\/wp-json\/wp\/v2\/posts"}],"about":[{"href":"https:\/\/news.ubbcluj.ro\/hu\/wp-json\/wp\/v2\/types\/post"}],"author":[{"embeddable":true,"href":"https:\/\/news.ubbcluj.ro\/hu\/wp-json\/wp\/v2\/users\/9"}],"replies":[{"embeddable":true,"href":"https:\/\/news.ubbcluj.ro\/hu\/wp-json\/wp\/v2\/comments?post=7265"}],"version-history":[{"count":1,"href":"https:\/\/news.ubbcluj.ro\/hu\/wp-json\/wp\/v2\/posts\/7265\/revisions"}],"predecessor-version":[{"id":7267,"href":"https:\/\/news.ubbcluj.ro\/hu\/wp-json\/wp\/v2\/posts\/7265\/revisions\/7267"}],"wp:featuredmedia":[{"embeddable":true,"href":"https:\/\/news.ubbcluj.ro\/hu\/wp-json\/wp\/v2\/media\/7266"}],"wp:attachment":[{"href":"https:\/\/news.ubbcluj.ro\/hu\/wp-json\/wp\/v2\/media?parent=7265"}],"wp:term":[{"taxonomy":"category","embeddable":true,"href":"https:\/\/news.ubbcluj.ro\/hu\/wp-json\/wp\/v2\/categories?post=7265"},{"taxonomy":"post_tag","embeddable":true,"href":"https:\/\/news.ubbcluj.ro\/hu\/wp-json\/wp\/v2\/tags?post=7265"}],"curies":[{"name":"wp","href":"https:\/\/api.w.org\/{rel}","templated":true}]}}