{"id":742,"date":"2016-10-20T11:01:40","date_gmt":"2016-10-20T11:01:40","guid":{"rendered":"https:\/\/news.ubbcluj.ro\/hu\/?p=742"},"modified":"2016-10-20T11:03:02","modified_gmt":"2016-10-20T11:03:02","slug":"refo-500-valtasok-es-diszkontinuitasok-hagyomanyok-es-ujitasok-a-reformacio-500-eves-torteneteben","status":"publish","type":"post","link":"https:\/\/news.ubbcluj.ro\/hu\/refo-500-valtasok-es-diszkontinuitasok-hagyomanyok-es-ujitasok-a-reformacio-500-eves-torteneteben\/","title":{"rendered":"Refo 500: V\u00e1lt\u00e1sok \u00e9s (disz)kontinuit\u00e1sok, hagyom\u00e1nyok \u00e9s \u00faj\u00edt\u00e1sok a reform\u00e1ci\u00f3 500 \u00e9ves t\u00f6rt\u00e9net\u00e9ben"},"content":{"rendered":"<p style=\"text-align: justify;\"><strong>V\u00e1lt\u00e1sok \u00e9s (disz)kontinuit\u00e1sok, hagyom\u00e1nyok \u00e9s \u00faj\u00edt\u00e1sok a reform\u00e1ci\u00f3 500 \u00e9ves t\u00f6rt\u00e9net\u00e9ben<\/strong><br \/>\n<strong>A hossz\u00fa reform\u00e1ci\u00f3 perspekt\u00edv\u00e1ja a k\u00f6z\u00e9p-kelet-eur\u00f3pai r\u00e9gi\u00f3ban<\/strong><br \/>\nKolozsv\u00e1r, 2017. okt\u00f3ber 27\u201328.<\/p>\n<p style=\"text-align: justify;\">Tisztelt Munkat\u00e1rsunk, kedves Koll\u00e9g\u00e1nk!<\/p>\n<p style=\"text-align: justify;\">\u00d6r\u00f6mmel \u00e9rtes\u00edtj\u00fck, hogy a lutheri reform\u00e1ci\u00f3 kezdet\u00e9nek 500 \u00e9ves \u00e9vfordul\u00f3ja alkalm\u00e1b\u00f3l, a jubileumi esztend\u0151t lez\u00e1r\u00f3 esem\u00e9nysorozat keret\u00e9ben a Babe\u015f-Bolyai Tudom\u00e1nyegyetem \u00e9s az MTA BTK Irodalomtudom\u00e1nyi Int\u00e9zet\u00e9nek Renesz\u00e1nsz Oszt\u00e1lya, a RefoRC nemzetk\u00f6zi platformmal egy\u00fcttm\u0171k\u00f6dve, interdiszciplin\u00e1ris konferenci\u00e1t szervez Kolozsv\u00e1rott 2017. okt\u00f3ber 27\u201328-\u00e1n. E konferencia a K\u00f6z\u00e9p- \u00e9s D\u00e9lkelet Eur\u00f3pai REFO500 partnerek 2012 \u00e9s 2017 k\u00f6z\u00f6tti tudom\u00e1nyos egy\u00fcttm\u0171k\u00f6d\u00e9s\u00e9nek \u00f6sszegz\u0151 lez\u00e1r\u00e1sa, illetve egy \u00faj, a hossz\u00fa reform\u00e1ci\u00f3 koncepci\u00f3ja k\u00f6r\u00e9 szervez\u0151d\u0151 kutat\u00e1si \u00e9s egy\u00fcttm\u0171k\u00f6d\u00e9si ciklus megnyit\u00e1sa.<\/p>\n<p style=\"text-align: justify;\">A konferencia nyelvei: magyar, rom\u00e1n, angol.<\/p>\n<p style=\"text-align: justify;\">Amint azt a rendezv\u00e9ny c\u00edme bizony\u00e1ra sejteni engedi, c\u00e9lunk a k\u00e9rd\u00e9ses mintegy f\u00e9l \u00e9vezredben v\u00e9gbement (\u00e9s a kutat\u00e1s \u00e1ltal regisztr\u00e1lt, sok r\u00e9szletet tekintve fel is t\u00e1rt) esem\u00e9nyek folyamatszer\u0171s\u00e9g\u00e9nek hangs\u00falyozott tekintetbe v\u00e9tele r\u00e9v\u00e9n egy olyan kiegyens\u00falyozott k\u00e9p k\u00f6z\u00f6s kialak\u00edt\u00e1sa, amely b\u00e1rmif\u00e9le triumfalizmus \u00e9s apologetikus megk\u00f6zel\u00edt\u00e9s n\u00e9lk\u00fcl igyekszik \u00e1rnyaltan megjelen\u00edteni a (voltak\u00e9ppen m\u00e1ig tart\u00f3) \u201ehossz\u00fa reform(\u00e1ci\u00f3)\u201d sokf\u00e9le (n\u00e9melykor t\u00f6redezett, m\u00e1skor pedig \u00f6nmag\u00e1t \u00e9ppens\u00e9ggel kor\u00e1bbi t\u00f6rekv\u00e9sek szerves folytat\u00e1sak\u00e9nt \u00e9rtelmez\u0151) hagyom\u00e1ny\u00e1t azok k\u00f6lcs\u00f6nhat\u00e1saival \u00e9s mai aktualit\u00e1saival egy\u00fctt. Szeretn\u00e9nk teh\u00e1t korrig\u00e1lni, lehet\u0151leg lebontani azt a tudom\u00e1nyos k\u00f6zbesz\u00e9dben meg-megjelen\u0151 hierarchiz\u00e1l\u00e1st, amely gyakorta reflekt\u00e1latlanul rangsorolja saj\u00e1t \u2013 olykor ugyancsak kell\u0151k\u00e9ppen v\u00e9gig nem gondolt \u2013 el\u0151feltev\u00e9sei ment\u00e9n a k\u00fcl\u00f6nf\u00e9le felekezeti k\u00f6z\u00f6ss\u00e9geket.<br \/>\nMivel a szervez\u0151 int\u00e9zm\u00e9nyek kutat\u00f3i kapacit\u00e1sa ezt lehet\u0151v\u00e9 \u00e9s sz\u00fcks\u00e9gess\u00e9 is teszi, kiegyenl\u00edtett figyelmet k\u00edv\u00e1nunk szentelni a k\u00fcl\u00f6nf\u00e9le felekezeti (r\u00f3mai \u00e9s g\u00f6r\u00f6g katolikus, luther\u00e1nus, k\u00e1lvinista, unit\u00e1rius, szombatos, g\u00f6r\u00f6gkeleti stb.), ezzel egy\u00fctt pedig a nyelvi, nemzeti hagyom\u00e1nyok \u00e9s eml\u00e9kezetek vizsg\u00e1lat\u00e1nak. R\u00e1k\u00e9rdez\u00fcnk a keleti \u00e9s nyugati kereszt\u00e9nys\u00e9g hat\u00e1rmezsgy\u00e9j\u00e9n tal\u00e1lhat\u00f3 jelens\u00e9gek region\u00e1lis saj\u00e1toss\u00e1gaira.<\/p>\n<p>A hossz\u00fa reform\u00e1ci\u00f3, az \u00fajabb kutat\u00e1s egyre ink\u00e1bb bevett terminusak\u00e9nt,1 t\u00f6bb okb\u00f3l is a probl\u00e9mafelvet\u00e9s term\u00e9keny h\u00edv\u00f3szava lehet: bennfoglaltan tartalmazza az \u201eecclesia semper reformanda\u201d egyetemes elv\u00e9t, \u00e9s mivel nem korl\u00e1tozza a vizsg\u00e1l\u00f3d\u00e1st egyes protest\u00e1ns konfesszi\u00f3kra, lehet\u0151v\u00e9 teszi a teljes felekezeti paletta \u00e1ttekint\u00e9s\u00e9t, valamint annak tudom\u00e1sul v\u00e9tel\u00e9t, hogy szabatosabb dolog reform\u00e1ci\u00f3kr\u00f3l, semmint egyetlen reform\u00e1ci\u00f3r\u00f3l besz\u00e9ln\u00fcnk.<br \/>\nJavasolt t\u00e9ma- \u00e9s k\u00e9rd\u00e9sk\u00f6r\u00f6k:<\/p>\n<p>K\u00e9rj\u00fck, el\u0151ad\u00e1s\u00e1nak c\u00edm\u00e9t \u00e9s r\u00f6vid (legfeljebb 2000 karakterb\u0151l \u00e1ll\u00f3) kivonat\u00e1t k\u00fcldje el a claudiopolis.2017@gmail.com c\u00edmre, 2017. m\u00e1rcius 31-ig.<br \/>\nA konferencia programj\u00e1r\u00f3l, a rendezv\u00e9nyhez kapcsol\u00f3d\u00f3 gyakorlati tudnival\u00f3kr\u00f3l valamint a rendezv\u00e9ny anyag\u00e1nak k\u00f6z\u00e9t\u00e9tel\u00e9re vonatkoz\u00f3 r\u00e9szletekr\u0151l 2. sz. k\u00f6rlevel\u00fcnkben k\u00fcld\u00fcnk majd t\u00e1j\u00e9koztat\u00e1st.<br \/>\nTisztelettel a konferencia szervez\u0151bizotts\u00e1ga nev\u00e9ben:<br \/>\nKolozsv\u00e1rt, 2016. okt\u00f3ber 15-\u00e9n<br \/>\nDr. G\u00e1bor Csilla, BBTE BTK, egyetemi Refo500 koordin\u00e1tor<br \/>\nDr. T\u00f3th Zsombor, MTA BTK ITI, a K\u00f6z\u00e9p- \u00e9s D\u00e9lkelet-Eur\u00f3pai Refo500 int\u00e9zm\u00e9nyek koordin\u00e1tora<\/p>\n<p>A hossz\u00fa reform\u00e1ci\u00f3, az \u00fajabb kutat\u00e1s egyre ink\u00e1bb bevett terminusak\u00e9nt,1 t\u00f6bb okb\u00f3l is a probl\u00e9mafelvet\u00e9s term\u00e9keny h\u00edv\u00f3szava lehet: bennfoglaltan tartalmazza az \u201eecclesia semper reformanda\u201d egyetemes elv\u00e9t, \u00e9s mivel nem korl\u00e1tozza a vizsg\u00e1l\u00f3d\u00e1st egyes protest\u00e1ns konfesszi\u00f3kra, lehet\u0151v\u00e9 teszi a teljes felekezeti paletta \u00e1ttekint\u00e9s\u00e9t, valamint annak tudom\u00e1sul v\u00e9tel\u00e9t, hogy szabatosabb dolog reform\u00e1ci\u00f3kr\u00f3l, semmint egyetlen reform\u00e1ci\u00f3r\u00f3l besz\u00e9ln\u00fcnk.<br \/>\nJavasolt t\u00e9ma- \u00e9s k\u00e9rd\u00e9sk\u00f6r\u00f6k:<br \/>\n&#8211; a hossz\u00fa reform\u00e1ci\u00f3\/long reformation: elm\u00e9leti \u00e9s m\u00f3dszertani perspekt\u00edv\u00e1k \u00e9s k\u00f6vetkezm\u00e9nyek<br \/>\n&#8211; a konfesszionaliz\u00e1ci\u00f3 t\u00f6rt\u00e9nete \u00e9s folyamatai, konfesszionaliz\u00e1ci\u00f3s modellek<br \/>\n&#8211; a felekezeti identit\u00e1s\u00e9p\u00edt\u00e9s objekt\u00edv vizsg\u00e1lata \u2013 t\u00f6rt\u00e9neti, elm\u00e9leti \u00e9s pragmatikus szinten (reflexi\u00f3: mennyire j\u00e1r vagy nem j\u00e1r ez hierarchikus\/exkluz\u00edv gondolkod\u00e1ssal)<br \/>\n&#8211; a reform \u00f6sszetev\u0151inek evol\u00faci\u00f3ja: teol\u00f3gia, liturgia, spiritualit\u00e1s, kultur\u00e1lis diskurzusok \u2013 annak vizsg\u00e1lata, ahogyan ezek differenci\u00e1l\u00f3 er\u0151kk\u00e9 v\u00e1lnak; hogyan lehet m\u00e9gis megtal\u00e1lni benn\u00fck az \u00faj mozzanat r\u00e9v\u00e9n az egym\u00e1s mell\u00e9 helyezhet\u0151s\u00e9g lehet\u0151s\u00e9g\u00e9t?<br \/>\n&#8211; hagyom\u00e1nyok: el\/kisaj\u00e1t\u00edt\u00e1s, elfelejt\u00e9s, \u00fajrahasznos\u00edt\u00e1s, \u00fajra\u00e9rtelmez\u00e9s \u00e9s ezek m\u00f3dozatai, strat\u00e9gi\u00e1i<br \/>\n&#8211; a felekezeti toleranci\u00e1k \u00e9s pluralizmusok \u2013 sztereot\u00edpi\u00e1k, alapelvek, m\u0171k\u00f6d\u00e9si mechanizmusok<br \/>\n&#8211; kora \u00fajkori katolicizmus (\u201eearly modern Catholicism\u201d): fogalma \u00e9s haszn\u00e1lata(i), saj\u00e1toss\u00e1gai a reform\u00e1ci\u00f3(k) \u00e9s saj\u00e1t hagyom\u00e1nyai kontextus\u00e1ban<br \/>\nreform\u00e1ci\u00f3k, poszt-reform\u00e1ci\u00f3k \u00e9s ezek applik\u00e1ci\u00f3i<br \/>\n&#8211; \u00edr\u00e1sos kult\u00fara \u00e9s a reform\u00e1ci\u00f3k<br \/>\n&#8211; a reform\u00e1ci\u00f3 magyar \u00e9s nemzetk\u00f6zi historiogr\u00e1fi\u00e1ja: reflexi\u00f3k \u00e9s \u00f6sszegz\u00e9sek<br \/>\n&#8211; eml\u00e9kez\u00e9si helyek, konfesszi\u00f3k \u00e9s kult\u00far\u00e1k<br \/>\n&#8211; semper reformanda(?) \u2013 es\u00e9lyek \u00e9s t\u00e1vlatok.<br \/>\nK\u00e9rj\u00fck, el\u0151ad\u00e1s\u00e1nak c\u00edm\u00e9t \u00e9s r\u00f6vid (legfeljebb 2000 karakterb\u0151l \u00e1ll\u00f3) kivonat\u00e1t k\u00fcldje el a claudiopolis.2017@gmail.com c\u00edmre, 2017. m\u00e1rcius 31-ig.<\/p>\n<p>A konferencia programj\u00e1r\u00f3l, a rendezv\u00e9nyhez kapcsol\u00f3d\u00f3 gyakorlati tudnival\u00f3kr\u00f3l valamint a rendezv\u00e9ny anyag\u00e1nak k\u00f6z\u00e9t\u00e9tel\u00e9re vonatkoz\u00f3 r\u00e9szletekr\u0151l 2. sz. k\u00f6rlevel\u00fcnkben k\u00fcld\u00fcnk majd t\u00e1j\u00e9koztat\u00e1st.<\/p>\n<p>Tisztelettel a konferencia szervez\u0151bizotts\u00e1ga nev\u00e9ben:<br \/>\nKolozsv\u00e1rt, 2016. okt\u00f3ber 15-\u00e9n<br \/>\nDr. G\u00e1bor Csilla, BBTE BTK, egyetemi Refo500 koordin\u00e1tor<br \/>\nDr. T\u00f3th Zsombor, MTA BTK ITI, a K\u00f6z\u00e9p- \u00e9s D\u00e9lkelet-Eur\u00f3pai Refo500 int\u00e9zm\u00e9nyek koordin\u00e1tora<\/p>\n","protected":false},"excerpt":{"rendered":"<p>V\u00e1lt\u00e1sok \u00e9s (disz)kontinuit\u00e1sok, hagyom\u00e1nyok \u00e9s \u00faj\u00edt\u00e1sok a reform\u00e1ci\u00f3 500 \u00e9ves t\u00f6rt\u00e9net\u00e9ben A hossz\u00fa reform\u00e1ci\u00f3 perspekt\u00edv\u00e1ja a k\u00f6z\u00e9p-kelet-eur\u00f3pai r\u00e9gi\u00f3ban Kolozsv\u00e1r, 2017. okt\u00f3ber 27\u201328. Tisztelt Munkat\u00e1rsunk, kedves Koll\u00e9g\u00e1nk! \u00d6r\u00f6mmel \u00e9rtes\u00edtj\u00fck, hogy a lutheri reform\u00e1ci\u00f3 kezdet\u00e9nek 500 \u00e9ves \u00e9vfordul\u00f3ja alkalm\u00e1b\u00f3l, a jubileumi esztend\u0151t &hellip;<\/p>\n<p class=\"read-more\"> <a class=\"more-link\" href=\"https:\/\/news.ubbcluj.ro\/hu\/refo-500-valtasok-es-diszkontinuitasok-hagyomanyok-es-ujitasok-a-reformacio-500-eves-torteneteben\/\"> <span class=\"screen-reader-text\">Refo 500: V\u00e1lt\u00e1sok \u00e9s (disz)kontinuit\u00e1sok, hagyom\u00e1nyok \u00e9s \u00faj\u00edt\u00e1sok a reform\u00e1ci\u00f3 500 \u00e9ves t\u00f6rt\u00e9net\u00e9ben<\/span> Tov\u00e1bb &raquo;<\/a><\/p>\n","protected":false},"author":9,"featured_media":743,"comment_status":"closed","ping_status":"closed","sticky":false,"template":"","format":"standard","meta":{"footnotes":""},"categories":[17,6],"tags":[],"yoast_head":"<!-- This site is optimized with the Yoast SEO plugin v21.9.1 - https:\/\/yoast.com\/wordpress\/plugins\/seo\/ -->\n<title>Refo 500: V\u00e1lt\u00e1sok \u00e9s (disz)kontinuit\u00e1sok, hagyom\u00e1nyok \u00e9s \u00faj\u00edt\u00e1sok a reform\u00e1ci\u00f3 500 \u00e9ves t\u00f6rt\u00e9net\u00e9ben - Kommunik\u00e1ci\u00f3 \u00e9s PR iroda<\/title>\n<meta name=\"robots\" content=\"index, follow, max-snippet:-1, max-image-preview:large, max-video-preview:-1\" \/>\n<link rel=\"canonical\" href=\"https:\/\/news.ubbcluj.ro\/hu\/refo-500-valtasok-es-diszkontinuitasok-hagyomanyok-es-ujitasok-a-reformacio-500-eves-torteneteben\/\" \/>\n<meta property=\"og:locale\" content=\"hu_HU\" \/>\n<meta property=\"og:type\" content=\"article\" \/>\n<meta property=\"og:title\" content=\"Refo 500: V\u00e1lt\u00e1sok \u00e9s (disz)kontinuit\u00e1sok, hagyom\u00e1nyok \u00e9s \u00faj\u00edt\u00e1sok a reform\u00e1ci\u00f3 500 \u00e9ves t\u00f6rt\u00e9net\u00e9ben - Kommunik\u00e1ci\u00f3 \u00e9s PR iroda\" \/>\n<meta property=\"og:description\" content=\"V\u00e1lt\u00e1sok \u00e9s (disz)kontinuit\u00e1sok, hagyom\u00e1nyok \u00e9s \u00faj\u00edt\u00e1sok a reform\u00e1ci\u00f3 500 \u00e9ves t\u00f6rt\u00e9net\u00e9ben A hossz\u00fa reform\u00e1ci\u00f3 perspekt\u00edv\u00e1ja a k\u00f6z\u00e9p-kelet-eur\u00f3pai r\u00e9gi\u00f3ban Kolozsv\u00e1r, 2017. okt\u00f3ber 27\u201328. Tisztelt Munkat\u00e1rsunk, kedves Koll\u00e9g\u00e1nk! \u00d6r\u00f6mmel \u00e9rtes\u00edtj\u00fck, hogy a lutheri reform\u00e1ci\u00f3 kezdet\u00e9nek 500 \u00e9ves \u00e9vfordul\u00f3ja alkalm\u00e1b\u00f3l, a jubileumi esztend\u0151t &hellip; Refo 500: V\u00e1lt\u00e1sok \u00e9s (disz)kontinuit\u00e1sok, hagyom\u00e1nyok \u00e9s \u00faj\u00edt\u00e1sok a reform\u00e1ci\u00f3 500 \u00e9ves t\u00f6rt\u00e9net\u00e9ben Tov\u00e1bb &raquo;\" \/>\n<meta property=\"og:url\" content=\"https:\/\/news.ubbcluj.ro\/hu\/refo-500-valtasok-es-diszkontinuitasok-hagyomanyok-es-ujitasok-a-reformacio-500-eves-torteneteben\/\" \/>\n<meta property=\"og:site_name\" content=\"Kommunik\u00e1ci\u00f3 \u00e9s PR iroda\" \/>\n<meta property=\"article:published_time\" content=\"2016-10-20T11:01:40+00:00\" \/>\n<meta property=\"article:modified_time\" content=\"2016-10-20T11:03:02+00:00\" \/>\n<meta property=\"og:image\" content=\"https:\/\/news.ubbcluj.ro\/hu\/wp-content\/uploads\/2016\/10\/refo500-ondertitel.jpg\" \/>\n\t<meta property=\"og:image:width\" content=\"1030\" \/>\n\t<meta property=\"og:image:height\" content=\"1514\" \/>\n\t<meta property=\"og:image:type\" content=\"image\/jpeg\" \/>\n<meta name=\"author\" content=\"Bilibok Ren\u00e1ta\" \/>\n<meta name=\"twitter:card\" content=\"summary_large_image\" \/>\n<meta name=\"twitter:label1\" content=\"Szerz\u0151:\" \/>\n\t<meta name=\"twitter:data1\" content=\"Bilibok Ren\u00e1ta\" \/>\n\t<meta name=\"twitter:label2\" content=\"Becs\u00fclt olvas\u00e1si id\u0151\" \/>\n\t<meta name=\"twitter:data2\" content=\"6 perc\" \/>\n<script type=\"application\/ld+json\" class=\"yoast-schema-graph\">{\"@context\":\"https:\/\/schema.org\",\"@graph\":[{\"@type\":\"WebPage\",\"@id\":\"https:\/\/news.ubbcluj.ro\/hu\/refo-500-valtasok-es-diszkontinuitasok-hagyomanyok-es-ujitasok-a-reformacio-500-eves-torteneteben\/\",\"url\":\"https:\/\/news.ubbcluj.ro\/hu\/refo-500-valtasok-es-diszkontinuitasok-hagyomanyok-es-ujitasok-a-reformacio-500-eves-torteneteben\/\",\"name\":\"Refo 500: V\u00e1lt\u00e1sok \u00e9s (disz)kontinuit\u00e1sok, hagyom\u00e1nyok \u00e9s \u00faj\u00edt\u00e1sok a reform\u00e1ci\u00f3 500 \u00e9ves t\u00f6rt\u00e9net\u00e9ben - Kommunik\u00e1ci\u00f3 \u00e9s PR iroda\",\"isPartOf\":{\"@id\":\"https:\/\/news.ubbcluj.ro\/hu\/#website\"},\"datePublished\":\"2016-10-20T11:01:40+00:00\",\"dateModified\":\"2016-10-20T11:03:02+00:00\",\"author\":{\"@id\":\"https:\/\/news.ubbcluj.ro\/hu\/#\/schema\/person\/0768248bd5e1ed05f87b7be96b4c3d9c\"},\"breadcrumb\":{\"@id\":\"https:\/\/news.ubbcluj.ro\/hu\/refo-500-valtasok-es-diszkontinuitasok-hagyomanyok-es-ujitasok-a-reformacio-500-eves-torteneteben\/#breadcrumb\"},\"inLanguage\":\"hu\",\"potentialAction\":[{\"@type\":\"ReadAction\",\"target\":[\"https:\/\/news.ubbcluj.ro\/hu\/refo-500-valtasok-es-diszkontinuitasok-hagyomanyok-es-ujitasok-a-reformacio-500-eves-torteneteben\/\"]}]},{\"@type\":\"BreadcrumbList\",\"@id\":\"https:\/\/news.ubbcluj.ro\/hu\/refo-500-valtasok-es-diszkontinuitasok-hagyomanyok-es-ujitasok-a-reformacio-500-eves-torteneteben\/#breadcrumb\",\"itemListElement\":[{\"@type\":\"ListItem\",\"position\":1,\"name\":\"Home\",\"item\":\"https:\/\/news.ubbcluj.ro\/hu\/\"},{\"@type\":\"ListItem\",\"position\":2,\"name\":\"Refo 500: V\u00e1lt\u00e1sok \u00e9s (disz)kontinuit\u00e1sok, hagyom\u00e1nyok \u00e9s \u00faj\u00edt\u00e1sok a reform\u00e1ci\u00f3 500 \u00e9ves t\u00f6rt\u00e9net\u00e9ben\"}]},{\"@type\":\"WebSite\",\"@id\":\"https:\/\/news.ubbcluj.ro\/hu\/#website\",\"url\":\"https:\/\/news.ubbcluj.ro\/hu\/\",\"name\":\"Kommunik\u00e1ci\u00f3 \u00e9s PR iroda\",\"description\":\"Babe\u0219-Bolyai Tudom\u00e1negyetem\",\"potentialAction\":[{\"@type\":\"SearchAction\",\"target\":{\"@type\":\"EntryPoint\",\"urlTemplate\":\"https:\/\/news.ubbcluj.ro\/hu\/?s={search_term_string}\"},\"query-input\":\"required name=search_term_string\"}],\"inLanguage\":\"hu\"},{\"@type\":\"Person\",\"@id\":\"https:\/\/news.ubbcluj.ro\/hu\/#\/schema\/person\/0768248bd5e1ed05f87b7be96b4c3d9c\",\"name\":\"Bilibok Ren\u00e1ta\",\"url\":\"https:\/\/news.ubbcluj.ro\/hu\/author\/renata-bilibok\/\"}]}<\/script>\n<!-- \/ Yoast SEO plugin. -->","yoast_head_json":{"title":"Refo 500: V\u00e1lt\u00e1sok \u00e9s (disz)kontinuit\u00e1sok, hagyom\u00e1nyok \u00e9s \u00faj\u00edt\u00e1sok a reform\u00e1ci\u00f3 500 \u00e9ves t\u00f6rt\u00e9net\u00e9ben - Kommunik\u00e1ci\u00f3 \u00e9s PR iroda","robots":{"index":"index","follow":"follow","max-snippet":"max-snippet:-1","max-image-preview":"max-image-preview:large","max-video-preview":"max-video-preview:-1"},"canonical":"https:\/\/news.ubbcluj.ro\/hu\/refo-500-valtasok-es-diszkontinuitasok-hagyomanyok-es-ujitasok-a-reformacio-500-eves-torteneteben\/","og_locale":"hu_HU","og_type":"article","og_title":"Refo 500: V\u00e1lt\u00e1sok \u00e9s (disz)kontinuit\u00e1sok, hagyom\u00e1nyok \u00e9s \u00faj\u00edt\u00e1sok a reform\u00e1ci\u00f3 500 \u00e9ves t\u00f6rt\u00e9net\u00e9ben - Kommunik\u00e1ci\u00f3 \u00e9s PR iroda","og_description":"V\u00e1lt\u00e1sok \u00e9s (disz)kontinuit\u00e1sok, hagyom\u00e1nyok \u00e9s \u00faj\u00edt\u00e1sok a reform\u00e1ci\u00f3 500 \u00e9ves t\u00f6rt\u00e9net\u00e9ben A hossz\u00fa reform\u00e1ci\u00f3 perspekt\u00edv\u00e1ja a k\u00f6z\u00e9p-kelet-eur\u00f3pai r\u00e9gi\u00f3ban Kolozsv\u00e1r, 2017. okt\u00f3ber 27\u201328. Tisztelt Munkat\u00e1rsunk, kedves Koll\u00e9g\u00e1nk! \u00d6r\u00f6mmel \u00e9rtes\u00edtj\u00fck, hogy a lutheri reform\u00e1ci\u00f3 kezdet\u00e9nek 500 \u00e9ves \u00e9vfordul\u00f3ja alkalm\u00e1b\u00f3l, a jubileumi esztend\u0151t &hellip; Refo 500: V\u00e1lt\u00e1sok \u00e9s (disz)kontinuit\u00e1sok, hagyom\u00e1nyok \u00e9s \u00faj\u00edt\u00e1sok a reform\u00e1ci\u00f3 500 \u00e9ves t\u00f6rt\u00e9net\u00e9ben Tov\u00e1bb &raquo;","og_url":"https:\/\/news.ubbcluj.ro\/hu\/refo-500-valtasok-es-diszkontinuitasok-hagyomanyok-es-ujitasok-a-reformacio-500-eves-torteneteben\/","og_site_name":"Kommunik\u00e1ci\u00f3 \u00e9s PR iroda","article_published_time":"2016-10-20T11:01:40+00:00","article_modified_time":"2016-10-20T11:03:02+00:00","og_image":[{"width":1030,"height":1514,"url":"https:\/\/news.ubbcluj.ro\/hu\/wp-content\/uploads\/2016\/10\/refo500-ondertitel.jpg","type":"image\/jpeg"}],"author":"Bilibok Ren\u00e1ta","twitter_card":"summary_large_image","twitter_misc":{"Szerz\u0151:":"Bilibok Ren\u00e1ta","Becs\u00fclt olvas\u00e1si id\u0151":"6 perc"},"schema":{"@context":"https:\/\/schema.org","@graph":[{"@type":"WebPage","@id":"https:\/\/news.ubbcluj.ro\/hu\/refo-500-valtasok-es-diszkontinuitasok-hagyomanyok-es-ujitasok-a-reformacio-500-eves-torteneteben\/","url":"https:\/\/news.ubbcluj.ro\/hu\/refo-500-valtasok-es-diszkontinuitasok-hagyomanyok-es-ujitasok-a-reformacio-500-eves-torteneteben\/","name":"Refo 500: V\u00e1lt\u00e1sok \u00e9s (disz)kontinuit\u00e1sok, hagyom\u00e1nyok \u00e9s \u00faj\u00edt\u00e1sok a reform\u00e1ci\u00f3 500 \u00e9ves t\u00f6rt\u00e9net\u00e9ben - Kommunik\u00e1ci\u00f3 \u00e9s PR iroda","isPartOf":{"@id":"https:\/\/news.ubbcluj.ro\/hu\/#website"},"datePublished":"2016-10-20T11:01:40+00:00","dateModified":"2016-10-20T11:03:02+00:00","author":{"@id":"https:\/\/news.ubbcluj.ro\/hu\/#\/schema\/person\/0768248bd5e1ed05f87b7be96b4c3d9c"},"breadcrumb":{"@id":"https:\/\/news.ubbcluj.ro\/hu\/refo-500-valtasok-es-diszkontinuitasok-hagyomanyok-es-ujitasok-a-reformacio-500-eves-torteneteben\/#breadcrumb"},"inLanguage":"hu","potentialAction":[{"@type":"ReadAction","target":["https:\/\/news.ubbcluj.ro\/hu\/refo-500-valtasok-es-diszkontinuitasok-hagyomanyok-es-ujitasok-a-reformacio-500-eves-torteneteben\/"]}]},{"@type":"BreadcrumbList","@id":"https:\/\/news.ubbcluj.ro\/hu\/refo-500-valtasok-es-diszkontinuitasok-hagyomanyok-es-ujitasok-a-reformacio-500-eves-torteneteben\/#breadcrumb","itemListElement":[{"@type":"ListItem","position":1,"name":"Home","item":"https:\/\/news.ubbcluj.ro\/hu\/"},{"@type":"ListItem","position":2,"name":"Refo 500: V\u00e1lt\u00e1sok \u00e9s (disz)kontinuit\u00e1sok, hagyom\u00e1nyok \u00e9s \u00faj\u00edt\u00e1sok a reform\u00e1ci\u00f3 500 \u00e9ves t\u00f6rt\u00e9net\u00e9ben"}]},{"@type":"WebSite","@id":"https:\/\/news.ubbcluj.ro\/hu\/#website","url":"https:\/\/news.ubbcluj.ro\/hu\/","name":"Kommunik\u00e1ci\u00f3 \u00e9s PR iroda","description":"Babe\u0219-Bolyai Tudom\u00e1negyetem","potentialAction":[{"@type":"SearchAction","target":{"@type":"EntryPoint","urlTemplate":"https:\/\/news.ubbcluj.ro\/hu\/?s={search_term_string}"},"query-input":"required name=search_term_string"}],"inLanguage":"hu"},{"@type":"Person","@id":"https:\/\/news.ubbcluj.ro\/hu\/#\/schema\/person\/0768248bd5e1ed05f87b7be96b4c3d9c","name":"Bilibok Ren\u00e1ta","url":"https:\/\/news.ubbcluj.ro\/hu\/author\/renata-bilibok\/"}]}},"_links":{"self":[{"href":"https:\/\/news.ubbcluj.ro\/hu\/wp-json\/wp\/v2\/posts\/742"}],"collection":[{"href":"https:\/\/news.ubbcluj.ro\/hu\/wp-json\/wp\/v2\/posts"}],"about":[{"href":"https:\/\/news.ubbcluj.ro\/hu\/wp-json\/wp\/v2\/types\/post"}],"author":[{"embeddable":true,"href":"https:\/\/news.ubbcluj.ro\/hu\/wp-json\/wp\/v2\/users\/9"}],"replies":[{"embeddable":true,"href":"https:\/\/news.ubbcluj.ro\/hu\/wp-json\/wp\/v2\/comments?post=742"}],"version-history":[{"count":2,"href":"https:\/\/news.ubbcluj.ro\/hu\/wp-json\/wp\/v2\/posts\/742\/revisions"}],"predecessor-version":[{"id":745,"href":"https:\/\/news.ubbcluj.ro\/hu\/wp-json\/wp\/v2\/posts\/742\/revisions\/745"}],"wp:featuredmedia":[{"embeddable":true,"href":"https:\/\/news.ubbcluj.ro\/hu\/wp-json\/wp\/v2\/media\/743"}],"wp:attachment":[{"href":"https:\/\/news.ubbcluj.ro\/hu\/wp-json\/wp\/v2\/media?parent=742"}],"wp:term":[{"taxonomy":"category","embeddable":true,"href":"https:\/\/news.ubbcluj.ro\/hu\/wp-json\/wp\/v2\/categories?post=742"},{"taxonomy":"post_tag","embeddable":true,"href":"https:\/\/news.ubbcluj.ro\/hu\/wp-json\/wp\/v2\/tags?post=742"}],"curies":[{"name":"wp","href":"https:\/\/api.w.org\/{rel}","templated":true}]}}